{"id":77104,"date":"2015-11-25T20:34:13","date_gmt":"2015-11-25T20:34:13","guid":{"rendered":"https:\/\/dev.president-ksgov.net\/predsednica-jahjaga-je-ucestvovala-na-samitu-brdo-brioni-u-zagrebu\/"},"modified":"2015-11-25T20:34:13","modified_gmt":"2015-11-25T20:34:13","slug":"predsednica-jahjaga-je-ucestvovala-na-samitu-brdo-brioni-u-zagrebu","status":"publish","type":"post","link":"https:\/\/president-ksgov.net\/sr\/predsednica-jahjaga-je-ucestvovala-na-samitu-brdo-brioni-u-zagrebu\/","title":{"rendered":"Predsednica Jahjaga je u\u010destvovala na samitu &#132;Brdo- Brioni&#147; u Zagrebu"},"content":{"rendered":"<p>Predsednica Republike Kosova, gospo\u0111a Atifete Jahjaga, u\u010destvovala je na samitu &#8222;Brdo- Brioni&#8220; na kojem su se danas predstavili radovi u Zagrebu u Hrvatskoj.<\/p>\n<p>Na samitu, koji je zajedni\u010dka inicijativa predsednice Republike Hrvatske, Kolinde Grabar &#8211; Kitarovi\u0107 i predsednika Republike Slovenije, Borut-a Pahor-a, za pomo\u0107 zemljama regiona Zapadnog Balkana u procesu evropskih integraciju, u\u010destvovali su i predsednik Crne Gore, Filip Vujanovi\u0107, predsednik Albanije, Bujar Nishani, Makedobije \u0110or\u0111e Ivanov, Srbije Tomislav Nikoli\u0107 i trojka iz predsedni&#353;tva Bosne i Hercegovine, Dragan Covi\u0107, Bakir Izetbegovi\u0107 i Mladen Ivani\u0107.<br \/>\nGost samita je zamenik predsednika Sjedinjenih Ameri\u010dkih Dr&#382;ava, Joe Biden, dok su na radovima na samitu u\u010destvovali i predsednik Evropskog saveta, Donald Tusk, kao i predsednik Austrije, Heinz Fischer. <\/p>\n<p>Nakon zvani\u010dnog do\u010deka predsednika, zajedni\u010dki organizatori, Kolinda Grabar- Kitarovi\u0107 i Borut Pahor, samit je odr&#382;ao radove na pelnarnoj sesiji.\u00a0 <\/p>\n<p>U njenom govoru na ovoj sesiji, predsednica Jahjaga, izme\u0111u ostalog je naglasila:<br \/>\nNema sumnje da je napredak u regionu izvanredan. Ve\u0107ina na&#353;ih problema danas, sada su problemi i izazovi zemalja u razvoju i dalje od toga. Napredak je vidljiv u na&#353;em aktivnom anga&#382;ovanju jednih sa drugima, saradnji i razvoju dobrih susedskih odnosa. <\/p>\n<p>Ima jo&#353; pitanja koja treba tretirati, ali uop&#353;teno, realnost poslednjih decenija je prihva\u0107ena i podr&#382;ana. <\/p>\n<p>Republika Kosovo, kao najmla\u0111a dr&#382;ava Evrope, je posve\u0107ena reformama i odlu\u010dni smo u na&#353;em opredeljenju da se u\u010dlanimo u Evropsku uniju i NATO, jedinstvena prilika da uspostavimo region na nepovratan put mira i prosperiteta. <\/p>\n<p>Zabele&#382;ili smo napredak i ovaj napredak nas je doveo do sredine puta. Ali, nama treba jo&#353; jedan podstrek kako bismo se osigurali da je na&#353; pojedina\u010dni i kolektivni napredak nepovratan. Za to nam pored nas trebaju SAD i Evropska unija. <\/p>\n<p>Napredak u regionu je jo&#353; uvek krhak. Na raskrsnici smo i neki od nas su na liniji fronta nekih drugih snaga koje rizikuju da unazade ono &#353;to smo zajedno izgradili za ove dve decenije, stabilnost i mir. <\/p>\n<p>S toga, bitno je da unapredimo trenutak evropske integracije i integracije u NATO. Imamo jo&#353; puno posla da obavimo i Kosovo ne tra&#382;i kra\u0107i put, ali treba da zapamtimo da je ovo jedinstvena &#353;ansa da normalizujemo region jednom zauvek. <\/p>\n<p>Kosovo, koje \u0107e ubrzo obele&#382;iti 8. godi&#353;njicu nezavisnosti, je veoma ponosno na zajedni\u010dki uspeh, \u010diji se jedan veliki deo vezuje za va&#353;e ime, zameni\u010de predsednika Biden i mi smo vam zahvalini, svima vama koji su osna&#382;ili na&#353;u suverenost kao nezavisne dr&#382;ave putem va&#353;eg aktivnog anga&#382;ovanja tokom ove dve decenije. <\/p>\n<p>Kosovo je upravo potpisalo Sporazuma o stabilizaciji i pridru&#382;ivanju sa EU, &#353;to je na&#353; prvi zvani\u010dni korak prema na&#353;oj ambiciji u\u010dlanjenja i jasan je znak napretka u sprovo\u0111enju reformi i podr&#353;ka evropskim reformama. Nadamo se da \u0107e ovaj odnos sa EU stvoriti i ekonomski napredak, programe za mlade i mogu\u0107nost zapo&#353;ljavanja na&#353;e nove populacije ovog dela Evrope. <\/p>\n<p>Kosovo nema sumnje u njegovu budu\u0107nost. Mi vidimo sebe kao \u010dlanicu EU i kao \u010dlanicu NATO-a, i to je agenda koja ujedinjuje sve gra\u0111ane Kosova. <\/p>\n<p>Odr&#382;ali smo re\u010d da \u0107emo postati dom svih etni\u010dkih zajednica.<br \/>\nMnogo smo vremena i politi\u010dkog kapitala ulo&#382;ili u dijalog sa Srbijom, kako bismo normalizovali odnose\u00a0 izme\u0111u na&#353;ih dr&#382;ava. Bitan napredak je na\u010dinjen postizanjem nekoliko sporazuma. Na&#353; napredak treba da se meri sprovo\u0111enjem ovih sporazuma kao uslov za na&#353; put prema EU i da sporazumi imaju uticaja ne samo na ispunjenje standarda Brisela, ve\u0107 i u pomirenju na&#353;ih dr&#382;ava u istinskom evropskom duhu. To zna\u010di da imamo odgovornosti, pogotovu da se suzdr&#382;imo od retorike i postupaka koji su poremetili ovaj region poslednje tri decenije.<br \/>\nKosovo ostaje posve\u0107eno procesu i dijalogu, kao i regionalnoj saradnji. Mi ne vidimo drugu alternativu. <\/p>\n<p>&#352;to se ti\u010de pitanja sigurnosti, mi smo bitan faktor u pitanjima sigurnosti. Na &#382;alost, nismo bili imuni na globalne pretnje DAESH-a, ali smo tretirali pretnju u\u010desnika u tu\u0111im ratovima i teroristi\u010dkim aktivnostima, odlu\u010dno. Tako\u0111e smo pro&#353;irili na&#353;u saradnju sa ostalim zemljama regiona. Pro&#353;log meseca, na&#353;e snage reda i sigurnosti, zajedno sa onim iz Albanije i Makedonije, su pogodile regrute u\u010desnika u tu\u0111im ratovima iz regiona za DAESH. Mi smo intenzivirali razmenu informacija sa na&#353;im glavnim saveznicima, sa ciljem da prekinemo ovu praksu. Mi smo bili jednako uspe&#353;ni na Kosovu u suo\u010davanju regruta i njihovih podr&#382;avaoca. <\/p>\n<p>Ove operacije su imale velikog obezhrabruju\u0107eg efekta i sada su njihovi brojevi opali na minimum. Ne\u0107emo stati dok ovaj problem ne stavimo pod potpunu kontrolu. <\/p>\n<p>Pre nego &#353;to zavr&#353;im, &#382;elim da tretiram jedno drugo pitanje koje brine ceo region. Po pitanju izbeglica sa Bliskog Istoka, &#382;elim da citiram zamenika predsednika Biden-a: &#8222;Da zatvori&#353; vrata izbeglicama, zna\u010di da napusti&#353; na&#353;e vrednosti&#8220;. <\/p>\n<p>Pre 16 godina polovina stanovni&#353;tva Kosova je etni\u010dki o\u010di&#353;\u0107eno od strane Milo&#353;evi\u0107evog re&#382;ima. Upravo su dr&#382;ave za ovim stolom one koje su nam pru&#382;ale ruke. Niste nas izneverili, ni mi ne treba da izneverimo one koji su naterani da napuste njihove ku\u0107e zbog rata koji oduzima &#382;ivote nedu&#382;nih ljudi. <\/p>\n<p>Svi smo se vratili ku\u0107i i izgradili smo slobodno, demokratsko i nezavisno Kosovo.<br \/>\nKapaciteti Kosova ostaju ograni\u010deni da smeste izbeglice, ali izra&#382;avam moju posve\u0107enost da budem deo evropskog re&#353;enja krize izbeglica. Ovo iskustvo je nama veoma poznato. <\/p>\n<p>Po&#353;tovani zameni\u010de predsednika Biden, predsedni\u010de Tusk, po&#353;tovani predsednici regiona, dragi prijatelji, <\/p>\n<p>Potrebno nam je aktivno anga&#382;ovanje SAD-a i EU jer je &#353;ansa za uspeh veoma blizu. Ovo je jedna istorijska &#353;ansa.<br \/>\nPredsednice Grabar &#8211; Kitarovi\u0107, predsedni\u010de Pahor,<br \/>\nDozvolite mi da vam izrazim zahvalnost na va&#353;im poku&#353;ajima da pomognete dr&#382;avama regiona kako bi ostvarile na&#353;u zajedni\u010dku viziju prema EU. Ovaj forum je sada dao izvanredne rezultate, postav&#353;i simbol, kako izgleda regionalna saradnje. <\/p>\n<p>Na kraju samita, predsednici u\u010desnici su potpisali Zajedni\u010dku deklaraciju samita &#8222;Brdo-Brioni&#8220;, koja poziva na dinami\u010dnost integracija u Evropsku uniju i NATO.<br \/>\n\u00a0<\/p>\n","protected":false},"excerpt":{"rendered":"<p>Predsednica Republike Kosova, gospo\u0111a Atifete Jahjaga, u\u010destvovala je na samitu &#8222;Brdo- Brioni&#8220; na kojem su se danas predstavili radovi u Zagrebu u Hrvatskoj.<\/p>\n","protected":false},"author":1,"featured_media":37145,"comment_status":"open","ping_status":"closed","sticky":false,"template":"","format":"standard","meta":{"_eb_attr":"","footnotes":""},"categories":[101],"tags":[],"class_list":["post-77104","post","type-post","status-publish","format-standard","has-post-thumbnail","hentry","category-vesti"],"yoast_head":"<!-- This site is optimized with the Yoast SEO plugin v23.5 - https:\/\/yoast.com\/wordpress\/plugins\/seo\/ -->\n<title>Predsednica Jahjaga je u\u010destvovala na samitu &#132;Brdo- Brioni&#147; u Zagrebu - Predsednik Republike Kosovo - DR. VJOSA OSMANI - SADRIU<\/title>\n<meta name=\"description\" content=\"Predsednica Jahjaga je u\u010destvovala na samitu &#132;Brdo- Brioni&#147; u Zagrebu - Predsednik Republike Kosovo - DR. VJOSA OSMANI - SADRIU -\" \/>\n<meta name=\"robots\" content=\"index, follow, max-snippet:-1, max-image-preview:large, max-video-preview:-1\" \/>\n<link rel=\"canonical\" href=\"https:\/\/president-ksgov.net\/sr\/predsednica-jahjaga-je-ucestvovala-na-samitu-brdo-brioni-u-zagrebu\/\" \/>\n<meta property=\"og:locale\" content=\"sr_RS\" \/>\n<meta property=\"og:type\" content=\"article\" \/>\n<meta property=\"og:title\" content=\"Predsednica Jahjaga je u\u010destvovala na samitu &#132;Brdo- Brioni&#147; u Zagrebu - Predsednik Republike Kosovo - DR. VJOSA OSMANI - SADRIU\" \/>\n<meta property=\"og:description\" content=\"Predsednica Jahjaga je u\u010destvovala na samitu &#132;Brdo- Brioni&#147; u Zagrebu - Predsednik Republike Kosovo - DR. VJOSA OSMANI - SADRIU -\" \/>\n<meta property=\"og:url\" content=\"https:\/\/president-ksgov.net\/sr\/predsednica-jahjaga-je-ucestvovala-na-samitu-brdo-brioni-u-zagrebu\/\" \/>\n<meta property=\"og:site_name\" content=\"Predsednik Republike Kosovo - DR. VJOSA OSMANI - SADRIU\" \/>\n<meta property=\"article:published_time\" content=\"2015-11-25T20:34:13+00:00\" \/>\n<meta property=\"og:image\" content=\"https:\/\/president-ksgov.net\/wp-content\/uploads\/25_11_2015_8966412_cr1___.jpg\" \/>\n\t<meta property=\"og:image:width\" content=\"850\" \/>\n\t<meta property=\"og:image:height\" content=\"493\" \/>\n\t<meta property=\"og:image:type\" content=\"image\/jpeg\" \/>\n<meta name=\"author\" content=\"admin\" \/>\n<meta name=\"twitter:card\" content=\"summary_large_image\" \/>\n<meta name=\"twitter:label1\" content=\"\u041d\u0430\u043f\u0438\u0441\u0430\u043d\u043e \u043e\u0434\" \/>\n\t<meta name=\"twitter:data1\" content=\"admin\" \/>\n\t<meta name=\"twitter:label2\" content=\"\u041f\u0440\u043e\u0446\u0435\u045a\u0435\u043d\u043e \u0432\u0440\u0435\u043c\u0435 \u0447\u0438\u0442\u0430\u045a\u0430\" \/>\n\t<meta name=\"twitter:data2\" content=\"5 \u043c\u0438\u043d\u0443\u0442\u0430\" \/>\n<script type=\"application\/ld+json\" class=\"yoast-schema-graph\">{\"@context\":\"https:\/\/schema.org\",\"@graph\":[{\"@type\":\"WebPage\",\"@id\":\"https:\/\/president-ksgov.net\/sr\/predsednica-jahjaga-je-ucestvovala-na-samitu-brdo-brioni-u-zagrebu\/\",\"url\":\"https:\/\/president-ksgov.net\/sr\/predsednica-jahjaga-je-ucestvovala-na-samitu-brdo-brioni-u-zagrebu\/\",\"name\":\"Predsednica Jahjaga je u\u010destvovala na samitu &#132;Brdo- Brioni&#147; u Zagrebu - Predsednik Republike Kosovo - DR. VJOSA OSMANI - SADRIU\",\"isPartOf\":{\"@id\":\"https:\/\/president-ksgov.net\/#website\"},\"primaryImageOfPage\":{\"@id\":\"https:\/\/president-ksgov.net\/sr\/predsednica-jahjaga-je-ucestvovala-na-samitu-brdo-brioni-u-zagrebu\/#primaryimage\"},\"image\":{\"@id\":\"https:\/\/president-ksgov.net\/sr\/predsednica-jahjaga-je-ucestvovala-na-samitu-brdo-brioni-u-zagrebu\/#primaryimage\"},\"thumbnailUrl\":\"https:\/\/president-ksgov.net\/wp-content\/uploads\/25_11_2015_8966412_cr1___.jpg\",\"datePublished\":\"2015-11-25T20:34:13+00:00\",\"dateModified\":\"2015-11-25T20:34:13+00:00\",\"author\":{\"@id\":\"https:\/\/president-ksgov.net\/#\/schema\/person\/bb4337a5fb147cb2046d80548172cbee\"},\"description\":\"Predsednica Jahjaga je u\u010destvovala na samitu &#132;Brdo- Brioni&#147; u Zagrebu - Predsednik Republike Kosovo - DR. VJOSA OSMANI - SADRIU -\",\"breadcrumb\":{\"@id\":\"https:\/\/president-ksgov.net\/sr\/predsednica-jahjaga-je-ucestvovala-na-samitu-brdo-brioni-u-zagrebu\/#breadcrumb\"},\"inLanguage\":\"sr-RS\",\"potentialAction\":[{\"@type\":\"ReadAction\",\"target\":[\"https:\/\/president-ksgov.net\/sr\/predsednica-jahjaga-je-ucestvovala-na-samitu-brdo-brioni-u-zagrebu\/\"]}]},{\"@type\":\"ImageObject\",\"inLanguage\":\"sr-RS\",\"@id\":\"https:\/\/president-ksgov.net\/sr\/predsednica-jahjaga-je-ucestvovala-na-samitu-brdo-brioni-u-zagrebu\/#primaryimage\",\"url\":\"https:\/\/president-ksgov.net\/wp-content\/uploads\/25_11_2015_8966412_cr1___.jpg\",\"contentUrl\":\"https:\/\/president-ksgov.net\/wp-content\/uploads\/25_11_2015_8966412_cr1___.jpg\",\"width\":850,\"height\":493},{\"@type\":\"BreadcrumbList\",\"@id\":\"https:\/\/president-ksgov.net\/sr\/predsednica-jahjaga-je-ucestvovala-na-samitu-brdo-brioni-u-zagrebu\/#breadcrumb\",\"itemListElement\":[{\"@type\":\"ListItem\",\"position\":1,\"name\":\"Home\",\"item\":\"https:\/\/president-ksgov.net\/sr\/\"},{\"@type\":\"ListItem\",\"position\":2,\"name\":\"Predsednica Jahjaga je u\u010destvovala na samitu &#132;Brdo- Brioni&#147; u Zagrebu\"}]},{\"@type\":\"WebSite\",\"@id\":\"https:\/\/president-ksgov.net\/#website\",\"url\":\"https:\/\/president-ksgov.net\/\",\"name\":\"Presidente e Republik\u00ebs s\u00eb Kosov\u00ebs\",\"description\":\"Presidente e Republik\u00ebs s\u00eb Kosov\u00ebs\",\"alternateName\":\"DR. VJOSA OSMANI - SADRIU\",\"potentialAction\":[{\"@type\":\"SearchAction\",\"target\":{\"@type\":\"EntryPoint\",\"urlTemplate\":\"https:\/\/president-ksgov.net\/?s={search_term_string}\"},\"query-input\":{\"@type\":\"PropertyValueSpecification\",\"valueRequired\":true,\"valueName\":\"search_term_string\"}}],\"inLanguage\":\"sr-RS\"},{\"@type\":\"Person\",\"@id\":\"https:\/\/president-ksgov.net\/#\/schema\/person\/bb4337a5fb147cb2046d80548172cbee\",\"name\":\"admin\",\"image\":{\"@type\":\"ImageObject\",\"inLanguage\":\"sr-RS\",\"@id\":\"https:\/\/president-ksgov.net\/#\/schema\/person\/image\/\",\"url\":\"https:\/\/secure.gravatar.com\/avatar\/36156ca0fa3b8d9d25174f146e16beea0cf28f37adf1b9e19b6c9c279a7c9dd3?s=96&d=mm&r=g\",\"contentUrl\":\"https:\/\/secure.gravatar.com\/avatar\/36156ca0fa3b8d9d25174f146e16beea0cf28f37adf1b9e19b6c9c279a7c9dd3?s=96&d=mm&r=g\",\"caption\":\"admin\"},\"sameAs\":[\"https:\/\/president-ksgov.net\"]}]}<\/script>\n<!-- \/ Yoast SEO plugin. -->","yoast_head_json":{"title":"Predsednica Jahjaga je u\u010destvovala na samitu &#132;Brdo- Brioni&#147; u Zagrebu - Predsednik Republike Kosovo - DR. VJOSA OSMANI - SADRIU","description":"Predsednica Jahjaga je u\u010destvovala na samitu &#132;Brdo- Brioni&#147; u Zagrebu - Predsednik Republike Kosovo - DR. VJOSA OSMANI - SADRIU -","robots":{"index":"index","follow":"follow","max-snippet":"max-snippet:-1","max-image-preview":"max-image-preview:large","max-video-preview":"max-video-preview:-1"},"canonical":"https:\/\/president-ksgov.net\/sr\/predsednica-jahjaga-je-ucestvovala-na-samitu-brdo-brioni-u-zagrebu\/","og_locale":"sr_RS","og_type":"article","og_title":"Predsednica Jahjaga je u\u010destvovala na samitu &#132;Brdo- Brioni&#147; u Zagrebu - Predsednik Republike Kosovo - DR. VJOSA OSMANI - SADRIU","og_description":"Predsednica Jahjaga je u\u010destvovala na samitu &#132;Brdo- Brioni&#147; u Zagrebu - Predsednik Republike Kosovo - DR. VJOSA OSMANI - SADRIU -","og_url":"https:\/\/president-ksgov.net\/sr\/predsednica-jahjaga-je-ucestvovala-na-samitu-brdo-brioni-u-zagrebu\/","og_site_name":"Predsednik Republike Kosovo - DR. VJOSA OSMANI - SADRIU","article_published_time":"2015-11-25T20:34:13+00:00","og_image":[{"width":850,"height":493,"url":"https:\/\/president-ksgov.net\/wp-content\/uploads\/25_11_2015_8966412_cr1___.jpg","type":"image\/jpeg"}],"author":"admin","twitter_card":"summary_large_image","twitter_misc":{"\u041d\u0430\u043f\u0438\u0441\u0430\u043d\u043e \u043e\u0434":"admin","\u041f\u0440\u043e\u0446\u0435\u045a\u0435\u043d\u043e \u0432\u0440\u0435\u043c\u0435 \u0447\u0438\u0442\u0430\u045a\u0430":"5 \u043c\u0438\u043d\u0443\u0442\u0430"},"schema":{"@context":"https:\/\/schema.org","@graph":[{"@type":"WebPage","@id":"https:\/\/president-ksgov.net\/sr\/predsednica-jahjaga-je-ucestvovala-na-samitu-brdo-brioni-u-zagrebu\/","url":"https:\/\/president-ksgov.net\/sr\/predsednica-jahjaga-je-ucestvovala-na-samitu-brdo-brioni-u-zagrebu\/","name":"Predsednica Jahjaga je u\u010destvovala na samitu &#132;Brdo- Brioni&#147; u Zagrebu - Predsednik Republike Kosovo - DR. VJOSA OSMANI - SADRIU","isPartOf":{"@id":"https:\/\/president-ksgov.net\/#website"},"primaryImageOfPage":{"@id":"https:\/\/president-ksgov.net\/sr\/predsednica-jahjaga-je-ucestvovala-na-samitu-brdo-brioni-u-zagrebu\/#primaryimage"},"image":{"@id":"https:\/\/president-ksgov.net\/sr\/predsednica-jahjaga-je-ucestvovala-na-samitu-brdo-brioni-u-zagrebu\/#primaryimage"},"thumbnailUrl":"https:\/\/president-ksgov.net\/wp-content\/uploads\/25_11_2015_8966412_cr1___.jpg","datePublished":"2015-11-25T20:34:13+00:00","dateModified":"2015-11-25T20:34:13+00:00","author":{"@id":"https:\/\/president-ksgov.net\/#\/schema\/person\/bb4337a5fb147cb2046d80548172cbee"},"description":"Predsednica Jahjaga je u\u010destvovala na samitu &#132;Brdo- Brioni&#147; u Zagrebu - Predsednik Republike Kosovo - DR. VJOSA OSMANI - SADRIU -","breadcrumb":{"@id":"https:\/\/president-ksgov.net\/sr\/predsednica-jahjaga-je-ucestvovala-na-samitu-brdo-brioni-u-zagrebu\/#breadcrumb"},"inLanguage":"sr-RS","potentialAction":[{"@type":"ReadAction","target":["https:\/\/president-ksgov.net\/sr\/predsednica-jahjaga-je-ucestvovala-na-samitu-brdo-brioni-u-zagrebu\/"]}]},{"@type":"ImageObject","inLanguage":"sr-RS","@id":"https:\/\/president-ksgov.net\/sr\/predsednica-jahjaga-je-ucestvovala-na-samitu-brdo-brioni-u-zagrebu\/#primaryimage","url":"https:\/\/president-ksgov.net\/wp-content\/uploads\/25_11_2015_8966412_cr1___.jpg","contentUrl":"https:\/\/president-ksgov.net\/wp-content\/uploads\/25_11_2015_8966412_cr1___.jpg","width":850,"height":493},{"@type":"BreadcrumbList","@id":"https:\/\/president-ksgov.net\/sr\/predsednica-jahjaga-je-ucestvovala-na-samitu-brdo-brioni-u-zagrebu\/#breadcrumb","itemListElement":[{"@type":"ListItem","position":1,"name":"Home","item":"https:\/\/president-ksgov.net\/sr\/"},{"@type":"ListItem","position":2,"name":"Predsednica Jahjaga je u\u010destvovala na samitu &#132;Brdo- Brioni&#147; u Zagrebu"}]},{"@type":"WebSite","@id":"https:\/\/president-ksgov.net\/#website","url":"https:\/\/president-ksgov.net\/","name":"Presidente e Republik\u00ebs s\u00eb Kosov\u00ebs","description":"Presidente e Republik\u00ebs s\u00eb Kosov\u00ebs","alternateName":"DR. VJOSA OSMANI - SADRIU","potentialAction":[{"@type":"SearchAction","target":{"@type":"EntryPoint","urlTemplate":"https:\/\/president-ksgov.net\/?s={search_term_string}"},"query-input":{"@type":"PropertyValueSpecification","valueRequired":true,"valueName":"search_term_string"}}],"inLanguage":"sr-RS"},{"@type":"Person","@id":"https:\/\/president-ksgov.net\/#\/schema\/person\/bb4337a5fb147cb2046d80548172cbee","name":"admin","image":{"@type":"ImageObject","inLanguage":"sr-RS","@id":"https:\/\/president-ksgov.net\/#\/schema\/person\/image\/","url":"https:\/\/secure.gravatar.com\/avatar\/36156ca0fa3b8d9d25174f146e16beea0cf28f37adf1b9e19b6c9c279a7c9dd3?s=96&d=mm&r=g","contentUrl":"https:\/\/secure.gravatar.com\/avatar\/36156ca0fa3b8d9d25174f146e16beea0cf28f37adf1b9e19b6c9c279a7c9dd3?s=96&d=mm&r=g","caption":"admin"},"sameAs":["https:\/\/president-ksgov.net"]}]}},"_links":{"self":[{"href":"https:\/\/president-ksgov.net\/sr\/wp-json\/wp\/v2\/posts\/77104","targetHints":{"allow":["GET"]}}],"collection":[{"href":"https:\/\/president-ksgov.net\/sr\/wp-json\/wp\/v2\/posts"}],"about":[{"href":"https:\/\/president-ksgov.net\/sr\/wp-json\/wp\/v2\/types\/post"}],"author":[{"embeddable":true,"href":"https:\/\/president-ksgov.net\/sr\/wp-json\/wp\/v2\/users\/1"}],"replies":[{"embeddable":true,"href":"https:\/\/president-ksgov.net\/sr\/wp-json\/wp\/v2\/comments?post=77104"}],"version-history":[{"count":0,"href":"https:\/\/president-ksgov.net\/sr\/wp-json\/wp\/v2\/posts\/77104\/revisions"}],"wp:featuredmedia":[{"embeddable":true,"href":"https:\/\/president-ksgov.net\/sr\/wp-json\/wp\/v2\/media\/37145"}],"wp:attachment":[{"href":"https:\/\/president-ksgov.net\/sr\/wp-json\/wp\/v2\/media?parent=77104"}],"wp:term":[{"taxonomy":"category","embeddable":true,"href":"https:\/\/president-ksgov.net\/sr\/wp-json\/wp\/v2\/categories?post=77104"},{"taxonomy":"post_tag","embeddable":true,"href":"https:\/\/president-ksgov.net\/sr\/wp-json\/wp\/v2\/tags?post=77104"}],"curies":[{"name":"wp","href":"https:\/\/api.w.org\/{rel}","templated":true}]}}