{"id":77097,"date":"2015-12-01T19:54:53","date_gmt":"2015-12-01T19:54:53","guid":{"rendered":"https:\/\/dev.president-ksgov.net\/govor-predsednice-ja-ceremoniji-dodele-nagrada-fides-za-filantropiju-na-kosovu-2015\/"},"modified":"2015-12-01T19:54:53","modified_gmt":"2015-12-01T19:54:53","slug":"govor-predsednice-ja-ceremoniji-dodele-nagrada-fides-za-filantropiju-na-kosovu-2015","status":"publish","type":"post","link":"https:\/\/president-ksgov.net\/sr\/govor-predsednice-ja-ceremoniji-dodele-nagrada-fides-za-filantropiju-na-kosovu-2015\/","title":{"rendered":"Govor predsednice ja ceremoniji dodele nagrada FIDES za filantropiju na Kosovu 2015"},"content":{"rendered":"<p>Zadovoljstvo mi je da vam se obratim ove posebne ve\u010deri dodele nagrada FIDES koje cene viziju gra\u0111ana i razli\u010ditih firmi kako bi doprineli op&#353;tem blagostanju dru&#353;tva putem filantropske du&#353;e.<\/p>\n<p>Po&#353;tovani u\u010desnici, <\/p>\n<p>Zadovoljstvo mi je da vam se obratim ove posebne ve\u010deri dodele nagrada FIDES koje cene viziju gra\u0111ana i razli\u010ditih firmi kako bi doprineli op&#353;tem blagostanju dru&#353;tva putem filantropske du&#353;e.<br \/>\nVrednosti koje nosi ova no\u0107, solidarnosti i razumevanja, tolerancije i po&#353;tovanja i odgovornosti jednih prema drugima su vrednosti koje je na&#353;e dru&#353;tvo prihvatalo generaciju za generacijom.<br \/>\n\u010cesto su , tokom na&#353;e istorije, ove vrednosti bile one koje su za&#353;titile na&#353; identitet i tradiciju, koje su stvorile odbrambene mehanizme i mehanizme otpora, i iznad svega su pru&#382;ile ruku nade za jednu svetliju budu\u0107nost prosperiteta. <\/p>\n<p>Danas ih vidimo stopljene u temeljima dr&#382;ave koju smo izgradili i u ulozi koju smo preuzeli\u00a0 da igramo kao dru&#353;tvo, uporedo a slobodnim dr&#382;avama sveta.<br \/>\n&#381;elim da \u010destitam organizatorima ovog doga\u0111aja, koji su sada pretvorili u godi&#353;nju tradiciju izra&#382;avanje zahvalnosti za gra\u0111anske i ljudske vrednosti o brizi jednih prema drugima, visoko cene\u0107i posve\u0107enost svih onih koji \u0107e danas biti po\u010dastvovani nagradama Fides. <\/p>\n<p>Po&#353;tovani u\u010desnici, <\/p>\n<p>Svako filantropsko delo je posebno, po&#353;to &#353;alje sna&#382;ne poruke sa najiskrenim ljudskim vrednostima, koje prevazilaze granice, pote&#353;ko\u0107e, ru&#353;e tabue i stigme, pru&#382;aju\u0107i mogu\u0107nost, nadu, podr&#353;ku i ljubav. <\/p>\n<p>Svakoga dana opkoljeni smo inicijativama koje njihovim poku&#353;ajima menjaju &#382;ivot ljudi, inicijativama koje sti&#382;u da mobilizuju i druge mase ljudi kako bi se solidarizovali sa drugima u za&#353;titi ljudskih prava i vrednosti. <\/p>\n<p>Ove no\u0107i upravo \u0107e se nagraditi jedna ovakva inicijativa, koju je preduzela umetnica Alketa Xhafa Mripa, koju sam ja podr&#382;ala u prvim koracima, zajedno sa svim \u010dlanovima\u00a0 Nacionalnog ve\u0107a za pre&#382;ivele seksualnog nasilja tokom rata. Alketina vizija da izlo&#382;i 5000 haljina na pri&#353;tinskom stadionu, kao poziv za pravdu za pre&#382;ivele seksualnog nasilja tokom rata putem umetni\u010dke izlo&#382;be, postigla je da uzdrma \u010ditavu zemlju i ceo svet, pronalaze\u0107i podr&#353;ku hiljade gra\u0111ana i solidarnost kakva do sada nije vi\u0111ena. <\/p>\n<p>U univerzalnoj solidarnosti koja je prevazi&#353;la granice i sna&#382;no je odjeknula o ovom ratnom zlo\u010dinu koji je izvr&#353;en na Kosovu nad nedu&#382;nim &#382;enama i mu&#353;karcima, o ovom ratnom sredstvu koji i dalje poga\u0111a hiljade ljudi &#353;irom sveta i potrebi za globalnom mobilizacijom kako bismo ga spre\u010dili.<br \/>\nUmetni\u010dka izlo&#382;ba &#8222;Mislim na tebe&#8220; Alkete Xhafa Mripa i producentkinje Anna di Lellio koja je postala pokret podr&#382;ala je poku&#353;aje nevladinih organizacija &#382;ena, kao &#353;to je Kosovski centar za rehabilitaciju pre&#382;ivelih Medica \u0110akovica i Medica Kosovo , Centar za promociju prava &#382;ena, poku&#353;aji aktivista za ljudska prava, kao &#353;to su Secdije Ahmeti, Igballe Rogova, i mnoge druge &#382;ene, koje ve\u0107 16 godina di&#382;u glas za pravdu za pre&#382;ivele, kao i poku&#353;aje dr&#382;avnih institucija da im pru&#382;aju dostojanstven &#382;ivot, doprinose\u0107i podizanju dru&#353;tvene svesti o ovom ratnom zlo\u010dinu.<br \/>\nTe&#353;ke posledice i tragedije koje su pogodile na&#353;e dru&#353;tvo, nedu&#382;no stanovni&#353;tvo, &#382;ene i mu&#353;karce, stare, decu za vreme rata, vra\u0107ene su u pam\u0107enje me\u0111unarodnog mnjenja kao sna&#382;an poziv hiljade gra\u0111ana za pravdu.<\/p>\n<p>Alketi \u010destitam na nagradi za najbolju kampanju samosvesti i zahvaljujem joj se na njenom doprinosu koji je dala ovom tako bitnom doga\u0111aju za na&#353;e dru&#353;tvo.<br \/>\nI na samom kraju, po&#353;tovani prisutni, ministre, gospodine Abazi, gospodine Jashari, gospodine Zejnullahu, gospo\u0111o Berisha, \u010destitaju\u0107i Fondaciji za gra\u0111ansku inicijativu na organizovanju ovog doga\u0111aja, izra&#382;avam moju nepokolebljivu posve\u0107enost da podr&#382;im svaku inicijativu koja te&#382;i podr&#353;ci pre&#382;ivelim seksualnog nasilja tokom rata i pru&#382;anju sveop&#353;teg dobrostanja za sve gra\u0111ane na&#353;e zemlje bez razlike. <\/p>\n<p>I na samom kraju \u010destitam svima vama na nagradama koje \u0107ete ve\u010deras dobiti i \u010destitam vam na va&#353;em konstantnom doprinosu na&#353;oj zemlji. <\/p>\n<p>Hvala vam!<\/p>\n<p>\u00a0<\/p>\n","protected":false},"excerpt":{"rendered":"<p>Zadovoljstvo mi je da vam se obratim ove posebne ve\u010deri dodele nagrada FIDES koje cene viziju gra\u0111ana i razli\u010ditih firmi kako bi doprineli op&#353;tem blagostanju dru&#353;tva putem filantropske du&#353;e.<\/p>\n","protected":false},"author":1,"featured_media":37063,"comment_status":"open","ping_status":"closed","sticky":false,"template":"","format":"standard","meta":{"_eb_attr":"","footnotes":""},"categories":[101],"tags":[],"class_list":["post-77097","post","type-post","status-publish","format-standard","has-post-thumbnail","hentry","category-vesti"],"yoast_head":"<!-- This site is optimized with the Yoast SEO plugin v23.5 - https:\/\/yoast.com\/wordpress\/plugins\/seo\/ -->\n<title>Govor predsednice ja ceremoniji dodele nagrada FIDES za filantropiju na Kosovu 2015 - Predsednik Republike Kosovo - DR. VJOSA OSMANI - SADRIU<\/title>\n<meta name=\"description\" content=\"Govor predsednice ja ceremoniji dodele nagrada FIDES za filantropiju na Kosovu 2015 - Predsednik Republike Kosovo - DR. VJOSA OSMANI - SADRIU -\" \/>\n<meta name=\"robots\" content=\"index, follow, max-snippet:-1, max-image-preview:large, max-video-preview:-1\" \/>\n<link rel=\"canonical\" href=\"https:\/\/president-ksgov.net\/sr\/govor-predsednice-ja-ceremoniji-dodele-nagrada-fides-za-filantropiju-na-kosovu-2015\/\" \/>\n<meta property=\"og:locale\" content=\"sr_RS\" \/>\n<meta property=\"og:type\" content=\"article\" \/>\n<meta property=\"og:title\" content=\"Govor predsednice ja ceremoniji dodele nagrada FIDES za filantropiju na Kosovu 2015 - Predsednik Republike Kosovo - DR. VJOSA OSMANI - SADRIU\" \/>\n<meta property=\"og:description\" content=\"Govor predsednice ja ceremoniji dodele nagrada FIDES za filantropiju na Kosovu 2015 - Predsednik Republike Kosovo - DR. VJOSA OSMANI - SADRIU -\" \/>\n<meta property=\"og:url\" content=\"https:\/\/president-ksgov.net\/sr\/govor-predsednice-ja-ceremoniji-dodele-nagrada-fides-za-filantropiju-na-kosovu-2015\/\" \/>\n<meta property=\"og:site_name\" content=\"Predsednik Republike Kosovo - DR. VJOSA OSMANI - SADRIU\" \/>\n<meta property=\"article:published_time\" content=\"2015-12-01T19:54:53+00:00\" \/>\n<meta property=\"og:image\" content=\"https:\/\/president-ksgov.net\/wp-content\/uploads\/01_12_2015_7412858_1_IMG_2716-scaled.jpg\" \/>\n\t<meta property=\"og:image:width\" content=\"2560\" \/>\n\t<meta property=\"og:image:height\" content=\"1729\" \/>\n\t<meta property=\"og:image:type\" content=\"image\/jpeg\" \/>\n<meta name=\"author\" content=\"admin\" \/>\n<meta name=\"twitter:card\" content=\"summary_large_image\" \/>\n<meta name=\"twitter:label1\" content=\"\u041d\u0430\u043f\u0438\u0441\u0430\u043d\u043e \u043e\u0434\" \/>\n\t<meta name=\"twitter:data1\" content=\"admin\" \/>\n\t<meta name=\"twitter:label2\" content=\"\u041f\u0440\u043e\u0446\u0435\u045a\u0435\u043d\u043e \u0432\u0440\u0435\u043c\u0435 \u0447\u0438\u0442\u0430\u045a\u0430\" \/>\n\t<meta name=\"twitter:data2\" content=\"3 \u043c\u0438\u043d\u0443\u0442\u0430\" \/>\n<script type=\"application\/ld+json\" class=\"yoast-schema-graph\">{\"@context\":\"https:\/\/schema.org\",\"@graph\":[{\"@type\":\"WebPage\",\"@id\":\"https:\/\/president-ksgov.net\/sr\/govor-predsednice-ja-ceremoniji-dodele-nagrada-fides-za-filantropiju-na-kosovu-2015\/\",\"url\":\"https:\/\/president-ksgov.net\/sr\/govor-predsednice-ja-ceremoniji-dodele-nagrada-fides-za-filantropiju-na-kosovu-2015\/\",\"name\":\"Govor predsednice ja ceremoniji dodele nagrada FIDES za filantropiju na Kosovu 2015 - Predsednik Republike Kosovo - DR. VJOSA OSMANI - SADRIU\",\"isPartOf\":{\"@id\":\"https:\/\/president-ksgov.net\/#website\"},\"primaryImageOfPage\":{\"@id\":\"https:\/\/president-ksgov.net\/sr\/govor-predsednice-ja-ceremoniji-dodele-nagrada-fides-za-filantropiju-na-kosovu-2015\/#primaryimage\"},\"image\":{\"@id\":\"https:\/\/president-ksgov.net\/sr\/govor-predsednice-ja-ceremoniji-dodele-nagrada-fides-za-filantropiju-na-kosovu-2015\/#primaryimage\"},\"thumbnailUrl\":\"https:\/\/president-ksgov.net\/wp-content\/uploads\/01_12_2015_7412858_1_IMG_2716-scaled.jpg\",\"datePublished\":\"2015-12-01T19:54:53+00:00\",\"dateModified\":\"2015-12-01T19:54:53+00:00\",\"author\":{\"@id\":\"https:\/\/president-ksgov.net\/#\/schema\/person\/bb4337a5fb147cb2046d80548172cbee\"},\"description\":\"Govor predsednice ja ceremoniji dodele nagrada FIDES za filantropiju na Kosovu 2015 - Predsednik Republike Kosovo - DR. VJOSA OSMANI - SADRIU -\",\"breadcrumb\":{\"@id\":\"https:\/\/president-ksgov.net\/sr\/govor-predsednice-ja-ceremoniji-dodele-nagrada-fides-za-filantropiju-na-kosovu-2015\/#breadcrumb\"},\"inLanguage\":\"sr-RS\",\"potentialAction\":[{\"@type\":\"ReadAction\",\"target\":[\"https:\/\/president-ksgov.net\/sr\/govor-predsednice-ja-ceremoniji-dodele-nagrada-fides-za-filantropiju-na-kosovu-2015\/\"]}]},{\"@type\":\"ImageObject\",\"inLanguage\":\"sr-RS\",\"@id\":\"https:\/\/president-ksgov.net\/sr\/govor-predsednice-ja-ceremoniji-dodele-nagrada-fides-za-filantropiju-na-kosovu-2015\/#primaryimage\",\"url\":\"https:\/\/president-ksgov.net\/wp-content\/uploads\/01_12_2015_7412858_1_IMG_2716-scaled.jpg\",\"contentUrl\":\"https:\/\/president-ksgov.net\/wp-content\/uploads\/01_12_2015_7412858_1_IMG_2716-scaled.jpg\",\"width\":2560,\"height\":1729},{\"@type\":\"BreadcrumbList\",\"@id\":\"https:\/\/president-ksgov.net\/sr\/govor-predsednice-ja-ceremoniji-dodele-nagrada-fides-za-filantropiju-na-kosovu-2015\/#breadcrumb\",\"itemListElement\":[{\"@type\":\"ListItem\",\"position\":1,\"name\":\"Home\",\"item\":\"https:\/\/president-ksgov.net\/sr\/\"},{\"@type\":\"ListItem\",\"position\":2,\"name\":\"Govor predsednice ja ceremoniji dodele nagrada FIDES za filantropiju na Kosovu 2015\"}]},{\"@type\":\"WebSite\",\"@id\":\"https:\/\/president-ksgov.net\/#website\",\"url\":\"https:\/\/president-ksgov.net\/\",\"name\":\"Presidente e Republik\u00ebs s\u00eb Kosov\u00ebs\",\"description\":\"Presidente e Republik\u00ebs s\u00eb Kosov\u00ebs\",\"alternateName\":\"DR. VJOSA OSMANI - SADRIU\",\"potentialAction\":[{\"@type\":\"SearchAction\",\"target\":{\"@type\":\"EntryPoint\",\"urlTemplate\":\"https:\/\/president-ksgov.net\/?s={search_term_string}\"},\"query-input\":{\"@type\":\"PropertyValueSpecification\",\"valueRequired\":true,\"valueName\":\"search_term_string\"}}],\"inLanguage\":\"sr-RS\"},{\"@type\":\"Person\",\"@id\":\"https:\/\/president-ksgov.net\/#\/schema\/person\/bb4337a5fb147cb2046d80548172cbee\",\"name\":\"admin\",\"image\":{\"@type\":\"ImageObject\",\"inLanguage\":\"sr-RS\",\"@id\":\"https:\/\/president-ksgov.net\/#\/schema\/person\/image\/\",\"url\":\"https:\/\/secure.gravatar.com\/avatar\/36156ca0fa3b8d9d25174f146e16beea0cf28f37adf1b9e19b6c9c279a7c9dd3?s=96&d=mm&r=g\",\"contentUrl\":\"https:\/\/secure.gravatar.com\/avatar\/36156ca0fa3b8d9d25174f146e16beea0cf28f37adf1b9e19b6c9c279a7c9dd3?s=96&d=mm&r=g\",\"caption\":\"admin\"},\"sameAs\":[\"https:\/\/president-ksgov.net\"]}]}<\/script>\n<!-- \/ Yoast SEO plugin. -->","yoast_head_json":{"title":"Govor predsednice ja ceremoniji dodele nagrada FIDES za filantropiju na Kosovu 2015 - Predsednik Republike Kosovo - DR. VJOSA OSMANI - SADRIU","description":"Govor predsednice ja ceremoniji dodele nagrada FIDES za filantropiju na Kosovu 2015 - Predsednik Republike Kosovo - DR. VJOSA OSMANI - SADRIU -","robots":{"index":"index","follow":"follow","max-snippet":"max-snippet:-1","max-image-preview":"max-image-preview:large","max-video-preview":"max-video-preview:-1"},"canonical":"https:\/\/president-ksgov.net\/sr\/govor-predsednice-ja-ceremoniji-dodele-nagrada-fides-za-filantropiju-na-kosovu-2015\/","og_locale":"sr_RS","og_type":"article","og_title":"Govor predsednice ja ceremoniji dodele nagrada FIDES za filantropiju na Kosovu 2015 - Predsednik Republike Kosovo - DR. VJOSA OSMANI - SADRIU","og_description":"Govor predsednice ja ceremoniji dodele nagrada FIDES za filantropiju na Kosovu 2015 - Predsednik Republike Kosovo - DR. VJOSA OSMANI - SADRIU -","og_url":"https:\/\/president-ksgov.net\/sr\/govor-predsednice-ja-ceremoniji-dodele-nagrada-fides-za-filantropiju-na-kosovu-2015\/","og_site_name":"Predsednik Republike Kosovo - DR. VJOSA OSMANI - SADRIU","article_published_time":"2015-12-01T19:54:53+00:00","og_image":[{"width":2560,"height":1729,"url":"https:\/\/president-ksgov.net\/wp-content\/uploads\/01_12_2015_7412858_1_IMG_2716-scaled.jpg","type":"image\/jpeg"}],"author":"admin","twitter_card":"summary_large_image","twitter_misc":{"\u041d\u0430\u043f\u0438\u0441\u0430\u043d\u043e \u043e\u0434":"admin","\u041f\u0440\u043e\u0446\u0435\u045a\u0435\u043d\u043e \u0432\u0440\u0435\u043c\u0435 \u0447\u0438\u0442\u0430\u045a\u0430":"3 \u043c\u0438\u043d\u0443\u0442\u0430"},"schema":{"@context":"https:\/\/schema.org","@graph":[{"@type":"WebPage","@id":"https:\/\/president-ksgov.net\/sr\/govor-predsednice-ja-ceremoniji-dodele-nagrada-fides-za-filantropiju-na-kosovu-2015\/","url":"https:\/\/president-ksgov.net\/sr\/govor-predsednice-ja-ceremoniji-dodele-nagrada-fides-za-filantropiju-na-kosovu-2015\/","name":"Govor predsednice ja ceremoniji dodele nagrada FIDES za filantropiju na Kosovu 2015 - Predsednik Republike Kosovo - DR. VJOSA OSMANI - SADRIU","isPartOf":{"@id":"https:\/\/president-ksgov.net\/#website"},"primaryImageOfPage":{"@id":"https:\/\/president-ksgov.net\/sr\/govor-predsednice-ja-ceremoniji-dodele-nagrada-fides-za-filantropiju-na-kosovu-2015\/#primaryimage"},"image":{"@id":"https:\/\/president-ksgov.net\/sr\/govor-predsednice-ja-ceremoniji-dodele-nagrada-fides-za-filantropiju-na-kosovu-2015\/#primaryimage"},"thumbnailUrl":"https:\/\/president-ksgov.net\/wp-content\/uploads\/01_12_2015_7412858_1_IMG_2716-scaled.jpg","datePublished":"2015-12-01T19:54:53+00:00","dateModified":"2015-12-01T19:54:53+00:00","author":{"@id":"https:\/\/president-ksgov.net\/#\/schema\/person\/bb4337a5fb147cb2046d80548172cbee"},"description":"Govor predsednice ja ceremoniji dodele nagrada FIDES za filantropiju na Kosovu 2015 - Predsednik Republike Kosovo - DR. VJOSA OSMANI - SADRIU -","breadcrumb":{"@id":"https:\/\/president-ksgov.net\/sr\/govor-predsednice-ja-ceremoniji-dodele-nagrada-fides-za-filantropiju-na-kosovu-2015\/#breadcrumb"},"inLanguage":"sr-RS","potentialAction":[{"@type":"ReadAction","target":["https:\/\/president-ksgov.net\/sr\/govor-predsednice-ja-ceremoniji-dodele-nagrada-fides-za-filantropiju-na-kosovu-2015\/"]}]},{"@type":"ImageObject","inLanguage":"sr-RS","@id":"https:\/\/president-ksgov.net\/sr\/govor-predsednice-ja-ceremoniji-dodele-nagrada-fides-za-filantropiju-na-kosovu-2015\/#primaryimage","url":"https:\/\/president-ksgov.net\/wp-content\/uploads\/01_12_2015_7412858_1_IMG_2716-scaled.jpg","contentUrl":"https:\/\/president-ksgov.net\/wp-content\/uploads\/01_12_2015_7412858_1_IMG_2716-scaled.jpg","width":2560,"height":1729},{"@type":"BreadcrumbList","@id":"https:\/\/president-ksgov.net\/sr\/govor-predsednice-ja-ceremoniji-dodele-nagrada-fides-za-filantropiju-na-kosovu-2015\/#breadcrumb","itemListElement":[{"@type":"ListItem","position":1,"name":"Home","item":"https:\/\/president-ksgov.net\/sr\/"},{"@type":"ListItem","position":2,"name":"Govor predsednice ja ceremoniji dodele nagrada FIDES za filantropiju na Kosovu 2015"}]},{"@type":"WebSite","@id":"https:\/\/president-ksgov.net\/#website","url":"https:\/\/president-ksgov.net\/","name":"Presidente e Republik\u00ebs s\u00eb Kosov\u00ebs","description":"Presidente e Republik\u00ebs s\u00eb Kosov\u00ebs","alternateName":"DR. VJOSA OSMANI - SADRIU","potentialAction":[{"@type":"SearchAction","target":{"@type":"EntryPoint","urlTemplate":"https:\/\/president-ksgov.net\/?s={search_term_string}"},"query-input":{"@type":"PropertyValueSpecification","valueRequired":true,"valueName":"search_term_string"}}],"inLanguage":"sr-RS"},{"@type":"Person","@id":"https:\/\/president-ksgov.net\/#\/schema\/person\/bb4337a5fb147cb2046d80548172cbee","name":"admin","image":{"@type":"ImageObject","inLanguage":"sr-RS","@id":"https:\/\/president-ksgov.net\/#\/schema\/person\/image\/","url":"https:\/\/secure.gravatar.com\/avatar\/36156ca0fa3b8d9d25174f146e16beea0cf28f37adf1b9e19b6c9c279a7c9dd3?s=96&d=mm&r=g","contentUrl":"https:\/\/secure.gravatar.com\/avatar\/36156ca0fa3b8d9d25174f146e16beea0cf28f37adf1b9e19b6c9c279a7c9dd3?s=96&d=mm&r=g","caption":"admin"},"sameAs":["https:\/\/president-ksgov.net"]}]}},"_links":{"self":[{"href":"https:\/\/president-ksgov.net\/sr\/wp-json\/wp\/v2\/posts\/77097","targetHints":{"allow":["GET"]}}],"collection":[{"href":"https:\/\/president-ksgov.net\/sr\/wp-json\/wp\/v2\/posts"}],"about":[{"href":"https:\/\/president-ksgov.net\/sr\/wp-json\/wp\/v2\/types\/post"}],"author":[{"embeddable":true,"href":"https:\/\/president-ksgov.net\/sr\/wp-json\/wp\/v2\/users\/1"}],"replies":[{"embeddable":true,"href":"https:\/\/president-ksgov.net\/sr\/wp-json\/wp\/v2\/comments?post=77097"}],"version-history":[{"count":0,"href":"https:\/\/president-ksgov.net\/sr\/wp-json\/wp\/v2\/posts\/77097\/revisions"}],"wp:featuredmedia":[{"embeddable":true,"href":"https:\/\/president-ksgov.net\/sr\/wp-json\/wp\/v2\/media\/37063"}],"wp:attachment":[{"href":"https:\/\/president-ksgov.net\/sr\/wp-json\/wp\/v2\/media?parent=77097"}],"wp:term":[{"taxonomy":"category","embeddable":true,"href":"https:\/\/president-ksgov.net\/sr\/wp-json\/wp\/v2\/categories?post=77097"},{"taxonomy":"post_tag","embeddable":true,"href":"https:\/\/president-ksgov.net\/sr\/wp-json\/wp\/v2\/tags?post=77097"}],"curies":[{"name":"wp","href":"https:\/\/api.w.org\/{rel}","templated":true}]}}