{"id":77094,"date":"2015-12-05T11:33:26","date_gmt":"2015-12-05T11:33:26","guid":{"rendered":"https:\/\/dev.president-ksgov.net\/govor-predsednice-jahjaga-na-petoj-godinjoj-konferenciji-pravosudja-na-kosovu\/"},"modified":"2015-12-05T11:33:26","modified_gmt":"2015-12-05T11:33:26","slug":"govor-predsednice-jahjaga-na-petoj-godinjoj-konferenciji-pravosudja-na-kosovu","status":"publish","type":"post","link":"https:\/\/president-ksgov.net\/sr\/govor-predsednice-jahjaga-na-petoj-godinjoj-konferenciji-pravosudja-na-kosovu\/","title":{"rendered":"Govor predsednice Jahjaga na Petoj godi&#154;njoj konferenciji pravosu\u0111a na Kosovu"},"content":{"rendered":"<p>Na&#353; sistem pravde je napredovao u konsolidaciji odre\u0111enog zakonodavstva i u izgradnji potrebnih kapaciteta. Ovi napreci sada treba da poka&#382;u i opipljive rezultate. Saradnja organa pravde je neophodna. Svaki eventualni neuspeh \u010doveka u instituciji reflektuje se na op&#353;ti zaostatak u izgradnji jednog efikasnog sistema vladavine zakona.<\/p>\n<p>Mi se trudimo da izgradimo nezavistan sistem pravde na Kosovu, u slu&#382;bi gra\u0111ana i u slu&#382;bi pravne dr&#382;ave. Jedna pravna dr&#382;ava u sistemu vrednosti, sa odgovornim ljudima i stru\u010dnjacima ne dozvoljava da niko bude iznad zakona. Jedna pravna dr&#382;ava koja je jednaka sa svima. Jedan sistem koji ne poznaje nacionalnost ve\u0107 gra\u0111ane i jedan funkcionalni sistem koji ne poznaje preporuke i usluge.<\/p>\n<p>Tokom svih ovih godina na&#353;i gra\u0111ani tra&#382;e vi&#353;e rezultata od nas. Oni tra&#382;e nepolitizovanu i efikasnu pravdu. Gra\u0111ani Republike Kosova tra&#382;e jedan sistem pravde koji \u0107e biti beskompromisan prema organizovanom kriminalu i korupciji.<\/p>\n<p>I mi treba da poka&#382;emo da je snaga institucija i kosovskog dru&#353;tva ono &#353;to \u0107e promeniti ovu situaciju u pravdi punoj izazova i da je povrati poverenje gra\u0111ana u institucije\u00a0 njihove dr&#382;ave, posebno u institucije pravde.<\/p>\n<p>Mi imamo snagu i volju da ovo uradimo: produbljuju\u0107i sveop&#353;te reforme u sistemu pravde, kako bismo vi&#353;e bili orijentisani na rezultate i ne padaju\u0107i pod uticaj nikakve politi\u010dke snage. Imamo snagu da doka&#382;emo da smo hrabri kada se borimo protiv korupcije, jer sprovodimo zakon iznad kojeg ne mo&#382;e da bude niko.<\/p>\n<p>U ovo vreme kada su vrednosti slobode i demokratije izazvane nasilnim ekstremizmom svuda, Kosovo ima za obavezu da bude globalni partner u borbi protiv ove pretnje. Mi smo pobolj&#353;ali zakonodavstvo na ovom polju i pokazali smo rezultate u otkrivanju i hap&#353;enju osoba koje se smatraju da su pretnja za nacionalnu sigurnost.<\/p>\n<p>Ovaj rat se ne zavr&#353;ava ovde i mi treba da budemo efikasniji u spre\u010davanju i reakciji protiv nasilnog ekstremizma. Ovo tra&#382;i bli&#382;u koordinaciju policije sa tu&#382;ila&#353;tvom i izgradnjom slu\u010dajeva koji \u0107e odvesti do su\u0111enja i meritornog ka&#382;njavanja.<\/p>\n<p>Kosovo nije bilo i ne\u0107e nikada biti ognji&#353;te ekstremizma i ne\u0107emo dozvoliti nikada da ovi elementi pokvare versku harmoniju u da dovedu u opasnost na&#353; ustavni sistem.<\/p>\n<p>Osna&#382;ivanje na&#353;e pravne dr&#382;ave treba da uradimo jer imamo obavezu prema na&#353;im gra\u0111anima. &#352;ta vi&#353;e, u&#353;li smo u bitan period za zemlju, putem uspostavljanja kontraktualnog odnosa sa EU &#8211; Sporazum o stabilizaciji i pridru&#382;ivanju- &#353;to tra&#382;i vi&#353;e anga&#382;ovanja i vi&#353;e rezultata.<\/p>\n<p>Shodno tome tra&#382;i vi&#353;e posla kako bi dokazali da gra\u0111ani Kosova zaslu&#382;uju da budu deo evropske porodice i da zaslu&#382;uju da se slobodno kre\u0107u Evropom. To \u0107e re\u0107i da mi ne\u0107emo biti taoci ne sprovo\u0111enja zakona.<\/p>\n<p>Mi smo izvr&#353;ili na&#353;e obaveze &#353;to se ti\u010de kriterijuma koji su tra&#382;eni, ali imamo jo&#353; posla da uradimo &#8211; da uspostavimo standard &#8211;\u00a0 da je vladavina zakona od &#382;ivotne va&#382;nosti za budu\u0107nost zemlje i da se a njom ne mo&#382;emo cenkati.<\/p>\n<p>Ovaj put podrazumeva dijalog i sporazume izme\u0111u nas: svih nas koji danas predstavljamo institucije i volju gra\u0111ana zemlje, dakle \u010ditavog kosovskog dru&#353;tva. Mi ne mo&#382;emo da dozvolimo da se dijalog zameni nasiljem niti institucionalnim odbacivanjem; ne mo&#382;emo da dozvolimo da se name\u0107u re&#353;enja van institucija, jer dr&#382;avne institucije Kosova su napor i po&#382;rtvovanje \u010ditavih generacija.<\/p>\n<p>Ne mo&#382;emo da dozvolimo da izazivamo demokratiju svakoga dana, jer je gradimo sa mnogo posla. I stoga, iskren i otvoren dijalog, treba da se uspostavi u zemlji, pre nego &#353;to se blagostanje gra\u0111ana dovede u opasnost, pre nego &#353;to se njihova budu\u0107nost dovede u opasnost.<\/p>\n<p>Ja imam ustavnu odgovornost, kao i politi\u010dku, da pomognem u pronala&#382;enju puta dijaloga, da ga olak&#353;am na osnovu mojih ustavnih nadle&#382;nosti, da koordiniram u pronala&#382;enju re&#353;enja izme\u0111u onih koji vole ovu zemlju, koji vole ovaj narod i koji Kosovo &#382;ele da vide kao jednu slobodnu i demokratsku zemlju.<\/p>\n<p>Po&#353;tovani u\u010desnici,\u00a0 <\/p>\n<p>Mi imamo puno posla zajedno. Mi treba da se orijenti&#353;emo na sistem pravde, da bude efikasan, usredsre\u0111en na rezultate i nepristrasan, sublimiraju\u0107i duh prava \u010doveka.<\/p>\n<p>Teret funkcionisanja i uspeha sistema pravde je nad vama i to je odgovornost koju morate nositi, uz polaganje ra\u010duna, stru\u010dnost i posve\u0107enost. Ova odgovornost dana&#353;njeg rada \u0107e pokazati u budu\u0107nosti koliko je vredna pravna dr&#382;ava za nove generacije i za njihovu viziju u dr&#382;avi koju zaslu&#382;uju.<\/p>\n<p>Imamo zajedni\u010dku odgovornost, ali i privilegiju da poka&#382;emo na&#353; patriotizam sprovode\u0107i zakon, budu\u0107i beskompromisni u borbi protiv organizovanog kriminala i korupcije i grade\u0107i dr&#382;avu pravde.<\/p>\n","protected":false},"excerpt":{"rendered":"<p>Na&#353; sistem pravde je napredovao u konsolidaciji odre\u0111enog zakonodavstva i u izgradnji potrebnih kapaciteta. Ovi napreci sada treba da poka&#382;u i opipljive rezultate. Saradnja organa pravde je neophodna. Svaki eventualni neuspeh \u010doveka u instituciji reflektuje se na op&#353;ti zaostatak u izgradnji jednog efikasnog sistema vladavine zakona.<\/p>\n","protected":false},"author":1,"featured_media":37033,"comment_status":"open","ping_status":"closed","sticky":false,"template":"","format":"standard","meta":{"_eb_attr":"","footnotes":""},"categories":[101],"tags":[],"class_list":["post-77094","post","type-post","status-publish","format-standard","has-post-thumbnail","hentry","category-vesti"],"yoast_head":"<!-- This site is optimized with the Yoast SEO plugin v23.5 - https:\/\/yoast.com\/wordpress\/plugins\/seo\/ -->\n<title>Govor predsednice Jahjaga na Petoj godi&#154;njoj konferenciji pravosu\u0111a na Kosovu - Predsednik Republike Kosovo - DR. VJOSA OSMANI - SADRIU<\/title>\n<meta name=\"description\" content=\"Govor predsednice Jahjaga na Petoj godi&#154;njoj konferenciji pravosu\u0111a na Kosovu - Predsednik Republike Kosovo - DR. VJOSA OSMANI - SADRIU -\" \/>\n<meta name=\"robots\" content=\"index, follow, max-snippet:-1, max-image-preview:large, max-video-preview:-1\" \/>\n<link rel=\"canonical\" href=\"https:\/\/president-ksgov.net\/fjalimi-i-presidentes-jahjaga-ne-konferencen-e-peste-vjetore-te-gjyqesorit-ne-kosove-2\/\" \/>\n<meta property=\"og:locale\" content=\"sr_RS\" \/>\n<meta property=\"og:type\" content=\"article\" \/>\n<meta property=\"og:title\" content=\"Govor predsednice Jahjaga na Petoj godi&#154;njoj konferenciji pravosu\u0111a na Kosovu - Predsednik Republike Kosovo - DR. VJOSA OSMANI - SADRIU\" \/>\n<meta property=\"og:description\" content=\"Govor predsednice Jahjaga na Petoj godi&#154;njoj konferenciji pravosu\u0111a na Kosovu - Predsednik Republike Kosovo - DR. VJOSA OSMANI - SADRIU -\" \/>\n<meta property=\"og:url\" content=\"https:\/\/president-ksgov.net\/fjalimi-i-presidentes-jahjaga-ne-konferencen-e-peste-vjetore-te-gjyqesorit-ne-kosove-2\/\" \/>\n<meta property=\"og:site_name\" content=\"Predsednik Republike Kosovo - DR. VJOSA OSMANI - SADRIU\" \/>\n<meta property=\"article:published_time\" content=\"2015-12-05T11:33:26+00:00\" \/>\n<meta property=\"og:image\" content=\"https:\/\/president-ksgov.net\/wp-content\/uploads\/05_12_2015_5345831_Fjalimi_i_Presidentes_Jahjaga_ne_Konferencen_e_Peste_Vjetore_te_Gjyqesorit_ne_Kosove_1.jpg\" \/>\n\t<meta property=\"og:image:width\" content=\"2400\" \/>\n\t<meta property=\"og:image:height\" content=\"1269\" \/>\n\t<meta property=\"og:image:type\" content=\"image\/jpeg\" \/>\n<meta name=\"author\" content=\"admin\" \/>\n<meta name=\"twitter:card\" content=\"summary_large_image\" \/>\n<meta name=\"twitter:label1\" content=\"\u041d\u0430\u043f\u0438\u0441\u0430\u043d\u043e \u043e\u0434\" \/>\n\t<meta name=\"twitter:data1\" content=\"admin\" \/>\n\t<meta name=\"twitter:label2\" content=\"\u041f\u0440\u043e\u0446\u0435\u045a\u0435\u043d\u043e \u0432\u0440\u0435\u043c\u0435 \u0447\u0438\u0442\u0430\u045a\u0430\" \/>\n\t<meta name=\"twitter:data2\" content=\"4 \u043c\u0438\u043d\u0443\u0442\u0430\" \/>\n<script type=\"application\/ld+json\" class=\"yoast-schema-graph\">{\"@context\":\"https:\/\/schema.org\",\"@graph\":[{\"@type\":\"WebPage\",\"@id\":\"https:\/\/president-ksgov.net\/fjalimi-i-presidentes-jahjaga-ne-konferencen-e-peste-vjetore-te-gjyqesorit-ne-kosove-2\/\",\"url\":\"https:\/\/president-ksgov.net\/fjalimi-i-presidentes-jahjaga-ne-konferencen-e-peste-vjetore-te-gjyqesorit-ne-kosove-2\/\",\"name\":\"Govor predsednice Jahjaga na Petoj godi&#154;njoj konferenciji pravosu\u0111a na Kosovu - Predsednik Republike Kosovo - DR. VJOSA OSMANI - SADRIU\",\"isPartOf\":{\"@id\":\"https:\/\/president-ksgov.net\/#website\"},\"primaryImageOfPage\":{\"@id\":\"https:\/\/president-ksgov.net\/fjalimi-i-presidentes-jahjaga-ne-konferencen-e-peste-vjetore-te-gjyqesorit-ne-kosove-2\/#primaryimage\"},\"image\":{\"@id\":\"https:\/\/president-ksgov.net\/fjalimi-i-presidentes-jahjaga-ne-konferencen-e-peste-vjetore-te-gjyqesorit-ne-kosove-2\/#primaryimage\"},\"thumbnailUrl\":\"https:\/\/president-ksgov.net\/wp-content\/uploads\/05_12_2015_5345831_Fjalimi_i_Presidentes_Jahjaga_ne_Konferencen_e_Peste_Vjetore_te_Gjyqesorit_ne_Kosove_1.jpg\",\"datePublished\":\"2015-12-05T11:33:26+00:00\",\"dateModified\":\"2015-12-05T11:33:26+00:00\",\"author\":{\"@id\":\"https:\/\/president-ksgov.net\/#\/schema\/person\/bb4337a5fb147cb2046d80548172cbee\"},\"description\":\"Govor predsednice Jahjaga na Petoj godi&#154;njoj konferenciji pravosu\u0111a na Kosovu - Predsednik Republike Kosovo - DR. VJOSA OSMANI - SADRIU -\",\"breadcrumb\":{\"@id\":\"https:\/\/president-ksgov.net\/fjalimi-i-presidentes-jahjaga-ne-konferencen-e-peste-vjetore-te-gjyqesorit-ne-kosove-2\/#breadcrumb\"},\"inLanguage\":\"sr-RS\",\"potentialAction\":[{\"@type\":\"ReadAction\",\"target\":[\"https:\/\/president-ksgov.net\/fjalimi-i-presidentes-jahjaga-ne-konferencen-e-peste-vjetore-te-gjyqesorit-ne-kosove-2\/\"]}]},{\"@type\":\"ImageObject\",\"inLanguage\":\"sr-RS\",\"@id\":\"https:\/\/president-ksgov.net\/fjalimi-i-presidentes-jahjaga-ne-konferencen-e-peste-vjetore-te-gjyqesorit-ne-kosove-2\/#primaryimage\",\"url\":\"https:\/\/president-ksgov.net\/wp-content\/uploads\/05_12_2015_5345831_Fjalimi_i_Presidentes_Jahjaga_ne_Konferencen_e_Peste_Vjetore_te_Gjyqesorit_ne_Kosove_1.jpg\",\"contentUrl\":\"https:\/\/president-ksgov.net\/wp-content\/uploads\/05_12_2015_5345831_Fjalimi_i_Presidentes_Jahjaga_ne_Konferencen_e_Peste_Vjetore_te_Gjyqesorit_ne_Kosove_1.jpg\",\"width\":2400,\"height\":1269},{\"@type\":\"BreadcrumbList\",\"@id\":\"https:\/\/president-ksgov.net\/fjalimi-i-presidentes-jahjaga-ne-konferencen-e-peste-vjetore-te-gjyqesorit-ne-kosove-2\/#breadcrumb\",\"itemListElement\":[{\"@type\":\"ListItem\",\"position\":1,\"name\":\"Home\",\"item\":\"https:\/\/president-ksgov.net\/sr\/\"},{\"@type\":\"ListItem\",\"position\":2,\"name\":\"Govor predsednice Jahjaga na Petoj godi&#154;njoj konferenciji pravosu\u0111a na Kosovu\"}]},{\"@type\":\"WebSite\",\"@id\":\"https:\/\/president-ksgov.net\/#website\",\"url\":\"https:\/\/president-ksgov.net\/\",\"name\":\"Presidente e Republik\u00ebs s\u00eb Kosov\u00ebs\",\"description\":\"Presidente e Republik\u00ebs s\u00eb Kosov\u00ebs\",\"alternateName\":\"DR. VJOSA OSMANI - SADRIU\",\"potentialAction\":[{\"@type\":\"SearchAction\",\"target\":{\"@type\":\"EntryPoint\",\"urlTemplate\":\"https:\/\/president-ksgov.net\/?s={search_term_string}\"},\"query-input\":{\"@type\":\"PropertyValueSpecification\",\"valueRequired\":true,\"valueName\":\"search_term_string\"}}],\"inLanguage\":\"sr-RS\"},{\"@type\":\"Person\",\"@id\":\"https:\/\/president-ksgov.net\/#\/schema\/person\/bb4337a5fb147cb2046d80548172cbee\",\"name\":\"admin\",\"image\":{\"@type\":\"ImageObject\",\"inLanguage\":\"sr-RS\",\"@id\":\"https:\/\/president-ksgov.net\/#\/schema\/person\/image\/\",\"url\":\"https:\/\/secure.gravatar.com\/avatar\/36156ca0fa3b8d9d25174f146e16beea0cf28f37adf1b9e19b6c9c279a7c9dd3?s=96&d=mm&r=g\",\"contentUrl\":\"https:\/\/secure.gravatar.com\/avatar\/36156ca0fa3b8d9d25174f146e16beea0cf28f37adf1b9e19b6c9c279a7c9dd3?s=96&d=mm&r=g\",\"caption\":\"admin\"},\"sameAs\":[\"https:\/\/president-ksgov.net\"]}]}<\/script>\n<!-- \/ Yoast SEO plugin. -->","yoast_head_json":{"title":"Govor predsednice Jahjaga na Petoj godi&#154;njoj konferenciji pravosu\u0111a na Kosovu - Predsednik Republike Kosovo - DR. VJOSA OSMANI - SADRIU","description":"Govor predsednice Jahjaga na Petoj godi&#154;njoj konferenciji pravosu\u0111a na Kosovu - Predsednik Republike Kosovo - DR. VJOSA OSMANI - SADRIU -","robots":{"index":"index","follow":"follow","max-snippet":"max-snippet:-1","max-image-preview":"max-image-preview:large","max-video-preview":"max-video-preview:-1"},"canonical":"https:\/\/president-ksgov.net\/fjalimi-i-presidentes-jahjaga-ne-konferencen-e-peste-vjetore-te-gjyqesorit-ne-kosove-2\/","og_locale":"sr_RS","og_type":"article","og_title":"Govor predsednice Jahjaga na Petoj godi&#154;njoj konferenciji pravosu\u0111a na Kosovu - Predsednik Republike Kosovo - DR. VJOSA OSMANI - SADRIU","og_description":"Govor predsednice Jahjaga na Petoj godi&#154;njoj konferenciji pravosu\u0111a na Kosovu - Predsednik Republike Kosovo - DR. VJOSA OSMANI - SADRIU -","og_url":"https:\/\/president-ksgov.net\/fjalimi-i-presidentes-jahjaga-ne-konferencen-e-peste-vjetore-te-gjyqesorit-ne-kosove-2\/","og_site_name":"Predsednik Republike Kosovo - DR. VJOSA OSMANI - SADRIU","article_published_time":"2015-12-05T11:33:26+00:00","og_image":[{"width":2400,"height":1269,"url":"https:\/\/president-ksgov.net\/wp-content\/uploads\/05_12_2015_5345831_Fjalimi_i_Presidentes_Jahjaga_ne_Konferencen_e_Peste_Vjetore_te_Gjyqesorit_ne_Kosove_1.jpg","type":"image\/jpeg"}],"author":"admin","twitter_card":"summary_large_image","twitter_misc":{"\u041d\u0430\u043f\u0438\u0441\u0430\u043d\u043e \u043e\u0434":"admin","\u041f\u0440\u043e\u0446\u0435\u045a\u0435\u043d\u043e \u0432\u0440\u0435\u043c\u0435 \u0447\u0438\u0442\u0430\u045a\u0430":"4 \u043c\u0438\u043d\u0443\u0442\u0430"},"schema":{"@context":"https:\/\/schema.org","@graph":[{"@type":"WebPage","@id":"https:\/\/president-ksgov.net\/fjalimi-i-presidentes-jahjaga-ne-konferencen-e-peste-vjetore-te-gjyqesorit-ne-kosove-2\/","url":"https:\/\/president-ksgov.net\/fjalimi-i-presidentes-jahjaga-ne-konferencen-e-peste-vjetore-te-gjyqesorit-ne-kosove-2\/","name":"Govor predsednice Jahjaga na Petoj godi&#154;njoj konferenciji pravosu\u0111a na Kosovu - Predsednik Republike Kosovo - DR. VJOSA OSMANI - SADRIU","isPartOf":{"@id":"https:\/\/president-ksgov.net\/#website"},"primaryImageOfPage":{"@id":"https:\/\/president-ksgov.net\/fjalimi-i-presidentes-jahjaga-ne-konferencen-e-peste-vjetore-te-gjyqesorit-ne-kosove-2\/#primaryimage"},"image":{"@id":"https:\/\/president-ksgov.net\/fjalimi-i-presidentes-jahjaga-ne-konferencen-e-peste-vjetore-te-gjyqesorit-ne-kosove-2\/#primaryimage"},"thumbnailUrl":"https:\/\/president-ksgov.net\/wp-content\/uploads\/05_12_2015_5345831_Fjalimi_i_Presidentes_Jahjaga_ne_Konferencen_e_Peste_Vjetore_te_Gjyqesorit_ne_Kosove_1.jpg","datePublished":"2015-12-05T11:33:26+00:00","dateModified":"2015-12-05T11:33:26+00:00","author":{"@id":"https:\/\/president-ksgov.net\/#\/schema\/person\/bb4337a5fb147cb2046d80548172cbee"},"description":"Govor predsednice Jahjaga na Petoj godi&#154;njoj konferenciji pravosu\u0111a na Kosovu - Predsednik Republike Kosovo - DR. VJOSA OSMANI - SADRIU -","breadcrumb":{"@id":"https:\/\/president-ksgov.net\/fjalimi-i-presidentes-jahjaga-ne-konferencen-e-peste-vjetore-te-gjyqesorit-ne-kosove-2\/#breadcrumb"},"inLanguage":"sr-RS","potentialAction":[{"@type":"ReadAction","target":["https:\/\/president-ksgov.net\/fjalimi-i-presidentes-jahjaga-ne-konferencen-e-peste-vjetore-te-gjyqesorit-ne-kosove-2\/"]}]},{"@type":"ImageObject","inLanguage":"sr-RS","@id":"https:\/\/president-ksgov.net\/fjalimi-i-presidentes-jahjaga-ne-konferencen-e-peste-vjetore-te-gjyqesorit-ne-kosove-2\/#primaryimage","url":"https:\/\/president-ksgov.net\/wp-content\/uploads\/05_12_2015_5345831_Fjalimi_i_Presidentes_Jahjaga_ne_Konferencen_e_Peste_Vjetore_te_Gjyqesorit_ne_Kosove_1.jpg","contentUrl":"https:\/\/president-ksgov.net\/wp-content\/uploads\/05_12_2015_5345831_Fjalimi_i_Presidentes_Jahjaga_ne_Konferencen_e_Peste_Vjetore_te_Gjyqesorit_ne_Kosove_1.jpg","width":2400,"height":1269},{"@type":"BreadcrumbList","@id":"https:\/\/president-ksgov.net\/fjalimi-i-presidentes-jahjaga-ne-konferencen-e-peste-vjetore-te-gjyqesorit-ne-kosove-2\/#breadcrumb","itemListElement":[{"@type":"ListItem","position":1,"name":"Home","item":"https:\/\/president-ksgov.net\/sr\/"},{"@type":"ListItem","position":2,"name":"Govor predsednice Jahjaga na Petoj godi&#154;njoj konferenciji pravosu\u0111a na Kosovu"}]},{"@type":"WebSite","@id":"https:\/\/president-ksgov.net\/#website","url":"https:\/\/president-ksgov.net\/","name":"Presidente e Republik\u00ebs s\u00eb Kosov\u00ebs","description":"Presidente e Republik\u00ebs s\u00eb Kosov\u00ebs","alternateName":"DR. VJOSA OSMANI - SADRIU","potentialAction":[{"@type":"SearchAction","target":{"@type":"EntryPoint","urlTemplate":"https:\/\/president-ksgov.net\/?s={search_term_string}"},"query-input":{"@type":"PropertyValueSpecification","valueRequired":true,"valueName":"search_term_string"}}],"inLanguage":"sr-RS"},{"@type":"Person","@id":"https:\/\/president-ksgov.net\/#\/schema\/person\/bb4337a5fb147cb2046d80548172cbee","name":"admin","image":{"@type":"ImageObject","inLanguage":"sr-RS","@id":"https:\/\/president-ksgov.net\/#\/schema\/person\/image\/","url":"https:\/\/secure.gravatar.com\/avatar\/36156ca0fa3b8d9d25174f146e16beea0cf28f37adf1b9e19b6c9c279a7c9dd3?s=96&d=mm&r=g","contentUrl":"https:\/\/secure.gravatar.com\/avatar\/36156ca0fa3b8d9d25174f146e16beea0cf28f37adf1b9e19b6c9c279a7c9dd3?s=96&d=mm&r=g","caption":"admin"},"sameAs":["https:\/\/president-ksgov.net"]}]}},"_links":{"self":[{"href":"https:\/\/president-ksgov.net\/sr\/wp-json\/wp\/v2\/posts\/77094","targetHints":{"allow":["GET"]}}],"collection":[{"href":"https:\/\/president-ksgov.net\/sr\/wp-json\/wp\/v2\/posts"}],"about":[{"href":"https:\/\/president-ksgov.net\/sr\/wp-json\/wp\/v2\/types\/post"}],"author":[{"embeddable":true,"href":"https:\/\/president-ksgov.net\/sr\/wp-json\/wp\/v2\/users\/1"}],"replies":[{"embeddable":true,"href":"https:\/\/president-ksgov.net\/sr\/wp-json\/wp\/v2\/comments?post=77094"}],"version-history":[{"count":0,"href":"https:\/\/president-ksgov.net\/sr\/wp-json\/wp\/v2\/posts\/77094\/revisions"}],"wp:featuredmedia":[{"embeddable":true,"href":"https:\/\/president-ksgov.net\/sr\/wp-json\/wp\/v2\/media\/37033"}],"wp:attachment":[{"href":"https:\/\/president-ksgov.net\/sr\/wp-json\/wp\/v2\/media?parent=77094"}],"wp:term":[{"taxonomy":"category","embeddable":true,"href":"https:\/\/president-ksgov.net\/sr\/wp-json\/wp\/v2\/categories?post=77094"},{"taxonomy":"post_tag","embeddable":true,"href":"https:\/\/president-ksgov.net\/sr\/wp-json\/wp\/v2\/tags?post=77094"}],"curies":[{"name":"wp","href":"https:\/\/api.w.org\/{rel}","templated":true}]}}