{"id":77061,"date":"2016-01-07T15:13:03","date_gmt":"2016-01-07T15:13:03","guid":{"rendered":"https:\/\/dev.president-ksgov.net\/predsednica-jahjaga-posetila-je-optinu-timlje\/"},"modified":"2016-01-07T15:13:03","modified_gmt":"2016-01-07T15:13:03","slug":"predsednica-jahjaga-posetila-je-optinu-timlje","status":"publish","type":"post","link":"https:\/\/president-ksgov.net\/sr\/predsednica-jahjaga-posetila-je-optinu-timlje\/","title":{"rendered":"Predsednica Jahjaga posetila je op&#154;tinu &#138;timlje"},"content":{"rendered":"<p>Predsednica Republike Kosova, gospo\u0111a Atifete Jahajaga posetila je danas op&#353;tinu &#352;timlje, jednu od op&#353;tina koje su najvi&#353;e pomogo\u0111ene poplavama poslednjih dana.<\/p>\n<p>Na po\u010detku, predsednicu Jahjaga je do\u010dekao predsednik ove op&#353;tine, Naim Ismajli, koji ju je upoznao sa op&#353;tim stanjem u op&#353;tini nakon obilnih padavina poslednjih dana, koje su izazvale dosta &#353;tete u mnogim selima op&#353;tine &#352;timlje, kao i sa anga&#382;ovanjem op&#353;tinskih institucija kako bi iza&#353;li u susret ugro&#382;enim gra\u0111anima. <\/p>\n<p>Zatim je predsednica Jahjaga posetila sela Davidovac, Ra&#353;nice i Mu&#382;i\u010dane, gde je izbliza videla &#353;tete koje su nanele poplave i gde je razgovarala sa stanovnicima \u010dije su ku\u0107e i imanja pogo\u0111eni poplavama. <\/p>\n<p>Izjava koju je povodom toga dala predsednica Jahjaga: <\/p>\n<p>Do&#353;la sam ovde da posetim op&#353;tinu &#352;timlje, zajedno sa predsednikom te op&#353;tine, da budem uz na&#353;e gra\u0111ane. Obave&#353;tena sam izbliza od strane predsednika op&#353;tine o stanju koje je prouzrokovano poslednjih dana poplavama, o &#353;tetama koje su nanete u op&#353;tini &#352;timlje. Ja sam se tako\u0111e u toku ju\u010dera&#353;njeg dana preko telefona \u010dula sa predsednikom op&#353;tine, ali i sa predsednicima drugih op&#353;tina kao &#353;to su \u0110akovica, Lipljan i druge. <\/p>\n<p>Tako\u0111e, razgovarala sam sa komandantom Sigurnosnih snaga Kosova, kako bi ocenili nivo spremnosti sektora za vanredna stanja i brzo reagovanje od strane SSK-a, da vidimo izbliza i da se vi&#353;e postaramo za na&#353;e gra\u0111ane. Ali, ovo nosi jednu drugu poruku, treba da posvetimo mnogo vi&#353;e pa&#382;nje u pogledu o\u010duvanja na&#353;ih reka, a posebno njihovih korita.\u00a0<\/p>\n","protected":false},"excerpt":{"rendered":"<p>Predsednica Republike Kosova, gospo\u0111a Atifete Jahajaga posetila je danas op&#353;tinu &#352;timlje, jednu od op&#353;tina koje su najvi&#353;e pomogo\u0111ene poplavama poslednjih dana.<\/p>\n","protected":false},"author":1,"featured_media":36715,"comment_status":"open","ping_status":"closed","sticky":false,"template":"","format":"standard","meta":{"_eb_attr":"","footnotes":""},"categories":[101],"tags":[],"class_list":["post-77061","post","type-post","status-publish","format-standard","has-post-thumbnail","hentry","category-vesti"],"yoast_head":"<!-- This site is optimized with the Yoast SEO plugin v23.5 - https:\/\/yoast.com\/wordpress\/plugins\/seo\/ -->\n<title>Predsednica Jahjaga posetila je op&#154;tinu &#138;timlje - Predsednik Republike Kosovo - DR. VJOSA OSMANI - SADRIU<\/title>\n<meta name=\"description\" content=\"Predsednica Jahjaga posetila je op&#154;tinu &#138;timlje - Predsednik Republike Kosovo - DR. VJOSA OSMANI - SADRIU -\" \/>\n<meta name=\"robots\" content=\"index, follow, max-snippet:-1, max-image-preview:large, max-video-preview:-1\" \/>\n<link rel=\"canonical\" href=\"https:\/\/president-ksgov.net\/sr\/predsednica-jahjaga-posetila-je-optinu-timlje\/\" \/>\n<meta property=\"og:locale\" content=\"sr_RS\" \/>\n<meta property=\"og:type\" content=\"article\" \/>\n<meta property=\"og:title\" content=\"Predsednica Jahjaga posetila je op&#154;tinu &#138;timlje - Predsednik Republike Kosovo - DR. VJOSA OSMANI - SADRIU\" \/>\n<meta property=\"og:description\" content=\"Predsednica Jahjaga posetila je op&#154;tinu &#138;timlje - Predsednik Republike Kosovo - DR. VJOSA OSMANI - SADRIU -\" \/>\n<meta property=\"og:url\" content=\"https:\/\/president-ksgov.net\/sr\/predsednica-jahjaga-posetila-je-optinu-timlje\/\" \/>\n<meta property=\"og:site_name\" content=\"Predsednik Republike Kosovo - DR. VJOSA OSMANI - SADRIU\" \/>\n<meta property=\"article:published_time\" content=\"2016-01-07T15:13:03+00:00\" \/>\n<meta property=\"og:image\" content=\"https:\/\/president-ksgov.net\/wp-content\/uploads\/07_01_2016_5154367_shtm1.jpg\" \/>\n\t<meta property=\"og:image:width\" content=\"1500\" \/>\n\t<meta property=\"og:image:height\" content=\"1000\" \/>\n\t<meta property=\"og:image:type\" content=\"image\/jpeg\" \/>\n<meta name=\"author\" content=\"admin\" \/>\n<meta name=\"twitter:card\" content=\"summary_large_image\" \/>\n<meta name=\"twitter:label1\" content=\"\u041d\u0430\u043f\u0438\u0441\u0430\u043d\u043e \u043e\u0434\" \/>\n\t<meta name=\"twitter:data1\" content=\"admin\" \/>\n\t<meta name=\"twitter:label2\" content=\"\u041f\u0440\u043e\u0446\u0435\u045a\u0435\u043d\u043e \u0432\u0440\u0435\u043c\u0435 \u0447\u0438\u0442\u0430\u045a\u0430\" \/>\n\t<meta name=\"twitter:data2\" content=\"1 \u043c\u0438\u043d\u0443\u0442\" \/>\n<script type=\"application\/ld+json\" class=\"yoast-schema-graph\">{\"@context\":\"https:\/\/schema.org\",\"@graph\":[{\"@type\":\"WebPage\",\"@id\":\"https:\/\/president-ksgov.net\/sr\/predsednica-jahjaga-posetila-je-optinu-timlje\/\",\"url\":\"https:\/\/president-ksgov.net\/sr\/predsednica-jahjaga-posetila-je-optinu-timlje\/\",\"name\":\"Predsednica Jahjaga posetila je op&#154;tinu &#138;timlje - Predsednik Republike Kosovo - DR. VJOSA OSMANI - SADRIU\",\"isPartOf\":{\"@id\":\"https:\/\/president-ksgov.net\/#website\"},\"primaryImageOfPage\":{\"@id\":\"https:\/\/president-ksgov.net\/sr\/predsednica-jahjaga-posetila-je-optinu-timlje\/#primaryimage\"},\"image\":{\"@id\":\"https:\/\/president-ksgov.net\/sr\/predsednica-jahjaga-posetila-je-optinu-timlje\/#primaryimage\"},\"thumbnailUrl\":\"https:\/\/president-ksgov.net\/wp-content\/uploads\/07_01_2016_5154367_shtm1.jpg\",\"datePublished\":\"2016-01-07T15:13:03+00:00\",\"dateModified\":\"2016-01-07T15:13:03+00:00\",\"author\":{\"@id\":\"https:\/\/president-ksgov.net\/#\/schema\/person\/bb4337a5fb147cb2046d80548172cbee\"},\"description\":\"Predsednica Jahjaga posetila je op&#154;tinu &#138;timlje - Predsednik Republike Kosovo - DR. VJOSA OSMANI - SADRIU -\",\"breadcrumb\":{\"@id\":\"https:\/\/president-ksgov.net\/sr\/predsednica-jahjaga-posetila-je-optinu-timlje\/#breadcrumb\"},\"inLanguage\":\"sr-RS\",\"potentialAction\":[{\"@type\":\"ReadAction\",\"target\":[\"https:\/\/president-ksgov.net\/sr\/predsednica-jahjaga-posetila-je-optinu-timlje\/\"]}]},{\"@type\":\"ImageObject\",\"inLanguage\":\"sr-RS\",\"@id\":\"https:\/\/president-ksgov.net\/sr\/predsednica-jahjaga-posetila-je-optinu-timlje\/#primaryimage\",\"url\":\"https:\/\/president-ksgov.net\/wp-content\/uploads\/07_01_2016_5154367_shtm1.jpg\",\"contentUrl\":\"https:\/\/president-ksgov.net\/wp-content\/uploads\/07_01_2016_5154367_shtm1.jpg\",\"width\":1500,\"height\":1000},{\"@type\":\"BreadcrumbList\",\"@id\":\"https:\/\/president-ksgov.net\/sr\/predsednica-jahjaga-posetila-je-optinu-timlje\/#breadcrumb\",\"itemListElement\":[{\"@type\":\"ListItem\",\"position\":1,\"name\":\"Home\",\"item\":\"https:\/\/president-ksgov.net\/sr\/\"},{\"@type\":\"ListItem\",\"position\":2,\"name\":\"Predsednica Jahjaga posetila je op&#154;tinu &#138;timlje\"}]},{\"@type\":\"WebSite\",\"@id\":\"https:\/\/president-ksgov.net\/#website\",\"url\":\"https:\/\/president-ksgov.net\/\",\"name\":\"Presidente e Republik\u00ebs s\u00eb Kosov\u00ebs\",\"description\":\"Presidente e Republik\u00ebs s\u00eb Kosov\u00ebs\",\"alternateName\":\"DR. VJOSA OSMANI - SADRIU\",\"potentialAction\":[{\"@type\":\"SearchAction\",\"target\":{\"@type\":\"EntryPoint\",\"urlTemplate\":\"https:\/\/president-ksgov.net\/?s={search_term_string}\"},\"query-input\":{\"@type\":\"PropertyValueSpecification\",\"valueRequired\":true,\"valueName\":\"search_term_string\"}}],\"inLanguage\":\"sr-RS\"},{\"@type\":\"Person\",\"@id\":\"https:\/\/president-ksgov.net\/#\/schema\/person\/bb4337a5fb147cb2046d80548172cbee\",\"name\":\"admin\",\"image\":{\"@type\":\"ImageObject\",\"inLanguage\":\"sr-RS\",\"@id\":\"https:\/\/president-ksgov.net\/#\/schema\/person\/image\/\",\"url\":\"https:\/\/secure.gravatar.com\/avatar\/36156ca0fa3b8d9d25174f146e16beea0cf28f37adf1b9e19b6c9c279a7c9dd3?s=96&d=mm&r=g\",\"contentUrl\":\"https:\/\/secure.gravatar.com\/avatar\/36156ca0fa3b8d9d25174f146e16beea0cf28f37adf1b9e19b6c9c279a7c9dd3?s=96&d=mm&r=g\",\"caption\":\"admin\"},\"sameAs\":[\"https:\/\/president-ksgov.net\"]}]}<\/script>\n<!-- \/ Yoast SEO plugin. -->","yoast_head_json":{"title":"Predsednica Jahjaga posetila je op&#154;tinu &#138;timlje - Predsednik Republike Kosovo - DR. VJOSA OSMANI - SADRIU","description":"Predsednica Jahjaga posetila je op&#154;tinu &#138;timlje - Predsednik Republike Kosovo - DR. VJOSA OSMANI - SADRIU -","robots":{"index":"index","follow":"follow","max-snippet":"max-snippet:-1","max-image-preview":"max-image-preview:large","max-video-preview":"max-video-preview:-1"},"canonical":"https:\/\/president-ksgov.net\/sr\/predsednica-jahjaga-posetila-je-optinu-timlje\/","og_locale":"sr_RS","og_type":"article","og_title":"Predsednica Jahjaga posetila je op&#154;tinu &#138;timlje - Predsednik Republike Kosovo - DR. VJOSA OSMANI - SADRIU","og_description":"Predsednica Jahjaga posetila je op&#154;tinu &#138;timlje - Predsednik Republike Kosovo - DR. VJOSA OSMANI - SADRIU -","og_url":"https:\/\/president-ksgov.net\/sr\/predsednica-jahjaga-posetila-je-optinu-timlje\/","og_site_name":"Predsednik Republike Kosovo - DR. VJOSA OSMANI - SADRIU","article_published_time":"2016-01-07T15:13:03+00:00","og_image":[{"width":1500,"height":1000,"url":"https:\/\/president-ksgov.net\/wp-content\/uploads\/07_01_2016_5154367_shtm1.jpg","type":"image\/jpeg"}],"author":"admin","twitter_card":"summary_large_image","twitter_misc":{"\u041d\u0430\u043f\u0438\u0441\u0430\u043d\u043e \u043e\u0434":"admin","\u041f\u0440\u043e\u0446\u0435\u045a\u0435\u043d\u043e \u0432\u0440\u0435\u043c\u0435 \u0447\u0438\u0442\u0430\u045a\u0430":"1 \u043c\u0438\u043d\u0443\u0442"},"schema":{"@context":"https:\/\/schema.org","@graph":[{"@type":"WebPage","@id":"https:\/\/president-ksgov.net\/sr\/predsednica-jahjaga-posetila-je-optinu-timlje\/","url":"https:\/\/president-ksgov.net\/sr\/predsednica-jahjaga-posetila-je-optinu-timlje\/","name":"Predsednica Jahjaga posetila je op&#154;tinu &#138;timlje - Predsednik Republike Kosovo - DR. VJOSA OSMANI - SADRIU","isPartOf":{"@id":"https:\/\/president-ksgov.net\/#website"},"primaryImageOfPage":{"@id":"https:\/\/president-ksgov.net\/sr\/predsednica-jahjaga-posetila-je-optinu-timlje\/#primaryimage"},"image":{"@id":"https:\/\/president-ksgov.net\/sr\/predsednica-jahjaga-posetila-je-optinu-timlje\/#primaryimage"},"thumbnailUrl":"https:\/\/president-ksgov.net\/wp-content\/uploads\/07_01_2016_5154367_shtm1.jpg","datePublished":"2016-01-07T15:13:03+00:00","dateModified":"2016-01-07T15:13:03+00:00","author":{"@id":"https:\/\/president-ksgov.net\/#\/schema\/person\/bb4337a5fb147cb2046d80548172cbee"},"description":"Predsednica Jahjaga posetila je op&#154;tinu &#138;timlje - Predsednik Republike Kosovo - DR. VJOSA OSMANI - SADRIU -","breadcrumb":{"@id":"https:\/\/president-ksgov.net\/sr\/predsednica-jahjaga-posetila-je-optinu-timlje\/#breadcrumb"},"inLanguage":"sr-RS","potentialAction":[{"@type":"ReadAction","target":["https:\/\/president-ksgov.net\/sr\/predsednica-jahjaga-posetila-je-optinu-timlje\/"]}]},{"@type":"ImageObject","inLanguage":"sr-RS","@id":"https:\/\/president-ksgov.net\/sr\/predsednica-jahjaga-posetila-je-optinu-timlje\/#primaryimage","url":"https:\/\/president-ksgov.net\/wp-content\/uploads\/07_01_2016_5154367_shtm1.jpg","contentUrl":"https:\/\/president-ksgov.net\/wp-content\/uploads\/07_01_2016_5154367_shtm1.jpg","width":1500,"height":1000},{"@type":"BreadcrumbList","@id":"https:\/\/president-ksgov.net\/sr\/predsednica-jahjaga-posetila-je-optinu-timlje\/#breadcrumb","itemListElement":[{"@type":"ListItem","position":1,"name":"Home","item":"https:\/\/president-ksgov.net\/sr\/"},{"@type":"ListItem","position":2,"name":"Predsednica Jahjaga posetila je op&#154;tinu &#138;timlje"}]},{"@type":"WebSite","@id":"https:\/\/president-ksgov.net\/#website","url":"https:\/\/president-ksgov.net\/","name":"Presidente e Republik\u00ebs s\u00eb Kosov\u00ebs","description":"Presidente e Republik\u00ebs s\u00eb Kosov\u00ebs","alternateName":"DR. VJOSA OSMANI - SADRIU","potentialAction":[{"@type":"SearchAction","target":{"@type":"EntryPoint","urlTemplate":"https:\/\/president-ksgov.net\/?s={search_term_string}"},"query-input":{"@type":"PropertyValueSpecification","valueRequired":true,"valueName":"search_term_string"}}],"inLanguage":"sr-RS"},{"@type":"Person","@id":"https:\/\/president-ksgov.net\/#\/schema\/person\/bb4337a5fb147cb2046d80548172cbee","name":"admin","image":{"@type":"ImageObject","inLanguage":"sr-RS","@id":"https:\/\/president-ksgov.net\/#\/schema\/person\/image\/","url":"https:\/\/secure.gravatar.com\/avatar\/36156ca0fa3b8d9d25174f146e16beea0cf28f37adf1b9e19b6c9c279a7c9dd3?s=96&d=mm&r=g","contentUrl":"https:\/\/secure.gravatar.com\/avatar\/36156ca0fa3b8d9d25174f146e16beea0cf28f37adf1b9e19b6c9c279a7c9dd3?s=96&d=mm&r=g","caption":"admin"},"sameAs":["https:\/\/president-ksgov.net"]}]}},"_links":{"self":[{"href":"https:\/\/president-ksgov.net\/sr\/wp-json\/wp\/v2\/posts\/77061","targetHints":{"allow":["GET"]}}],"collection":[{"href":"https:\/\/president-ksgov.net\/sr\/wp-json\/wp\/v2\/posts"}],"about":[{"href":"https:\/\/president-ksgov.net\/sr\/wp-json\/wp\/v2\/types\/post"}],"author":[{"embeddable":true,"href":"https:\/\/president-ksgov.net\/sr\/wp-json\/wp\/v2\/users\/1"}],"replies":[{"embeddable":true,"href":"https:\/\/president-ksgov.net\/sr\/wp-json\/wp\/v2\/comments?post=77061"}],"version-history":[{"count":0,"href":"https:\/\/president-ksgov.net\/sr\/wp-json\/wp\/v2\/posts\/77061\/revisions"}],"wp:featuredmedia":[{"embeddable":true,"href":"https:\/\/president-ksgov.net\/sr\/wp-json\/wp\/v2\/media\/36715"}],"wp:attachment":[{"href":"https:\/\/president-ksgov.net\/sr\/wp-json\/wp\/v2\/media?parent=77061"}],"wp:term":[{"taxonomy":"category","embeddable":true,"href":"https:\/\/president-ksgov.net\/sr\/wp-json\/wp\/v2\/categories?post=77061"},{"taxonomy":"post_tag","embeddable":true,"href":"https:\/\/president-ksgov.net\/sr\/wp-json\/wp\/v2\/tags?post=77061"}],"curies":[{"name":"wp","href":"https:\/\/api.w.org\/{rel}","templated":true}]}}