{"id":77056,"date":"2016-01-13T16:16:18","date_gmt":"2016-01-13T16:16:18","guid":{"rendered":"https:\/\/dev.president-ksgov.net\/predsednica-jahjaga-posetila-je-malievo-orahovac-suvu-reku-timlje-i-lipljan\/"},"modified":"2016-01-13T16:16:18","modified_gmt":"2016-01-13T16:16:18","slug":"predsednica-jahjaga-posetila-je-malievo-orahovac-suvu-reku-timlje-i-lipljan","status":"publish","type":"post","link":"https:\/\/president-ksgov.net\/sr\/predsednica-jahjaga-posetila-je-malievo-orahovac-suvu-reku-timlje-i-lipljan\/","title":{"rendered":"Predsednica Jahjaga posetila je Mali&#154;evo, Orahovac, Suvu Reku, &#138;timlje i Lipljan"},"content":{"rendered":"<p>Predsednica Republike Kosova, gospo\u0111a Atifete Jahjaga, u pratnji direktora Privredne  komore Kosova, Privredne komore Amerike i Privredne  komore Nema\u010dke, nastavila je danas posete kosovskim op&#353;tinama, gde se sastala sa predsednicima op&#353;tina i ostalim lokalnim upravnicima.<\/p>\n<p>Na sastancima se diskutovalo o izazovima u ekonomskom razvoju, o podr&#382;avanju firmi i stvaranju olak&#353;ica za njih, sa posebnim akcentom na privla\u010denje stranih ulaganja. <\/p>\n<p>Tokom ovih poseta, predsednik Privredne komore Kosova Safet G\u00ebrxhaliu, Privredne\u00a0 komore Amerike Arian Zeka i predsednik Privredne komore Nema\u010dke Albert Matoshi, predstavili probleme sa kojima se suo\u010davaju firme uop&#353;te, sa posebnim naglaskom na firme koje predstavljaju ove komore. <\/p>\n<p>Predsednici op&#353;tina Mali&#353;eva, Ragip Begaj, Orahovca Idriz Vehapi, Suve Reke Sali Asllanaj, &#352;timlja Naim Ismajli, i Lipljana Imri Ahmeti, predstavili su predsednici i direktorima ekonomskih komora napore koje \u010dini lokalna vlast kako bi sara\u0111ivala i stvorila uslove za doma\u0107e i strane firme, kako bi se problemi i izazovi na ovom polju prevazi&#353;li, kako bi se stvorili povoljniji uslovi za firme, pogotovu u stvaranju uslova za strane ulaga\u010de. Oni su predstavili specifi\u010dne primere i prakse njihovih op&#353;tina i konkretne projekte za koje se tra&#382;i podr&#353;ka i od institucija na centralnom nivou. <\/p>\n<p>U izjavi datoj tokom poseta, predsednica Jahjaga je navela: <\/p>\n<p>Atifete Jahjaga: <\/p>\n<p>Inicijativa koju smo zapo\u010deli ju\u010de, nastavila se i danas. Zapo\u010dela je u op&#353;tini Mali&#353;evo, zatim op&#353;tinom\u00a0 Orahovac, i nastavljamo sa op&#353;tinom Suva Reka, Lipljan i &#352;timlje. Imali smo izuzetno konstruktivan razgovor zajedno sa predsednicima op&#353;tina zajedno sa predsednicima\u00a0 Privredne komore Kosova, Privredne komore Amerike i Privredne komore Nema\u010dke.<\/p>\n<p>Svi oni problemi, pote&#353;ko\u0107e i zabrinutosti koje smo \u010duli tokom dana&#353;njeg dana i tokom ovih sastanak su isti kao i oni koje smo \u010duli i tokom ju\u010dera&#353;njeg dana, i to su uglavnom one brige koje se povezuju sa statusom imovine na op&#353;tinskim nivoima, zatim za preterane birokratije koje su prisutne na op&#353;tinskim i centralnim nivoima, zatim problem taksi na op&#353;tinskim nivoima, tako\u0111e i na centralnim nivoima i jedna neophodna, originalna i bolja komunikacija izme\u0111u lokalnog nivoa i centralnog nivoa. <\/p>\n<p>Ja verujem da \u0107emo imati jednu jasniju sliku nakon zavr&#353;etka svih sastanaka, u svim onim op&#353;tinama u kojima ove privredne komore odvijaju aktivnosti i imaju njihova predstavni&#353;tva. Verujem da \u0107emo imati konkretnu preporuku o pobolj&#353;anju\u00a0 stanja, a koje \u0107e vi&#353;e privu\u0107i ulaganja u na&#353;u zemlju, i ima\u0107emo stvaranje radnih mesta u narednim godinama. <\/p>\n<p>Dok je Arian Zeka, predsednik Privredne komore Amerike, naglasio da &#353;to se vi&#353;e sastanaka realizuje sa predsednicima op&#353;tina, to su vi&#353;e ube\u0111eni da je realno ova inicijativa izuzetan pogodak. On se tako\u0111e zahvalio predsednici &#353;to je pokreta\u010d ove inicijative. <\/p>\n<p>&#8222;Mi smo naravno ovde kako bismo razgovarali sa predsednicima op&#353;tina i kako bismo potegli probleme sa kojima se suo\u010davaju op&#353;tine, kao prvo da tra&#382;imo njihovu pomo\u0107 kako bi se ti problemi na op&#353;tinskom nivou re&#353;ili, tako da firme imaju mogu\u0107nost da oja\u010daju njihove kapacitete\u00a0 i &#353;to da ne da pove\u0107aju broj radnih mesta&#8220;- rekao je on. <\/p>\n<p>&#8222;Veoma je tu&#382;no &#353;to uz svu spremnost koju vidimo u svim op&#353;tinama koju imaju predsednici da podr&#382;e privatni sektor kao i da podr&#382;e doma\u0107e i potencijalne strane investitore, postoje birokratske procedure koje su predvi\u0111ene zakonima na centralnom nivou. Postoji nedostatak koordinacije izme\u0111u op&#353;tinskog nivoa vlasti i centralnog nivoa vlasti, koji treba da se prevazi\u0111e, jer nema smisla, ako govorimo o ekonomskom razvoju, onda realno ova koordinacija treba da postoji i treba da se pobolj&#353;a.&#8220;\u00a0\u00a0<\/p>\n","protected":false},"excerpt":{"rendered":"<p>Predsednica Republike Kosova, gospo\u0111a Atifete Jahjaga, u pratnji direktora Privredne  komore Kosova, Privredne komore Amerike i Privredne  komore Nema\u010dke, nastavila je danas posete kosovskim op&#353;tinama, gde se sastala sa predsednicima op&#353;tina i ostalim lokalnim upravnicima.<\/p>\n","protected":false},"author":1,"featured_media":36650,"comment_status":"open","ping_status":"closed","sticky":false,"template":"","format":"standard","meta":{"_eb_attr":"","footnotes":""},"categories":[101],"tags":[],"class_list":["post-77056","post","type-post","status-publish","format-standard","has-post-thumbnail","hentry","category-vesti"],"yoast_head":"<!-- This site is optimized with the Yoast SEO plugin v23.5 - https:\/\/yoast.com\/wordpress\/plugins\/seo\/ -->\n<title>Predsednica Jahjaga posetila je Mali&#154;evo, Orahovac, Suvu Reku, &#138;timlje i Lipljan - Predsednik Republike Kosovo - DR. VJOSA OSMANI - SADRIU<\/title>\n<meta name=\"description\" content=\"Predsednica Jahjaga posetila je Mali&#154;evo, Orahovac, Suvu Reku, &#138;timlje i Lipljan - Predsednik Republike Kosovo - DR. VJOSA OSMANI - SADRIU -\" \/>\n<meta name=\"robots\" content=\"index, follow, max-snippet:-1, max-image-preview:large, max-video-preview:-1\" \/>\n<link rel=\"canonical\" href=\"https:\/\/president-ksgov.net\/sr\/predsednica-jahjaga-posetila-je-malievo-orahovac-suvu-reku-timlje-i-lipljan\/\" \/>\n<meta property=\"og:locale\" content=\"sr_RS\" \/>\n<meta property=\"og:type\" content=\"article\" \/>\n<meta property=\"og:title\" content=\"Predsednica Jahjaga posetila je Mali&#154;evo, Orahovac, Suvu Reku, &#138;timlje i Lipljan - Predsednik Republike Kosovo - DR. VJOSA OSMANI - SADRIU\" \/>\n<meta property=\"og:description\" content=\"Predsednica Jahjaga posetila je Mali&#154;evo, Orahovac, Suvu Reku, &#138;timlje i Lipljan - Predsednik Republike Kosovo - DR. VJOSA OSMANI - SADRIU -\" \/>\n<meta property=\"og:url\" content=\"https:\/\/president-ksgov.net\/sr\/predsednica-jahjaga-posetila-je-malievo-orahovac-suvu-reku-timlje-i-lipljan\/\" \/>\n<meta property=\"og:site_name\" content=\"Predsednik Republike Kosovo - DR. VJOSA OSMANI - SADRIU\" \/>\n<meta property=\"article:published_time\" content=\"2016-01-13T16:16:18+00:00\" \/>\n<meta property=\"og:image\" content=\"https:\/\/president-ksgov.net\/wp-content\/uploads\/13_01_2016_2760099_1_13_01_2016_Deklarata_1.jpg\" \/>\n\t<meta property=\"og:image:width\" content=\"1024\" \/>\n\t<meta property=\"og:image:height\" content=\"683\" \/>\n\t<meta property=\"og:image:type\" content=\"image\/jpeg\" \/>\n<meta name=\"author\" content=\"admin\" \/>\n<meta name=\"twitter:card\" content=\"summary_large_image\" \/>\n<meta name=\"twitter:label1\" content=\"\u041d\u0430\u043f\u0438\u0441\u0430\u043d\u043e \u043e\u0434\" \/>\n\t<meta name=\"twitter:data1\" content=\"admin\" \/>\n\t<meta name=\"twitter:label2\" content=\"\u041f\u0440\u043e\u0446\u0435\u045a\u0435\u043d\u043e \u0432\u0440\u0435\u043c\u0435 \u0447\u0438\u0442\u0430\u045a\u0430\" \/>\n\t<meta name=\"twitter:data2\" content=\"3 \u043c\u0438\u043d\u0443\u0442\u0430\" \/>\n<script type=\"application\/ld+json\" class=\"yoast-schema-graph\">{\"@context\":\"https:\/\/schema.org\",\"@graph\":[{\"@type\":\"WebPage\",\"@id\":\"https:\/\/president-ksgov.net\/sr\/predsednica-jahjaga-posetila-je-malievo-orahovac-suvu-reku-timlje-i-lipljan\/\",\"url\":\"https:\/\/president-ksgov.net\/sr\/predsednica-jahjaga-posetila-je-malievo-orahovac-suvu-reku-timlje-i-lipljan\/\",\"name\":\"Predsednica Jahjaga posetila je Mali&#154;evo, Orahovac, Suvu Reku, &#138;timlje i Lipljan - Predsednik Republike Kosovo - DR. VJOSA OSMANI - SADRIU\",\"isPartOf\":{\"@id\":\"https:\/\/president-ksgov.net\/#website\"},\"primaryImageOfPage\":{\"@id\":\"https:\/\/president-ksgov.net\/sr\/predsednica-jahjaga-posetila-je-malievo-orahovac-suvu-reku-timlje-i-lipljan\/#primaryimage\"},\"image\":{\"@id\":\"https:\/\/president-ksgov.net\/sr\/predsednica-jahjaga-posetila-je-malievo-orahovac-suvu-reku-timlje-i-lipljan\/#primaryimage\"},\"thumbnailUrl\":\"https:\/\/president-ksgov.net\/wp-content\/uploads\/13_01_2016_2760099_1_13_01_2016_Deklarata_1.jpg\",\"datePublished\":\"2016-01-13T16:16:18+00:00\",\"dateModified\":\"2016-01-13T16:16:18+00:00\",\"author\":{\"@id\":\"https:\/\/president-ksgov.net\/#\/schema\/person\/bb4337a5fb147cb2046d80548172cbee\"},\"description\":\"Predsednica Jahjaga posetila je Mali&#154;evo, Orahovac, Suvu Reku, &#138;timlje i Lipljan - Predsednik Republike Kosovo - DR. VJOSA OSMANI - SADRIU -\",\"breadcrumb\":{\"@id\":\"https:\/\/president-ksgov.net\/sr\/predsednica-jahjaga-posetila-je-malievo-orahovac-suvu-reku-timlje-i-lipljan\/#breadcrumb\"},\"inLanguage\":\"sr-RS\",\"potentialAction\":[{\"@type\":\"ReadAction\",\"target\":[\"https:\/\/president-ksgov.net\/sr\/predsednica-jahjaga-posetila-je-malievo-orahovac-suvu-reku-timlje-i-lipljan\/\"]}]},{\"@type\":\"ImageObject\",\"inLanguage\":\"sr-RS\",\"@id\":\"https:\/\/president-ksgov.net\/sr\/predsednica-jahjaga-posetila-je-malievo-orahovac-suvu-reku-timlje-i-lipljan\/#primaryimage\",\"url\":\"https:\/\/president-ksgov.net\/wp-content\/uploads\/13_01_2016_2760099_1_13_01_2016_Deklarata_1.jpg\",\"contentUrl\":\"https:\/\/president-ksgov.net\/wp-content\/uploads\/13_01_2016_2760099_1_13_01_2016_Deklarata_1.jpg\",\"width\":1024,\"height\":683},{\"@type\":\"BreadcrumbList\",\"@id\":\"https:\/\/president-ksgov.net\/sr\/predsednica-jahjaga-posetila-je-malievo-orahovac-suvu-reku-timlje-i-lipljan\/#breadcrumb\",\"itemListElement\":[{\"@type\":\"ListItem\",\"position\":1,\"name\":\"Home\",\"item\":\"https:\/\/president-ksgov.net\/sr\/\"},{\"@type\":\"ListItem\",\"position\":2,\"name\":\"Predsednica Jahjaga posetila je Mali&#154;evo, Orahovac, Suvu Reku, &#138;timlje i Lipljan\"}]},{\"@type\":\"WebSite\",\"@id\":\"https:\/\/president-ksgov.net\/#website\",\"url\":\"https:\/\/president-ksgov.net\/\",\"name\":\"Presidente e Republik\u00ebs s\u00eb Kosov\u00ebs\",\"description\":\"Presidente e Republik\u00ebs s\u00eb Kosov\u00ebs\",\"alternateName\":\"DR. VJOSA OSMANI - SADRIU\",\"potentialAction\":[{\"@type\":\"SearchAction\",\"target\":{\"@type\":\"EntryPoint\",\"urlTemplate\":\"https:\/\/president-ksgov.net\/?s={search_term_string}\"},\"query-input\":{\"@type\":\"PropertyValueSpecification\",\"valueRequired\":true,\"valueName\":\"search_term_string\"}}],\"inLanguage\":\"sr-RS\"},{\"@type\":\"Person\",\"@id\":\"https:\/\/president-ksgov.net\/#\/schema\/person\/bb4337a5fb147cb2046d80548172cbee\",\"name\":\"admin\",\"image\":{\"@type\":\"ImageObject\",\"inLanguage\":\"sr-RS\",\"@id\":\"https:\/\/president-ksgov.net\/#\/schema\/person\/image\/\",\"url\":\"https:\/\/secure.gravatar.com\/avatar\/36156ca0fa3b8d9d25174f146e16beea0cf28f37adf1b9e19b6c9c279a7c9dd3?s=96&d=mm&r=g\",\"contentUrl\":\"https:\/\/secure.gravatar.com\/avatar\/36156ca0fa3b8d9d25174f146e16beea0cf28f37adf1b9e19b6c9c279a7c9dd3?s=96&d=mm&r=g\",\"caption\":\"admin\"},\"sameAs\":[\"https:\/\/president-ksgov.net\"]}]}<\/script>\n<!-- \/ Yoast SEO plugin. -->","yoast_head_json":{"title":"Predsednica Jahjaga posetila je Mali&#154;evo, Orahovac, Suvu Reku, &#138;timlje i Lipljan - Predsednik Republike Kosovo - DR. VJOSA OSMANI - SADRIU","description":"Predsednica Jahjaga posetila je Mali&#154;evo, Orahovac, Suvu Reku, &#138;timlje i Lipljan - Predsednik Republike Kosovo - DR. VJOSA OSMANI - SADRIU -","robots":{"index":"index","follow":"follow","max-snippet":"max-snippet:-1","max-image-preview":"max-image-preview:large","max-video-preview":"max-video-preview:-1"},"canonical":"https:\/\/president-ksgov.net\/sr\/predsednica-jahjaga-posetila-je-malievo-orahovac-suvu-reku-timlje-i-lipljan\/","og_locale":"sr_RS","og_type":"article","og_title":"Predsednica Jahjaga posetila je Mali&#154;evo, Orahovac, Suvu Reku, &#138;timlje i Lipljan - Predsednik Republike Kosovo - DR. VJOSA OSMANI - SADRIU","og_description":"Predsednica Jahjaga posetila je Mali&#154;evo, Orahovac, Suvu Reku, &#138;timlje i Lipljan - Predsednik Republike Kosovo - DR. VJOSA OSMANI - SADRIU -","og_url":"https:\/\/president-ksgov.net\/sr\/predsednica-jahjaga-posetila-je-malievo-orahovac-suvu-reku-timlje-i-lipljan\/","og_site_name":"Predsednik Republike Kosovo - DR. VJOSA OSMANI - SADRIU","article_published_time":"2016-01-13T16:16:18+00:00","og_image":[{"width":1024,"height":683,"url":"https:\/\/president-ksgov.net\/wp-content\/uploads\/13_01_2016_2760099_1_13_01_2016_Deklarata_1.jpg","type":"image\/jpeg"}],"author":"admin","twitter_card":"summary_large_image","twitter_misc":{"\u041d\u0430\u043f\u0438\u0441\u0430\u043d\u043e \u043e\u0434":"admin","\u041f\u0440\u043e\u0446\u0435\u045a\u0435\u043d\u043e \u0432\u0440\u0435\u043c\u0435 \u0447\u0438\u0442\u0430\u045a\u0430":"3 \u043c\u0438\u043d\u0443\u0442\u0430"},"schema":{"@context":"https:\/\/schema.org","@graph":[{"@type":"WebPage","@id":"https:\/\/president-ksgov.net\/sr\/predsednica-jahjaga-posetila-je-malievo-orahovac-suvu-reku-timlje-i-lipljan\/","url":"https:\/\/president-ksgov.net\/sr\/predsednica-jahjaga-posetila-je-malievo-orahovac-suvu-reku-timlje-i-lipljan\/","name":"Predsednica Jahjaga posetila je Mali&#154;evo, Orahovac, Suvu Reku, &#138;timlje i Lipljan - Predsednik Republike Kosovo - DR. VJOSA OSMANI - SADRIU","isPartOf":{"@id":"https:\/\/president-ksgov.net\/#website"},"primaryImageOfPage":{"@id":"https:\/\/president-ksgov.net\/sr\/predsednica-jahjaga-posetila-je-malievo-orahovac-suvu-reku-timlje-i-lipljan\/#primaryimage"},"image":{"@id":"https:\/\/president-ksgov.net\/sr\/predsednica-jahjaga-posetila-je-malievo-orahovac-suvu-reku-timlje-i-lipljan\/#primaryimage"},"thumbnailUrl":"https:\/\/president-ksgov.net\/wp-content\/uploads\/13_01_2016_2760099_1_13_01_2016_Deklarata_1.jpg","datePublished":"2016-01-13T16:16:18+00:00","dateModified":"2016-01-13T16:16:18+00:00","author":{"@id":"https:\/\/president-ksgov.net\/#\/schema\/person\/bb4337a5fb147cb2046d80548172cbee"},"description":"Predsednica Jahjaga posetila je Mali&#154;evo, Orahovac, Suvu Reku, &#138;timlje i Lipljan - Predsednik Republike Kosovo - DR. VJOSA OSMANI - SADRIU -","breadcrumb":{"@id":"https:\/\/president-ksgov.net\/sr\/predsednica-jahjaga-posetila-je-malievo-orahovac-suvu-reku-timlje-i-lipljan\/#breadcrumb"},"inLanguage":"sr-RS","potentialAction":[{"@type":"ReadAction","target":["https:\/\/president-ksgov.net\/sr\/predsednica-jahjaga-posetila-je-malievo-orahovac-suvu-reku-timlje-i-lipljan\/"]}]},{"@type":"ImageObject","inLanguage":"sr-RS","@id":"https:\/\/president-ksgov.net\/sr\/predsednica-jahjaga-posetila-je-malievo-orahovac-suvu-reku-timlje-i-lipljan\/#primaryimage","url":"https:\/\/president-ksgov.net\/wp-content\/uploads\/13_01_2016_2760099_1_13_01_2016_Deklarata_1.jpg","contentUrl":"https:\/\/president-ksgov.net\/wp-content\/uploads\/13_01_2016_2760099_1_13_01_2016_Deklarata_1.jpg","width":1024,"height":683},{"@type":"BreadcrumbList","@id":"https:\/\/president-ksgov.net\/sr\/predsednica-jahjaga-posetila-je-malievo-orahovac-suvu-reku-timlje-i-lipljan\/#breadcrumb","itemListElement":[{"@type":"ListItem","position":1,"name":"Home","item":"https:\/\/president-ksgov.net\/sr\/"},{"@type":"ListItem","position":2,"name":"Predsednica Jahjaga posetila je Mali&#154;evo, Orahovac, Suvu Reku, &#138;timlje i Lipljan"}]},{"@type":"WebSite","@id":"https:\/\/president-ksgov.net\/#website","url":"https:\/\/president-ksgov.net\/","name":"Presidente e Republik\u00ebs s\u00eb Kosov\u00ebs","description":"Presidente e Republik\u00ebs s\u00eb Kosov\u00ebs","alternateName":"DR. VJOSA OSMANI - SADRIU","potentialAction":[{"@type":"SearchAction","target":{"@type":"EntryPoint","urlTemplate":"https:\/\/president-ksgov.net\/?s={search_term_string}"},"query-input":{"@type":"PropertyValueSpecification","valueRequired":true,"valueName":"search_term_string"}}],"inLanguage":"sr-RS"},{"@type":"Person","@id":"https:\/\/president-ksgov.net\/#\/schema\/person\/bb4337a5fb147cb2046d80548172cbee","name":"admin","image":{"@type":"ImageObject","inLanguage":"sr-RS","@id":"https:\/\/president-ksgov.net\/#\/schema\/person\/image\/","url":"https:\/\/secure.gravatar.com\/avatar\/36156ca0fa3b8d9d25174f146e16beea0cf28f37adf1b9e19b6c9c279a7c9dd3?s=96&d=mm&r=g","contentUrl":"https:\/\/secure.gravatar.com\/avatar\/36156ca0fa3b8d9d25174f146e16beea0cf28f37adf1b9e19b6c9c279a7c9dd3?s=96&d=mm&r=g","caption":"admin"},"sameAs":["https:\/\/president-ksgov.net"]}]}},"_links":{"self":[{"href":"https:\/\/president-ksgov.net\/sr\/wp-json\/wp\/v2\/posts\/77056","targetHints":{"allow":["GET"]}}],"collection":[{"href":"https:\/\/president-ksgov.net\/sr\/wp-json\/wp\/v2\/posts"}],"about":[{"href":"https:\/\/president-ksgov.net\/sr\/wp-json\/wp\/v2\/types\/post"}],"author":[{"embeddable":true,"href":"https:\/\/president-ksgov.net\/sr\/wp-json\/wp\/v2\/users\/1"}],"replies":[{"embeddable":true,"href":"https:\/\/president-ksgov.net\/sr\/wp-json\/wp\/v2\/comments?post=77056"}],"version-history":[{"count":0,"href":"https:\/\/president-ksgov.net\/sr\/wp-json\/wp\/v2\/posts\/77056\/revisions"}],"wp:featuredmedia":[{"embeddable":true,"href":"https:\/\/president-ksgov.net\/sr\/wp-json\/wp\/v2\/media\/36650"}],"wp:attachment":[{"href":"https:\/\/president-ksgov.net\/sr\/wp-json\/wp\/v2\/media?parent=77056"}],"wp:term":[{"taxonomy":"category","embeddable":true,"href":"https:\/\/president-ksgov.net\/sr\/wp-json\/wp\/v2\/categories?post=77056"},{"taxonomy":"post_tag","embeddable":true,"href":"https:\/\/president-ksgov.net\/sr\/wp-json\/wp\/v2\/tags?post=77056"}],"curies":[{"name":"wp","href":"https:\/\/api.w.org\/{rel}","templated":true}]}}