{"id":77055,"date":"2016-01-14T18:54:20","date_gmt":"2016-01-14T18:54:20","guid":{"rendered":"https:\/\/dev.president-ksgov.net\/predsednica-jahjaga-posetila-je-mamuu-draga-vitinu-i-uroevac\/"},"modified":"2016-01-14T18:54:20","modified_gmt":"2016-01-14T18:54:20","slug":"predsednica-jahjaga-posetila-je-mamuu-draga-vitinu-i-uroevac","status":"publish","type":"post","link":"https:\/\/president-ksgov.net\/sr\/predsednica-jahjaga-posetila-je-mamuu-draga-vitinu-i-uroevac\/","title":{"rendered":"Predsednica Jahjaga posetila je Mamu&#154;u, Draga&#154;, Vitinu i Uro&#154;evac"},"content":{"rendered":"<p>U okviru poseta po kosovskim op&#353;tinama, predsednica Republike Kosova, gospo\u0111a Atifete Jahjaga, danas je posetila op&#353;tinu Mamu&#353;a, kao i op&#353;tinu Draga&#353;, Vitinu i Uo&#353;evac.<\/p>\n<p>Kao i u posetama drugim op&#353;tinama, nju su pratili predsednik Privredne komore Kosova Safet G\u00ebrxhaliu, Privredne komore Amerike, Arian Zeka i Privredne komore Nema\u010dke, Albert Matoshi.<br \/>\n\u00a0<br \/>\nEkonomski razvoj, podr&#382;avanje doma\u0107ih i me\u0111unarodnih preduze\u0107a, stvaranje olak&#353;ica za njih, status imovine, problemi sa porezima na lokalnom i centralnom novu i skup drugih problema tretirani su tokom sastanaka sa predsednicima ove \u010detiri op&#353;tine.<br \/>\n\u00a0<br \/>\nPredsednik o&#353;tine Mamu&#353;a, Arif Butuc, predsednik op&#353;tine Draga&#353;, Salim Jenuzi, Vitine, Sokol Haliti i predsednik op&#353;tine Uro&#353;evac, Muharrem Svarqa, naglasili s njihove strane radna iskustva sa firmama i izazove sa kojima se suo\u010davaju na ovom polju.<br \/>\n\u00a0<br \/>\nU izjavi datoj nakon zavr&#353;etka dana&#353;njih poseta, predsednica Jahjaga je navela:<br \/>\n\u00a0<br \/>\nImali smo intenzivne sastanke sa svakim predsednikom op&#353;tine, zajedno sa predsednicima tri privredne komore. Razgovarali smo do detalja u vezi sa op&#353;tim stanjem u okviru op&#353;tina, posebno o ekonomskoj agendi i ekonomskim dostignu\u0107ima\u00a0 koje su imale ove op&#353;tine.<br \/>\n\u00a0<br \/>\nIzazovi, problemi i pote&#353;ko\u0107e koje sam \u010dula u ovim op&#353;tinama su isti kao i oni koje smo \u010duli poslednjih dana.<br \/>\n\u00a0<br \/>\nCilj ove inicijative je da direktno tretiramo ove izazove, tako da razli\u010ditim firmama i investitorima, na Kosovu i van njega, omogu\u0107imo da ula&#382;u njihov kapital na Kosovo, sa ciljem stvaranja novih radnih mesta za gra\u0111ane Kosova, posebno za omladinu. Tako\u0111e, kako bismo pobolj&#353;ali kvalitet &#382;ivota svih gra\u0111ana Kosova Republike Kosova.<br \/>\n\u00a0<br \/>\nIz svega onoga &#353;to smo videli tokom ovih poslednjih dana i tokom ovog dana, mislim da je do&#353;ao poslednji trenutak da prona\u0111emo institucionalno re&#353;enje za sve ove izazove, kako na lokalnom nivou, tako i na centralnom, kako bismo garantovali stabilniji ekonomski razvoj u na&#353;oj zemlji i za na&#353;e gra\u0111ane.<br \/>\n\u00a0<br \/>\nDok je predsednik Privredne komore Nema\u010dke, Albet Matoshi naglasio da su posete, koje su se odvile tokom poslednja tri dana sa predsednicom Jahjaga, bile veoma uspe&#353;ne, tokom kojih su se upoznali sa izazovima sa kojima se suo\u010davaju op&#353;tine i poslovne zajednice.<br \/>\n\u00a0<br \/>\nMatoshi je rekao da problemi sa kojima se susre\u0107u op&#353;tine su tako re\u0107i isti i povezuju se sa problemima imovine, mogu\u0107no&#353;\u0107u zaposlenja, problemi sa strate&#353;kim\u00a0 i drugim investicijama, dodaju\u0107i da postoji volja svih predsednika op&#353;tina da pomognu firmama na Kosovu, ali i onim potencijalnim koje su iz inostranstva.<br \/>\n\u00a0<\/p>\n","protected":false},"excerpt":{"rendered":"<p>U okviru poseta po kosovskim op&#353;tinama, predsednica Republike Kosova, gospo\u0111a Atifete Jahjaga, danas je posetila op&#353;tinu Mamu&#353;a, kao i op&#353;tinu Draga&#353;, Vitinu i Uo&#353;evac.<\/p>\n","protected":false},"author":1,"featured_media":36634,"comment_status":"open","ping_status":"closed","sticky":false,"template":"","format":"standard","meta":{"_eb_attr":"","footnotes":""},"categories":[101],"tags":[],"class_list":["post-77055","post","type-post","status-publish","format-standard","has-post-thumbnail","hentry","category-vesti"],"yoast_head":"<!-- This site is optimized with the Yoast SEO plugin v23.5 - https:\/\/yoast.com\/wordpress\/plugins\/seo\/ -->\n<title>Predsednica Jahjaga posetila je Mamu&#154;u, Draga&#154;, Vitinu i Uro&#154;evac - Predsednik Republike Kosovo - DR. VJOSA OSMANI - SADRIU<\/title>\n<meta name=\"description\" content=\"Predsednica Jahjaga posetila je Mamu&#154;u, Draga&#154;, Vitinu i Uro&#154;evac - Predsednik Republike Kosovo - DR. VJOSA OSMANI - SADRIU -\" \/>\n<meta name=\"robots\" content=\"index, follow, max-snippet:-1, max-image-preview:large, max-video-preview:-1\" \/>\n<link rel=\"canonical\" href=\"https:\/\/president-ksgov.net\/sr\/predsednica-jahjaga-posetila-je-mamuu-draga-vitinu-i-uroevac\/\" \/>\n<meta property=\"og:locale\" content=\"sr_RS\" \/>\n<meta property=\"og:type\" content=\"article\" \/>\n<meta property=\"og:title\" content=\"Predsednica Jahjaga posetila je Mamu&#154;u, Draga&#154;, Vitinu i Uro&#154;evac - Predsednik Republike Kosovo - DR. VJOSA OSMANI - SADRIU\" \/>\n<meta property=\"og:description\" content=\"Predsednica Jahjaga posetila je Mamu&#154;u, Draga&#154;, Vitinu i Uro&#154;evac - Predsednik Republike Kosovo - DR. VJOSA OSMANI - SADRIU -\" \/>\n<meta property=\"og:url\" content=\"https:\/\/president-ksgov.net\/sr\/predsednica-jahjaga-posetila-je-mamuu-draga-vitinu-i-uroevac\/\" \/>\n<meta property=\"og:site_name\" content=\"Predsednik Republike Kosovo - DR. VJOSA OSMANI - SADRIU\" \/>\n<meta property=\"article:published_time\" content=\"2016-01-14T18:54:20+00:00\" \/>\n<meta property=\"og:image\" content=\"https:\/\/president-ksgov.net\/wp-content\/uploads\/14_01_2016_992422_1_14_01_2016_Deklarata.jpg\" \/>\n\t<meta property=\"og:image:width\" content=\"1024\" \/>\n\t<meta property=\"og:image:height\" content=\"505\" \/>\n\t<meta property=\"og:image:type\" content=\"image\/jpeg\" \/>\n<meta name=\"author\" content=\"admin\" \/>\n<meta name=\"twitter:card\" content=\"summary_large_image\" \/>\n<meta name=\"twitter:label1\" content=\"\u041d\u0430\u043f\u0438\u0441\u0430\u043d\u043e \u043e\u0434\" \/>\n\t<meta name=\"twitter:data1\" content=\"admin\" \/>\n\t<meta name=\"twitter:label2\" content=\"\u041f\u0440\u043e\u0446\u0435\u045a\u0435\u043d\u043e \u0432\u0440\u0435\u043c\u0435 \u0447\u0438\u0442\u0430\u045a\u0430\" \/>\n\t<meta name=\"twitter:data2\" content=\"2 \u043c\u0438\u043d\u0443\u0442\u0430\" \/>\n<script type=\"application\/ld+json\" class=\"yoast-schema-graph\">{\"@context\":\"https:\/\/schema.org\",\"@graph\":[{\"@type\":\"WebPage\",\"@id\":\"https:\/\/president-ksgov.net\/sr\/predsednica-jahjaga-posetila-je-mamuu-draga-vitinu-i-uroevac\/\",\"url\":\"https:\/\/president-ksgov.net\/sr\/predsednica-jahjaga-posetila-je-mamuu-draga-vitinu-i-uroevac\/\",\"name\":\"Predsednica Jahjaga posetila je Mamu&#154;u, Draga&#154;, Vitinu i Uro&#154;evac - Predsednik Republike Kosovo - DR. VJOSA OSMANI - SADRIU\",\"isPartOf\":{\"@id\":\"https:\/\/president-ksgov.net\/#website\"},\"primaryImageOfPage\":{\"@id\":\"https:\/\/president-ksgov.net\/sr\/predsednica-jahjaga-posetila-je-mamuu-draga-vitinu-i-uroevac\/#primaryimage\"},\"image\":{\"@id\":\"https:\/\/president-ksgov.net\/sr\/predsednica-jahjaga-posetila-je-mamuu-draga-vitinu-i-uroevac\/#primaryimage\"},\"thumbnailUrl\":\"https:\/\/president-ksgov.net\/wp-content\/uploads\/14_01_2016_992422_1_14_01_2016_Deklarata.jpg\",\"datePublished\":\"2016-01-14T18:54:20+00:00\",\"dateModified\":\"2016-01-14T18:54:20+00:00\",\"author\":{\"@id\":\"https:\/\/president-ksgov.net\/#\/schema\/person\/bb4337a5fb147cb2046d80548172cbee\"},\"description\":\"Predsednica Jahjaga posetila je Mamu&#154;u, Draga&#154;, Vitinu i Uro&#154;evac - Predsednik Republike Kosovo - DR. VJOSA OSMANI - SADRIU -\",\"breadcrumb\":{\"@id\":\"https:\/\/president-ksgov.net\/sr\/predsednica-jahjaga-posetila-je-mamuu-draga-vitinu-i-uroevac\/#breadcrumb\"},\"inLanguage\":\"sr-RS\",\"potentialAction\":[{\"@type\":\"ReadAction\",\"target\":[\"https:\/\/president-ksgov.net\/sr\/predsednica-jahjaga-posetila-je-mamuu-draga-vitinu-i-uroevac\/\"]}]},{\"@type\":\"ImageObject\",\"inLanguage\":\"sr-RS\",\"@id\":\"https:\/\/president-ksgov.net\/sr\/predsednica-jahjaga-posetila-je-mamuu-draga-vitinu-i-uroevac\/#primaryimage\",\"url\":\"https:\/\/president-ksgov.net\/wp-content\/uploads\/14_01_2016_992422_1_14_01_2016_Deklarata.jpg\",\"contentUrl\":\"https:\/\/president-ksgov.net\/wp-content\/uploads\/14_01_2016_992422_1_14_01_2016_Deklarata.jpg\",\"width\":1024,\"height\":505},{\"@type\":\"BreadcrumbList\",\"@id\":\"https:\/\/president-ksgov.net\/sr\/predsednica-jahjaga-posetila-je-mamuu-draga-vitinu-i-uroevac\/#breadcrumb\",\"itemListElement\":[{\"@type\":\"ListItem\",\"position\":1,\"name\":\"Home\",\"item\":\"https:\/\/president-ksgov.net\/sr\/\"},{\"@type\":\"ListItem\",\"position\":2,\"name\":\"Predsednica Jahjaga posetila je Mamu&#154;u, Draga&#154;, Vitinu i Uro&#154;evac\"}]},{\"@type\":\"WebSite\",\"@id\":\"https:\/\/president-ksgov.net\/#website\",\"url\":\"https:\/\/president-ksgov.net\/\",\"name\":\"Presidente e Republik\u00ebs s\u00eb Kosov\u00ebs\",\"description\":\"Presidente e Republik\u00ebs s\u00eb Kosov\u00ebs\",\"alternateName\":\"DR. VJOSA OSMANI - SADRIU\",\"potentialAction\":[{\"@type\":\"SearchAction\",\"target\":{\"@type\":\"EntryPoint\",\"urlTemplate\":\"https:\/\/president-ksgov.net\/?s={search_term_string}\"},\"query-input\":{\"@type\":\"PropertyValueSpecification\",\"valueRequired\":true,\"valueName\":\"search_term_string\"}}],\"inLanguage\":\"sr-RS\"},{\"@type\":\"Person\",\"@id\":\"https:\/\/president-ksgov.net\/#\/schema\/person\/bb4337a5fb147cb2046d80548172cbee\",\"name\":\"admin\",\"image\":{\"@type\":\"ImageObject\",\"inLanguage\":\"sr-RS\",\"@id\":\"https:\/\/president-ksgov.net\/#\/schema\/person\/image\/\",\"url\":\"https:\/\/secure.gravatar.com\/avatar\/36156ca0fa3b8d9d25174f146e16beea0cf28f37adf1b9e19b6c9c279a7c9dd3?s=96&d=mm&r=g\",\"contentUrl\":\"https:\/\/secure.gravatar.com\/avatar\/36156ca0fa3b8d9d25174f146e16beea0cf28f37adf1b9e19b6c9c279a7c9dd3?s=96&d=mm&r=g\",\"caption\":\"admin\"},\"sameAs\":[\"https:\/\/president-ksgov.net\"]}]}<\/script>\n<!-- \/ Yoast SEO plugin. -->","yoast_head_json":{"title":"Predsednica Jahjaga posetila je Mamu&#154;u, Draga&#154;, Vitinu i Uro&#154;evac - Predsednik Republike Kosovo - DR. VJOSA OSMANI - SADRIU","description":"Predsednica Jahjaga posetila je Mamu&#154;u, Draga&#154;, Vitinu i Uro&#154;evac - Predsednik Republike Kosovo - DR. VJOSA OSMANI - SADRIU -","robots":{"index":"index","follow":"follow","max-snippet":"max-snippet:-1","max-image-preview":"max-image-preview:large","max-video-preview":"max-video-preview:-1"},"canonical":"https:\/\/president-ksgov.net\/sr\/predsednica-jahjaga-posetila-je-mamuu-draga-vitinu-i-uroevac\/","og_locale":"sr_RS","og_type":"article","og_title":"Predsednica Jahjaga posetila je Mamu&#154;u, Draga&#154;, Vitinu i Uro&#154;evac - Predsednik Republike Kosovo - DR. VJOSA OSMANI - SADRIU","og_description":"Predsednica Jahjaga posetila je Mamu&#154;u, Draga&#154;, Vitinu i Uro&#154;evac - Predsednik Republike Kosovo - DR. VJOSA OSMANI - SADRIU -","og_url":"https:\/\/president-ksgov.net\/sr\/predsednica-jahjaga-posetila-je-mamuu-draga-vitinu-i-uroevac\/","og_site_name":"Predsednik Republike Kosovo - DR. VJOSA OSMANI - SADRIU","article_published_time":"2016-01-14T18:54:20+00:00","og_image":[{"width":1024,"height":505,"url":"https:\/\/president-ksgov.net\/wp-content\/uploads\/14_01_2016_992422_1_14_01_2016_Deklarata.jpg","type":"image\/jpeg"}],"author":"admin","twitter_card":"summary_large_image","twitter_misc":{"\u041d\u0430\u043f\u0438\u0441\u0430\u043d\u043e \u043e\u0434":"admin","\u041f\u0440\u043e\u0446\u0435\u045a\u0435\u043d\u043e \u0432\u0440\u0435\u043c\u0435 \u0447\u0438\u0442\u0430\u045a\u0430":"2 \u043c\u0438\u043d\u0443\u0442\u0430"},"schema":{"@context":"https:\/\/schema.org","@graph":[{"@type":"WebPage","@id":"https:\/\/president-ksgov.net\/sr\/predsednica-jahjaga-posetila-je-mamuu-draga-vitinu-i-uroevac\/","url":"https:\/\/president-ksgov.net\/sr\/predsednica-jahjaga-posetila-je-mamuu-draga-vitinu-i-uroevac\/","name":"Predsednica Jahjaga posetila je Mamu&#154;u, Draga&#154;, Vitinu i Uro&#154;evac - Predsednik Republike Kosovo - DR. VJOSA OSMANI - SADRIU","isPartOf":{"@id":"https:\/\/president-ksgov.net\/#website"},"primaryImageOfPage":{"@id":"https:\/\/president-ksgov.net\/sr\/predsednica-jahjaga-posetila-je-mamuu-draga-vitinu-i-uroevac\/#primaryimage"},"image":{"@id":"https:\/\/president-ksgov.net\/sr\/predsednica-jahjaga-posetila-je-mamuu-draga-vitinu-i-uroevac\/#primaryimage"},"thumbnailUrl":"https:\/\/president-ksgov.net\/wp-content\/uploads\/14_01_2016_992422_1_14_01_2016_Deklarata.jpg","datePublished":"2016-01-14T18:54:20+00:00","dateModified":"2016-01-14T18:54:20+00:00","author":{"@id":"https:\/\/president-ksgov.net\/#\/schema\/person\/bb4337a5fb147cb2046d80548172cbee"},"description":"Predsednica Jahjaga posetila je Mamu&#154;u, Draga&#154;, Vitinu i Uro&#154;evac - Predsednik Republike Kosovo - DR. VJOSA OSMANI - SADRIU -","breadcrumb":{"@id":"https:\/\/president-ksgov.net\/sr\/predsednica-jahjaga-posetila-je-mamuu-draga-vitinu-i-uroevac\/#breadcrumb"},"inLanguage":"sr-RS","potentialAction":[{"@type":"ReadAction","target":["https:\/\/president-ksgov.net\/sr\/predsednica-jahjaga-posetila-je-mamuu-draga-vitinu-i-uroevac\/"]}]},{"@type":"ImageObject","inLanguage":"sr-RS","@id":"https:\/\/president-ksgov.net\/sr\/predsednica-jahjaga-posetila-je-mamuu-draga-vitinu-i-uroevac\/#primaryimage","url":"https:\/\/president-ksgov.net\/wp-content\/uploads\/14_01_2016_992422_1_14_01_2016_Deklarata.jpg","contentUrl":"https:\/\/president-ksgov.net\/wp-content\/uploads\/14_01_2016_992422_1_14_01_2016_Deklarata.jpg","width":1024,"height":505},{"@type":"BreadcrumbList","@id":"https:\/\/president-ksgov.net\/sr\/predsednica-jahjaga-posetila-je-mamuu-draga-vitinu-i-uroevac\/#breadcrumb","itemListElement":[{"@type":"ListItem","position":1,"name":"Home","item":"https:\/\/president-ksgov.net\/sr\/"},{"@type":"ListItem","position":2,"name":"Predsednica Jahjaga posetila je Mamu&#154;u, Draga&#154;, Vitinu i Uro&#154;evac"}]},{"@type":"WebSite","@id":"https:\/\/president-ksgov.net\/#website","url":"https:\/\/president-ksgov.net\/","name":"Presidente e Republik\u00ebs s\u00eb Kosov\u00ebs","description":"Presidente e Republik\u00ebs s\u00eb Kosov\u00ebs","alternateName":"DR. VJOSA OSMANI - SADRIU","potentialAction":[{"@type":"SearchAction","target":{"@type":"EntryPoint","urlTemplate":"https:\/\/president-ksgov.net\/?s={search_term_string}"},"query-input":{"@type":"PropertyValueSpecification","valueRequired":true,"valueName":"search_term_string"}}],"inLanguage":"sr-RS"},{"@type":"Person","@id":"https:\/\/president-ksgov.net\/#\/schema\/person\/bb4337a5fb147cb2046d80548172cbee","name":"admin","image":{"@type":"ImageObject","inLanguage":"sr-RS","@id":"https:\/\/president-ksgov.net\/#\/schema\/person\/image\/","url":"https:\/\/secure.gravatar.com\/avatar\/36156ca0fa3b8d9d25174f146e16beea0cf28f37adf1b9e19b6c9c279a7c9dd3?s=96&d=mm&r=g","contentUrl":"https:\/\/secure.gravatar.com\/avatar\/36156ca0fa3b8d9d25174f146e16beea0cf28f37adf1b9e19b6c9c279a7c9dd3?s=96&d=mm&r=g","caption":"admin"},"sameAs":["https:\/\/president-ksgov.net"]}]}},"_links":{"self":[{"href":"https:\/\/president-ksgov.net\/sr\/wp-json\/wp\/v2\/posts\/77055","targetHints":{"allow":["GET"]}}],"collection":[{"href":"https:\/\/president-ksgov.net\/sr\/wp-json\/wp\/v2\/posts"}],"about":[{"href":"https:\/\/president-ksgov.net\/sr\/wp-json\/wp\/v2\/types\/post"}],"author":[{"embeddable":true,"href":"https:\/\/president-ksgov.net\/sr\/wp-json\/wp\/v2\/users\/1"}],"replies":[{"embeddable":true,"href":"https:\/\/president-ksgov.net\/sr\/wp-json\/wp\/v2\/comments?post=77055"}],"version-history":[{"count":0,"href":"https:\/\/president-ksgov.net\/sr\/wp-json\/wp\/v2\/posts\/77055\/revisions"}],"wp:featuredmedia":[{"embeddable":true,"href":"https:\/\/president-ksgov.net\/sr\/wp-json\/wp\/v2\/media\/36634"}],"wp:attachment":[{"href":"https:\/\/president-ksgov.net\/sr\/wp-json\/wp\/v2\/media?parent=77055"}],"wp:term":[{"taxonomy":"category","embeddable":true,"href":"https:\/\/president-ksgov.net\/sr\/wp-json\/wp\/v2\/categories?post=77055"},{"taxonomy":"post_tag","embeddable":true,"href":"https:\/\/president-ksgov.net\/sr\/wp-json\/wp\/v2\/tags?post=77055"}],"curies":[{"name":"wp","href":"https:\/\/api.w.org\/{rel}","templated":true}]}}