{"id":77052,"date":"2016-01-15T14:11:39","date_gmt":"2016-01-15T14:11:39","guid":{"rendered":"https:\/\/dev.president-ksgov.net\/govor-predsednice-jahjaga-na-spomen-akademiji-povodom-17-godinjice-masakra-u-racku\/"},"modified":"2023-03-08T09:01:44","modified_gmt":"2023-03-08T09:01:44","slug":"govor-predsednice-jahjaga-na-spomen-akademiji-povodom-17-godinjice-masakra-u-racku","status":"publish","type":"post","link":"https:\/\/president-ksgov.net\/sr\/govor-predsednice-jahjaga-na-spomen-akademiji-povodom-17-godinjice-masakra-u-racku\/","title":{"rendered":"Govor predsednice Jahjaga na Spomen akademiji povodom 17. godi&#154;njice masakra u Ra\u010dku"},"content":{"rendered":"<p>Predsednica Republike Kosova, gospo\u0111a Atifete Jahjaga posetila je dana selo Ra\u010dak u &#352;timlju, na 17. godi&#353;njicu od masakra Ra\u010dku.<\/p>\n<p>Ona je polo&#382;ila venac cve\u0107a u Spomen kompleksu u Ra\u010dku i ukazala po\u010dast &#382;rtvama. Predsednica Jahjaga je tako\u0111e, u\u010destvovala na ceremoniji postavljanja kamena temeljca statue ameri\u010dkog ambasadora William-a Walker-a, kome \u0107e biti odata po\u010dast u blizini kompleksa u Ra\u010dku. Predsednica Jahjaga je u\u010destvovala i na Spomen akademiji koja je odr&#382;ana u Domu kulture u &#352;timlju.<\/p>\n<p>U govoru odr&#382;ano na ovoj akademiji, predsednica Jahjaga je rekla: <\/p>\n<p>Po&#353;tovani predsedni\u010de Skup&#353;tine Kosova, g. Kadri Veseli,<br \/>\nPo&#353;tovani predsedni\u010de op&#353;tine g. Naim Ismaili,<br \/>\nNa&#353; prijatelju, po&#353;tovani ambasadore William Walker, koji ste nas izuzetno po\u010dastvovali Va&#353;im prisustvom danas ovde, ne samo u Ra\u010dku i ne samo u &#352;timlju, nego na \u010ditavom Kosovu i ceo kosovsko narod. U ime svih institucija i celog naroda Kosova, izra&#382;avam vam moju najdublju zahvalnost.<br \/>\nPo&#353;tovani ambasadore Minxhozi <\/p>\n<p>Po&#353;tovane porodice boraca,<\/p>\n<p>Po&#353;tovani gra\u0111ani,<\/p>\n<p>Dame i gospodo, <\/p>\n<p>Na svaku godi&#353;njicu sa bolom i ponosom se\u0107amo se na&#353;ih voljenih, nedu&#382;nih ljudi koji su ubijeni na brutalan na\u010din &#8211; &#382;rtava zlo\u010dina protiv \u010dove\u010dnosti. Svaka godi&#353;njica je ponovljeni bol, neobrisano se\u0107anje, stanovnika Ra\u010dka i svih nas na Kosovu koji ose\u0107amo bol zajedno sa vama. <\/p>\n<p>Ra\u010dak je obele&#382;io veliki preokret za Kosovo, ja\u010daju\u0107i uverenje me\u0111unarodne zajednice da je posredovanje kako bi se spasao jedan narod od genocida, neizbe&#382;no. <\/p>\n<p>Ra\u010dak je kraj jedne istorije nasilja, zlo\u010dina i ubistava i svedo\u010di o velikom &#382;rtvovanju \u010ditavih generacija za slobodu i nezavisnost Kosova. To je kamen temeljac izgradnje nove dr&#382;ave Kosova. <\/p>\n<p>Ra\u010dak je i bol i ponos; kraj jedne te&#353;ke i hegemonisti\u010dke epohe; to je snaga i hrabrost; volja da Kosovo u\u010dinimo druga\u010dijim &#8211; dr&#382;avom slobodnih i nezavisnih gra\u0111ana! Jednakih ljudi svuda u svetu! <\/p>\n<p>Ra\u010dak je jedna neodvojiva pri\u010da o &#382;ivotnom prijateljstvu sa SAD-om i jake veze sa EU. <\/p>\n<p>Po&#353;tovani prisutni, <\/p>\n<p>Godi&#353;njice na Kosovu imaju bolne pri\u010de, ali je najbolnija sama pri\u010da ovog mesta, koje se izuzetno trudilo i &#382;rtvovalo na putu za slobodu i nezavisnost. Godi&#353;njice obele&#382;avaju ponos naroda, neobrisano se\u0107anje na njegove ljude, dele bol za onima koji su pali i iznad svega to je najbolji podsetnik da se pro&#353;lost ne mo&#382;e ponoviti, jer se sada&#353;njost gradi u miru i razumevanju za bolju budu\u0107nost za budu\u0107e generacije. <\/p>\n<p>Na&#353;a je obaveza da ispunimo amanet onih koji su se &#382;rtvovali za jedno druga\u010dije Kosovo &#8211; gde ratne ru&#353;evine ostaju neobrisivi deo istorije; gde je Otad&#382;bina zemlja svih onih koji na njoj &#382;ive bez razlike; gde je perspektiva za sve dr&#382;ava gra\u0111ana i gde se budu\u0107nost gradi zajedno, u demokratiji, slobodi i jednakosti. <\/p>\n<p>Cilj je svih da ispunimo viziju stvaranja dr&#382;ave prava &#8211; gde ja i ti- gra\u0111ani Republike- imamo pravi\u010dne i jednake &#353;anse, isto kao i obaveze, da imamo nekorumpiranu i ekonomski jaku dr&#382;avu. Na&#353;a posve\u0107enost je da stvorimo obe\u0107anu zemlju, razvijenu dr&#382;avu u kojoj \u0107e svako na\u0107i njegovu perspektivu bez potrebe da je tra&#382;i negde drugde. <\/p>\n<p>I na&#353; razvoj zavisi od nas samih, onoliko koliko zavisi na&#353; put prema integracijama, od na&#353;eg rada i anga&#382;ovanja, od na&#353;e zrelosti na prona\u0111emo na\u010dine da stvorimo dr&#382;avu zasnovanu na zakonu i Ustavu.\u00a0 Ali, sve dok na&#353;e politi\u010dke razlike budu deo politi\u010dkog rivaliteta, a ne politi\u010dkog neprijateljstva i sve dok dijalog bude bio temelj re&#353;avanja problema. Mi smo stigli do ovde prolaze\u0107i kroz izazove i probleme: te&#353;ke godine suo\u010davanja sa unutra&#353;njom skenom, a posebno sa onom me\u0111unarodnom. Na pola smo puta da dr&#382;avu u\u010dinimo &#8211; neodvojivim delom slobodnih nacija i dakle ne mo&#382;emo se zaustaviti niti odmarati; ne mo&#382;emo da vra\u0107amo istoriju da izazivamo prijateljstva. <\/p>\n<p>Mir se gradi mukom i ne mo&#382;emo ga izgubiti. Na&#353; jezik je jezik dijaloga, a ne nasilja; na&#353; jezik je pru&#382;anje ruke razumevanja, a ne &#353;amar; trudimo se da na\u0111emo re&#353;enje, a da to ne pogodi dr&#382;avu, da ne izaziva institucije i da ne ru&#353;i njegove temelje. <\/p>\n<p>U ovim politi\u010dkim izazovima mi ponovo treba da sednemo i da razgovaramo, da prona\u0111emo zajedni\u010dka re&#353;enja &#8211; putem dijaloga. <\/p>\n<p>Kosovo je amanet \u010ditavih generacija! Mi ne mo&#382;emo da izgubimo &#353;ansu da ga ispunimo. Da stvorimo dr&#382;avu ponosa za sve one koji su se &#382;rtvovali, za nas koji danas gradimo, za nove generacije koje \u0107e u njoj u&#382;ivati. <\/p>\n<p>Na svaku godi&#353;njicu, uprkos bolu i &#382;alu, ponosni smo na na&#353;u istoriju, na sve one koji nisu ni&#353;ta &#353;tedeli kako bi ostvarili vekovni san o nezavisnom Kosovu kao suverenoj dr&#382;avi. <\/p>\n<p>Neka je ve\u010dno se\u0107anje na sve borce!<br \/>\n\u00a0<\/p>\n","protected":false},"excerpt":{"rendered":"<p>Predsednica Republike Kosova, gospo\u0111a Atifete Jahjaga posetila je dana selo Ra\u010dak u &#352;timlju, na 17. godi&#353;njicu od masakra Ra\u010dku.<\/p>\n","protected":false},"author":1,"featured_media":36577,"comment_status":"open","ping_status":"closed","sticky":false,"template":"","format":"standard","meta":{"_eb_attr":"","footnotes":""},"categories":[106],"tags":[],"class_list":["post-77052","post","type-post","status-publish","format-standard","has-post-thumbnail","hentry","category-govori"],"yoast_head":"<!-- This site is optimized with the Yoast SEO plugin v23.5 - https:\/\/yoast.com\/wordpress\/plugins\/seo\/ -->\n<title>Govor predsednice Jahjaga na Spomen akademiji povodom 17. godi&#154;njice masakra u Ra\u010dku - Predsednik Republike Kosovo - DR. VJOSA OSMANI - SADRIU<\/title>\n<meta name=\"description\" content=\"Govor predsednice Jahjaga na Spomen akademiji povodom 17. godi&#154;njice masakra u Ra\u010dku - Predsednik Republike Kosovo - DR. VJOSA OSMANI - SADRIU -\" \/>\n<meta name=\"robots\" content=\"index, follow, max-snippet:-1, max-image-preview:large, max-video-preview:-1\" \/>\n<link rel=\"canonical\" href=\"https:\/\/president-ksgov.net\/sr\/govor-predsednice-jahjaga-na-spomen-akademiji-povodom-17-godinjice-masakra-u-racku\/\" \/>\n<meta property=\"og:locale\" content=\"sr_RS\" \/>\n<meta property=\"og:type\" content=\"article\" \/>\n<meta property=\"og:title\" content=\"Govor predsednice Jahjaga na Spomen akademiji povodom 17. godi&#154;njice masakra u Ra\u010dku - Predsednik Republike Kosovo - DR. VJOSA OSMANI - SADRIU\" \/>\n<meta property=\"og:description\" content=\"Govor predsednice Jahjaga na Spomen akademiji povodom 17. godi&#154;njice masakra u Ra\u010dku - Predsednik Republike Kosovo - DR. VJOSA OSMANI - SADRIU -\" \/>\n<meta property=\"og:url\" content=\"https:\/\/president-ksgov.net\/sr\/govor-predsednice-jahjaga-na-spomen-akademiji-povodom-17-godinjice-masakra-u-racku\/\" \/>\n<meta property=\"og:site_name\" content=\"Predsednik Republike Kosovo - DR. VJOSA OSMANI - SADRIU\" \/>\n<meta property=\"article:published_time\" content=\"2016-01-15T14:11:39+00:00\" \/>\n<meta property=\"article:modified_time\" content=\"2023-03-08T09:01:44+00:00\" \/>\n<meta property=\"og:image\" content=\"https:\/\/president-ksgov.net\/wp-content\/uploads\/15_01_2016_8501137_15_01_2016_Recak_0.jpg\" \/>\n\t<meta property=\"og:image:width\" content=\"1024\" \/>\n\t<meta property=\"og:image:height\" content=\"683\" \/>\n\t<meta property=\"og:image:type\" content=\"image\/jpeg\" \/>\n<meta name=\"author\" content=\"admin\" \/>\n<meta name=\"twitter:card\" content=\"summary_large_image\" \/>\n<meta name=\"twitter:label1\" content=\"\u041d\u0430\u043f\u0438\u0441\u0430\u043d\u043e \u043e\u0434\" \/>\n\t<meta name=\"twitter:data1\" content=\"admin\" \/>\n\t<meta name=\"twitter:label2\" content=\"\u041f\u0440\u043e\u0446\u0435\u045a\u0435\u043d\u043e \u0432\u0440\u0435\u043c\u0435 \u0447\u0438\u0442\u0430\u045a\u0430\" \/>\n\t<meta name=\"twitter:data2\" content=\"4 \u043c\u0438\u043d\u0443\u0442\u0430\" \/>\n<script type=\"application\/ld+json\" class=\"yoast-schema-graph\">{\"@context\":\"https:\/\/schema.org\",\"@graph\":[{\"@type\":\"WebPage\",\"@id\":\"https:\/\/president-ksgov.net\/sr\/govor-predsednice-jahjaga-na-spomen-akademiji-povodom-17-godinjice-masakra-u-racku\/\",\"url\":\"https:\/\/president-ksgov.net\/sr\/govor-predsednice-jahjaga-na-spomen-akademiji-povodom-17-godinjice-masakra-u-racku\/\",\"name\":\"Govor predsednice Jahjaga na Spomen akademiji povodom 17. godi&#154;njice masakra u Ra\u010dku - Predsednik Republike Kosovo - DR. VJOSA OSMANI - SADRIU\",\"isPartOf\":{\"@id\":\"https:\/\/president-ksgov.net\/#website\"},\"primaryImageOfPage\":{\"@id\":\"https:\/\/president-ksgov.net\/sr\/govor-predsednice-jahjaga-na-spomen-akademiji-povodom-17-godinjice-masakra-u-racku\/#primaryimage\"},\"image\":{\"@id\":\"https:\/\/president-ksgov.net\/sr\/govor-predsednice-jahjaga-na-spomen-akademiji-povodom-17-godinjice-masakra-u-racku\/#primaryimage\"},\"thumbnailUrl\":\"https:\/\/president-ksgov.net\/wp-content\/uploads\/15_01_2016_8501137_15_01_2016_Recak_0.jpg\",\"datePublished\":\"2016-01-15T14:11:39+00:00\",\"dateModified\":\"2023-03-08T09:01:44+00:00\",\"author\":{\"@id\":\"https:\/\/president-ksgov.net\/#\/schema\/person\/bb4337a5fb147cb2046d80548172cbee\"},\"description\":\"Govor predsednice Jahjaga na Spomen akademiji povodom 17. godi&#154;njice masakra u Ra\u010dku - Predsednik Republike Kosovo - DR. VJOSA OSMANI - SADRIU -\",\"breadcrumb\":{\"@id\":\"https:\/\/president-ksgov.net\/sr\/govor-predsednice-jahjaga-na-spomen-akademiji-povodom-17-godinjice-masakra-u-racku\/#breadcrumb\"},\"inLanguage\":\"sr-RS\",\"potentialAction\":[{\"@type\":\"ReadAction\",\"target\":[\"https:\/\/president-ksgov.net\/sr\/govor-predsednice-jahjaga-na-spomen-akademiji-povodom-17-godinjice-masakra-u-racku\/\"]}]},{\"@type\":\"ImageObject\",\"inLanguage\":\"sr-RS\",\"@id\":\"https:\/\/president-ksgov.net\/sr\/govor-predsednice-jahjaga-na-spomen-akademiji-povodom-17-godinjice-masakra-u-racku\/#primaryimage\",\"url\":\"https:\/\/president-ksgov.net\/wp-content\/uploads\/15_01_2016_8501137_15_01_2016_Recak_0.jpg\",\"contentUrl\":\"https:\/\/president-ksgov.net\/wp-content\/uploads\/15_01_2016_8501137_15_01_2016_Recak_0.jpg\",\"width\":1024,\"height\":683},{\"@type\":\"BreadcrumbList\",\"@id\":\"https:\/\/president-ksgov.net\/sr\/govor-predsednice-jahjaga-na-spomen-akademiji-povodom-17-godinjice-masakra-u-racku\/#breadcrumb\",\"itemListElement\":[{\"@type\":\"ListItem\",\"position\":1,\"name\":\"Home\",\"item\":\"https:\/\/president-ksgov.net\/sr\/\"},{\"@type\":\"ListItem\",\"position\":2,\"name\":\"Govor predsednice Jahjaga na Spomen akademiji povodom 17. godi&#154;njice masakra u Ra\u010dku\"}]},{\"@type\":\"WebSite\",\"@id\":\"https:\/\/president-ksgov.net\/#website\",\"url\":\"https:\/\/president-ksgov.net\/\",\"name\":\"Presidente e Republik\u00ebs s\u00eb Kosov\u00ebs\",\"description\":\"Presidente e Republik\u00ebs s\u00eb Kosov\u00ebs\",\"alternateName\":\"DR. VJOSA OSMANI - SADRIU\",\"potentialAction\":[{\"@type\":\"SearchAction\",\"target\":{\"@type\":\"EntryPoint\",\"urlTemplate\":\"https:\/\/president-ksgov.net\/?s={search_term_string}\"},\"query-input\":{\"@type\":\"PropertyValueSpecification\",\"valueRequired\":true,\"valueName\":\"search_term_string\"}}],\"inLanguage\":\"sr-RS\"},{\"@type\":\"Person\",\"@id\":\"https:\/\/president-ksgov.net\/#\/schema\/person\/bb4337a5fb147cb2046d80548172cbee\",\"name\":\"admin\",\"image\":{\"@type\":\"ImageObject\",\"inLanguage\":\"sr-RS\",\"@id\":\"https:\/\/president-ksgov.net\/#\/schema\/person\/image\/\",\"url\":\"https:\/\/secure.gravatar.com\/avatar\/36156ca0fa3b8d9d25174f146e16beea0cf28f37adf1b9e19b6c9c279a7c9dd3?s=96&d=mm&r=g\",\"contentUrl\":\"https:\/\/secure.gravatar.com\/avatar\/36156ca0fa3b8d9d25174f146e16beea0cf28f37adf1b9e19b6c9c279a7c9dd3?s=96&d=mm&r=g\",\"caption\":\"admin\"},\"sameAs\":[\"https:\/\/president-ksgov.net\"]}]}<\/script>\n<!-- \/ Yoast SEO plugin. -->","yoast_head_json":{"title":"Govor predsednice Jahjaga na Spomen akademiji povodom 17. godi&#154;njice masakra u Ra\u010dku - Predsednik Republike Kosovo - DR. VJOSA OSMANI - SADRIU","description":"Govor predsednice Jahjaga na Spomen akademiji povodom 17. godi&#154;njice masakra u Ra\u010dku - Predsednik Republike Kosovo - DR. VJOSA OSMANI - SADRIU -","robots":{"index":"index","follow":"follow","max-snippet":"max-snippet:-1","max-image-preview":"max-image-preview:large","max-video-preview":"max-video-preview:-1"},"canonical":"https:\/\/president-ksgov.net\/sr\/govor-predsednice-jahjaga-na-spomen-akademiji-povodom-17-godinjice-masakra-u-racku\/","og_locale":"sr_RS","og_type":"article","og_title":"Govor predsednice Jahjaga na Spomen akademiji povodom 17. godi&#154;njice masakra u Ra\u010dku - Predsednik Republike Kosovo - DR. VJOSA OSMANI - SADRIU","og_description":"Govor predsednice Jahjaga na Spomen akademiji povodom 17. godi&#154;njice masakra u Ra\u010dku - Predsednik Republike Kosovo - DR. VJOSA OSMANI - SADRIU -","og_url":"https:\/\/president-ksgov.net\/sr\/govor-predsednice-jahjaga-na-spomen-akademiji-povodom-17-godinjice-masakra-u-racku\/","og_site_name":"Predsednik Republike Kosovo - DR. VJOSA OSMANI - SADRIU","article_published_time":"2016-01-15T14:11:39+00:00","article_modified_time":"2023-03-08T09:01:44+00:00","og_image":[{"width":1024,"height":683,"url":"https:\/\/president-ksgov.net\/wp-content\/uploads\/15_01_2016_8501137_15_01_2016_Recak_0.jpg","type":"image\/jpeg"}],"author":"admin","twitter_card":"summary_large_image","twitter_misc":{"\u041d\u0430\u043f\u0438\u0441\u0430\u043d\u043e \u043e\u0434":"admin","\u041f\u0440\u043e\u0446\u0435\u045a\u0435\u043d\u043e \u0432\u0440\u0435\u043c\u0435 \u0447\u0438\u0442\u0430\u045a\u0430":"4 \u043c\u0438\u043d\u0443\u0442\u0430"},"schema":{"@context":"https:\/\/schema.org","@graph":[{"@type":"WebPage","@id":"https:\/\/president-ksgov.net\/sr\/govor-predsednice-jahjaga-na-spomen-akademiji-povodom-17-godinjice-masakra-u-racku\/","url":"https:\/\/president-ksgov.net\/sr\/govor-predsednice-jahjaga-na-spomen-akademiji-povodom-17-godinjice-masakra-u-racku\/","name":"Govor predsednice Jahjaga na Spomen akademiji povodom 17. godi&#154;njice masakra u Ra\u010dku - Predsednik Republike Kosovo - DR. VJOSA OSMANI - SADRIU","isPartOf":{"@id":"https:\/\/president-ksgov.net\/#website"},"primaryImageOfPage":{"@id":"https:\/\/president-ksgov.net\/sr\/govor-predsednice-jahjaga-na-spomen-akademiji-povodom-17-godinjice-masakra-u-racku\/#primaryimage"},"image":{"@id":"https:\/\/president-ksgov.net\/sr\/govor-predsednice-jahjaga-na-spomen-akademiji-povodom-17-godinjice-masakra-u-racku\/#primaryimage"},"thumbnailUrl":"https:\/\/president-ksgov.net\/wp-content\/uploads\/15_01_2016_8501137_15_01_2016_Recak_0.jpg","datePublished":"2016-01-15T14:11:39+00:00","dateModified":"2023-03-08T09:01:44+00:00","author":{"@id":"https:\/\/president-ksgov.net\/#\/schema\/person\/bb4337a5fb147cb2046d80548172cbee"},"description":"Govor predsednice Jahjaga na Spomen akademiji povodom 17. godi&#154;njice masakra u Ra\u010dku - Predsednik Republike Kosovo - DR. VJOSA OSMANI - SADRIU -","breadcrumb":{"@id":"https:\/\/president-ksgov.net\/sr\/govor-predsednice-jahjaga-na-spomen-akademiji-povodom-17-godinjice-masakra-u-racku\/#breadcrumb"},"inLanguage":"sr-RS","potentialAction":[{"@type":"ReadAction","target":["https:\/\/president-ksgov.net\/sr\/govor-predsednice-jahjaga-na-spomen-akademiji-povodom-17-godinjice-masakra-u-racku\/"]}]},{"@type":"ImageObject","inLanguage":"sr-RS","@id":"https:\/\/president-ksgov.net\/sr\/govor-predsednice-jahjaga-na-spomen-akademiji-povodom-17-godinjice-masakra-u-racku\/#primaryimage","url":"https:\/\/president-ksgov.net\/wp-content\/uploads\/15_01_2016_8501137_15_01_2016_Recak_0.jpg","contentUrl":"https:\/\/president-ksgov.net\/wp-content\/uploads\/15_01_2016_8501137_15_01_2016_Recak_0.jpg","width":1024,"height":683},{"@type":"BreadcrumbList","@id":"https:\/\/president-ksgov.net\/sr\/govor-predsednice-jahjaga-na-spomen-akademiji-povodom-17-godinjice-masakra-u-racku\/#breadcrumb","itemListElement":[{"@type":"ListItem","position":1,"name":"Home","item":"https:\/\/president-ksgov.net\/sr\/"},{"@type":"ListItem","position":2,"name":"Govor predsednice Jahjaga na Spomen akademiji povodom 17. godi&#154;njice masakra u Ra\u010dku"}]},{"@type":"WebSite","@id":"https:\/\/president-ksgov.net\/#website","url":"https:\/\/president-ksgov.net\/","name":"Presidente e Republik\u00ebs s\u00eb Kosov\u00ebs","description":"Presidente e Republik\u00ebs s\u00eb Kosov\u00ebs","alternateName":"DR. VJOSA OSMANI - SADRIU","potentialAction":[{"@type":"SearchAction","target":{"@type":"EntryPoint","urlTemplate":"https:\/\/president-ksgov.net\/?s={search_term_string}"},"query-input":{"@type":"PropertyValueSpecification","valueRequired":true,"valueName":"search_term_string"}}],"inLanguage":"sr-RS"},{"@type":"Person","@id":"https:\/\/president-ksgov.net\/#\/schema\/person\/bb4337a5fb147cb2046d80548172cbee","name":"admin","image":{"@type":"ImageObject","inLanguage":"sr-RS","@id":"https:\/\/president-ksgov.net\/#\/schema\/person\/image\/","url":"https:\/\/secure.gravatar.com\/avatar\/36156ca0fa3b8d9d25174f146e16beea0cf28f37adf1b9e19b6c9c279a7c9dd3?s=96&d=mm&r=g","contentUrl":"https:\/\/secure.gravatar.com\/avatar\/36156ca0fa3b8d9d25174f146e16beea0cf28f37adf1b9e19b6c9c279a7c9dd3?s=96&d=mm&r=g","caption":"admin"},"sameAs":["https:\/\/president-ksgov.net"]}]}},"_links":{"self":[{"href":"https:\/\/president-ksgov.net\/sr\/wp-json\/wp\/v2\/posts\/77052","targetHints":{"allow":["GET"]}}],"collection":[{"href":"https:\/\/president-ksgov.net\/sr\/wp-json\/wp\/v2\/posts"}],"about":[{"href":"https:\/\/president-ksgov.net\/sr\/wp-json\/wp\/v2\/types\/post"}],"author":[{"embeddable":true,"href":"https:\/\/president-ksgov.net\/sr\/wp-json\/wp\/v2\/users\/1"}],"replies":[{"embeddable":true,"href":"https:\/\/president-ksgov.net\/sr\/wp-json\/wp\/v2\/comments?post=77052"}],"version-history":[{"count":1,"href":"https:\/\/president-ksgov.net\/sr\/wp-json\/wp\/v2\/posts\/77052\/revisions"}],"predecessor-version":[{"id":81586,"href":"https:\/\/president-ksgov.net\/sr\/wp-json\/wp\/v2\/posts\/77052\/revisions\/81586"}],"wp:featuredmedia":[{"embeddable":true,"href":"https:\/\/president-ksgov.net\/sr\/wp-json\/wp\/v2\/media\/36577"}],"wp:attachment":[{"href":"https:\/\/president-ksgov.net\/sr\/wp-json\/wp\/v2\/media?parent=77052"}],"wp:term":[{"taxonomy":"category","embeddable":true,"href":"https:\/\/president-ksgov.net\/sr\/wp-json\/wp\/v2\/categories?post=77052"},{"taxonomy":"post_tag","embeddable":true,"href":"https:\/\/president-ksgov.net\/sr\/wp-json\/wp\/v2\/tags?post=77052"}],"curies":[{"name":"wp","href":"https:\/\/api.w.org\/{rel}","templated":true}]}}