{"id":77043,"date":"2016-01-21T18:36:56","date_gmt":"2016-01-21T18:36:56","guid":{"rendered":"https:\/\/dev.president-ksgov.net\/govor-predsednice-jahjaga-na-akademiji-povodom-10-godinjice-od-smrti-biveg-predsednika-rugove\/"},"modified":"2016-01-21T18:36:56","modified_gmt":"2016-01-21T18:36:56","slug":"govor-predsednice-jahjaga-na-akademiji-povodom-10-godinjice-od-smrti-biveg-predsednika-rugove","status":"publish","type":"post","link":"https:\/\/president-ksgov.net\/sr\/govor-predsednice-jahjaga-na-akademiji-povodom-10-godinjice-od-smrti-biveg-predsednika-rugove\/","title":{"rendered":"Govor predsednice Jahjaga na akademiji povodom 10. godi&#154;njice od smrti biv&#154;eg predsednika Rugove"},"content":{"rendered":"<p>Izuzetna je \u010dast za mene da odam po\u010dast na do&#382;ivotno se\u0107anje posebnom \u010doveku za Kosovo, \u010dije nasledstvo je na&#353;e dana&#353;nje blago; dr&#382;ava, demokratija i na&#353; razvoj.<\/p>\n<p>Po&#353;tovana porodico Rugova, g\u0111o Fana<br \/>\nPo&#353;tovani premijeru Mustafa,<br \/>\nPo&#353;tovani ambasadori i predstavnici diplomatskih misija na Kosovu,<br \/>\nPo&#353;tovani prijatelji, drugovi, saradnici predsednika dr Ibrahima Rugove,<br \/>\nPo&#353;tovani gra\u0111ani Republike Kosova, <\/p>\n<p>Izuzetna je \u010dast za mene da odam po\u010dast na do&#382;ivotno se\u0107anje posebnom \u010doveku za Kosovo, \u010dije nasledstvo je na&#353;e dana&#353;nje blago; dr&#382;ava, demokratija i na&#353; razvoj. <\/p>\n<p>Izuzetno je te&#353;ko da se re\u010dima opi&#353;e amblem nezavisnosti Kosova; arhitekte njegove dr&#382;avnosti; \u010dovek koji je ovoj zemlji poklonio ljubav i posve\u0107enost. <\/p>\n<p>Jo&#353; je te&#382;e da sudimo \u010doveku koji je napisao istoriju njegove zemlje. Svaki poku&#353;aj i na&#353; izazov &#8211;\u00a0 bila je njegova bitka; svaki na&#353; uspeh i postignu\u0107e &#8211; je jedna nova snaga za njega, svaka pobeda je novi zajedni\u010dki korak. <\/p>\n<p>Na ovu desetogodi&#353;njicu zajedno se se\u0107amo \u010doveka koji nas je vodio putem nove istorije &#8211; mira, demokratije i dr&#382;ave njenih gra\u0111ana, dostojanstvenih da budu neodvojivi deo razvijenog sveta. <\/p>\n<p>Predsednik Ibrahim Rugova je simbol ujedinjena kosovskog naroda, rukovode\u0107i stalo&#382;enom politikom mira kako bi o\u010duvao &#8211; u najte&#382;a vremena na&#353;e te&#353;ke istorije &#8211; kosovskog \u010doveka. <\/p>\n<p>Sli\u010dno se velikim svetskim oslobodiocima njegovog veka &#8211; predsednik Rugova je rukovodio politikom mirovnog otpora, postaju\u0107i glas potla\u010denih i du&#353;evna snaga jednog naroda koji se borio za njegovu slobodu i druga\u010diju budu\u0107nost. <\/p>\n<p>Istorija nije bila laka za njega, a ni za njegovu porodicu &#8211; slika vremena za svakog kosovskog \u010doveka &#8211; ali istorija \u0107e ga dovesti na \u010delo jednog narodnog pokreta, koliko mirovnog toliko i sna&#382;nog, u jednom bitnom obrtnom trenutku za njegovu zemlju. <\/p>\n<p>Istorija njegovog veka \u0107e se pisati od njega samog, uz njegov narod kao i uz sve ostale, obi\u010dne ljude sa kojima je delio sre\u0107u i tugu; sumnje i strah; padove i uspone. <\/p>\n<p>Predsednik Rugova \u0107e rukovoditi skoro dve decenije preko jednog te&#353;kog i razornog rata, hegemonisti\u010dke istorije i mr&#382;nje, prema miru i razumevanju sa svima; okru&#382;en idejom mira da se dr&#382;ava i demokratija grade sa prijateljima. <\/p>\n<p>On je dao &#382;ivot do&#382;ivotnom prijateljstvu sa SAD-om, koje su bile uz Kosovo u svakom trenutku, koje su postavile kamen temeljac novoj dr&#382;avi, ali ujedno je rekao da Kosovo treba da sa svakom zemljom EU ili bilo gde drugde da izgradi bitne veze. <\/p>\n<p>Na ovu desetogodi&#353;njicu kada odajemo po\u010dast figuri predsednika Rugove, se\u0107amo se sa bolom koliko je ironi\u010dan sam &#382;ivot &#353;to ga je jako kratko pustio da vidi svetlost nezavisnosti &#8211; za koju je &#382;iveo i radio &#8211; i smrt ga je odnela upravo u trenutku kada je najvi&#353;e trebao Kosovu; kako bismo o\u010duvali jedinstvo naroda i kako bismo osna&#382;ili zrelost rukovo\u0111enja prema finalnom aktu dr&#382;avnosti, na \u010dijem se pragu nalazi. <\/p>\n<p>Predsednik Rugova nam je dokazao snagu volje da se uspostave temelji dr&#382;avnosti Kosova, jedne demokratske dr&#382;ave svih njenih gra\u0111ana, jednakih, u vreme kada snovi nisu postajali stvarnost; povratio je uga&#382;eno poverenje i ponos gra\u0111ana Kosova; dao je snage izgradnji institucija u dr&#382;avi tra&#382;e\u0107i uspostavljanje pravne dr&#382;ave, sa redom i zakonom i njegovo po&#353;tovanje. <\/p>\n<p>Mir koji smo izgradili zajedno sa njim nakon dugog i razornog rata, uz po&#382;rtvovanje \u010ditavih generacija koje su volele njihovu otad&#382;binu, nije poklon ve\u0107 veliki blagoslov za nas. <\/p>\n<p>Mir ne mo&#382;e da se izaziva jer su napori da se on izgradi ve\u0107i nego snaga koja ga mo&#382;e sru&#353;iti. I bitka za mir je i danas bitka za sutra&#353;nje Kosovo, jednu ujedinjenu dr&#382;avu, bolju, razvijeniju i napredniju. Prosperitetniju. Dr&#382;avu svih njenih ljudi bez razlike, koji &#382;ele da rade za njenu budu\u0107nost. Dr&#382;avu pravde. Iznad svega dr&#382;ava koja je pru&#382;ala ruku razumevanja i saradnje svima u regionu, koja tra&#382;i pravdu radi pomirenja. <\/p>\n<p>Bitka dana&#353;njice za nas je bitka demokratije, gde su pravila njen temelj; gde je raznolikost vrednost dru&#353;tva: gde ideje postaju dela i gde razumevanje menja mr&#382;nju. Mi smo na jednom nepovratnom putu pravljenja dr&#382;ave koja je druga\u010dija od balkanskih stereotipa &#8211; dugog i zamornog jurenja tranzicije tokom, koje izaziva zakone i produ&#382;ava kulturu neka&#382;njavanja. <\/p>\n<p>Pitanja koja se danas pote&#382;u pred nama &#8211; na zavr&#353;etku procesa izgradnje dr&#382;ave putem osna&#382;ivanja demokratskih institucija, koje slu&#382;e gra\u0111anima; putem zavr&#353;etka reformi u dru&#353;tvu, koje ga ja\u010daju i koje \u010dine neodvojivi deo svakog pokreta za dr&#382;avu; putem izgradnje razumevanja i gajenja kulture politi\u010dkog dijaloga koji ja\u010daju demokratiju: putem unutra&#353;njeg dijaloga izme\u0111u svih zajednica bez razlike, koji dodaje vrednost dru&#353;tvu &#8211; podse\u0107aju nas na snagu predsednika Rugove da ih re&#353;i koliko god se \u010dinile te&#353;kim.<\/p>\n<p>Njegova vizija o Kosovu kao neodvojivog dela naprednog sveta, jednake \u010dlanice sa vim dr&#382;avama OUN-a. NATO-a i svih me\u0111unarodnih organizacija, nije samo na&#353;e nadahnu\u0107e ve\u0107 i nezaustavljiv poku&#353;aj da to izmenimo u stvarnost. <\/p>\n<p>Po&#353;tovana porodico Rugova,<br \/>\nPo&#353;tovani u\u010desnici, <\/p>\n<p>U se\u0107anje na figuru \u010doveka koji je sebi obezbedio neosporivo mesto u istoriji, poverenja u \u010doveka, ose\u0107amo ponos &#353;to je vodio Kosovo prema slobodi i miru i &#353;to ga je ujedinio sa celim svetom. Ose\u0107amo ponos &#353;to nas je nau\u010dio kako se voli otad&#382;bina, koju je dr&#382;ao ujedinjenom kada joj je to najvi&#353;e bilo potrebno i kako se ujedinjuje snaga da se izgradi budu\u0107nost- <\/p>\n<p>Neka bog blagoslovi se\u0107anje na njega!<br \/>\nNeka bog blagoslovi Kosovo!\u00a0<\/p>\n","protected":false},"excerpt":{"rendered":"<p>Izuzetna je \u010dast za mene da odam po\u010dast na do&#382;ivotno se\u0107anje posebnom \u010doveku za Kosovo, \u010dije nasledstvo je na&#353;e dana&#353;nje blago; dr&#382;ava, demokratija i na&#353; razvoj.<\/p>\n","protected":false},"author":1,"featured_media":36458,"comment_status":"open","ping_status":"closed","sticky":false,"template":"","format":"standard","meta":{"_eb_attr":"","footnotes":""},"categories":[101],"tags":[],"class_list":["post-77043","post","type-post","status-publish","format-standard","has-post-thumbnail","hentry","category-vesti"],"yoast_head":"<!-- This site is optimized with the Yoast SEO plugin v23.5 - https:\/\/yoast.com\/wordpress\/plugins\/seo\/ -->\n<title>Govor predsednice Jahjaga na akademiji povodom 10. godi&#154;njice od smrti biv&#154;eg predsednika Rugove - Predsednik Republike Kosovo - DR. VJOSA OSMANI - SADRIU<\/title>\n<meta name=\"description\" content=\"Govor predsednice Jahjaga na akademiji povodom 10. godi&#154;njice od smrti biv&#154;eg predsednika Rugove - Predsednik Republike Kosovo - DR. VJOSA OSMANI - SADRIU -\" \/>\n<meta name=\"robots\" content=\"index, follow, max-snippet:-1, max-image-preview:large, max-video-preview:-1\" \/>\n<link rel=\"canonical\" href=\"https:\/\/president-ksgov.net\/fjalimi-i-presidentes-jahjaga-ne-akademine-me-rastin-e-10-vjetorit-te-vdekjes-se-ish-presidentit-rugova-2\/\" \/>\n<meta property=\"og:locale\" content=\"sr_RS\" \/>\n<meta property=\"og:type\" content=\"article\" \/>\n<meta property=\"og:title\" content=\"Govor predsednice Jahjaga na akademiji povodom 10. godi&#154;njice od smrti biv&#154;eg predsednika Rugove - Predsednik Republike Kosovo - DR. VJOSA OSMANI - SADRIU\" \/>\n<meta property=\"og:description\" content=\"Govor predsednice Jahjaga na akademiji povodom 10. godi&#154;njice od smrti biv&#154;eg predsednika Rugove - Predsednik Republike Kosovo - DR. VJOSA OSMANI - SADRIU -\" \/>\n<meta property=\"og:url\" content=\"https:\/\/president-ksgov.net\/fjalimi-i-presidentes-jahjaga-ne-akademine-me-rastin-e-10-vjetorit-te-vdekjes-se-ish-presidentit-rugova-2\/\" \/>\n<meta property=\"og:site_name\" content=\"Predsednik Republike Kosovo - DR. VJOSA OSMANI - SADRIU\" \/>\n<meta property=\"article:published_time\" content=\"2016-01-21T18:36:56+00:00\" \/>\n<meta property=\"og:image\" content=\"https:\/\/president-ksgov.net\/wp-content\/uploads\/21_01_2016_5253894_21_01_2016_Akademia_1.jpg\" \/>\n\t<meta property=\"og:image:width\" content=\"1024\" \/>\n\t<meta property=\"og:image:height\" content=\"729\" \/>\n\t<meta property=\"og:image:type\" content=\"image\/jpeg\" \/>\n<meta name=\"author\" content=\"admin\" \/>\n<meta name=\"twitter:card\" content=\"summary_large_image\" \/>\n<meta name=\"twitter:label1\" content=\"\u041d\u0430\u043f\u0438\u0441\u0430\u043d\u043e \u043e\u0434\" \/>\n\t<meta name=\"twitter:data1\" content=\"admin\" \/>\n\t<meta name=\"twitter:label2\" content=\"\u041f\u0440\u043e\u0446\u0435\u045a\u0435\u043d\u043e \u0432\u0440\u0435\u043c\u0435 \u0447\u0438\u0442\u0430\u045a\u0430\" \/>\n\t<meta name=\"twitter:data2\" content=\"5 \u043c\u0438\u043d\u0443\u0442\u0430\" \/>\n<script type=\"application\/ld+json\" class=\"yoast-schema-graph\">{\"@context\":\"https:\/\/schema.org\",\"@graph\":[{\"@type\":\"WebPage\",\"@id\":\"https:\/\/president-ksgov.net\/fjalimi-i-presidentes-jahjaga-ne-akademine-me-rastin-e-10-vjetorit-te-vdekjes-se-ish-presidentit-rugova-2\/\",\"url\":\"https:\/\/president-ksgov.net\/fjalimi-i-presidentes-jahjaga-ne-akademine-me-rastin-e-10-vjetorit-te-vdekjes-se-ish-presidentit-rugova-2\/\",\"name\":\"Govor predsednice Jahjaga na akademiji povodom 10. godi&#154;njice od smrti biv&#154;eg predsednika Rugove - Predsednik Republike Kosovo - DR. VJOSA OSMANI - SADRIU\",\"isPartOf\":{\"@id\":\"https:\/\/president-ksgov.net\/#website\"},\"primaryImageOfPage\":{\"@id\":\"https:\/\/president-ksgov.net\/fjalimi-i-presidentes-jahjaga-ne-akademine-me-rastin-e-10-vjetorit-te-vdekjes-se-ish-presidentit-rugova-2\/#primaryimage\"},\"image\":{\"@id\":\"https:\/\/president-ksgov.net\/fjalimi-i-presidentes-jahjaga-ne-akademine-me-rastin-e-10-vjetorit-te-vdekjes-se-ish-presidentit-rugova-2\/#primaryimage\"},\"thumbnailUrl\":\"https:\/\/president-ksgov.net\/wp-content\/uploads\/21_01_2016_5253894_21_01_2016_Akademia_1.jpg\",\"datePublished\":\"2016-01-21T18:36:56+00:00\",\"dateModified\":\"2016-01-21T18:36:56+00:00\",\"author\":{\"@id\":\"https:\/\/president-ksgov.net\/#\/schema\/person\/bb4337a5fb147cb2046d80548172cbee\"},\"description\":\"Govor predsednice Jahjaga na akademiji povodom 10. godi&#154;njice od smrti biv&#154;eg predsednika Rugove - Predsednik Republike Kosovo - DR. VJOSA OSMANI - SADRIU -\",\"breadcrumb\":{\"@id\":\"https:\/\/president-ksgov.net\/fjalimi-i-presidentes-jahjaga-ne-akademine-me-rastin-e-10-vjetorit-te-vdekjes-se-ish-presidentit-rugova-2\/#breadcrumb\"},\"inLanguage\":\"sr-RS\",\"potentialAction\":[{\"@type\":\"ReadAction\",\"target\":[\"https:\/\/president-ksgov.net\/fjalimi-i-presidentes-jahjaga-ne-akademine-me-rastin-e-10-vjetorit-te-vdekjes-se-ish-presidentit-rugova-2\/\"]}]},{\"@type\":\"ImageObject\",\"inLanguage\":\"sr-RS\",\"@id\":\"https:\/\/president-ksgov.net\/fjalimi-i-presidentes-jahjaga-ne-akademine-me-rastin-e-10-vjetorit-te-vdekjes-se-ish-presidentit-rugova-2\/#primaryimage\",\"url\":\"https:\/\/president-ksgov.net\/wp-content\/uploads\/21_01_2016_5253894_21_01_2016_Akademia_1.jpg\",\"contentUrl\":\"https:\/\/president-ksgov.net\/wp-content\/uploads\/21_01_2016_5253894_21_01_2016_Akademia_1.jpg\",\"width\":1024,\"height\":729},{\"@type\":\"BreadcrumbList\",\"@id\":\"https:\/\/president-ksgov.net\/fjalimi-i-presidentes-jahjaga-ne-akademine-me-rastin-e-10-vjetorit-te-vdekjes-se-ish-presidentit-rugova-2\/#breadcrumb\",\"itemListElement\":[{\"@type\":\"ListItem\",\"position\":1,\"name\":\"Home\",\"item\":\"https:\/\/president-ksgov.net\/sr\/\"},{\"@type\":\"ListItem\",\"position\":2,\"name\":\"Govor predsednice Jahjaga na akademiji povodom 10. godi&#154;njice od smrti biv&#154;eg predsednika Rugove\"}]},{\"@type\":\"WebSite\",\"@id\":\"https:\/\/president-ksgov.net\/#website\",\"url\":\"https:\/\/president-ksgov.net\/\",\"name\":\"Presidente e Republik\u00ebs s\u00eb Kosov\u00ebs\",\"description\":\"Presidente e Republik\u00ebs s\u00eb Kosov\u00ebs\",\"alternateName\":\"DR. VJOSA OSMANI - SADRIU\",\"potentialAction\":[{\"@type\":\"SearchAction\",\"target\":{\"@type\":\"EntryPoint\",\"urlTemplate\":\"https:\/\/president-ksgov.net\/?s={search_term_string}\"},\"query-input\":{\"@type\":\"PropertyValueSpecification\",\"valueRequired\":true,\"valueName\":\"search_term_string\"}}],\"inLanguage\":\"sr-RS\"},{\"@type\":\"Person\",\"@id\":\"https:\/\/president-ksgov.net\/#\/schema\/person\/bb4337a5fb147cb2046d80548172cbee\",\"name\":\"admin\",\"image\":{\"@type\":\"ImageObject\",\"inLanguage\":\"sr-RS\",\"@id\":\"https:\/\/president-ksgov.net\/#\/schema\/person\/image\/\",\"url\":\"https:\/\/secure.gravatar.com\/avatar\/36156ca0fa3b8d9d25174f146e16beea0cf28f37adf1b9e19b6c9c279a7c9dd3?s=96&d=mm&r=g\",\"contentUrl\":\"https:\/\/secure.gravatar.com\/avatar\/36156ca0fa3b8d9d25174f146e16beea0cf28f37adf1b9e19b6c9c279a7c9dd3?s=96&d=mm&r=g\",\"caption\":\"admin\"},\"sameAs\":[\"https:\/\/president-ksgov.net\"]}]}<\/script>\n<!-- \/ Yoast SEO plugin. -->","yoast_head_json":{"title":"Govor predsednice Jahjaga na akademiji povodom 10. godi&#154;njice od smrti biv&#154;eg predsednika Rugove - Predsednik Republike Kosovo - DR. VJOSA OSMANI - SADRIU","description":"Govor predsednice Jahjaga na akademiji povodom 10. godi&#154;njice od smrti biv&#154;eg predsednika Rugove - Predsednik Republike Kosovo - DR. VJOSA OSMANI - SADRIU -","robots":{"index":"index","follow":"follow","max-snippet":"max-snippet:-1","max-image-preview":"max-image-preview:large","max-video-preview":"max-video-preview:-1"},"canonical":"https:\/\/president-ksgov.net\/fjalimi-i-presidentes-jahjaga-ne-akademine-me-rastin-e-10-vjetorit-te-vdekjes-se-ish-presidentit-rugova-2\/","og_locale":"sr_RS","og_type":"article","og_title":"Govor predsednice Jahjaga na akademiji povodom 10. godi&#154;njice od smrti biv&#154;eg predsednika Rugove - Predsednik Republike Kosovo - DR. VJOSA OSMANI - SADRIU","og_description":"Govor predsednice Jahjaga na akademiji povodom 10. godi&#154;njice od smrti biv&#154;eg predsednika Rugove - Predsednik Republike Kosovo - DR. VJOSA OSMANI - SADRIU -","og_url":"https:\/\/president-ksgov.net\/fjalimi-i-presidentes-jahjaga-ne-akademine-me-rastin-e-10-vjetorit-te-vdekjes-se-ish-presidentit-rugova-2\/","og_site_name":"Predsednik Republike Kosovo - DR. VJOSA OSMANI - SADRIU","article_published_time":"2016-01-21T18:36:56+00:00","og_image":[{"width":1024,"height":729,"url":"https:\/\/president-ksgov.net\/wp-content\/uploads\/21_01_2016_5253894_21_01_2016_Akademia_1.jpg","type":"image\/jpeg"}],"author":"admin","twitter_card":"summary_large_image","twitter_misc":{"\u041d\u0430\u043f\u0438\u0441\u0430\u043d\u043e \u043e\u0434":"admin","\u041f\u0440\u043e\u0446\u0435\u045a\u0435\u043d\u043e \u0432\u0440\u0435\u043c\u0435 \u0447\u0438\u0442\u0430\u045a\u0430":"5 \u043c\u0438\u043d\u0443\u0442\u0430"},"schema":{"@context":"https:\/\/schema.org","@graph":[{"@type":"WebPage","@id":"https:\/\/president-ksgov.net\/fjalimi-i-presidentes-jahjaga-ne-akademine-me-rastin-e-10-vjetorit-te-vdekjes-se-ish-presidentit-rugova-2\/","url":"https:\/\/president-ksgov.net\/fjalimi-i-presidentes-jahjaga-ne-akademine-me-rastin-e-10-vjetorit-te-vdekjes-se-ish-presidentit-rugova-2\/","name":"Govor predsednice Jahjaga na akademiji povodom 10. godi&#154;njice od smrti biv&#154;eg predsednika Rugove - Predsednik Republike Kosovo - DR. VJOSA OSMANI - SADRIU","isPartOf":{"@id":"https:\/\/president-ksgov.net\/#website"},"primaryImageOfPage":{"@id":"https:\/\/president-ksgov.net\/fjalimi-i-presidentes-jahjaga-ne-akademine-me-rastin-e-10-vjetorit-te-vdekjes-se-ish-presidentit-rugova-2\/#primaryimage"},"image":{"@id":"https:\/\/president-ksgov.net\/fjalimi-i-presidentes-jahjaga-ne-akademine-me-rastin-e-10-vjetorit-te-vdekjes-se-ish-presidentit-rugova-2\/#primaryimage"},"thumbnailUrl":"https:\/\/president-ksgov.net\/wp-content\/uploads\/21_01_2016_5253894_21_01_2016_Akademia_1.jpg","datePublished":"2016-01-21T18:36:56+00:00","dateModified":"2016-01-21T18:36:56+00:00","author":{"@id":"https:\/\/president-ksgov.net\/#\/schema\/person\/bb4337a5fb147cb2046d80548172cbee"},"description":"Govor predsednice Jahjaga na akademiji povodom 10. godi&#154;njice od smrti biv&#154;eg predsednika Rugove - Predsednik Republike Kosovo - DR. VJOSA OSMANI - SADRIU -","breadcrumb":{"@id":"https:\/\/president-ksgov.net\/fjalimi-i-presidentes-jahjaga-ne-akademine-me-rastin-e-10-vjetorit-te-vdekjes-se-ish-presidentit-rugova-2\/#breadcrumb"},"inLanguage":"sr-RS","potentialAction":[{"@type":"ReadAction","target":["https:\/\/president-ksgov.net\/fjalimi-i-presidentes-jahjaga-ne-akademine-me-rastin-e-10-vjetorit-te-vdekjes-se-ish-presidentit-rugova-2\/"]}]},{"@type":"ImageObject","inLanguage":"sr-RS","@id":"https:\/\/president-ksgov.net\/fjalimi-i-presidentes-jahjaga-ne-akademine-me-rastin-e-10-vjetorit-te-vdekjes-se-ish-presidentit-rugova-2\/#primaryimage","url":"https:\/\/president-ksgov.net\/wp-content\/uploads\/21_01_2016_5253894_21_01_2016_Akademia_1.jpg","contentUrl":"https:\/\/president-ksgov.net\/wp-content\/uploads\/21_01_2016_5253894_21_01_2016_Akademia_1.jpg","width":1024,"height":729},{"@type":"BreadcrumbList","@id":"https:\/\/president-ksgov.net\/fjalimi-i-presidentes-jahjaga-ne-akademine-me-rastin-e-10-vjetorit-te-vdekjes-se-ish-presidentit-rugova-2\/#breadcrumb","itemListElement":[{"@type":"ListItem","position":1,"name":"Home","item":"https:\/\/president-ksgov.net\/sr\/"},{"@type":"ListItem","position":2,"name":"Govor predsednice Jahjaga na akademiji povodom 10. godi&#154;njice od smrti biv&#154;eg predsednika Rugove"}]},{"@type":"WebSite","@id":"https:\/\/president-ksgov.net\/#website","url":"https:\/\/president-ksgov.net\/","name":"Presidente e Republik\u00ebs s\u00eb Kosov\u00ebs","description":"Presidente e Republik\u00ebs s\u00eb Kosov\u00ebs","alternateName":"DR. VJOSA OSMANI - SADRIU","potentialAction":[{"@type":"SearchAction","target":{"@type":"EntryPoint","urlTemplate":"https:\/\/president-ksgov.net\/?s={search_term_string}"},"query-input":{"@type":"PropertyValueSpecification","valueRequired":true,"valueName":"search_term_string"}}],"inLanguage":"sr-RS"},{"@type":"Person","@id":"https:\/\/president-ksgov.net\/#\/schema\/person\/bb4337a5fb147cb2046d80548172cbee","name":"admin","image":{"@type":"ImageObject","inLanguage":"sr-RS","@id":"https:\/\/president-ksgov.net\/#\/schema\/person\/image\/","url":"https:\/\/secure.gravatar.com\/avatar\/36156ca0fa3b8d9d25174f146e16beea0cf28f37adf1b9e19b6c9c279a7c9dd3?s=96&d=mm&r=g","contentUrl":"https:\/\/secure.gravatar.com\/avatar\/36156ca0fa3b8d9d25174f146e16beea0cf28f37adf1b9e19b6c9c279a7c9dd3?s=96&d=mm&r=g","caption":"admin"},"sameAs":["https:\/\/president-ksgov.net"]}]}},"_links":{"self":[{"href":"https:\/\/president-ksgov.net\/sr\/wp-json\/wp\/v2\/posts\/77043","targetHints":{"allow":["GET"]}}],"collection":[{"href":"https:\/\/president-ksgov.net\/sr\/wp-json\/wp\/v2\/posts"}],"about":[{"href":"https:\/\/president-ksgov.net\/sr\/wp-json\/wp\/v2\/types\/post"}],"author":[{"embeddable":true,"href":"https:\/\/president-ksgov.net\/sr\/wp-json\/wp\/v2\/users\/1"}],"replies":[{"embeddable":true,"href":"https:\/\/president-ksgov.net\/sr\/wp-json\/wp\/v2\/comments?post=77043"}],"version-history":[{"count":0,"href":"https:\/\/president-ksgov.net\/sr\/wp-json\/wp\/v2\/posts\/77043\/revisions"}],"wp:featuredmedia":[{"embeddable":true,"href":"https:\/\/president-ksgov.net\/sr\/wp-json\/wp\/v2\/media\/36458"}],"wp:attachment":[{"href":"https:\/\/president-ksgov.net\/sr\/wp-json\/wp\/v2\/media?parent=77043"}],"wp:term":[{"taxonomy":"category","embeddable":true,"href":"https:\/\/president-ksgov.net\/sr\/wp-json\/wp\/v2\/categories?post=77043"},{"taxonomy":"post_tag","embeddable":true,"href":"https:\/\/president-ksgov.net\/sr\/wp-json\/wp\/v2\/tags?post=77043"}],"curies":[{"name":"wp","href":"https:\/\/api.w.org\/{rel}","templated":true}]}}