{"id":76998,"date":"2016-03-08T09:42:46","date_gmt":"2016-03-08T09:42:46","guid":{"rendered":"https:\/\/dev.president-ksgov.net\/editorijal-o-snazi-kosovske-ene\/"},"modified":"2016-03-08T09:42:46","modified_gmt":"2016-03-08T09:42:46","slug":"editorijal-o-snazi-kosovske-ene","status":"publish","type":"post","link":"https:\/\/president-ksgov.net\/sr\/editorijal-o-snazi-kosovske-ene\/","title":{"rendered":"Editorijal: O snazi kosovske &#158;ene"},"content":{"rendered":"<p>Svaka &#382;ena ove zemlje ima cenjenu istoriju &#382;rtve, otpora, vere i snage. Pri\u010de koje smo mo&#382;da \u010duli, koje smo podelili jedni sa drugima s ponosom ili za koje smo tra&#382;ili da postupamo zajedno kako bismo ih promenili i kako ne bismo dozvolili da se ponove.<\/p>\n<p>Ima i na stotine hiljada pri\u010da koje \u010dine &#382;ivot na&#353;eg dru&#353;tva, koje nam govore o na&#353;oj pro&#353;losti i koje odre\u0111uju svaki dana&#353;nji dan i budu\u0107nost koja nas \u010deka. Pri\u010de koje ne znamo, a koje neretko biramo da ne saslu&#353;amo.<br \/>\n\u00a0<br \/>\nTokom ovih pet godina kao predsednica zemlje, imala sam posebnu \u010dast i privilegiju da izbliza \u010dujem ove pri\u010de, da zapla\u010dem i da se obradujem sa njima, da osetim bol i da budem ponosna, da dobijem od njih snagu, da postanem jedno sa njima i da se zakunem da \u0107u svakoga dana neumorno raditi na tome da snaga koju one predstavljaju bude snaga koja gura napred na&#353;e dru&#353;tvo. <\/p>\n<p>U razli\u010ditim delovima sveta sam podelila pri\u010du kosovskih &#382;ena, njihovog sna&#382;nog glasa u vreme otpora i rata, njihovih stoi\u010dkih poku&#353;aja da slome izolaciju, da dokumentuju zlo\u010din, da od sveta tra&#382;e da ka&#382;e njemu stop, nesalomive, spremne na svaku &#382;rtvu kako bi za&#353;title porodicu u zemlju, da bi za&#353;titile sve nas. <\/p>\n<p>Sa posebnim emocijama sam saslu&#353;ala i pri\u010de mnogih na&#353;ih prijatelja o snazi i ponosu koje su videli kod kosovskih &#382;ena, kako kod onih koje su &#353;title prava svih gra\u0111ana, tako i kod onih koje su susreli u mnogobrojnim izbegli\u010dkim kampovima u vreme kada su, takore\u0107i, izgubile sve. <\/p>\n<p>Obijala sam da prihvatim, i dalje odbijam da prihvatim, da ova snaga na&#353;eg dru&#353;tva, kojom svi treba da se ponosimo svakoga dana, bude ostavljena u ti&#353;ini, ili da je se setimo i da je priznamo samo na dane kao &#353;to je ovaj dana&#353;nji, Me\u0111unarodni dan &#382;ena.<br \/>\nDanas, kada slavimo slobodu, kada po&#353;tujemo &#382;rtvu \u010ditavih generacija, kada gradimo na&#353;u dr&#382;avu uz mnogobrojne\u00a0 poku&#353;aje, treba da se setimo da smo vekovima zajedno pru&#382;ali otpor, zato danas treba da radimo mnogo vi&#353;e na ovom putu izgradnje na&#353;e dr&#382;ave, da nastavimo, onako kako smo zapo\u010deli, zajedno, prihvataju\u0107i \u010dinjenicu da ova zemlja pripada svima. <\/p>\n<p>Pre dve godine, na ovaj dan sam donela odluku da rukovodim institucionalnim i dru&#353;tvenim diskursom, o jednoj od najte&#382;ih posledica koje je rat ostavio na nedu&#382;no stanovni&#353;tvo na&#353;e zemlje, o u&#382;asnom ratnom zlo\u010dinu koji je tela hiljade na&#353;ih gra\u0111ana pretvorio u ratno polje. <\/p>\n<p>Ovo sam odlu\u010dila da uradim jer smo dugo \u0107utali o tome zbog na&#353;e istorije, preobra\u0107aju\u0107i je u na&#353;u zabranjenu i skrivenu pri\u010du, preobra\u0107aju\u0107i je nepravedno u sramotnu pri\u010du,\u00a0 koja je bila teret nad ple\u0107ima i nad du&#353;om &#382;rtava ovog zlo\u010dina, a ne nad onima koji su izvr&#353;ili ovaj zlo\u010din. <\/p>\n<p>S ponosom \u0107u se uvek se\u0107ati onog dana, prvog sastanka Nacionalnog saveta za pre&#382;ivele seksualnog nasilja tokom rata, po&#353;to smo zajedno sa institucijama i civilnim dru&#353;tvom izmenili pravac na&#353;e istorije, priznali smo seksualno nasilje kao ratni zlo\u010din, &#382;rtve smo nazvali pre&#382;ivelim, po&#353;tuju\u0107i i javno priznaju\u0107i kao nikada ranije njihovu &#382;rtvu i nepravdu koja im je naneta. <\/p>\n<p>Zakleli samo se da \u0107emo preduzeti svaki korak koji je mogu\u0107 kako bismo ih rehabilitovali, ponovo integrisali, ponovo socijalizovali pre&#382;ivele seksualnog nasilja tokom rata, kako bismo tra&#382;ili pravdu za njih, <\/p>\n<p>Za ove dve godine, uz pomo\u0107 Saveta smo postigli da jednom zauvek sru&#353;imo institucionalnu i dru&#353;tvenu \u0107utnju, tabu u tretiranju ovog ratnog zlo\u010dina, neumorno smo radili kako bismo se borili protiv stigme koja i dalje okru&#382;uje ovaj zlo\u010din.<br \/>\nPostigli smo da pru&#382;amo zakonsko priznanje pre&#382;ivelih, da pre&#382;ivelima pru&#382;amo dobre uslove i psiho- socijalne i zdravstvene usluge, da sastavimo jasan plan rada kako bismo im olak&#353;ali pristup pravdi i kako bismo im pru&#382;ali uvek vi&#353;e mogu\u0107nosti za ekonomsko ja\u010danje. <\/p>\n<p>Uperili smo o\u010di sveta na ovaj ratni zlo\u010din koji se dogodio na Kosovu i tra&#382;ili smo da ga prizna i da ga kazni, postaju\u0107i i deo globalnih inicijativa kako bismo spre\u010dili upotrebu seksualnog nasilja kao ratnog sredstva. <\/p>\n<p>Pomo\u0107u Saveta je ura\u0111eno mnogo posla, uspostavljeni su dugoro\u010dni ciljevi za pravi\u010dno i dostojanstveno tretiranje pre&#382;ivelih seksualnog nasilja tokom rata, pru&#382;aju\u0107i i ostalim dr&#382;avama sveta, koje se suo\u010davaju sa sli\u010dnim posledicama rata, dobar primer kako jedno dru&#353;tvo treba da tretira njegove pre&#382;ivele, stavljaju\u0107i ga pod rukovo\u0111enje najvi&#353;e dr&#382;avne institucije, Predsedni&#353;tva. <\/p>\n<p>Ali, dr&#382;avne institucije imaju jo&#353; uvek puno posla da urade, kako bi ispunile obaveze koje imaju prema pre&#382;ivelim seksualnog nasilja tokom rata. Ja o\u010dekujem od dr&#382;avnih institucija da budu oprezne i da preuzmu ispunjene svih obaveza koje im pripadaju.<br \/>\nJa sada o\u010dekujem da Vlada ispuni njenu obavezu i da &#353;to pre formira vladinu komisiju za priznavanje i utvr\u0111ivanje i da proces priznavanja zakonskog statusa za pre&#382;ivele seksualnog nasilja tokom rata i beneficije koje su predvi\u0111ene zakonom, budu sprovedeni. Svako ka&#353;njenje u tom pravcu je gubljenje poverenja pre&#382;ivelih, poverenje koje smo uz mnogo truda i napora, ponovo pridobili. <\/p>\n<p>Ja o\u010dekujem od dr&#382;avnog pravosudnog sistema da nastavi sa poku&#353;ajima i posve\u0107eno&#353;\u0107u da &#382;rtvama pru&#382;aj potreban i zaslu&#382;en pristup pravdi i u budu\u0107nosti.<br \/>\nO\u010dekujem da nastave sa preduzetim koracima u integrisanju &#382;rtava seksualnog nasilja tokom rata u svim zakonodavnim okvirima jednako i dostojanstveno, onako kako smo to u\u010dinili za sve ostale kategorije koje su proizi&#353;le iz rata. <\/p>\n<p>Treba da nastavimo da tra&#382;imo vi&#353;e anga&#382;ovanja od me\u0111unarodne zajednice da prizna zlo\u010din seksualnog nasilja koji je izvr&#353;en tokom rata na Kosovu i da kazni izvr&#353;ioce ovog zlo\u010dina.<br \/>\nI iznad svega, tra&#382;im i o\u010dekujem od \u010ditavog na&#353;eg dru&#353;tva, da prizna ovaj ratni zlo\u010din, da po&#353;tuje &#382;rtvu pre&#382;ivelih i da nastavi da podr&#382;ava njihove poku&#353;aje da izgrade &#382;ivot u miru, daleko od ovog zlo\u010dina. <\/p>\n<p>Ja ovaj dan, posve\u0107ujem njima, njuhovoj snazi, po&#353;tovanju za njih govore\u0107i im da ne\u0107u prestati da im pru&#382;am moju podr&#353;ku do potpunog ostvarivanja svih njihovih prava. Uvek \u0107u im biti zahvalna &#353;to su otvorile njihovu du&#353;u sa mnom i &#353;to su me u\u010dinile njihovim delom.<\/p>\n<p>One vi&#353;e ne &#353;apu\u0107u, one jasno govore i glasno tra&#382;e pravdu. <\/p>\n<p>I mi smo du&#382;ni da nastavimo da govorimo veoma jasno, u zemlji i van nje, kao institucije i kao \u010ditavo dru&#353;tvo, da ne\u0107emo stati sa tra&#382;enjem pravde za pre&#382;ivele seksualnog nasilja tokom rata na Kosovu, ne\u0107emo se zaustaviti do potpunog ostvarivanja svih njihovih prava. <\/p>\n<p>Ne treba da stanemo dok pravda ne zauzme svoje mesto.\u00a0 <\/p>\n<p>Dru&#353;tvo koje zna da se ponosi sa vrednostima njegovih gra\u0111ana, sa njihovom &#382;rtvom i njihovom snagom, je dru&#353;tvo koje mo&#382;e da prevazi\u0111e svaki izazov, dru&#353;tvo koje je jasno u njegovoj viziji za budu\u0107nost. Ja imam poverenja u na&#353;e dru&#353;tvo. <\/p>\n<p>Atifete Jahjaga<br \/>\nPredsednica Republike Kosova<br \/>\n\u00a0<\/p>\n","protected":false},"excerpt":{"rendered":"<p>Svaka &#382;ena ove zemlje ima cenjenu istoriju &#382;rtve, otpora, vere i snage. Pri\u010de koje smo mo&#382;da \u010duli, koje smo podelili jedni sa drugima s ponosom ili za koje smo tra&#382;ili da postupamo zajedno kako bismo ih promenili i kako ne bismo dozvolili da se ponove.<\/p>\n","protected":false},"author":1,"featured_media":35882,"comment_status":"open","ping_status":"closed","sticky":false,"template":"","format":"standard","meta":{"_eb_attr":"","footnotes":""},"categories":[101],"tags":[],"class_list":["post-76998","post","type-post","status-publish","format-standard","has-post-thumbnail","hentry","category-vesti"],"yoast_head":"<!-- This site is optimized with the Yoast SEO plugin v23.5 - https:\/\/yoast.com\/wordpress\/plugins\/seo\/ -->\n<title>Editorijal: O snazi kosovske &#158;ene - Predsednik Republike Kosovo - DR. VJOSA OSMANI - SADRIU<\/title>\n<meta name=\"description\" content=\"Editorijal: O snazi kosovske &#158;ene - Predsednik Republike Kosovo - DR. VJOSA OSMANI - SADRIU -\" \/>\n<meta name=\"robots\" content=\"index, follow, max-snippet:-1, max-image-preview:large, max-video-preview:-1\" \/>\n<link rel=\"canonical\" href=\"https:\/\/president-ksgov.net\/editorial-per-forcen-e-gruas-se-kosoves\/\" \/>\n<meta property=\"og:locale\" content=\"sr_RS\" \/>\n<meta property=\"og:type\" content=\"article\" \/>\n<meta property=\"og:title\" content=\"Editorijal: O snazi kosovske &#158;ene - Predsednik Republike Kosovo - DR. VJOSA OSMANI - SADRIU\" \/>\n<meta property=\"og:description\" content=\"Editorijal: O snazi kosovske &#158;ene - Predsednik Republike Kosovo - DR. VJOSA OSMANI - SADRIU -\" \/>\n<meta property=\"og:url\" content=\"https:\/\/president-ksgov.net\/editorial-per-forcen-e-gruas-se-kosoves\/\" \/>\n<meta property=\"og:site_name\" content=\"Predsednik Republike Kosovo - DR. VJOSA OSMANI - SADRIU\" \/>\n<meta property=\"article:published_time\" content=\"2016-03-08T09:42:46+00:00\" \/>\n<meta property=\"og:image\" content=\"https:\/\/president-ksgov.net\/wp-content\/uploads\/08_03_2016_4456635_319531_424958087593340_1901501243_n.jpg\" \/>\n\t<meta property=\"og:image:width\" content=\"640\" \/>\n\t<meta property=\"og:image:height\" content=\"422\" \/>\n\t<meta property=\"og:image:type\" content=\"image\/jpeg\" \/>\n<meta name=\"author\" content=\"admin\" \/>\n<meta name=\"twitter:card\" content=\"summary_large_image\" \/>\n<meta name=\"twitter:label1\" content=\"\u041d\u0430\u043f\u0438\u0441\u0430\u043d\u043e \u043e\u0434\" \/>\n\t<meta name=\"twitter:data1\" content=\"admin\" \/>\n\t<meta name=\"twitter:label2\" content=\"\u041f\u0440\u043e\u0446\u0435\u045a\u0435\u043d\u043e \u0432\u0440\u0435\u043c\u0435 \u0447\u0438\u0442\u0430\u045a\u0430\" \/>\n\t<meta name=\"twitter:data2\" content=\"6 \u043c\u0438\u043d\u0443\u0442\u0430\" \/>\n<script type=\"application\/ld+json\" class=\"yoast-schema-graph\">{\"@context\":\"https:\/\/schema.org\",\"@graph\":[{\"@type\":\"WebPage\",\"@id\":\"https:\/\/president-ksgov.net\/editorial-per-forcen-e-gruas-se-kosoves\/\",\"url\":\"https:\/\/president-ksgov.net\/editorial-per-forcen-e-gruas-se-kosoves\/\",\"name\":\"Editorijal: O snazi kosovske &#158;ene - Predsednik Republike Kosovo - DR. VJOSA OSMANI - SADRIU\",\"isPartOf\":{\"@id\":\"https:\/\/president-ksgov.net\/#website\"},\"primaryImageOfPage\":{\"@id\":\"https:\/\/president-ksgov.net\/editorial-per-forcen-e-gruas-se-kosoves\/#primaryimage\"},\"image\":{\"@id\":\"https:\/\/president-ksgov.net\/editorial-per-forcen-e-gruas-se-kosoves\/#primaryimage\"},\"thumbnailUrl\":\"https:\/\/president-ksgov.net\/wp-content\/uploads\/08_03_2016_4456635_319531_424958087593340_1901501243_n.jpg\",\"datePublished\":\"2016-03-08T09:42:46+00:00\",\"dateModified\":\"2016-03-08T09:42:46+00:00\",\"author\":{\"@id\":\"https:\/\/president-ksgov.net\/#\/schema\/person\/bb4337a5fb147cb2046d80548172cbee\"},\"description\":\"Editorijal: O snazi kosovske &#158;ene - Predsednik Republike Kosovo - DR. VJOSA OSMANI - SADRIU -\",\"breadcrumb\":{\"@id\":\"https:\/\/president-ksgov.net\/editorial-per-forcen-e-gruas-se-kosoves\/#breadcrumb\"},\"inLanguage\":\"sr-RS\",\"potentialAction\":[{\"@type\":\"ReadAction\",\"target\":[\"https:\/\/president-ksgov.net\/editorial-per-forcen-e-gruas-se-kosoves\/\"]}]},{\"@type\":\"ImageObject\",\"inLanguage\":\"sr-RS\",\"@id\":\"https:\/\/president-ksgov.net\/editorial-per-forcen-e-gruas-se-kosoves\/#primaryimage\",\"url\":\"https:\/\/president-ksgov.net\/wp-content\/uploads\/08_03_2016_4456635_319531_424958087593340_1901501243_n.jpg\",\"contentUrl\":\"https:\/\/president-ksgov.net\/wp-content\/uploads\/08_03_2016_4456635_319531_424958087593340_1901501243_n.jpg\",\"width\":640,\"height\":422},{\"@type\":\"BreadcrumbList\",\"@id\":\"https:\/\/president-ksgov.net\/editorial-per-forcen-e-gruas-se-kosoves\/#breadcrumb\",\"itemListElement\":[{\"@type\":\"ListItem\",\"position\":1,\"name\":\"Home\",\"item\":\"https:\/\/president-ksgov.net\/sr\/\"},{\"@type\":\"ListItem\",\"position\":2,\"name\":\"Editorijal: O snazi kosovske &#158;ene\"}]},{\"@type\":\"WebSite\",\"@id\":\"https:\/\/president-ksgov.net\/#website\",\"url\":\"https:\/\/president-ksgov.net\/\",\"name\":\"Presidente e Republik\u00ebs s\u00eb Kosov\u00ebs\",\"description\":\"Presidente e Republik\u00ebs s\u00eb Kosov\u00ebs\",\"alternateName\":\"DR. VJOSA OSMANI - SADRIU\",\"potentialAction\":[{\"@type\":\"SearchAction\",\"target\":{\"@type\":\"EntryPoint\",\"urlTemplate\":\"https:\/\/president-ksgov.net\/?s={search_term_string}\"},\"query-input\":{\"@type\":\"PropertyValueSpecification\",\"valueRequired\":true,\"valueName\":\"search_term_string\"}}],\"inLanguage\":\"sr-RS\"},{\"@type\":\"Person\",\"@id\":\"https:\/\/president-ksgov.net\/#\/schema\/person\/bb4337a5fb147cb2046d80548172cbee\",\"name\":\"admin\",\"image\":{\"@type\":\"ImageObject\",\"inLanguage\":\"sr-RS\",\"@id\":\"https:\/\/president-ksgov.net\/#\/schema\/person\/image\/\",\"url\":\"https:\/\/secure.gravatar.com\/avatar\/36156ca0fa3b8d9d25174f146e16beea0cf28f37adf1b9e19b6c9c279a7c9dd3?s=96&d=mm&r=g\",\"contentUrl\":\"https:\/\/secure.gravatar.com\/avatar\/36156ca0fa3b8d9d25174f146e16beea0cf28f37adf1b9e19b6c9c279a7c9dd3?s=96&d=mm&r=g\",\"caption\":\"admin\"},\"sameAs\":[\"https:\/\/president-ksgov.net\"]}]}<\/script>\n<!-- \/ Yoast SEO plugin. -->","yoast_head_json":{"title":"Editorijal: O snazi kosovske &#158;ene - Predsednik Republike Kosovo - DR. VJOSA OSMANI - SADRIU","description":"Editorijal: O snazi kosovske &#158;ene - Predsednik Republike Kosovo - DR. VJOSA OSMANI - SADRIU -","robots":{"index":"index","follow":"follow","max-snippet":"max-snippet:-1","max-image-preview":"max-image-preview:large","max-video-preview":"max-video-preview:-1"},"canonical":"https:\/\/president-ksgov.net\/editorial-per-forcen-e-gruas-se-kosoves\/","og_locale":"sr_RS","og_type":"article","og_title":"Editorijal: O snazi kosovske &#158;ene - Predsednik Republike Kosovo - DR. VJOSA OSMANI - SADRIU","og_description":"Editorijal: O snazi kosovske &#158;ene - Predsednik Republike Kosovo - DR. VJOSA OSMANI - SADRIU -","og_url":"https:\/\/president-ksgov.net\/editorial-per-forcen-e-gruas-se-kosoves\/","og_site_name":"Predsednik Republike Kosovo - DR. VJOSA OSMANI - SADRIU","article_published_time":"2016-03-08T09:42:46+00:00","og_image":[{"width":640,"height":422,"url":"https:\/\/president-ksgov.net\/wp-content\/uploads\/08_03_2016_4456635_319531_424958087593340_1901501243_n.jpg","type":"image\/jpeg"}],"author":"admin","twitter_card":"summary_large_image","twitter_misc":{"\u041d\u0430\u043f\u0438\u0441\u0430\u043d\u043e \u043e\u0434":"admin","\u041f\u0440\u043e\u0446\u0435\u045a\u0435\u043d\u043e \u0432\u0440\u0435\u043c\u0435 \u0447\u0438\u0442\u0430\u045a\u0430":"6 \u043c\u0438\u043d\u0443\u0442\u0430"},"schema":{"@context":"https:\/\/schema.org","@graph":[{"@type":"WebPage","@id":"https:\/\/president-ksgov.net\/editorial-per-forcen-e-gruas-se-kosoves\/","url":"https:\/\/president-ksgov.net\/editorial-per-forcen-e-gruas-se-kosoves\/","name":"Editorijal: O snazi kosovske &#158;ene - Predsednik Republike Kosovo - DR. VJOSA OSMANI - SADRIU","isPartOf":{"@id":"https:\/\/president-ksgov.net\/#website"},"primaryImageOfPage":{"@id":"https:\/\/president-ksgov.net\/editorial-per-forcen-e-gruas-se-kosoves\/#primaryimage"},"image":{"@id":"https:\/\/president-ksgov.net\/editorial-per-forcen-e-gruas-se-kosoves\/#primaryimage"},"thumbnailUrl":"https:\/\/president-ksgov.net\/wp-content\/uploads\/08_03_2016_4456635_319531_424958087593340_1901501243_n.jpg","datePublished":"2016-03-08T09:42:46+00:00","dateModified":"2016-03-08T09:42:46+00:00","author":{"@id":"https:\/\/president-ksgov.net\/#\/schema\/person\/bb4337a5fb147cb2046d80548172cbee"},"description":"Editorijal: O snazi kosovske &#158;ene - Predsednik Republike Kosovo - DR. VJOSA OSMANI - SADRIU -","breadcrumb":{"@id":"https:\/\/president-ksgov.net\/editorial-per-forcen-e-gruas-se-kosoves\/#breadcrumb"},"inLanguage":"sr-RS","potentialAction":[{"@type":"ReadAction","target":["https:\/\/president-ksgov.net\/editorial-per-forcen-e-gruas-se-kosoves\/"]}]},{"@type":"ImageObject","inLanguage":"sr-RS","@id":"https:\/\/president-ksgov.net\/editorial-per-forcen-e-gruas-se-kosoves\/#primaryimage","url":"https:\/\/president-ksgov.net\/wp-content\/uploads\/08_03_2016_4456635_319531_424958087593340_1901501243_n.jpg","contentUrl":"https:\/\/president-ksgov.net\/wp-content\/uploads\/08_03_2016_4456635_319531_424958087593340_1901501243_n.jpg","width":640,"height":422},{"@type":"BreadcrumbList","@id":"https:\/\/president-ksgov.net\/editorial-per-forcen-e-gruas-se-kosoves\/#breadcrumb","itemListElement":[{"@type":"ListItem","position":1,"name":"Home","item":"https:\/\/president-ksgov.net\/sr\/"},{"@type":"ListItem","position":2,"name":"Editorijal: O snazi kosovske &#158;ene"}]},{"@type":"WebSite","@id":"https:\/\/president-ksgov.net\/#website","url":"https:\/\/president-ksgov.net\/","name":"Presidente e Republik\u00ebs s\u00eb Kosov\u00ebs","description":"Presidente e Republik\u00ebs s\u00eb Kosov\u00ebs","alternateName":"DR. VJOSA OSMANI - SADRIU","potentialAction":[{"@type":"SearchAction","target":{"@type":"EntryPoint","urlTemplate":"https:\/\/president-ksgov.net\/?s={search_term_string}"},"query-input":{"@type":"PropertyValueSpecification","valueRequired":true,"valueName":"search_term_string"}}],"inLanguage":"sr-RS"},{"@type":"Person","@id":"https:\/\/president-ksgov.net\/#\/schema\/person\/bb4337a5fb147cb2046d80548172cbee","name":"admin","image":{"@type":"ImageObject","inLanguage":"sr-RS","@id":"https:\/\/president-ksgov.net\/#\/schema\/person\/image\/","url":"https:\/\/secure.gravatar.com\/avatar\/36156ca0fa3b8d9d25174f146e16beea0cf28f37adf1b9e19b6c9c279a7c9dd3?s=96&d=mm&r=g","contentUrl":"https:\/\/secure.gravatar.com\/avatar\/36156ca0fa3b8d9d25174f146e16beea0cf28f37adf1b9e19b6c9c279a7c9dd3?s=96&d=mm&r=g","caption":"admin"},"sameAs":["https:\/\/president-ksgov.net"]}]}},"_links":{"self":[{"href":"https:\/\/president-ksgov.net\/sr\/wp-json\/wp\/v2\/posts\/76998","targetHints":{"allow":["GET"]}}],"collection":[{"href":"https:\/\/president-ksgov.net\/sr\/wp-json\/wp\/v2\/posts"}],"about":[{"href":"https:\/\/president-ksgov.net\/sr\/wp-json\/wp\/v2\/types\/post"}],"author":[{"embeddable":true,"href":"https:\/\/president-ksgov.net\/sr\/wp-json\/wp\/v2\/users\/1"}],"replies":[{"embeddable":true,"href":"https:\/\/president-ksgov.net\/sr\/wp-json\/wp\/v2\/comments?post=76998"}],"version-history":[{"count":0,"href":"https:\/\/president-ksgov.net\/sr\/wp-json\/wp\/v2\/posts\/76998\/revisions"}],"wp:featuredmedia":[{"embeddable":true,"href":"https:\/\/president-ksgov.net\/sr\/wp-json\/wp\/v2\/media\/35882"}],"wp:attachment":[{"href":"https:\/\/president-ksgov.net\/sr\/wp-json\/wp\/v2\/media?parent=76998"}],"wp:term":[{"taxonomy":"category","embeddable":true,"href":"https:\/\/president-ksgov.net\/sr\/wp-json\/wp\/v2\/categories?post=76998"},{"taxonomy":"post_tag","embeddable":true,"href":"https:\/\/president-ksgov.net\/sr\/wp-json\/wp\/v2\/tags?post=76998"}],"curies":[{"name":"wp","href":"https:\/\/api.w.org\/{rel}","templated":true}]}}