{"id":76992,"date":"2016-03-09T12:23:03","date_gmt":"2016-03-09T12:23:03","guid":{"rendered":"https:\/\/dev.president-ksgov.net\/govor-predsednice-jahjaga-na-formu-privatnog-sektora-koji-je-organizovao-program-kosme\/"},"modified":"2023-03-08T09:01:43","modified_gmt":"2023-03-08T09:01:43","slug":"govor-predsednice-jahjaga-na-formu-privatnog-sektora-koji-je-organizovao-program-kosme","status":"publish","type":"post","link":"https:\/\/president-ksgov.net\/sr\/govor-predsednice-jahjaga-na-formu-privatnog-sektora-koji-je-organizovao-program-kosme\/","title":{"rendered":"Govor predsednice Jahjaga na Formu privatnog sektora koji je organizovao program KOSME"},"content":{"rendered":"<p>Privatni sektor, ovaj glavni stub stabilnog ekonomskog razvoja, je prioritet u porastu. Ostavljan je po strani decenijama za redom, suo\u010davao se sa strukturnim i tranzitnim izazovima, a posebno su  mala i srednja preduze\u0107a imala pote&#353;ko\u0107e da ispune njihovu misiju: razvoj i stvaranje radnih mesta, razvoj izvoza, o&#382;ivljavanje inovativnih proizvoda i usluga i stvaranje boljih uslova &#382;ivota za na&#353;e gra\u0111ane.<\/p>\n<p>Po&#353;tovana ministarko Bajrami<br \/>\nPo&#353;tovani predstavnici institucija Republike Kosova.<br \/>\nPo&#353;tovani zameni\u010de kancelara,\u00a0 dr Busek,<br \/>\nPo&#353;tovana ambasadorko Marty Lang,<br \/>\nPo&#353;tovani predstavnici razvojnih organizacija, preduzetnici i po&#353;tovani gosti,<br \/>\n\u00a0<br \/>\nPrivatni sektor, ovaj glavni stub stabilnog ekonomskog razvoja, je prioritet u porastu. Ostavljan je po strani decenijama za redom, suo\u010davao se sa strukturnim i tranzitnim izazovima, a posebno su\u00a0 mala i srednja preduze\u0107a imala pote&#353;ko\u0107e da ispune njihovu misiju: razvoj i stvaranje radnih mesta, razvoj izvoza, o&#382;ivljavanje inovativnih proizvoda i usluga i stvaranje boljih uslova &#382;ivota za na&#353;e gra\u0111ane.<br \/>\n\u00a0<br \/>\nOd institucija Republike Kosova se tra&#382;i vi&#353;e anga&#382;ovanja u stvaranju preduslova za efektivno ekonomsko upravljanje, gde \u0107e nadvladati slobodna konkurencija, kao i izgradnju na razvojnom osnovu. Podr&#353;ka privatnom sektoru je institucionalna odgovornost. Mi ne treba da &#353;tedimo napore kako bismo doprineli u osvetljavanju izazova pred nama, \u010dija je te&#382;ina konstantno bila na na&#353;im ramenima. Mi treba da otvorimo put napred. Nikada ne mo&#382;emo da izgubimo nade za budu\u0107nost i treba da shvatimo da ne mo&#382;emo da izbegnemo na&#353;e odgovornosti. &#352;to se ranije suo\u010dimo sa ovim izazovima, to je bolje za nas i za generacije koje dolaze.<br \/>\n\u00a0<br \/>\nPrioriteti su jasni. Gra\u0111enje ekonomske politike treba da se zasnuje na pravim podr&#382;avaju\u0107im programima i na podacima i istra&#382;ivanjima od poverenja. Programi kao KOSME, koji su dali sna&#382;an doprinos u tom pravcu. Za stvaranje ekonomskom porasta, koji je toliko potreban kako bi se olak&#353;ali siroma&#353;tvo i nezaposlenost, treba izbegavati smetnje koje zaustavljaju ovaj porast.<br \/>\n\u00a0<br \/>\nRadi tog cilja, ja sam na po\u010detku godine koju smo ostavili za sobom, predstavila Vladi Kosova jednu listu ekonomskih mera, koje treba da se preduzmu odmah, kako bi se neke od ovih prepreka izbegle. Me\u0111u predlo&#382;enim merama su bili i nacrt novog zakona o javnim nabavkama kako bi se smanjili stepen zloupotreba i stepen korupcije.\u00a0 Sre\u0107na sam &#353;to sam ovaj zakon dekretirala nekoliko dana ranije. Tra&#382;ila sam, izme\u0111u ostalog, smanjenje vladinih tro&#353;kova kako bi se smanjio bud&#382;etski deficit, nacrt zakona o strate&#353;kim ulaganjima kako bismo privukli strana ulaganja i sastavljanje strategije za deblokadu prirodnih resursa. O\u010dekujem od Vlade da ubrza napore o zaklju\u010divanju ovog paketa mera kako bi reforme u korist razvoja privatnog sektora dobile potreban pravac.<br \/>\n\u00a0<br \/>\nU saradnji sa Privrednim komorama Kosova, na po\u010detku ove godine sam zapo\u010dela posete po kosovskim op&#353;tinama, kako bismo podstakli dijalog koji je potreban i koji fali ekonomskom razvoju, zapo&#353;ljavanju i stranim investicijama. Sada je jasno, da na&#353; ekonomski razvoj zavisi od stvaranja povoljnije klime za ulaganja, bez administrativnih prepreka, sa sna&#382;nom vladavinom zakona i jednake konkurencije.<br \/>\n\u00a0<br \/>\nCilj ovih poseta jeste direktno tretiranje ovih prepreka kako bismo pomogli firmama da prodru na Kosovo, uz napore da smanjimo nezaposlenost i da pove\u0107amo kvalitet &#382;ivota na Kosovu.\u00a0<br \/>\n\u00a0<br \/>\nU na&#353;em suo\u010davanju sa ovim izazovima nismo sami. Na sastancima koje sam imala sa austrijskim predsednikom, g. Fischer-om i sa mojim &#353;vajcarskim homologom, g\u0111om Sommaruga, tema koja je preovladavala je bila ekonomija. Austrija i &#352;vajcarska su me\u0111u najbitnijim dr&#382;avama za Kosovo na njegovom putu ja\u010danja dr&#382;avnosti i ekonomskog razvoja. Austrijska agencija za razvoj i &#352;vajcarska agencija za razvojnu saradnju, kako svedo\u010di i ovaj program, su me\u0111u glavnim doprinosiocima razvojne pomo\u0107i na Kosovu. Ove dve dr&#382;ave su i druga ku\u0107a za hiljade gra\u0111ana Kosova, koji su njihovim stru\u010dnim i finansijskim kapacitetima postali sna&#382;an stub kosovskog prosperiteta. Program KOSME je o&#382;ivljen upravo pripadnicima iz dijaspore, koji su izgradili najbolje sinergije sa vladama Austrije u &#352;vajcarske, kako bi unapredili razvoj privatnog sektora. Ne mogu a da se li\u010dno zahvalim vama, zameni\u010de kancelara g. Busek, jer kada nam je osvaja\u010d zatvorio na&#353;e &#353;kole i univerzitete na maternjem jeziku, vi ste bili taj, koji je kao ministar obrazovanja u Austriji, otvorio vrata za albanske studente i vi ste im omogu\u0107ili da skupljenim znanjem tamo, pomognu danas u obnovi na&#353;e zemlje. Veliko vam hvala!<br \/>\n\u00a0<br \/>\nNa&#353;i zajedni\u010dki napori za jedan bolji &#382;ivot za gra\u0111ane Kosova treba da budu ve\u0107i. Uz vi&#353;e radnih mesta, manje siroma&#353;tva, vi&#353;e sigurnosti, sve to treba da bude mogu\u0107e preko razvoja privatnog sektora. Dijalog sa preduzetnicima treba uvek da bude otvoren i uvek treba da bude konstruktivan. S toga vam &#382;elim jedan uspe&#353;an i plodan forum.<br \/>\n\u00a0<br \/>\nHvala vam!<\/p>\n","protected":false},"excerpt":{"rendered":"<p>Privatni sektor, ovaj glavni stub stabilnog ekonomskog razvoja, je prioritet u porastu. Ostavljan je po strani decenijama za redom, suo\u010davao se sa strukturnim i tranzitnim izazovima, a posebno su  mala i srednja preduze\u0107a imala pote&#353;ko\u0107e da ispune njihovu misiju: razvoj i stvaranje radnih mesta, razvoj izvoza, o&#382;ivljavanje inovativnih proizvoda i usluga i stvaranje boljih uslova &#382;ivota za na&#353;e gra\u0111ane.<\/p>\n","protected":false},"author":1,"featured_media":35813,"comment_status":"open","ping_status":"closed","sticky":false,"template":"","format":"standard","meta":{"_eb_attr":"","footnotes":""},"categories":[106],"tags":[],"class_list":["post-76992","post","type-post","status-publish","format-standard","has-post-thumbnail","hentry","category-govori"],"yoast_head":"<!-- This site is optimized with the Yoast SEO plugin v23.5 - https:\/\/yoast.com\/wordpress\/plugins\/seo\/ -->\n<title>Govor predsednice Jahjaga na Formu privatnog sektora koji je organizovao program KOSME - Predsednik Republike Kosovo - DR. VJOSA OSMANI - SADRIU<\/title>\n<meta name=\"description\" content=\"Govor predsednice Jahjaga na Formu privatnog sektora koji je organizovao program KOSME - Predsednik Republike Kosovo - DR. VJOSA OSMANI - SADRIU -\" \/>\n<meta name=\"robots\" content=\"index, follow, max-snippet:-1, max-image-preview:large, max-video-preview:-1\" \/>\n<link rel=\"canonical\" href=\"https:\/\/president-ksgov.net\/sr\/govor-predsednice-jahjaga-na-formu-privatnog-sektora-koji-je-organizovao-program-kosme\/\" \/>\n<meta property=\"og:locale\" content=\"sr_RS\" \/>\n<meta property=\"og:type\" content=\"article\" \/>\n<meta property=\"og:title\" content=\"Govor predsednice Jahjaga na Formu privatnog sektora koji je organizovao program KOSME - Predsednik Republike Kosovo - DR. VJOSA OSMANI - SADRIU\" \/>\n<meta property=\"og:description\" content=\"Govor predsednice Jahjaga na Formu privatnog sektora koji je organizovao program KOSME - Predsednik Republike Kosovo - DR. VJOSA OSMANI - SADRIU -\" \/>\n<meta property=\"og:url\" content=\"https:\/\/president-ksgov.net\/sr\/govor-predsednice-jahjaga-na-formu-privatnog-sektora-koji-je-organizovao-program-kosme\/\" \/>\n<meta property=\"og:site_name\" content=\"Predsednik Republike Kosovo - DR. VJOSA OSMANI - SADRIU\" \/>\n<meta property=\"article:published_time\" content=\"2016-03-09T12:23:03+00:00\" \/>\n<meta property=\"article:modified_time\" content=\"2023-03-08T09:01:43+00:00\" \/>\n<meta property=\"og:image\" content=\"https:\/\/president-ksgov.net\/wp-content\/uploads\/10_03_2016_2739686_09_03_2016_Takim_1.jpg\" \/>\n\t<meta property=\"og:image:width\" content=\"1024\" \/>\n\t<meta property=\"og:image:height\" content=\"665\" \/>\n\t<meta property=\"og:image:type\" content=\"image\/jpeg\" \/>\n<meta name=\"author\" content=\"admin\" \/>\n<meta name=\"twitter:card\" content=\"summary_large_image\" \/>\n<meta name=\"twitter:label1\" content=\"\u041d\u0430\u043f\u0438\u0441\u0430\u043d\u043e \u043e\u0434\" \/>\n\t<meta name=\"twitter:data1\" content=\"admin\" \/>\n\t<meta name=\"twitter:label2\" content=\"\u041f\u0440\u043e\u0446\u0435\u045a\u0435\u043d\u043e \u0432\u0440\u0435\u043c\u0435 \u0447\u0438\u0442\u0430\u045a\u0430\" \/>\n\t<meta name=\"twitter:data2\" content=\"4 \u043c\u0438\u043d\u0443\u0442\u0430\" \/>\n<script type=\"application\/ld+json\" class=\"yoast-schema-graph\">{\"@context\":\"https:\/\/schema.org\",\"@graph\":[{\"@type\":\"WebPage\",\"@id\":\"https:\/\/president-ksgov.net\/sr\/govor-predsednice-jahjaga-na-formu-privatnog-sektora-koji-je-organizovao-program-kosme\/\",\"url\":\"https:\/\/president-ksgov.net\/sr\/govor-predsednice-jahjaga-na-formu-privatnog-sektora-koji-je-organizovao-program-kosme\/\",\"name\":\"Govor predsednice Jahjaga na Formu privatnog sektora koji je organizovao program KOSME - Predsednik Republike Kosovo - DR. VJOSA OSMANI - SADRIU\",\"isPartOf\":{\"@id\":\"https:\/\/president-ksgov.net\/#website\"},\"primaryImageOfPage\":{\"@id\":\"https:\/\/president-ksgov.net\/sr\/govor-predsednice-jahjaga-na-formu-privatnog-sektora-koji-je-organizovao-program-kosme\/#primaryimage\"},\"image\":{\"@id\":\"https:\/\/president-ksgov.net\/sr\/govor-predsednice-jahjaga-na-formu-privatnog-sektora-koji-je-organizovao-program-kosme\/#primaryimage\"},\"thumbnailUrl\":\"https:\/\/president-ksgov.net\/wp-content\/uploads\/10_03_2016_2739686_09_03_2016_Takim_1.jpg\",\"datePublished\":\"2016-03-09T12:23:03+00:00\",\"dateModified\":\"2023-03-08T09:01:43+00:00\",\"author\":{\"@id\":\"https:\/\/president-ksgov.net\/#\/schema\/person\/bb4337a5fb147cb2046d80548172cbee\"},\"description\":\"Govor predsednice Jahjaga na Formu privatnog sektora koji je organizovao program KOSME - Predsednik Republike Kosovo - DR. VJOSA OSMANI - SADRIU -\",\"breadcrumb\":{\"@id\":\"https:\/\/president-ksgov.net\/sr\/govor-predsednice-jahjaga-na-formu-privatnog-sektora-koji-je-organizovao-program-kosme\/#breadcrumb\"},\"inLanguage\":\"sr-RS\",\"potentialAction\":[{\"@type\":\"ReadAction\",\"target\":[\"https:\/\/president-ksgov.net\/sr\/govor-predsednice-jahjaga-na-formu-privatnog-sektora-koji-je-organizovao-program-kosme\/\"]}]},{\"@type\":\"ImageObject\",\"inLanguage\":\"sr-RS\",\"@id\":\"https:\/\/president-ksgov.net\/sr\/govor-predsednice-jahjaga-na-formu-privatnog-sektora-koji-je-organizovao-program-kosme\/#primaryimage\",\"url\":\"https:\/\/president-ksgov.net\/wp-content\/uploads\/10_03_2016_2739686_09_03_2016_Takim_1.jpg\",\"contentUrl\":\"https:\/\/president-ksgov.net\/wp-content\/uploads\/10_03_2016_2739686_09_03_2016_Takim_1.jpg\",\"width\":1024,\"height\":665},{\"@type\":\"BreadcrumbList\",\"@id\":\"https:\/\/president-ksgov.net\/sr\/govor-predsednice-jahjaga-na-formu-privatnog-sektora-koji-je-organizovao-program-kosme\/#breadcrumb\",\"itemListElement\":[{\"@type\":\"ListItem\",\"position\":1,\"name\":\"Home\",\"item\":\"https:\/\/president-ksgov.net\/sr\/\"},{\"@type\":\"ListItem\",\"position\":2,\"name\":\"Govor predsednice Jahjaga na Formu privatnog sektora koji je organizovao program KOSME\"}]},{\"@type\":\"WebSite\",\"@id\":\"https:\/\/president-ksgov.net\/#website\",\"url\":\"https:\/\/president-ksgov.net\/\",\"name\":\"Presidente e Republik\u00ebs s\u00eb Kosov\u00ebs\",\"description\":\"Presidente e Republik\u00ebs s\u00eb Kosov\u00ebs\",\"alternateName\":\"DR. VJOSA OSMANI - SADRIU\",\"potentialAction\":[{\"@type\":\"SearchAction\",\"target\":{\"@type\":\"EntryPoint\",\"urlTemplate\":\"https:\/\/president-ksgov.net\/?s={search_term_string}\"},\"query-input\":{\"@type\":\"PropertyValueSpecification\",\"valueRequired\":true,\"valueName\":\"search_term_string\"}}],\"inLanguage\":\"sr-RS\"},{\"@type\":\"Person\",\"@id\":\"https:\/\/president-ksgov.net\/#\/schema\/person\/bb4337a5fb147cb2046d80548172cbee\",\"name\":\"admin\",\"image\":{\"@type\":\"ImageObject\",\"inLanguage\":\"sr-RS\",\"@id\":\"https:\/\/president-ksgov.net\/#\/schema\/person\/image\/\",\"url\":\"https:\/\/secure.gravatar.com\/avatar\/36156ca0fa3b8d9d25174f146e16beea0cf28f37adf1b9e19b6c9c279a7c9dd3?s=96&d=mm&r=g\",\"contentUrl\":\"https:\/\/secure.gravatar.com\/avatar\/36156ca0fa3b8d9d25174f146e16beea0cf28f37adf1b9e19b6c9c279a7c9dd3?s=96&d=mm&r=g\",\"caption\":\"admin\"},\"sameAs\":[\"https:\/\/president-ksgov.net\"]}]}<\/script>\n<!-- \/ Yoast SEO plugin. -->","yoast_head_json":{"title":"Govor predsednice Jahjaga na Formu privatnog sektora koji je organizovao program KOSME - Predsednik Republike Kosovo - DR. VJOSA OSMANI - SADRIU","description":"Govor predsednice Jahjaga na Formu privatnog sektora koji je organizovao program KOSME - Predsednik Republike Kosovo - DR. VJOSA OSMANI - SADRIU -","robots":{"index":"index","follow":"follow","max-snippet":"max-snippet:-1","max-image-preview":"max-image-preview:large","max-video-preview":"max-video-preview:-1"},"canonical":"https:\/\/president-ksgov.net\/sr\/govor-predsednice-jahjaga-na-formu-privatnog-sektora-koji-je-organizovao-program-kosme\/","og_locale":"sr_RS","og_type":"article","og_title":"Govor predsednice Jahjaga na Formu privatnog sektora koji je organizovao program KOSME - Predsednik Republike Kosovo - DR. VJOSA OSMANI - SADRIU","og_description":"Govor predsednice Jahjaga na Formu privatnog sektora koji je organizovao program KOSME - Predsednik Republike Kosovo - DR. VJOSA OSMANI - SADRIU -","og_url":"https:\/\/president-ksgov.net\/sr\/govor-predsednice-jahjaga-na-formu-privatnog-sektora-koji-je-organizovao-program-kosme\/","og_site_name":"Predsednik Republike Kosovo - DR. VJOSA OSMANI - SADRIU","article_published_time":"2016-03-09T12:23:03+00:00","article_modified_time":"2023-03-08T09:01:43+00:00","og_image":[{"width":1024,"height":665,"url":"https:\/\/president-ksgov.net\/wp-content\/uploads\/10_03_2016_2739686_09_03_2016_Takim_1.jpg","type":"image\/jpeg"}],"author":"admin","twitter_card":"summary_large_image","twitter_misc":{"\u041d\u0430\u043f\u0438\u0441\u0430\u043d\u043e \u043e\u0434":"admin","\u041f\u0440\u043e\u0446\u0435\u045a\u0435\u043d\u043e \u0432\u0440\u0435\u043c\u0435 \u0447\u0438\u0442\u0430\u045a\u0430":"4 \u043c\u0438\u043d\u0443\u0442\u0430"},"schema":{"@context":"https:\/\/schema.org","@graph":[{"@type":"WebPage","@id":"https:\/\/president-ksgov.net\/sr\/govor-predsednice-jahjaga-na-formu-privatnog-sektora-koji-je-organizovao-program-kosme\/","url":"https:\/\/president-ksgov.net\/sr\/govor-predsednice-jahjaga-na-formu-privatnog-sektora-koji-je-organizovao-program-kosme\/","name":"Govor predsednice Jahjaga na Formu privatnog sektora koji je organizovao program KOSME - Predsednik Republike Kosovo - DR. VJOSA OSMANI - SADRIU","isPartOf":{"@id":"https:\/\/president-ksgov.net\/#website"},"primaryImageOfPage":{"@id":"https:\/\/president-ksgov.net\/sr\/govor-predsednice-jahjaga-na-formu-privatnog-sektora-koji-je-organizovao-program-kosme\/#primaryimage"},"image":{"@id":"https:\/\/president-ksgov.net\/sr\/govor-predsednice-jahjaga-na-formu-privatnog-sektora-koji-je-organizovao-program-kosme\/#primaryimage"},"thumbnailUrl":"https:\/\/president-ksgov.net\/wp-content\/uploads\/10_03_2016_2739686_09_03_2016_Takim_1.jpg","datePublished":"2016-03-09T12:23:03+00:00","dateModified":"2023-03-08T09:01:43+00:00","author":{"@id":"https:\/\/president-ksgov.net\/#\/schema\/person\/bb4337a5fb147cb2046d80548172cbee"},"description":"Govor predsednice Jahjaga na Formu privatnog sektora koji je organizovao program KOSME - Predsednik Republike Kosovo - DR. VJOSA OSMANI - SADRIU -","breadcrumb":{"@id":"https:\/\/president-ksgov.net\/sr\/govor-predsednice-jahjaga-na-formu-privatnog-sektora-koji-je-organizovao-program-kosme\/#breadcrumb"},"inLanguage":"sr-RS","potentialAction":[{"@type":"ReadAction","target":["https:\/\/president-ksgov.net\/sr\/govor-predsednice-jahjaga-na-formu-privatnog-sektora-koji-je-organizovao-program-kosme\/"]}]},{"@type":"ImageObject","inLanguage":"sr-RS","@id":"https:\/\/president-ksgov.net\/sr\/govor-predsednice-jahjaga-na-formu-privatnog-sektora-koji-je-organizovao-program-kosme\/#primaryimage","url":"https:\/\/president-ksgov.net\/wp-content\/uploads\/10_03_2016_2739686_09_03_2016_Takim_1.jpg","contentUrl":"https:\/\/president-ksgov.net\/wp-content\/uploads\/10_03_2016_2739686_09_03_2016_Takim_1.jpg","width":1024,"height":665},{"@type":"BreadcrumbList","@id":"https:\/\/president-ksgov.net\/sr\/govor-predsednice-jahjaga-na-formu-privatnog-sektora-koji-je-organizovao-program-kosme\/#breadcrumb","itemListElement":[{"@type":"ListItem","position":1,"name":"Home","item":"https:\/\/president-ksgov.net\/sr\/"},{"@type":"ListItem","position":2,"name":"Govor predsednice Jahjaga na Formu privatnog sektora koji je organizovao program KOSME"}]},{"@type":"WebSite","@id":"https:\/\/president-ksgov.net\/#website","url":"https:\/\/president-ksgov.net\/","name":"Presidente e Republik\u00ebs s\u00eb Kosov\u00ebs","description":"Presidente e Republik\u00ebs s\u00eb Kosov\u00ebs","alternateName":"DR. VJOSA OSMANI - SADRIU","potentialAction":[{"@type":"SearchAction","target":{"@type":"EntryPoint","urlTemplate":"https:\/\/president-ksgov.net\/?s={search_term_string}"},"query-input":{"@type":"PropertyValueSpecification","valueRequired":true,"valueName":"search_term_string"}}],"inLanguage":"sr-RS"},{"@type":"Person","@id":"https:\/\/president-ksgov.net\/#\/schema\/person\/bb4337a5fb147cb2046d80548172cbee","name":"admin","image":{"@type":"ImageObject","inLanguage":"sr-RS","@id":"https:\/\/president-ksgov.net\/#\/schema\/person\/image\/","url":"https:\/\/secure.gravatar.com\/avatar\/36156ca0fa3b8d9d25174f146e16beea0cf28f37adf1b9e19b6c9c279a7c9dd3?s=96&d=mm&r=g","contentUrl":"https:\/\/secure.gravatar.com\/avatar\/36156ca0fa3b8d9d25174f146e16beea0cf28f37adf1b9e19b6c9c279a7c9dd3?s=96&d=mm&r=g","caption":"admin"},"sameAs":["https:\/\/president-ksgov.net"]}]}},"_links":{"self":[{"href":"https:\/\/president-ksgov.net\/sr\/wp-json\/wp\/v2\/posts\/76992","targetHints":{"allow":["GET"]}}],"collection":[{"href":"https:\/\/president-ksgov.net\/sr\/wp-json\/wp\/v2\/posts"}],"about":[{"href":"https:\/\/president-ksgov.net\/sr\/wp-json\/wp\/v2\/types\/post"}],"author":[{"embeddable":true,"href":"https:\/\/president-ksgov.net\/sr\/wp-json\/wp\/v2\/users\/1"}],"replies":[{"embeddable":true,"href":"https:\/\/president-ksgov.net\/sr\/wp-json\/wp\/v2\/comments?post=76992"}],"version-history":[{"count":1,"href":"https:\/\/president-ksgov.net\/sr\/wp-json\/wp\/v2\/posts\/76992\/revisions"}],"predecessor-version":[{"id":81579,"href":"https:\/\/president-ksgov.net\/sr\/wp-json\/wp\/v2\/posts\/76992\/revisions\/81579"}],"wp:featuredmedia":[{"embeddable":true,"href":"https:\/\/president-ksgov.net\/sr\/wp-json\/wp\/v2\/media\/35813"}],"wp:attachment":[{"href":"https:\/\/president-ksgov.net\/sr\/wp-json\/wp\/v2\/media?parent=76992"}],"wp:term":[{"taxonomy":"category","embeddable":true,"href":"https:\/\/president-ksgov.net\/sr\/wp-json\/wp\/v2\/categories?post=76992"},{"taxonomy":"post_tag","embeddable":true,"href":"https:\/\/president-ksgov.net\/sr\/wp-json\/wp\/v2\/tags?post=76992"}],"curies":[{"name":"wp","href":"https:\/\/api.w.org\/{rel}","templated":true}]}}