{"id":76985,"date":"2016-03-15T15:20:57","date_gmt":"2016-03-15T15:20:57","guid":{"rendered":"https:\/\/dev.president-ksgov.net\/govor-predsednice-jahjaga-povodom-pokretanja-inicijative-za-odgovorno-rodno-budetiranje-2\/"},"modified":"2016-03-15T15:20:57","modified_gmt":"2016-03-15T15:20:57","slug":"govor-predsednice-jahjaga-povodom-pokretanja-inicijative-za-odgovorno-rodno-budetiranje-2","status":"publish","type":"post","link":"https:\/\/president-ksgov.net\/sr\/govor-predsednice-jahjaga-povodom-pokretanja-inicijative-za-odgovorno-rodno-budetiranje-2\/","title":{"rendered":"Govor predsednice Jahjaga povodom pokretanja inicijative za odgovorno rodno bud&#158;etiranje"},"content":{"rendered":"<p>Sa zadovoljstvom vam se obra\u0107am na po\u010detku ove inicijative koja ozna\u010dava korak bli&#382;e inkluzivnom dru&#353;tvu koje te&#382;imo da izgradimo, fokusiraju\u0107i se na izgradnju politika koje te&#382;e garantovanju rodne ravnopravnosti.<\/p>\n<p>Po&#353;tovani ministri,<br \/>\nPo&#353;tovani g. Hope,<br \/>\nPo&#353;tovana g\u0111o Rogova,<br \/>\n\u00a0<br \/>\nSa zadovoljstvom vam se obra\u0107am na po\u010detku ove inicijative koja ozna\u010dava korak bli&#382;e inkluzivnom dru&#353;tvu koje te&#382;imo da izgradimo, fokusiraju\u0107i se na izgradnju politika koje te&#382;e garantovanju rodne ravnopravnosti.<br \/>\n\u00a0<br \/>\n\u010cesto smo rgovorili da Kosovo ima zakonsku infrastrukturu garantovanja rodne jednakosti,ali smo identifikovali njeno sprovo\u0111enje kao slabu ta\u010dku.<br \/>\n\u00a0<br \/>\nOp&#353;te rodno bud&#382;etiranje sada je deo zakonskog okvira zemlje koja od svih javnih institucija, kako onih na centralnom, tako i od onih na lokalnom nivou tra&#382;i da integri&#353;u rodnu jednakost u projekat razvojnih politika i u tro&#353;kove javnog novca.<br \/>\n\u00a0<br \/>\nS toga je dana&#353;nji korak pozitivna inicijativa koja \u0107e svakako doprineti sprovo\u0111enju zakona i stvaranju novih mogu\u0107nosti &#353;to ve\u0107eg u\u010destvovanja &#382;ena u ekonomskom razvoju i njihovoj perspektivi u sveop&#353;tem razvoju dru&#353;tva.<br \/>\n\u00a0<br \/>\nRodna ravnopravnost je glavni faktor u garantovanju stabilnog dru&#353;tva. &#381;ene su agenti mira, one su agenti stabilnosti, ali su ujedno i agenti razvoja.<br \/>\n\u00a0<br \/>\nJednako u\u010destvovanje &#382;ena garantuje demokratsko dru&#353;tvo, ekonomiju sa stabilnim razvojem i iznad svega svetlu budu\u0107nost za budu\u0107e generacije.<br \/>\n\u00a0<br \/>\nSvakako da se na&#353; sada&#353;nji razvoj ne bi dogodio bez nepokolebljivog i cenjenog doprinosa koji su &#382;ene uvek odigrale ne samo kao aktivni doprinosioci\u00a0 u ekonomiji i na drugim &#382;ivotnim poljima, ve\u0107 i u njihovom nepla\u0107enom radu u ku\u0107ama ili u neformalnom sektoru.<br \/>\n\u00a0<br \/>\nAli, na&#353; cilj treba da bude da unapredimo na&#353;a dru&#353;tva jo&#353; vi&#353;e, da za&#353;titimo demokratiju koju smo uz toliko muke sagradili, da promovi&#353;emo mir i sigurnost, a to ne mo&#382;emo da uradimo bez u\u010destvovanja &#382;ena u svakom &#382;ivotnom polju.<br \/>\n\u00a0<br \/>\n&#381;ene se suo\u010davaju sa mnogobrojnim strukturnim i sistematskim preprekama, koje ote&#382;avaju, ali i onemogu\u0107avaju njihovo aktivno u\u010de&#353;\u0107e u ekonomiji i ispunjenju njihovih ekonomskih potencijala.\u00a0<br \/>\n\u00a0<br \/>\n\u00a0Poslednjih godina smo uz ve\u0107u savest i uz vi&#353;e ozbiljnijeg truda od strane javnog sektora, ali i onog privatnog, identifikovali barijere sa kojima se suo\u010davaju i da bi preuzeli potrebne mere, po&#353;to je u\u010destvovanje &#382;ena u ekonomiji po\u010delo da se smatra ne samo ispunjenjem njihovih jednakih prava, ve\u0107 i kao pametno re&#353;enje koje donosi korist i beneficije za celo dru&#353;tvo i njegovo sveop&#353;te unapre\u0111ivanje.<br \/>\n\u00a0<br \/>\n\u00a0S toga je dana&#353;nji korak, korak koji predstavlja pametnu inicijativu koja pokazujee to, da je na&#353;a budu\u0107nost garantovana jednakim u\u010destvovanjem svih gra\u0111ana.<br \/>\n\u00a0<br \/>\nIzgradnja na&#353;ih gradova, njihova priroda treba da poka&#382;e sastav dru&#353;tva, svakako da se ovo ne mo&#382;e izvesti dok za stolom ne budemo imali glas &#382;ena, bez razmatranja i uzimamja u obzir njihovih posebnosti i potreba.<br \/>\n\u00a0<br \/>\nTreba da obuhvatimo i da uzmemo u obzir doprinos i potencijal &#382;ena kada projektujemo razvoj na&#353;ih gradova, op&#353;te ekonomije na&#353;e dr&#382;ave. Treba ovo da uradimo jer samo na ovaj na\u010din mo&#382;emo da garantujemo stabilan napredak.<br \/>\n\u00a0<br \/>\n&#381;elim da \u010destitam ministarstvima koja du obuhva\u0107ena ovom inicijativom, USAID-u na datoj podr&#353;ci, jao i Mre&#382;i &#382;ena Kosova, na ekspertizi koju one pru&#382;aju kako bi garantovali politike i programe koji garantuju rodnu perspektivu.<br \/>\n\u00a0<br \/>\nUbe\u0111ena sam da \u0107emo iz ove saradnje, koja je za pohvalu, imati pozitivne rezultate. O\u010dekujem i nadam se da \u0107e u budu\u0107nosti rodno bud&#382;etiranje biti norma nad kojom \u0107emo projektovati sveop&#353;ti razvoj dru&#353;tva.<br \/>\n\u00a0<br \/>\n&#381;elim vam sretan rad!\u00a0<\/p>\n","protected":false},"excerpt":{"rendered":"<p>Sa zadovoljstvom vam se obra\u0107am na po\u010detku ove inicijative koja ozna\u010dava korak bli&#382;e inkluzivnom dru&#353;tvu koje te&#382;imo da izgradimo, fokusiraju\u0107i se na izgradnju politika koje te&#382;e garantovanju rodne ravnopravnosti.<\/p>\n","protected":false},"author":1,"featured_media":35743,"comment_status":"open","ping_status":"closed","sticky":false,"template":"","format":"standard","meta":{"_eb_attr":"","footnotes":""},"categories":[101],"tags":[],"class_list":["post-76985","post","type-post","status-publish","format-standard","has-post-thumbnail","hentry","category-vesti"],"yoast_head":"<!-- This site is optimized with the Yoast SEO plugin v23.5 - https:\/\/yoast.com\/wordpress\/plugins\/seo\/ -->\n<title>Govor predsednice Jahjaga povodom pokretanja inicijative za odgovorno rodno bud&#158;etiranje - Predsednik Republike Kosovo - DR. VJOSA OSMANI - SADRIU<\/title>\n<meta name=\"description\" content=\"Govor predsednice Jahjaga povodom pokretanja inicijative za odgovorno rodno bud&#158;etiranje - Predsednik Republike Kosovo - DR. VJOSA OSMANI - SADRIU -\" \/>\n<meta name=\"robots\" content=\"index, follow, max-snippet:-1, max-image-preview:large, max-video-preview:-1\" \/>\n<link rel=\"canonical\" href=\"https:\/\/president-ksgov.net\/fjala-e-presidentes-jahjaga-me-rastin-e-lansimit-te-iniciatives-per-buxhetimin-e-pergjegjshem-gjinor-2\/\" \/>\n<meta property=\"og:locale\" content=\"sr_RS\" \/>\n<meta property=\"og:type\" content=\"article\" \/>\n<meta property=\"og:title\" content=\"Govor predsednice Jahjaga povodom pokretanja inicijative za odgovorno rodno bud&#158;etiranje - Predsednik Republike Kosovo - DR. VJOSA OSMANI - SADRIU\" \/>\n<meta property=\"og:description\" content=\"Govor predsednice Jahjaga povodom pokretanja inicijative za odgovorno rodno bud&#158;etiranje - Predsednik Republike Kosovo - DR. VJOSA OSMANI - SADRIU -\" \/>\n<meta property=\"og:url\" content=\"https:\/\/president-ksgov.net\/fjala-e-presidentes-jahjaga-me-rastin-e-lansimit-te-iniciatives-per-buxhetimin-e-pergjegjshem-gjinor-2\/\" \/>\n<meta property=\"og:site_name\" content=\"Predsednik Republike Kosovo - DR. VJOSA OSMANI - SADRIU\" \/>\n<meta property=\"article:published_time\" content=\"2016-03-15T15:20:57+00:00\" \/>\n<meta property=\"og:image\" content=\"https:\/\/president-ksgov.net\/wp-content\/uploads\/15_03_2016_7034169_IMG_3349.jpg\" \/>\n\t<meta property=\"og:image:width\" content=\"1000\" \/>\n\t<meta property=\"og:image:height\" content=\"667\" \/>\n\t<meta property=\"og:image:type\" content=\"image\/jpeg\" \/>\n<meta name=\"author\" content=\"admin\" \/>\n<meta name=\"twitter:card\" content=\"summary_large_image\" \/>\n<meta name=\"twitter:label1\" content=\"\u041d\u0430\u043f\u0438\u0441\u0430\u043d\u043e \u043e\u0434\" \/>\n\t<meta name=\"twitter:data1\" content=\"admin\" \/>\n\t<meta name=\"twitter:label2\" content=\"\u041f\u0440\u043e\u0446\u0435\u045a\u0435\u043d\u043e \u0432\u0440\u0435\u043c\u0435 \u0447\u0438\u0442\u0430\u045a\u0430\" \/>\n\t<meta name=\"twitter:data2\" content=\"3 \u043c\u0438\u043d\u0443\u0442\u0430\" \/>\n<script type=\"application\/ld+json\" class=\"yoast-schema-graph\">{\"@context\":\"https:\/\/schema.org\",\"@graph\":[{\"@type\":\"WebPage\",\"@id\":\"https:\/\/president-ksgov.net\/fjala-e-presidentes-jahjaga-me-rastin-e-lansimit-te-iniciatives-per-buxhetimin-e-pergjegjshem-gjinor-2\/\",\"url\":\"https:\/\/president-ksgov.net\/fjala-e-presidentes-jahjaga-me-rastin-e-lansimit-te-iniciatives-per-buxhetimin-e-pergjegjshem-gjinor-2\/\",\"name\":\"Govor predsednice Jahjaga povodom pokretanja inicijative za odgovorno rodno bud&#158;etiranje - Predsednik Republike Kosovo - DR. VJOSA OSMANI - SADRIU\",\"isPartOf\":{\"@id\":\"https:\/\/president-ksgov.net\/#website\"},\"primaryImageOfPage\":{\"@id\":\"https:\/\/president-ksgov.net\/fjala-e-presidentes-jahjaga-me-rastin-e-lansimit-te-iniciatives-per-buxhetimin-e-pergjegjshem-gjinor-2\/#primaryimage\"},\"image\":{\"@id\":\"https:\/\/president-ksgov.net\/fjala-e-presidentes-jahjaga-me-rastin-e-lansimit-te-iniciatives-per-buxhetimin-e-pergjegjshem-gjinor-2\/#primaryimage\"},\"thumbnailUrl\":\"https:\/\/president-ksgov.net\/wp-content\/uploads\/15_03_2016_7034169_IMG_3349.jpg\",\"datePublished\":\"2016-03-15T15:20:57+00:00\",\"dateModified\":\"2016-03-15T15:20:57+00:00\",\"author\":{\"@id\":\"https:\/\/president-ksgov.net\/#\/schema\/person\/bb4337a5fb147cb2046d80548172cbee\"},\"description\":\"Govor predsednice Jahjaga povodom pokretanja inicijative za odgovorno rodno bud&#158;etiranje - Predsednik Republike Kosovo - DR. VJOSA OSMANI - SADRIU -\",\"breadcrumb\":{\"@id\":\"https:\/\/president-ksgov.net\/fjala-e-presidentes-jahjaga-me-rastin-e-lansimit-te-iniciatives-per-buxhetimin-e-pergjegjshem-gjinor-2\/#breadcrumb\"},\"inLanguage\":\"sr-RS\",\"potentialAction\":[{\"@type\":\"ReadAction\",\"target\":[\"https:\/\/president-ksgov.net\/fjala-e-presidentes-jahjaga-me-rastin-e-lansimit-te-iniciatives-per-buxhetimin-e-pergjegjshem-gjinor-2\/\"]}]},{\"@type\":\"ImageObject\",\"inLanguage\":\"sr-RS\",\"@id\":\"https:\/\/president-ksgov.net\/fjala-e-presidentes-jahjaga-me-rastin-e-lansimit-te-iniciatives-per-buxhetimin-e-pergjegjshem-gjinor-2\/#primaryimage\",\"url\":\"https:\/\/president-ksgov.net\/wp-content\/uploads\/15_03_2016_7034169_IMG_3349.jpg\",\"contentUrl\":\"https:\/\/president-ksgov.net\/wp-content\/uploads\/15_03_2016_7034169_IMG_3349.jpg\",\"width\":1000,\"height\":667},{\"@type\":\"BreadcrumbList\",\"@id\":\"https:\/\/president-ksgov.net\/fjala-e-presidentes-jahjaga-me-rastin-e-lansimit-te-iniciatives-per-buxhetimin-e-pergjegjshem-gjinor-2\/#breadcrumb\",\"itemListElement\":[{\"@type\":\"ListItem\",\"position\":1,\"name\":\"Home\",\"item\":\"https:\/\/president-ksgov.net\/sr\/\"},{\"@type\":\"ListItem\",\"position\":2,\"name\":\"Govor predsednice Jahjaga povodom pokretanja inicijative za odgovorno rodno bud&#158;etiranje\"}]},{\"@type\":\"WebSite\",\"@id\":\"https:\/\/president-ksgov.net\/#website\",\"url\":\"https:\/\/president-ksgov.net\/\",\"name\":\"Presidente e Republik\u00ebs s\u00eb Kosov\u00ebs\",\"description\":\"Presidente e Republik\u00ebs s\u00eb Kosov\u00ebs\",\"alternateName\":\"DR. VJOSA OSMANI - SADRIU\",\"potentialAction\":[{\"@type\":\"SearchAction\",\"target\":{\"@type\":\"EntryPoint\",\"urlTemplate\":\"https:\/\/president-ksgov.net\/?s={search_term_string}\"},\"query-input\":{\"@type\":\"PropertyValueSpecification\",\"valueRequired\":true,\"valueName\":\"search_term_string\"}}],\"inLanguage\":\"sr-RS\"},{\"@type\":\"Person\",\"@id\":\"https:\/\/president-ksgov.net\/#\/schema\/person\/bb4337a5fb147cb2046d80548172cbee\",\"name\":\"admin\",\"image\":{\"@type\":\"ImageObject\",\"inLanguage\":\"sr-RS\",\"@id\":\"https:\/\/president-ksgov.net\/#\/schema\/person\/image\/\",\"url\":\"https:\/\/secure.gravatar.com\/avatar\/36156ca0fa3b8d9d25174f146e16beea0cf28f37adf1b9e19b6c9c279a7c9dd3?s=96&d=mm&r=g\",\"contentUrl\":\"https:\/\/secure.gravatar.com\/avatar\/36156ca0fa3b8d9d25174f146e16beea0cf28f37adf1b9e19b6c9c279a7c9dd3?s=96&d=mm&r=g\",\"caption\":\"admin\"},\"sameAs\":[\"https:\/\/president-ksgov.net\"]}]}<\/script>\n<!-- \/ Yoast SEO plugin. -->","yoast_head_json":{"title":"Govor predsednice Jahjaga povodom pokretanja inicijative za odgovorno rodno bud&#158;etiranje - Predsednik Republike Kosovo - DR. VJOSA OSMANI - SADRIU","description":"Govor predsednice Jahjaga povodom pokretanja inicijative za odgovorno rodno bud&#158;etiranje - Predsednik Republike Kosovo - DR. VJOSA OSMANI - SADRIU -","robots":{"index":"index","follow":"follow","max-snippet":"max-snippet:-1","max-image-preview":"max-image-preview:large","max-video-preview":"max-video-preview:-1"},"canonical":"https:\/\/president-ksgov.net\/fjala-e-presidentes-jahjaga-me-rastin-e-lansimit-te-iniciatives-per-buxhetimin-e-pergjegjshem-gjinor-2\/","og_locale":"sr_RS","og_type":"article","og_title":"Govor predsednice Jahjaga povodom pokretanja inicijative za odgovorno rodno bud&#158;etiranje - Predsednik Republike Kosovo - DR. VJOSA OSMANI - SADRIU","og_description":"Govor predsednice Jahjaga povodom pokretanja inicijative za odgovorno rodno bud&#158;etiranje - Predsednik Republike Kosovo - DR. VJOSA OSMANI - SADRIU -","og_url":"https:\/\/president-ksgov.net\/fjala-e-presidentes-jahjaga-me-rastin-e-lansimit-te-iniciatives-per-buxhetimin-e-pergjegjshem-gjinor-2\/","og_site_name":"Predsednik Republike Kosovo - DR. VJOSA OSMANI - SADRIU","article_published_time":"2016-03-15T15:20:57+00:00","og_image":[{"width":1000,"height":667,"url":"https:\/\/president-ksgov.net\/wp-content\/uploads\/15_03_2016_7034169_IMG_3349.jpg","type":"image\/jpeg"}],"author":"admin","twitter_card":"summary_large_image","twitter_misc":{"\u041d\u0430\u043f\u0438\u0441\u0430\u043d\u043e \u043e\u0434":"admin","\u041f\u0440\u043e\u0446\u0435\u045a\u0435\u043d\u043e \u0432\u0440\u0435\u043c\u0435 \u0447\u0438\u0442\u0430\u045a\u0430":"3 \u043c\u0438\u043d\u0443\u0442\u0430"},"schema":{"@context":"https:\/\/schema.org","@graph":[{"@type":"WebPage","@id":"https:\/\/president-ksgov.net\/fjala-e-presidentes-jahjaga-me-rastin-e-lansimit-te-iniciatives-per-buxhetimin-e-pergjegjshem-gjinor-2\/","url":"https:\/\/president-ksgov.net\/fjala-e-presidentes-jahjaga-me-rastin-e-lansimit-te-iniciatives-per-buxhetimin-e-pergjegjshem-gjinor-2\/","name":"Govor predsednice Jahjaga povodom pokretanja inicijative za odgovorno rodno bud&#158;etiranje - Predsednik Republike Kosovo - DR. VJOSA OSMANI - SADRIU","isPartOf":{"@id":"https:\/\/president-ksgov.net\/#website"},"primaryImageOfPage":{"@id":"https:\/\/president-ksgov.net\/fjala-e-presidentes-jahjaga-me-rastin-e-lansimit-te-iniciatives-per-buxhetimin-e-pergjegjshem-gjinor-2\/#primaryimage"},"image":{"@id":"https:\/\/president-ksgov.net\/fjala-e-presidentes-jahjaga-me-rastin-e-lansimit-te-iniciatives-per-buxhetimin-e-pergjegjshem-gjinor-2\/#primaryimage"},"thumbnailUrl":"https:\/\/president-ksgov.net\/wp-content\/uploads\/15_03_2016_7034169_IMG_3349.jpg","datePublished":"2016-03-15T15:20:57+00:00","dateModified":"2016-03-15T15:20:57+00:00","author":{"@id":"https:\/\/president-ksgov.net\/#\/schema\/person\/bb4337a5fb147cb2046d80548172cbee"},"description":"Govor predsednice Jahjaga povodom pokretanja inicijative za odgovorno rodno bud&#158;etiranje - Predsednik Republike Kosovo - DR. VJOSA OSMANI - SADRIU -","breadcrumb":{"@id":"https:\/\/president-ksgov.net\/fjala-e-presidentes-jahjaga-me-rastin-e-lansimit-te-iniciatives-per-buxhetimin-e-pergjegjshem-gjinor-2\/#breadcrumb"},"inLanguage":"sr-RS","potentialAction":[{"@type":"ReadAction","target":["https:\/\/president-ksgov.net\/fjala-e-presidentes-jahjaga-me-rastin-e-lansimit-te-iniciatives-per-buxhetimin-e-pergjegjshem-gjinor-2\/"]}]},{"@type":"ImageObject","inLanguage":"sr-RS","@id":"https:\/\/president-ksgov.net\/fjala-e-presidentes-jahjaga-me-rastin-e-lansimit-te-iniciatives-per-buxhetimin-e-pergjegjshem-gjinor-2\/#primaryimage","url":"https:\/\/president-ksgov.net\/wp-content\/uploads\/15_03_2016_7034169_IMG_3349.jpg","contentUrl":"https:\/\/president-ksgov.net\/wp-content\/uploads\/15_03_2016_7034169_IMG_3349.jpg","width":1000,"height":667},{"@type":"BreadcrumbList","@id":"https:\/\/president-ksgov.net\/fjala-e-presidentes-jahjaga-me-rastin-e-lansimit-te-iniciatives-per-buxhetimin-e-pergjegjshem-gjinor-2\/#breadcrumb","itemListElement":[{"@type":"ListItem","position":1,"name":"Home","item":"https:\/\/president-ksgov.net\/sr\/"},{"@type":"ListItem","position":2,"name":"Govor predsednice Jahjaga povodom pokretanja inicijative za odgovorno rodno bud&#158;etiranje"}]},{"@type":"WebSite","@id":"https:\/\/president-ksgov.net\/#website","url":"https:\/\/president-ksgov.net\/","name":"Presidente e Republik\u00ebs s\u00eb Kosov\u00ebs","description":"Presidente e Republik\u00ebs s\u00eb Kosov\u00ebs","alternateName":"DR. VJOSA OSMANI - SADRIU","potentialAction":[{"@type":"SearchAction","target":{"@type":"EntryPoint","urlTemplate":"https:\/\/president-ksgov.net\/?s={search_term_string}"},"query-input":{"@type":"PropertyValueSpecification","valueRequired":true,"valueName":"search_term_string"}}],"inLanguage":"sr-RS"},{"@type":"Person","@id":"https:\/\/president-ksgov.net\/#\/schema\/person\/bb4337a5fb147cb2046d80548172cbee","name":"admin","image":{"@type":"ImageObject","inLanguage":"sr-RS","@id":"https:\/\/president-ksgov.net\/#\/schema\/person\/image\/","url":"https:\/\/secure.gravatar.com\/avatar\/36156ca0fa3b8d9d25174f146e16beea0cf28f37adf1b9e19b6c9c279a7c9dd3?s=96&d=mm&r=g","contentUrl":"https:\/\/secure.gravatar.com\/avatar\/36156ca0fa3b8d9d25174f146e16beea0cf28f37adf1b9e19b6c9c279a7c9dd3?s=96&d=mm&r=g","caption":"admin"},"sameAs":["https:\/\/president-ksgov.net"]}]}},"_links":{"self":[{"href":"https:\/\/president-ksgov.net\/sr\/wp-json\/wp\/v2\/posts\/76985","targetHints":{"allow":["GET"]}}],"collection":[{"href":"https:\/\/president-ksgov.net\/sr\/wp-json\/wp\/v2\/posts"}],"about":[{"href":"https:\/\/president-ksgov.net\/sr\/wp-json\/wp\/v2\/types\/post"}],"author":[{"embeddable":true,"href":"https:\/\/president-ksgov.net\/sr\/wp-json\/wp\/v2\/users\/1"}],"replies":[{"embeddable":true,"href":"https:\/\/president-ksgov.net\/sr\/wp-json\/wp\/v2\/comments?post=76985"}],"version-history":[{"count":0,"href":"https:\/\/president-ksgov.net\/sr\/wp-json\/wp\/v2\/posts\/76985\/revisions"}],"wp:featuredmedia":[{"embeddable":true,"href":"https:\/\/president-ksgov.net\/sr\/wp-json\/wp\/v2\/media\/35743"}],"wp:attachment":[{"href":"https:\/\/president-ksgov.net\/sr\/wp-json\/wp\/v2\/media?parent=76985"}],"wp:term":[{"taxonomy":"category","embeddable":true,"href":"https:\/\/president-ksgov.net\/sr\/wp-json\/wp\/v2\/categories?post=76985"},{"taxonomy":"post_tag","embeddable":true,"href":"https:\/\/president-ksgov.net\/sr\/wp-json\/wp\/v2\/tags?post=76985"}],"curies":[{"name":"wp","href":"https:\/\/api.w.org\/{rel}","templated":true}]}}