{"id":76971,"date":"2016-03-23T20:26:37","date_gmt":"2016-03-23T20:26:37","guid":{"rendered":"https:\/\/dev.president-ksgov.net\/predsednicu-atifete-jahjaga-je-docekao-americki-zamenik-predsednika-joseph-biden\/"},"modified":"2016-03-23T20:26:37","modified_gmt":"2016-03-23T20:26:37","slug":"predsednicu-atifete-jahjaga-je-docekao-americki-zamenik-predsednika-joseph-biden","status":"publish","type":"post","link":"https:\/\/president-ksgov.net\/sr\/predsednicu-atifete-jahjaga-je-docekao-americki-zamenik-predsednika-joseph-biden\/","title":{"rendered":"Predsednicu Atifete Jahjaga je do\u010dekao ameri\u010dki zamenik predsednika Joseph Biden"},"content":{"rendered":"<p>Predsednica Republike Kosova, gospo\u0111a Atifete Jahjaga je danas do\u010dekana u Beloj ku\u0107i, a do\u010dekao ju je ameri\u010dki zamenik predsednika Joseph Biden sa kojim je razgovarala o konsolidaciji Republike Kosova, o sigurnosnoj situaciji na Kosovu i u regionu i o poku&#353;ajima Republike Kosova da produbi politi\u010dke i ekonomske reforme na njegovom putu prema evropskim integracijama.<\/p>\n<p>Predsednica Jahjaga je izrazila svoju zahvalnost ameri\u010dkoj administraciji na datoj podr&#353;ci institucijama Republike Kosova da se konsoliduju i oja\u010daju demokratiju u zemlji i dr&#382;avnu subjektivnost u me\u0111unarodnoj areni. <\/p>\n<p>Predsednica Jahjaga je naglasila sveop&#353;ti napredak Kosova u funkcionalizaciji institucija i izazove sa kojima se zemlja suo\u010dava. Ona je rekla da je uz sve pote&#353;ko\u0107e Kosovo ostalo nepokolebljivo tokom ovih 8 godina njegove dr&#382;avnosti u ispunjenu njegovih odgovornosti. <\/p>\n<p>Predsednica Jahjaga je rekla da institucije Kosova nastavljaju da budu posve\u0107ene nastavljanju dijaloga sa Republikom Srbijom, kako bi se odnosi izme\u0111u dve dr&#382;ave normalizovali kao jedina alternativa da se postigne stabilan mir u regionu i kako bi se proces evroatlantnskih integracija dveju dr&#382;ava ubrzao. Ona je tako\u0111e naglasila potrebu da se ovaj proces koncentri&#353;e i na sprovo\u0111enje postignutih sporazuma uz posredovanje Evropske unije. <\/p>\n<p>Predsednica Jahjaga je naglasila i doprinos Republike Kosova u borbi protiv nasilnog ekstremizma, posebno u suo\u010davanju sa fenomenom stranih ratnika, gra\u0111ana Kosova koji su se pridru&#382;ili teroristi\u010dkim organizacijama u Siriji i Iraku. <\/p>\n<p>Predsednica Jahjaga je rekla da je Kosovo bilo beskompromisno u njegovom pristupu u vezi sa ovim izazovom i pru&#382;alo je &#353;iroka partnerstva sa dr&#382;avama u regionu kako bi tretirali ovu pretnju. <\/p>\n<p>Predsednica Jahjaga se li\u010dno zahvalila zameniku predsednika, gospodinu Biden-u na li\u010dnoj podr&#353;ci Kosovu i naglasila je da je ponosna &#353;to je u njenom mandatu, kao predsednica zemlje oja\u010dala prijateljstvo i partnerstvo Kosova i Sjedinjenih Ameri\u010dkih Dr&#382;ava.\u00a0<\/p>\n","protected":false},"excerpt":{"rendered":"<p>Predsednica Republike Kosova, gospo\u0111a Atifete Jahjaga je danas do\u010dekana u Beloj ku\u0107i, a do\u010dekao ju je ameri\u010dki zamenik predsednika Joseph Biden sa kojim je razgovarala o konsolidaciji Republike Kosova, o sigurnosnoj situaciji na Kosovu i u regionu i o poku&#353;ajima Republike Kosova da produbi politi\u010dke i ekonomske reforme na njegovom putu prema evropskim integracijama.<\/p>\n","protected":false},"author":1,"featured_media":35439,"comment_status":"open","ping_status":"closed","sticky":false,"template":"","format":"standard","meta":{"_eb_attr":"","footnotes":""},"categories":[101],"tags":[],"class_list":["post-76971","post","type-post","status-publish","format-standard","has-post-thumbnail","hentry","category-vesti"],"yoast_head":"<!-- This site is optimized with the Yoast SEO plugin v23.5 - https:\/\/yoast.com\/wordpress\/plugins\/seo\/ -->\n<title>Predsednicu Atifete Jahjaga je do\u010dekao ameri\u010dki zamenik predsednika Joseph Biden - Predsednik Republike Kosovo - DR. VJOSA OSMANI - SADRIU<\/title>\n<meta name=\"description\" content=\"Predsednicu Atifete Jahjaga je do\u010dekao ameri\u010dki zamenik predsednika Joseph Biden - Predsednik Republike Kosovo - DR. VJOSA OSMANI - SADRIU -\" \/>\n<meta name=\"robots\" content=\"index, follow, max-snippet:-1, max-image-preview:large, max-video-preview:-1\" \/>\n<link rel=\"canonical\" href=\"https:\/\/president-ksgov.net\/sr\/predsednicu-atifete-jahjaga-je-docekao-americki-zamenik-predsednika-joseph-biden\/\" \/>\n<meta property=\"og:locale\" content=\"sr_RS\" \/>\n<meta property=\"og:type\" content=\"article\" \/>\n<meta property=\"og:title\" content=\"Predsednicu Atifete Jahjaga je do\u010dekao ameri\u010dki zamenik predsednika Joseph Biden - Predsednik Republike Kosovo - DR. VJOSA OSMANI - SADRIU\" \/>\n<meta property=\"og:description\" content=\"Predsednicu Atifete Jahjaga je do\u010dekao ameri\u010dki zamenik predsednika Joseph Biden - Predsednik Republike Kosovo - DR. VJOSA OSMANI - SADRIU -\" \/>\n<meta property=\"og:url\" content=\"https:\/\/president-ksgov.net\/sr\/predsednicu-atifete-jahjaga-je-docekao-americki-zamenik-predsednika-joseph-biden\/\" \/>\n<meta property=\"og:site_name\" content=\"Predsednik Republike Kosovo - DR. VJOSA OSMANI - SADRIU\" \/>\n<meta property=\"article:published_time\" content=\"2016-03-23T20:26:37+00:00\" \/>\n<meta property=\"og:image\" content=\"https:\/\/president-ksgov.net\/wp-content\/uploads\/23_03_2016_8401940_IMG_8044.jpg\" \/>\n\t<meta property=\"og:image:width\" content=\"1000\" \/>\n\t<meta property=\"og:image:height\" content=\"667\" \/>\n\t<meta property=\"og:image:type\" content=\"image\/jpeg\" \/>\n<meta name=\"author\" content=\"admin\" \/>\n<meta name=\"twitter:card\" content=\"summary_large_image\" \/>\n<meta name=\"twitter:label1\" content=\"\u041d\u0430\u043f\u0438\u0441\u0430\u043d\u043e \u043e\u0434\" \/>\n\t<meta name=\"twitter:data1\" content=\"admin\" \/>\n\t<meta name=\"twitter:label2\" content=\"\u041f\u0440\u043e\u0446\u0435\u045a\u0435\u043d\u043e \u0432\u0440\u0435\u043c\u0435 \u0447\u0438\u0442\u0430\u045a\u0430\" \/>\n\t<meta name=\"twitter:data2\" content=\"2 \u043c\u0438\u043d\u0443\u0442\u0430\" \/>\n<script type=\"application\/ld+json\" class=\"yoast-schema-graph\">{\"@context\":\"https:\/\/schema.org\",\"@graph\":[{\"@type\":\"WebPage\",\"@id\":\"https:\/\/president-ksgov.net\/sr\/predsednicu-atifete-jahjaga-je-docekao-americki-zamenik-predsednika-joseph-biden\/\",\"url\":\"https:\/\/president-ksgov.net\/sr\/predsednicu-atifete-jahjaga-je-docekao-americki-zamenik-predsednika-joseph-biden\/\",\"name\":\"Predsednicu Atifete Jahjaga je do\u010dekao ameri\u010dki zamenik predsednika Joseph Biden - Predsednik Republike Kosovo - DR. VJOSA OSMANI - SADRIU\",\"isPartOf\":{\"@id\":\"https:\/\/president-ksgov.net\/#website\"},\"primaryImageOfPage\":{\"@id\":\"https:\/\/president-ksgov.net\/sr\/predsednicu-atifete-jahjaga-je-docekao-americki-zamenik-predsednika-joseph-biden\/#primaryimage\"},\"image\":{\"@id\":\"https:\/\/president-ksgov.net\/sr\/predsednicu-atifete-jahjaga-je-docekao-americki-zamenik-predsednika-joseph-biden\/#primaryimage\"},\"thumbnailUrl\":\"https:\/\/president-ksgov.net\/wp-content\/uploads\/23_03_2016_8401940_IMG_8044.jpg\",\"datePublished\":\"2016-03-23T20:26:37+00:00\",\"dateModified\":\"2016-03-23T20:26:37+00:00\",\"author\":{\"@id\":\"https:\/\/president-ksgov.net\/#\/schema\/person\/bb4337a5fb147cb2046d80548172cbee\"},\"description\":\"Predsednicu Atifete Jahjaga je do\u010dekao ameri\u010dki zamenik predsednika Joseph Biden - Predsednik Republike Kosovo - DR. VJOSA OSMANI - SADRIU -\",\"breadcrumb\":{\"@id\":\"https:\/\/president-ksgov.net\/sr\/predsednicu-atifete-jahjaga-je-docekao-americki-zamenik-predsednika-joseph-biden\/#breadcrumb\"},\"inLanguage\":\"sr-RS\",\"potentialAction\":[{\"@type\":\"ReadAction\",\"target\":[\"https:\/\/president-ksgov.net\/sr\/predsednicu-atifete-jahjaga-je-docekao-americki-zamenik-predsednika-joseph-biden\/\"]}]},{\"@type\":\"ImageObject\",\"inLanguage\":\"sr-RS\",\"@id\":\"https:\/\/president-ksgov.net\/sr\/predsednicu-atifete-jahjaga-je-docekao-americki-zamenik-predsednika-joseph-biden\/#primaryimage\",\"url\":\"https:\/\/president-ksgov.net\/wp-content\/uploads\/23_03_2016_8401940_IMG_8044.jpg\",\"contentUrl\":\"https:\/\/president-ksgov.net\/wp-content\/uploads\/23_03_2016_8401940_IMG_8044.jpg\",\"width\":1000,\"height\":667},{\"@type\":\"BreadcrumbList\",\"@id\":\"https:\/\/president-ksgov.net\/sr\/predsednicu-atifete-jahjaga-je-docekao-americki-zamenik-predsednika-joseph-biden\/#breadcrumb\",\"itemListElement\":[{\"@type\":\"ListItem\",\"position\":1,\"name\":\"Home\",\"item\":\"https:\/\/president-ksgov.net\/sr\/\"},{\"@type\":\"ListItem\",\"position\":2,\"name\":\"Predsednicu Atifete Jahjaga je do\u010dekao ameri\u010dki zamenik predsednika Joseph Biden\"}]},{\"@type\":\"WebSite\",\"@id\":\"https:\/\/president-ksgov.net\/#website\",\"url\":\"https:\/\/president-ksgov.net\/\",\"name\":\"Presidente e Republik\u00ebs s\u00eb Kosov\u00ebs\",\"description\":\"Presidente e Republik\u00ebs s\u00eb Kosov\u00ebs\",\"alternateName\":\"DR. VJOSA OSMANI - SADRIU\",\"potentialAction\":[{\"@type\":\"SearchAction\",\"target\":{\"@type\":\"EntryPoint\",\"urlTemplate\":\"https:\/\/president-ksgov.net\/?s={search_term_string}\"},\"query-input\":{\"@type\":\"PropertyValueSpecification\",\"valueRequired\":true,\"valueName\":\"search_term_string\"}}],\"inLanguage\":\"sr-RS\"},{\"@type\":\"Person\",\"@id\":\"https:\/\/president-ksgov.net\/#\/schema\/person\/bb4337a5fb147cb2046d80548172cbee\",\"name\":\"admin\",\"image\":{\"@type\":\"ImageObject\",\"inLanguage\":\"sr-RS\",\"@id\":\"https:\/\/president-ksgov.net\/#\/schema\/person\/image\/\",\"url\":\"https:\/\/secure.gravatar.com\/avatar\/36156ca0fa3b8d9d25174f146e16beea0cf28f37adf1b9e19b6c9c279a7c9dd3?s=96&d=mm&r=g\",\"contentUrl\":\"https:\/\/secure.gravatar.com\/avatar\/36156ca0fa3b8d9d25174f146e16beea0cf28f37adf1b9e19b6c9c279a7c9dd3?s=96&d=mm&r=g\",\"caption\":\"admin\"},\"sameAs\":[\"https:\/\/president-ksgov.net\"]}]}<\/script>\n<!-- \/ Yoast SEO plugin. -->","yoast_head_json":{"title":"Predsednicu Atifete Jahjaga je do\u010dekao ameri\u010dki zamenik predsednika Joseph Biden - Predsednik Republike Kosovo - DR. VJOSA OSMANI - SADRIU","description":"Predsednicu Atifete Jahjaga je do\u010dekao ameri\u010dki zamenik predsednika Joseph Biden - Predsednik Republike Kosovo - DR. VJOSA OSMANI - SADRIU -","robots":{"index":"index","follow":"follow","max-snippet":"max-snippet:-1","max-image-preview":"max-image-preview:large","max-video-preview":"max-video-preview:-1"},"canonical":"https:\/\/president-ksgov.net\/sr\/predsednicu-atifete-jahjaga-je-docekao-americki-zamenik-predsednika-joseph-biden\/","og_locale":"sr_RS","og_type":"article","og_title":"Predsednicu Atifete Jahjaga je do\u010dekao ameri\u010dki zamenik predsednika Joseph Biden - Predsednik Republike Kosovo - DR. VJOSA OSMANI - SADRIU","og_description":"Predsednicu Atifete Jahjaga je do\u010dekao ameri\u010dki zamenik predsednika Joseph Biden - Predsednik Republike Kosovo - DR. VJOSA OSMANI - SADRIU -","og_url":"https:\/\/president-ksgov.net\/sr\/predsednicu-atifete-jahjaga-je-docekao-americki-zamenik-predsednika-joseph-biden\/","og_site_name":"Predsednik Republike Kosovo - DR. VJOSA OSMANI - SADRIU","article_published_time":"2016-03-23T20:26:37+00:00","og_image":[{"width":1000,"height":667,"url":"https:\/\/president-ksgov.net\/wp-content\/uploads\/23_03_2016_8401940_IMG_8044.jpg","type":"image\/jpeg"}],"author":"admin","twitter_card":"summary_large_image","twitter_misc":{"\u041d\u0430\u043f\u0438\u0441\u0430\u043d\u043e \u043e\u0434":"admin","\u041f\u0440\u043e\u0446\u0435\u045a\u0435\u043d\u043e \u0432\u0440\u0435\u043c\u0435 \u0447\u0438\u0442\u0430\u045a\u0430":"2 \u043c\u0438\u043d\u0443\u0442\u0430"},"schema":{"@context":"https:\/\/schema.org","@graph":[{"@type":"WebPage","@id":"https:\/\/president-ksgov.net\/sr\/predsednicu-atifete-jahjaga-je-docekao-americki-zamenik-predsednika-joseph-biden\/","url":"https:\/\/president-ksgov.net\/sr\/predsednicu-atifete-jahjaga-je-docekao-americki-zamenik-predsednika-joseph-biden\/","name":"Predsednicu Atifete Jahjaga je do\u010dekao ameri\u010dki zamenik predsednika Joseph Biden - Predsednik Republike Kosovo - DR. VJOSA OSMANI - SADRIU","isPartOf":{"@id":"https:\/\/president-ksgov.net\/#website"},"primaryImageOfPage":{"@id":"https:\/\/president-ksgov.net\/sr\/predsednicu-atifete-jahjaga-je-docekao-americki-zamenik-predsednika-joseph-biden\/#primaryimage"},"image":{"@id":"https:\/\/president-ksgov.net\/sr\/predsednicu-atifete-jahjaga-je-docekao-americki-zamenik-predsednika-joseph-biden\/#primaryimage"},"thumbnailUrl":"https:\/\/president-ksgov.net\/wp-content\/uploads\/23_03_2016_8401940_IMG_8044.jpg","datePublished":"2016-03-23T20:26:37+00:00","dateModified":"2016-03-23T20:26:37+00:00","author":{"@id":"https:\/\/president-ksgov.net\/#\/schema\/person\/bb4337a5fb147cb2046d80548172cbee"},"description":"Predsednicu Atifete Jahjaga je do\u010dekao ameri\u010dki zamenik predsednika Joseph Biden - Predsednik Republike Kosovo - DR. VJOSA OSMANI - SADRIU -","breadcrumb":{"@id":"https:\/\/president-ksgov.net\/sr\/predsednicu-atifete-jahjaga-je-docekao-americki-zamenik-predsednika-joseph-biden\/#breadcrumb"},"inLanguage":"sr-RS","potentialAction":[{"@type":"ReadAction","target":["https:\/\/president-ksgov.net\/sr\/predsednicu-atifete-jahjaga-je-docekao-americki-zamenik-predsednika-joseph-biden\/"]}]},{"@type":"ImageObject","inLanguage":"sr-RS","@id":"https:\/\/president-ksgov.net\/sr\/predsednicu-atifete-jahjaga-je-docekao-americki-zamenik-predsednika-joseph-biden\/#primaryimage","url":"https:\/\/president-ksgov.net\/wp-content\/uploads\/23_03_2016_8401940_IMG_8044.jpg","contentUrl":"https:\/\/president-ksgov.net\/wp-content\/uploads\/23_03_2016_8401940_IMG_8044.jpg","width":1000,"height":667},{"@type":"BreadcrumbList","@id":"https:\/\/president-ksgov.net\/sr\/predsednicu-atifete-jahjaga-je-docekao-americki-zamenik-predsednika-joseph-biden\/#breadcrumb","itemListElement":[{"@type":"ListItem","position":1,"name":"Home","item":"https:\/\/president-ksgov.net\/sr\/"},{"@type":"ListItem","position":2,"name":"Predsednicu Atifete Jahjaga je do\u010dekao ameri\u010dki zamenik predsednika Joseph Biden"}]},{"@type":"WebSite","@id":"https:\/\/president-ksgov.net\/#website","url":"https:\/\/president-ksgov.net\/","name":"Presidente e Republik\u00ebs s\u00eb Kosov\u00ebs","description":"Presidente e Republik\u00ebs s\u00eb Kosov\u00ebs","alternateName":"DR. VJOSA OSMANI - SADRIU","potentialAction":[{"@type":"SearchAction","target":{"@type":"EntryPoint","urlTemplate":"https:\/\/president-ksgov.net\/?s={search_term_string}"},"query-input":{"@type":"PropertyValueSpecification","valueRequired":true,"valueName":"search_term_string"}}],"inLanguage":"sr-RS"},{"@type":"Person","@id":"https:\/\/president-ksgov.net\/#\/schema\/person\/bb4337a5fb147cb2046d80548172cbee","name":"admin","image":{"@type":"ImageObject","inLanguage":"sr-RS","@id":"https:\/\/president-ksgov.net\/#\/schema\/person\/image\/","url":"https:\/\/secure.gravatar.com\/avatar\/36156ca0fa3b8d9d25174f146e16beea0cf28f37adf1b9e19b6c9c279a7c9dd3?s=96&d=mm&r=g","contentUrl":"https:\/\/secure.gravatar.com\/avatar\/36156ca0fa3b8d9d25174f146e16beea0cf28f37adf1b9e19b6c9c279a7c9dd3?s=96&d=mm&r=g","caption":"admin"},"sameAs":["https:\/\/president-ksgov.net"]}]}},"_links":{"self":[{"href":"https:\/\/president-ksgov.net\/sr\/wp-json\/wp\/v2\/posts\/76971","targetHints":{"allow":["GET"]}}],"collection":[{"href":"https:\/\/president-ksgov.net\/sr\/wp-json\/wp\/v2\/posts"}],"about":[{"href":"https:\/\/president-ksgov.net\/sr\/wp-json\/wp\/v2\/types\/post"}],"author":[{"embeddable":true,"href":"https:\/\/president-ksgov.net\/sr\/wp-json\/wp\/v2\/users\/1"}],"replies":[{"embeddable":true,"href":"https:\/\/president-ksgov.net\/sr\/wp-json\/wp\/v2\/comments?post=76971"}],"version-history":[{"count":0,"href":"https:\/\/president-ksgov.net\/sr\/wp-json\/wp\/v2\/posts\/76971\/revisions"}],"wp:featuredmedia":[{"embeddable":true,"href":"https:\/\/president-ksgov.net\/sr\/wp-json\/wp\/v2\/media\/35439"}],"wp:attachment":[{"href":"https:\/\/president-ksgov.net\/sr\/wp-json\/wp\/v2\/media?parent=76971"}],"wp:term":[{"taxonomy":"category","embeddable":true,"href":"https:\/\/president-ksgov.net\/sr\/wp-json\/wp\/v2\/categories?post=76971"},{"taxonomy":"post_tag","embeddable":true,"href":"https:\/\/president-ksgov.net\/sr\/wp-json\/wp\/v2\/tags?post=76971"}],"curies":[{"name":"wp","href":"https:\/\/api.w.org\/{rel}","templated":true}]}}