{"id":76968,"date":"2016-03-24T15:07:59","date_gmt":"2016-03-24T15:07:59","guid":{"rendered":"https:\/\/dev.president-ksgov.net\/predsednica-atifete-jahjaga-sastala-se-sa-pomocnom-americkom-dravnom-sekretarkom-za-evropu-i-evroaziju-victoria-nuland\/"},"modified":"2016-03-24T15:07:59","modified_gmt":"2016-03-24T15:07:59","slug":"predsednica-atifete-jahjaga-sastala-se-sa-pomocnom-americkom-dravnom-sekretarkom-za-evropu-i-evroaziju-victoria-nuland","status":"publish","type":"post","link":"https:\/\/president-ksgov.net\/sr\/predsednica-atifete-jahjaga-sastala-se-sa-pomocnom-americkom-dravnom-sekretarkom-za-evropu-i-evroaziju-victoria-nuland\/","title":{"rendered":"Predsednica Atifete Jahjaga sastala se sa pomo\u0107nom ameri\u010dkom dr&#158;avnom sekretarkom za Evropu i Evroaziju, Victoria Nuland"},"content":{"rendered":"<p>Predsednica Republike Kosova, gospo\u0111a Atifete Jahjaga, sastala se u Va&#353;ingtonu sa pomo\u0107nom ameri\u010dkom dr&#382;avnom sekretarkom za Evropu i Evroaziju, Victoria Nuland, sa kojom je razgovarala o politi\u010dkom stanju na Kosovu i op&#353;toj situaciji u regionu.<\/p>\n<p>Predsednica Jahjaga je obavestila pomo\u0107nu dr&#382;avnu sektetarku o njenim poku&#353;ajima da posreduje u dijalogu izme\u0111u pozicije i opozicije na Kosovu i da pru&#382;a institucionalno re&#353;enje koje bi pomoglo u prevazila&#382;enju politi\u010dke situacije koja je nastala u zemlji. <\/p>\n<p>Predsednica Jahjaga je tako\u0111e razgovarala i o procesu dijaloga sa Republikom Srbijom, sigurnosnoj situaciji u zemlji, uz poseban naglasak na nasilni ekstremizam i doprinosu Kosova u suo\u010davanju sa ovim fenomenom. <\/p>\n<p>Predsednica Jahjaga je naglasila op&#353;tu potrebu na ve\u0107em evropskom i ameri\u010dkom anga&#382;ovanju, koje \u0107e pomo\u0107i dr&#382;avama da konsoliduju njihove demokratije i da oja\u010daju vladavinu reda i zakona u okviru evropskih integracija. <\/p>\n<p>Predsednica Jahjaga je tako\u0111e obavestila pomo\u0107nu ameri\u010dku dr&#382;avnu sekretarku Nuland o ispunjenju obaveza za osnivanje Specijalnog suda od bstrane kosovskih institucija i posve\u0107enost Kosova da po&#353;tuje me\u0111unarodne obaveze.<\/p>\n","protected":false},"excerpt":{"rendered":"<p>Predsednica Republike Kosova, gospo\u0111a Atifete Jahjaga, sastala se u Va&#353;ingtonu sa pomo\u0107nom ameri\u010dkom dr&#382;avnom sekretarkom za Evropu i Evroaziju, Victoria Nuland, sa kojom je razgovarala o politi\u010dkom stanju na Kosovu i op&#353;toj situaciji u regionu.<\/p>\n","protected":false},"author":1,"featured_media":35403,"comment_status":"open","ping_status":"closed","sticky":false,"template":"","format":"standard","meta":{"_eb_attr":"","footnotes":""},"categories":[101],"tags":[],"class_list":["post-76968","post","type-post","status-publish","format-standard","has-post-thumbnail","hentry","category-vesti"],"yoast_head":"<!-- This site is optimized with the Yoast SEO plugin v23.5 - https:\/\/yoast.com\/wordpress\/plugins\/seo\/ -->\n<title>Predsednica Atifete Jahjaga sastala se sa pomo\u0107nom ameri\u010dkom dr&#158;avnom sekretarkom za Evropu i Evroaziju, Victoria Nuland - Predsednik Republike Kosovo - DR. VJOSA OSMANI - SADRIU<\/title>\n<meta name=\"description\" content=\"Predsednica Atifete Jahjaga sastala se sa pomo\u0107nom ameri\u010dkom dr&#158;avnom sekretarkom za Evropu i Evroaziju, Victoria Nuland - Predsednik Republike Kosovo - DR. VJOSA OSMANI - SADRIU -\" \/>\n<meta name=\"robots\" content=\"index, follow, max-snippet:-1, max-image-preview:large, max-video-preview:-1\" \/>\n<link rel=\"canonical\" href=\"https:\/\/president-ksgov.net\/sr\/predsednica-atifete-jahjaga-sastala-se-sa-pomocnom-americkom-dravnom-sekretarkom-za-evropu-i-evroaziju-victoria-nuland\/\" \/>\n<meta property=\"og:locale\" content=\"sr_RS\" \/>\n<meta property=\"og:type\" content=\"article\" \/>\n<meta property=\"og:title\" content=\"Predsednica Atifete Jahjaga sastala se sa pomo\u0107nom ameri\u010dkom dr&#158;avnom sekretarkom za Evropu i Evroaziju, Victoria Nuland - Predsednik Republike Kosovo - DR. VJOSA OSMANI - SADRIU\" \/>\n<meta property=\"og:description\" content=\"Predsednica Atifete Jahjaga sastala se sa pomo\u0107nom ameri\u010dkom dr&#158;avnom sekretarkom za Evropu i Evroaziju, Victoria Nuland - Predsednik Republike Kosovo - DR. VJOSA OSMANI - SADRIU -\" \/>\n<meta property=\"og:url\" content=\"https:\/\/president-ksgov.net\/sr\/predsednica-atifete-jahjaga-sastala-se-sa-pomocnom-americkom-dravnom-sekretarkom-za-evropu-i-evroaziju-victoria-nuland\/\" \/>\n<meta property=\"og:site_name\" content=\"Predsednik Republike Kosovo - DR. VJOSA OSMANI - SADRIU\" \/>\n<meta property=\"article:published_time\" content=\"2016-03-24T15:07:59+00:00\" \/>\n<meta property=\"og:image\" content=\"https:\/\/president-ksgov.net\/wp-content\/uploads\/24_03_2016_8178278_22_03_2016_Takim_me_Victoria_Nuland_1.jpg\" \/>\n\t<meta property=\"og:image:width\" content=\"1024\" \/>\n\t<meta property=\"og:image:height\" content=\"674\" \/>\n\t<meta property=\"og:image:type\" content=\"image\/jpeg\" \/>\n<meta name=\"author\" content=\"admin\" \/>\n<meta name=\"twitter:card\" content=\"summary_large_image\" \/>\n<meta name=\"twitter:label1\" content=\"\u041d\u0430\u043f\u0438\u0441\u0430\u043d\u043e \u043e\u0434\" \/>\n\t<meta name=\"twitter:data1\" content=\"admin\" \/>\n\t<meta name=\"twitter:label2\" content=\"\u041f\u0440\u043e\u0446\u0435\u045a\u0435\u043d\u043e \u0432\u0440\u0435\u043c\u0435 \u0447\u0438\u0442\u0430\u045a\u0430\" \/>\n\t<meta name=\"twitter:data2\" content=\"1 \u043c\u0438\u043d\u0443\u0442\" \/>\n<script type=\"application\/ld+json\" class=\"yoast-schema-graph\">{\"@context\":\"https:\/\/schema.org\",\"@graph\":[{\"@type\":\"WebPage\",\"@id\":\"https:\/\/president-ksgov.net\/sr\/predsednica-atifete-jahjaga-sastala-se-sa-pomocnom-americkom-dravnom-sekretarkom-za-evropu-i-evroaziju-victoria-nuland\/\",\"url\":\"https:\/\/president-ksgov.net\/sr\/predsednica-atifete-jahjaga-sastala-se-sa-pomocnom-americkom-dravnom-sekretarkom-za-evropu-i-evroaziju-victoria-nuland\/\",\"name\":\"Predsednica Atifete Jahjaga sastala se sa pomo\u0107nom ameri\u010dkom dr&#158;avnom sekretarkom za Evropu i Evroaziju, Victoria Nuland - Predsednik Republike Kosovo - DR. VJOSA OSMANI - SADRIU\",\"isPartOf\":{\"@id\":\"https:\/\/president-ksgov.net\/#website\"},\"primaryImageOfPage\":{\"@id\":\"https:\/\/president-ksgov.net\/sr\/predsednica-atifete-jahjaga-sastala-se-sa-pomocnom-americkom-dravnom-sekretarkom-za-evropu-i-evroaziju-victoria-nuland\/#primaryimage\"},\"image\":{\"@id\":\"https:\/\/president-ksgov.net\/sr\/predsednica-atifete-jahjaga-sastala-se-sa-pomocnom-americkom-dravnom-sekretarkom-za-evropu-i-evroaziju-victoria-nuland\/#primaryimage\"},\"thumbnailUrl\":\"https:\/\/president-ksgov.net\/wp-content\/uploads\/24_03_2016_8178278_22_03_2016_Takim_me_Victoria_Nuland_1.jpg\",\"datePublished\":\"2016-03-24T15:07:59+00:00\",\"dateModified\":\"2016-03-24T15:07:59+00:00\",\"author\":{\"@id\":\"https:\/\/president-ksgov.net\/#\/schema\/person\/bb4337a5fb147cb2046d80548172cbee\"},\"description\":\"Predsednica Atifete Jahjaga sastala se sa pomo\u0107nom ameri\u010dkom dr&#158;avnom sekretarkom za Evropu i Evroaziju, Victoria Nuland - Predsednik Republike Kosovo - DR. VJOSA OSMANI - SADRIU -\",\"breadcrumb\":{\"@id\":\"https:\/\/president-ksgov.net\/sr\/predsednica-atifete-jahjaga-sastala-se-sa-pomocnom-americkom-dravnom-sekretarkom-za-evropu-i-evroaziju-victoria-nuland\/#breadcrumb\"},\"inLanguage\":\"sr-RS\",\"potentialAction\":[{\"@type\":\"ReadAction\",\"target\":[\"https:\/\/president-ksgov.net\/sr\/predsednica-atifete-jahjaga-sastala-se-sa-pomocnom-americkom-dravnom-sekretarkom-za-evropu-i-evroaziju-victoria-nuland\/\"]}]},{\"@type\":\"ImageObject\",\"inLanguage\":\"sr-RS\",\"@id\":\"https:\/\/president-ksgov.net\/sr\/predsednica-atifete-jahjaga-sastala-se-sa-pomocnom-americkom-dravnom-sekretarkom-za-evropu-i-evroaziju-victoria-nuland\/#primaryimage\",\"url\":\"https:\/\/president-ksgov.net\/wp-content\/uploads\/24_03_2016_8178278_22_03_2016_Takim_me_Victoria_Nuland_1.jpg\",\"contentUrl\":\"https:\/\/president-ksgov.net\/wp-content\/uploads\/24_03_2016_8178278_22_03_2016_Takim_me_Victoria_Nuland_1.jpg\",\"width\":1024,\"height\":674},{\"@type\":\"BreadcrumbList\",\"@id\":\"https:\/\/president-ksgov.net\/sr\/predsednica-atifete-jahjaga-sastala-se-sa-pomocnom-americkom-dravnom-sekretarkom-za-evropu-i-evroaziju-victoria-nuland\/#breadcrumb\",\"itemListElement\":[{\"@type\":\"ListItem\",\"position\":1,\"name\":\"Home\",\"item\":\"https:\/\/president-ksgov.net\/sr\/\"},{\"@type\":\"ListItem\",\"position\":2,\"name\":\"Predsednica Atifete Jahjaga sastala se sa pomo\u0107nom ameri\u010dkom dr&#158;avnom sekretarkom za Evropu i Evroaziju, Victoria Nuland\"}]},{\"@type\":\"WebSite\",\"@id\":\"https:\/\/president-ksgov.net\/#website\",\"url\":\"https:\/\/president-ksgov.net\/\",\"name\":\"Presidente e Republik\u00ebs s\u00eb Kosov\u00ebs\",\"description\":\"Presidente e Republik\u00ebs s\u00eb Kosov\u00ebs\",\"alternateName\":\"DR. VJOSA OSMANI - SADRIU\",\"potentialAction\":[{\"@type\":\"SearchAction\",\"target\":{\"@type\":\"EntryPoint\",\"urlTemplate\":\"https:\/\/president-ksgov.net\/?s={search_term_string}\"},\"query-input\":{\"@type\":\"PropertyValueSpecification\",\"valueRequired\":true,\"valueName\":\"search_term_string\"}}],\"inLanguage\":\"sr-RS\"},{\"@type\":\"Person\",\"@id\":\"https:\/\/president-ksgov.net\/#\/schema\/person\/bb4337a5fb147cb2046d80548172cbee\",\"name\":\"admin\",\"image\":{\"@type\":\"ImageObject\",\"inLanguage\":\"sr-RS\",\"@id\":\"https:\/\/president-ksgov.net\/#\/schema\/person\/image\/\",\"url\":\"https:\/\/secure.gravatar.com\/avatar\/36156ca0fa3b8d9d25174f146e16beea0cf28f37adf1b9e19b6c9c279a7c9dd3?s=96&d=mm&r=g\",\"contentUrl\":\"https:\/\/secure.gravatar.com\/avatar\/36156ca0fa3b8d9d25174f146e16beea0cf28f37adf1b9e19b6c9c279a7c9dd3?s=96&d=mm&r=g\",\"caption\":\"admin\"},\"sameAs\":[\"https:\/\/president-ksgov.net\"]}]}<\/script>\n<!-- \/ Yoast SEO plugin. -->","yoast_head_json":{"title":"Predsednica Atifete Jahjaga sastala se sa pomo\u0107nom ameri\u010dkom dr&#158;avnom sekretarkom za Evropu i Evroaziju, Victoria Nuland - Predsednik Republike Kosovo - DR. VJOSA OSMANI - SADRIU","description":"Predsednica Atifete Jahjaga sastala se sa pomo\u0107nom ameri\u010dkom dr&#158;avnom sekretarkom za Evropu i Evroaziju, Victoria Nuland - Predsednik Republike Kosovo - DR. VJOSA OSMANI - SADRIU -","robots":{"index":"index","follow":"follow","max-snippet":"max-snippet:-1","max-image-preview":"max-image-preview:large","max-video-preview":"max-video-preview:-1"},"canonical":"https:\/\/president-ksgov.net\/sr\/predsednica-atifete-jahjaga-sastala-se-sa-pomocnom-americkom-dravnom-sekretarkom-za-evropu-i-evroaziju-victoria-nuland\/","og_locale":"sr_RS","og_type":"article","og_title":"Predsednica Atifete Jahjaga sastala se sa pomo\u0107nom ameri\u010dkom dr&#158;avnom sekretarkom za Evropu i Evroaziju, Victoria Nuland - Predsednik Republike Kosovo - DR. VJOSA OSMANI - SADRIU","og_description":"Predsednica Atifete Jahjaga sastala se sa pomo\u0107nom ameri\u010dkom dr&#158;avnom sekretarkom za Evropu i Evroaziju, Victoria Nuland - Predsednik Republike Kosovo - DR. VJOSA OSMANI - SADRIU -","og_url":"https:\/\/president-ksgov.net\/sr\/predsednica-atifete-jahjaga-sastala-se-sa-pomocnom-americkom-dravnom-sekretarkom-za-evropu-i-evroaziju-victoria-nuland\/","og_site_name":"Predsednik Republike Kosovo - DR. VJOSA OSMANI - SADRIU","article_published_time":"2016-03-24T15:07:59+00:00","og_image":[{"width":1024,"height":674,"url":"https:\/\/president-ksgov.net\/wp-content\/uploads\/24_03_2016_8178278_22_03_2016_Takim_me_Victoria_Nuland_1.jpg","type":"image\/jpeg"}],"author":"admin","twitter_card":"summary_large_image","twitter_misc":{"\u041d\u0430\u043f\u0438\u0441\u0430\u043d\u043e \u043e\u0434":"admin","\u041f\u0440\u043e\u0446\u0435\u045a\u0435\u043d\u043e \u0432\u0440\u0435\u043c\u0435 \u0447\u0438\u0442\u0430\u045a\u0430":"1 \u043c\u0438\u043d\u0443\u0442"},"schema":{"@context":"https:\/\/schema.org","@graph":[{"@type":"WebPage","@id":"https:\/\/president-ksgov.net\/sr\/predsednica-atifete-jahjaga-sastala-se-sa-pomocnom-americkom-dravnom-sekretarkom-za-evropu-i-evroaziju-victoria-nuland\/","url":"https:\/\/president-ksgov.net\/sr\/predsednica-atifete-jahjaga-sastala-se-sa-pomocnom-americkom-dravnom-sekretarkom-za-evropu-i-evroaziju-victoria-nuland\/","name":"Predsednica Atifete Jahjaga sastala se sa pomo\u0107nom ameri\u010dkom dr&#158;avnom sekretarkom za Evropu i Evroaziju, Victoria Nuland - Predsednik Republike Kosovo - DR. VJOSA OSMANI - SADRIU","isPartOf":{"@id":"https:\/\/president-ksgov.net\/#website"},"primaryImageOfPage":{"@id":"https:\/\/president-ksgov.net\/sr\/predsednica-atifete-jahjaga-sastala-se-sa-pomocnom-americkom-dravnom-sekretarkom-za-evropu-i-evroaziju-victoria-nuland\/#primaryimage"},"image":{"@id":"https:\/\/president-ksgov.net\/sr\/predsednica-atifete-jahjaga-sastala-se-sa-pomocnom-americkom-dravnom-sekretarkom-za-evropu-i-evroaziju-victoria-nuland\/#primaryimage"},"thumbnailUrl":"https:\/\/president-ksgov.net\/wp-content\/uploads\/24_03_2016_8178278_22_03_2016_Takim_me_Victoria_Nuland_1.jpg","datePublished":"2016-03-24T15:07:59+00:00","dateModified":"2016-03-24T15:07:59+00:00","author":{"@id":"https:\/\/president-ksgov.net\/#\/schema\/person\/bb4337a5fb147cb2046d80548172cbee"},"description":"Predsednica Atifete Jahjaga sastala se sa pomo\u0107nom ameri\u010dkom dr&#158;avnom sekretarkom za Evropu i Evroaziju, Victoria Nuland - Predsednik Republike Kosovo - DR. VJOSA OSMANI - SADRIU -","breadcrumb":{"@id":"https:\/\/president-ksgov.net\/sr\/predsednica-atifete-jahjaga-sastala-se-sa-pomocnom-americkom-dravnom-sekretarkom-za-evropu-i-evroaziju-victoria-nuland\/#breadcrumb"},"inLanguage":"sr-RS","potentialAction":[{"@type":"ReadAction","target":["https:\/\/president-ksgov.net\/sr\/predsednica-atifete-jahjaga-sastala-se-sa-pomocnom-americkom-dravnom-sekretarkom-za-evropu-i-evroaziju-victoria-nuland\/"]}]},{"@type":"ImageObject","inLanguage":"sr-RS","@id":"https:\/\/president-ksgov.net\/sr\/predsednica-atifete-jahjaga-sastala-se-sa-pomocnom-americkom-dravnom-sekretarkom-za-evropu-i-evroaziju-victoria-nuland\/#primaryimage","url":"https:\/\/president-ksgov.net\/wp-content\/uploads\/24_03_2016_8178278_22_03_2016_Takim_me_Victoria_Nuland_1.jpg","contentUrl":"https:\/\/president-ksgov.net\/wp-content\/uploads\/24_03_2016_8178278_22_03_2016_Takim_me_Victoria_Nuland_1.jpg","width":1024,"height":674},{"@type":"BreadcrumbList","@id":"https:\/\/president-ksgov.net\/sr\/predsednica-atifete-jahjaga-sastala-se-sa-pomocnom-americkom-dravnom-sekretarkom-za-evropu-i-evroaziju-victoria-nuland\/#breadcrumb","itemListElement":[{"@type":"ListItem","position":1,"name":"Home","item":"https:\/\/president-ksgov.net\/sr\/"},{"@type":"ListItem","position":2,"name":"Predsednica Atifete Jahjaga sastala se sa pomo\u0107nom ameri\u010dkom dr&#158;avnom sekretarkom za Evropu i Evroaziju, Victoria Nuland"}]},{"@type":"WebSite","@id":"https:\/\/president-ksgov.net\/#website","url":"https:\/\/president-ksgov.net\/","name":"Presidente e Republik\u00ebs s\u00eb Kosov\u00ebs","description":"Presidente e Republik\u00ebs s\u00eb Kosov\u00ebs","alternateName":"DR. VJOSA OSMANI - SADRIU","potentialAction":[{"@type":"SearchAction","target":{"@type":"EntryPoint","urlTemplate":"https:\/\/president-ksgov.net\/?s={search_term_string}"},"query-input":{"@type":"PropertyValueSpecification","valueRequired":true,"valueName":"search_term_string"}}],"inLanguage":"sr-RS"},{"@type":"Person","@id":"https:\/\/president-ksgov.net\/#\/schema\/person\/bb4337a5fb147cb2046d80548172cbee","name":"admin","image":{"@type":"ImageObject","inLanguage":"sr-RS","@id":"https:\/\/president-ksgov.net\/#\/schema\/person\/image\/","url":"https:\/\/secure.gravatar.com\/avatar\/36156ca0fa3b8d9d25174f146e16beea0cf28f37adf1b9e19b6c9c279a7c9dd3?s=96&d=mm&r=g","contentUrl":"https:\/\/secure.gravatar.com\/avatar\/36156ca0fa3b8d9d25174f146e16beea0cf28f37adf1b9e19b6c9c279a7c9dd3?s=96&d=mm&r=g","caption":"admin"},"sameAs":["https:\/\/president-ksgov.net"]}]}},"_links":{"self":[{"href":"https:\/\/president-ksgov.net\/sr\/wp-json\/wp\/v2\/posts\/76968","targetHints":{"allow":["GET"]}}],"collection":[{"href":"https:\/\/president-ksgov.net\/sr\/wp-json\/wp\/v2\/posts"}],"about":[{"href":"https:\/\/president-ksgov.net\/sr\/wp-json\/wp\/v2\/types\/post"}],"author":[{"embeddable":true,"href":"https:\/\/president-ksgov.net\/sr\/wp-json\/wp\/v2\/users\/1"}],"replies":[{"embeddable":true,"href":"https:\/\/president-ksgov.net\/sr\/wp-json\/wp\/v2\/comments?post=76968"}],"version-history":[{"count":0,"href":"https:\/\/president-ksgov.net\/sr\/wp-json\/wp\/v2\/posts\/76968\/revisions"}],"wp:featuredmedia":[{"embeddable":true,"href":"https:\/\/president-ksgov.net\/sr\/wp-json\/wp\/v2\/media\/35403"}],"wp:attachment":[{"href":"https:\/\/president-ksgov.net\/sr\/wp-json\/wp\/v2\/media?parent=76968"}],"wp:term":[{"taxonomy":"category","embeddable":true,"href":"https:\/\/president-ksgov.net\/sr\/wp-json\/wp\/v2\/categories?post=76968"},{"taxonomy":"post_tag","embeddable":true,"href":"https:\/\/president-ksgov.net\/sr\/wp-json\/wp\/v2\/tags?post=76968"}],"curies":[{"name":"wp","href":"https:\/\/api.w.org\/{rel}","templated":true}]}}