{"id":76957,"date":"2016-03-28T13:44:59","date_gmt":"2016-03-28T13:44:59","guid":{"rendered":"https:\/\/dev.president-ksgov.net\/govor-predsednice-jahjaga-seksualno-nasilje-u-sukobu-i-van-njega\/"},"modified":"2023-03-08T09:01:42","modified_gmt":"2023-03-08T09:01:42","slug":"govor-predsednice-jahjaga-seksualno-nasilje-u-sukobu-i-van-njega","status":"publish","type":"post","link":"https:\/\/president-ksgov.net\/sr\/govor-predsednice-jahjaga-seksualno-nasilje-u-sukobu-i-van-njega\/","title":{"rendered":"Govor predsednice Jahjaga &#132;Seksualno nasilje u sukobu i van njega&#8220;"},"content":{"rendered":"<p>Predsednica Republike Kosova, gospo\u0111a Atifete Jahjaga obratila se Forumu &#8222;Seksualno nasilje u sukobu i van njega&#8220; koji je organizovala Fondacija za blagostanje dru&#353;tva, predsednice Malte, Marie Louise Coleiro Preca. Ovaj forum je organizovan povodom dr&#382;avne posete predsednice Jahjaga Republici Malti.<\/p>\n<p>U nastavku mo&#382;ete na\u0107i govor predsednice Jahjaga: <\/p>\n<p>Dame i gospodo, <\/p>\n<p>Draga predsednice,<\/p>\n<p>Posebno je zadovoljstvo za mene &#353;to imam mogu\u0107nost da se obratim na ovom bitnom forumu na kojem se diskutuje o jednom od najti&#353;ih sredstava rata, o seksualnom nasilju, sredstvu koji uni&#353;tava &#382;ivote nedu&#382;nih gra\u0111ana u \u010ditavom svetu. <\/p>\n<p>Kao &#353;to znate, ovo je jedno od pitanja koje mi je blisko srcu, jer je ovom dotaklo moje dru&#353;tvo, ne toliko vremena ranije, seju\u0107i seme duboke patnje i bola u &#382;ivote &#382;rtava i u celo dru&#353;tvo. <\/p>\n<p>Seksualno nasilje je kori&#353;\u0107eno kao ratno sredstvo na Kosovu, nad hiljadama &#382;ena i mu&#353;karaca sa ciljem da se nad nedu&#382;nim gra\u0111anima uspostavi strah i potla\u010denost, etni\u010dko \u010di&#353;\u0107enje, podre\u0111enost mu&#353;karaca kao i da se \u010ditavo dru&#353;tvo ogoli od njegovih ljudskih vrednosti. <\/p>\n<p>Oko dvadeset hiljada nedu&#382;nih gra\u0111ana u sebi dr&#382;e rane u&#382;asnih dela seksualnog nasilja koja su izvr&#353;ena od strane srpskih snaga, koje su njihova tela pretvorila u ratna polja radi politi\u010dkih koristi. <\/p>\n<p>I dok mi napredujemo kako bismo ponovo izgradili na&#353;u budu\u0107nost iz ru&#353;evina uni&#353;tenja i nemerljivog ljudskog bola, bore\u0107i se sa mnogim izazovima izgradnje jedne mirovne, stabilne i sigurne dr&#382;ave, mi smo &#382;rtve ovog u&#382;asnog zlo\u010dina ostavili da se same bore protiv tela, izolacije i dru&#353;tvenog\u00a0 izuzimanja bez potrebne institucionalne i dru&#353;tvene podr&#353;ke. <\/p>\n<p>Nevi\u0111eni zlo\u010dini izvr&#353;eni nad njihovim telima glasno govore o jednom stra&#353;nom zlo\u010dinu, ali mi smo kao dru&#353;tvo retko spremni da \u010dujemo tu patnju, koja je bila veoma te&#353;ka za nas da je \u010dujemo. <\/p>\n<p>U prvim danima mog mandata kao predsednice Kosova, ja sam oti&#353;la da se sastanem sa grupom &#382;ena koje su pre&#382;ivele seksualno nasilje tokom rata. Bola sam svedok \u010dinjenice da se za njih rat jo&#353; uvek nije zavr&#353;io. Se\u0107anja na zlo\u010dine su jo&#353; uvek bila sve&#382;a i u&#382;as je jo&#353; uvek teretio njihova le\u0111a,. <\/p>\n<p>Razgovarala sam sa &#382;enama aktivistkinjama, koje su podigle glas za pravdu i priznanje pre&#382;ivelih, slomljenog srca zbog onog &#353;to sam videla, ali odlu\u010dna da donesem promenu i da zajedno radimo na tome da razbijemo ovaj zabrinjavaju\u0107i tabu koji je dr&#382;ao kao taoca budu\u0107nost pre&#382;ivelih kao i budu\u0107nost \u010ditavog na&#353;eg dru&#353;tva. Odlu\u010dila sam da rukovodim socijalnim i institucionalnim diskursom prema pru&#382;anju prava pre&#382;ivelim i priznanju njihove &#382;rtve.<\/p>\n<p>7. marta 2014. godine osnovala sam Nacionalni savez za pre&#382;ivele seksualnog nasilja tokom rata kako bih pru&#382;ala institucionalno struktuiran odgovor. <\/p>\n<p>Ponosno se se\u0107am prvog dana rata Nacionalnog ve\u0107a, jer taj dan obele&#382;ava prvi put kada smo kao institucije i kao dru&#353;tvo izrazili na&#353;u nepokolebljivu spremnost da razbijemo ovaj tabu, da se borimo protiv stigme koja jo&#353; uvek okru&#382;uje pre&#382;ivele i da neprekidno radimo kako bismo ih tretirali isto kao i ostale kategorije proizi&#353;le iz rata, s po&#353;tovanje i dostojanstvom, kako bismo po&#353;tovali njihovu &#382;rtvu. <\/p>\n<p>Dana, su pre&#382;iveli zadobili pravo zakonskog priznanja, razbili smo tabu i osim toga oni su i prona&#353;li podr&#353;ku prijatelja u celom svetu, ljudi kao &#353;to ste vi, koji \u010duju njihov glas i koji podr&#382;avaju njihov zahtev za pravdu.<\/p>\n<p>12. juna pro&#353;le godine, na Dan oslobo\u0111enja Kosova, Pri&#353;tina je postala glavni grad prava pre&#382;ivelih seksualnog nasilja tokom rata, putem umetni\u010dke izlo&#382;ne &#8222;Mislim na tebe&#8220;, umetnice Alketa Xhafa Mripa i producentkinje Anna Di Lellio, kada je zeleno polje pri&#353;tinskog stadiona bilo\u00a0 prekriveno sa pet hiljada haljina i suknji koje si glasno govorile o neljudskim delima koja si izvr&#353;ena nad &#382;enama na&#353;e zemlje i koje tra&#382;e priznanje i ka&#382;njavanje ovog ratnog zlo\u010dina. <\/p>\n<p>I dok sam hodala stadionom me\u0111u hiljadama haljina, videla sam dve suknje koje su na sebi imale poruke, a koje su mi slomile srce, na jednoj od njih je pisalo: &#8222;Ja imam jedan gorki do&#382;ivljaj&#8220;, a na drugoj: &#8222;Ova suknja u sebi dr&#382;i jednu pri\u010du koja je zatvorena od prole\u0107a 1998. godine&#8220;. <\/p>\n<p>Danas se ove suknje nalaze obe&#353;ene u Kancelariji predsednika Kosova, kako bi smo se se\u0107ali &#382;rtve hiljade &#382;ena i mu&#353;karaca, a &#353;ta vi&#353;e da bi nas podse\u0107ale na obavezu koju imamo prema njima, da ih tretiramo uz dostojanstvo. <\/p>\n<p>Po&#353;tovane dame i gospodo,<\/p>\n<p>Tokom godina sam \u010dula pri\u010de pri\u010de &#382;ena \u010diji se snovi da postanu majke nikada nisi ostvarili jer su one izgubile jo&#353; nero\u0111enu decu zbog neljudskog nasilja koje je izvr&#353;eno nad njima. <\/p>\n<p>\u010cula sam pri\u010de majke koje su bile svedoci silovanja, tu\u010de i mu\u010denja njihovih \u0107erki, pred njihovim o\u010dima, pri\u010de &#382;ena koja su seksualno zlostavljane na nezamislive na\u010dine pred o\u010dima njihovih mu&#382;eva, njihovih o\u010deva, pred o\u010dima celog sela. Pri\u010de o maloj deci koja nisu pre&#382;ivela ova neljudska dela. Pri\u010de &#382;ena koje su izgubile njihovu decu zbog sramote od ovog zlo\u010dina, pri\u010de &#382;ena i mladih devojaka koje su ostavljene sa flekom srama koja je postavljena duboko u njihovim telima. <\/p>\n<p>U svim tim pri\u010dama sam tako\u0111e postala svedok hrabrosti mladih devojaka i &#382;ena, koje su i nasuprot svemu tome na&#353;le snagu da ponovo izgrade njihove &#382;ivote, da se staraju o njihovoj deci i njihovim porodicama, koje se svakoga dana bore sa u&#382;asima koje su pre&#382;ivele i koje se nikada ne predaju. &#381;ene koje ohrabruju jedna drugu da pre&#382;ive i koje jedna drugoj govore da su one heroine na&#353;eg dru&#353;tva. <\/p>\n<p>Njihova snaga i hrabrost mi daju nadu da \u0107e se njihova odlu\u010dnost za narodno i me\u0111unarodno priznavanje ovog zlo\u010dina, tra&#382;enje pravde s njihove strane i zahtev za mir, \u010duti. <\/p>\n<p>Jo&#353; uvek imamo mnogo toga da uradimo kako bismo im pru&#382;ali pravdu koju zaslu&#382;uju. I 17 godina nakon zavr&#353;etka rata, jo&#353; uve nijedna osoba nije ka&#382;njena za zlo\u010dine seksualnog nasilja koji su izvr&#353;eni na Kosovu, ali, mi smo i dalje odlu\u010dni da izvr&#353;imo na&#353;e institucionalne i dru&#353;tvene obaveze i da tra&#382;imo pravdu za pre&#382;ivele. <\/p>\n<p>Dame i gospodo, <\/p>\n<p>Mi vodimo bitke koje smo nekada pobedili. Mi smo se oslobodili ropstva, ali na&#353;e devojke su i dalje robovi. <\/p>\n<p>Mi nikada nismo mislili da \u0107emo biti svedoci u&#382;asnih scena &#382;ena i devojaka koje su vezane lancima, seksualno zlostavljane, na u&#382;asne na\u010dine i koje su podavane kao seksualno roblje. To se svakoga dana vr&#353;i od strane ISIS-ovih vojnika. <\/p>\n<p>Vide\u0107i do sada nevi\u0111ene zlo\u010dine koji ogoljavaju &#382;ene, devojke i decu od njihovoh identiteta, mi oh ostavljamo osramljene, dok\u00a0 se izvr&#353;ioci tih dela slobodno kre\u0107u u kulturi neka&#382;njavanja za dela koja su izvr&#353;ili. <\/p>\n<p>Jasno mogu da ka&#382;em da nisu samo one &#382;rtve koje pla\u0107aju cenu nepravde koja je nad njima izvr&#353;ena ovim ratnim sredstvom, tako\u0111e pati i celo dru&#353;tvo. <\/p>\n<p>Mi mo&#382;emo zaustaviti ovo ratno sredstvo koje svakoga dana uni&#353;tava &#382;ivote u raznim delovima sveta, koje uni&#353;tava sr&#382; na&#353;e ljudskosti; ali mi treba da delujemo zajedno i da se borimo protiv ove kulture neka&#382;njavanja. <\/p>\n<p>&#381;elim da se zahvalim predsednici na organizaciji ovog doga\u0111aja i svima vama koji ste do&#353;li da pru&#382;ite podr&#353;ku u tra&#382;enju mira i pravde za pre&#382;ivele seksualnog nasilja tokom rata na Kosovu i u celom svetu. <\/p>\n<p>Mi ne mo&#382;emo promeniti pro&#353;lost pre&#382;ivelih seksualnog nasilja u sukobima, ali mo&#382;emo se osigurati da im obezbedimo pravdu. &#352;ta vi&#353;e, mo&#382;emo da se osiguramo da \u0107emo zaustaviti seksualno nasilje u sukobima jednom zauvek. Pridru&#382;imo se ovom doga\u0111aju i za&#353;titimo na&#353;u humanost. <\/p>\n<p>Hvala vam!<\/p>\n","protected":false},"excerpt":{"rendered":"<p>Predsednica Republike Kosova, gospo\u0111a Atifete Jahjaga obratila se Forumu &#8222;Seksualno nasilje u sukobu i van njega&#8220; koji je organizovala Fondacija za blagostanje dru&#353;tva, predsednice Malte, Marie Louise Coleiro Preca. Ovaj forum je organizovan povodom dr&#382;avne posete predsednice Jahjaga Republici Malti.<\/p>\n","protected":false},"author":1,"featured_media":35215,"comment_status":"open","ping_status":"closed","sticky":false,"template":"","format":"standard","meta":{"_eb_attr":"","footnotes":""},"categories":[106],"tags":[],"class_list":["post-76957","post","type-post","status-publish","format-standard","has-post-thumbnail","hentry","category-govori"],"yoast_head":"<!-- This site is optimized with the Yoast SEO plugin v23.5 - https:\/\/yoast.com\/wordpress\/plugins\/seo\/ -->\n<title>Govor predsednice Jahjaga &#132;Seksualno nasilje u sukobu i van njega&quot; - Predsednik Republike Kosovo - DR. VJOSA OSMANI - SADRIU<\/title>\n<meta name=\"description\" content=\"Govor predsednice Jahjaga &#132;Seksualno nasilje u sukobu i van njega&quot; - Predsednik Republike Kosovo - DR. VJOSA OSMANI - SADRIU -\" \/>\n<meta name=\"robots\" content=\"index, follow, max-snippet:-1, max-image-preview:large, max-video-preview:-1\" \/>\n<link rel=\"canonical\" href=\"https:\/\/president-ksgov.net\/sr\/govor-predsednice-jahjaga-seksualno-nasilje-u-sukobu-i-van-njega\/\" \/>\n<meta property=\"og:locale\" content=\"sr_RS\" \/>\n<meta property=\"og:type\" content=\"article\" \/>\n<meta property=\"og:title\" content=\"Govor predsednice Jahjaga &#132;Seksualno nasilje u sukobu i van njega&quot; - Predsednik Republike Kosovo - DR. VJOSA OSMANI - SADRIU\" \/>\n<meta property=\"og:description\" content=\"Govor predsednice Jahjaga &#132;Seksualno nasilje u sukobu i van njega&quot; - Predsednik Republike Kosovo - DR. VJOSA OSMANI - SADRIU -\" \/>\n<meta property=\"og:url\" content=\"https:\/\/president-ksgov.net\/sr\/govor-predsednice-jahjaga-seksualno-nasilje-u-sukobu-i-van-njega\/\" \/>\n<meta property=\"og:site_name\" content=\"Predsednik Republike Kosovo - DR. VJOSA OSMANI - SADRIU\" \/>\n<meta property=\"article:published_time\" content=\"2016-03-28T13:44:59+00:00\" \/>\n<meta property=\"article:modified_time\" content=\"2023-03-08T09:01:42+00:00\" \/>\n<meta property=\"og:image\" content=\"https:\/\/president-ksgov.net\/wp-content\/uploads\/28_03_2016_1839844_Foto_0.jpg\" \/>\n\t<meta property=\"og:image:width\" content=\"1000\" \/>\n\t<meta property=\"og:image:height\" content=\"682\" \/>\n\t<meta property=\"og:image:type\" content=\"image\/jpeg\" \/>\n<meta name=\"author\" content=\"admin\" \/>\n<meta name=\"twitter:card\" content=\"summary_large_image\" \/>\n<meta name=\"twitter:label1\" content=\"\u041d\u0430\u043f\u0438\u0441\u0430\u043d\u043e \u043e\u0434\" \/>\n\t<meta name=\"twitter:data1\" content=\"admin\" \/>\n\t<meta name=\"twitter:label2\" content=\"\u041f\u0440\u043e\u0446\u0435\u045a\u0435\u043d\u043e \u0432\u0440\u0435\u043c\u0435 \u0447\u0438\u0442\u0430\u045a\u0430\" \/>\n\t<meta name=\"twitter:data2\" content=\"7 \u043c\u0438\u043d\u0443\u0442\u0430\" \/>\n<script type=\"application\/ld+json\" class=\"yoast-schema-graph\">{\"@context\":\"https:\/\/schema.org\",\"@graph\":[{\"@type\":\"WebPage\",\"@id\":\"https:\/\/president-ksgov.net\/sr\/govor-predsednice-jahjaga-seksualno-nasilje-u-sukobu-i-van-njega\/\",\"url\":\"https:\/\/president-ksgov.net\/sr\/govor-predsednice-jahjaga-seksualno-nasilje-u-sukobu-i-van-njega\/\",\"name\":\"Govor predsednice Jahjaga &#132;Seksualno nasilje u sukobu i van njega\\\" - Predsednik Republike Kosovo - DR. VJOSA OSMANI - SADRIU\",\"isPartOf\":{\"@id\":\"https:\/\/president-ksgov.net\/#website\"},\"primaryImageOfPage\":{\"@id\":\"https:\/\/president-ksgov.net\/sr\/govor-predsednice-jahjaga-seksualno-nasilje-u-sukobu-i-van-njega\/#primaryimage\"},\"image\":{\"@id\":\"https:\/\/president-ksgov.net\/sr\/govor-predsednice-jahjaga-seksualno-nasilje-u-sukobu-i-van-njega\/#primaryimage\"},\"thumbnailUrl\":\"https:\/\/president-ksgov.net\/wp-content\/uploads\/28_03_2016_1839844_Foto_0.jpg\",\"datePublished\":\"2016-03-28T13:44:59+00:00\",\"dateModified\":\"2023-03-08T09:01:42+00:00\",\"author\":{\"@id\":\"https:\/\/president-ksgov.net\/#\/schema\/person\/bb4337a5fb147cb2046d80548172cbee\"},\"description\":\"Govor predsednice Jahjaga &#132;Seksualno nasilje u sukobu i van njega\\\" - Predsednik Republike Kosovo - DR. VJOSA OSMANI - SADRIU -\",\"breadcrumb\":{\"@id\":\"https:\/\/president-ksgov.net\/sr\/govor-predsednice-jahjaga-seksualno-nasilje-u-sukobu-i-van-njega\/#breadcrumb\"},\"inLanguage\":\"sr-RS\",\"potentialAction\":[{\"@type\":\"ReadAction\",\"target\":[\"https:\/\/president-ksgov.net\/sr\/govor-predsednice-jahjaga-seksualno-nasilje-u-sukobu-i-van-njega\/\"]}]},{\"@type\":\"ImageObject\",\"inLanguage\":\"sr-RS\",\"@id\":\"https:\/\/president-ksgov.net\/sr\/govor-predsednice-jahjaga-seksualno-nasilje-u-sukobu-i-van-njega\/#primaryimage\",\"url\":\"https:\/\/president-ksgov.net\/wp-content\/uploads\/28_03_2016_1839844_Foto_0.jpg\",\"contentUrl\":\"https:\/\/president-ksgov.net\/wp-content\/uploads\/28_03_2016_1839844_Foto_0.jpg\",\"width\":1000,\"height\":682},{\"@type\":\"BreadcrumbList\",\"@id\":\"https:\/\/president-ksgov.net\/sr\/govor-predsednice-jahjaga-seksualno-nasilje-u-sukobu-i-van-njega\/#breadcrumb\",\"itemListElement\":[{\"@type\":\"ListItem\",\"position\":1,\"name\":\"Home\",\"item\":\"https:\/\/president-ksgov.net\/sr\/\"},{\"@type\":\"ListItem\",\"position\":2,\"name\":\"Govor predsednice Jahjaga &#132;Seksualno nasilje u sukobu i van njega&#8220;\"}]},{\"@type\":\"WebSite\",\"@id\":\"https:\/\/president-ksgov.net\/#website\",\"url\":\"https:\/\/president-ksgov.net\/\",\"name\":\"Presidente e Republik\u00ebs s\u00eb Kosov\u00ebs\",\"description\":\"Presidente e Republik\u00ebs s\u00eb Kosov\u00ebs\",\"alternateName\":\"DR. VJOSA OSMANI - SADRIU\",\"potentialAction\":[{\"@type\":\"SearchAction\",\"target\":{\"@type\":\"EntryPoint\",\"urlTemplate\":\"https:\/\/president-ksgov.net\/?s={search_term_string}\"},\"query-input\":{\"@type\":\"PropertyValueSpecification\",\"valueRequired\":true,\"valueName\":\"search_term_string\"}}],\"inLanguage\":\"sr-RS\"},{\"@type\":\"Person\",\"@id\":\"https:\/\/president-ksgov.net\/#\/schema\/person\/bb4337a5fb147cb2046d80548172cbee\",\"name\":\"admin\",\"image\":{\"@type\":\"ImageObject\",\"inLanguage\":\"sr-RS\",\"@id\":\"https:\/\/president-ksgov.net\/#\/schema\/person\/image\/\",\"url\":\"https:\/\/secure.gravatar.com\/avatar\/36156ca0fa3b8d9d25174f146e16beea0cf28f37adf1b9e19b6c9c279a7c9dd3?s=96&d=mm&r=g\",\"contentUrl\":\"https:\/\/secure.gravatar.com\/avatar\/36156ca0fa3b8d9d25174f146e16beea0cf28f37adf1b9e19b6c9c279a7c9dd3?s=96&d=mm&r=g\",\"caption\":\"admin\"},\"sameAs\":[\"https:\/\/president-ksgov.net\"]}]}<\/script>\n<!-- \/ Yoast SEO plugin. -->","yoast_head_json":{"title":"Govor predsednice Jahjaga &#132;Seksualno nasilje u sukobu i van njega\" - Predsednik Republike Kosovo - DR. VJOSA OSMANI - SADRIU","description":"Govor predsednice Jahjaga &#132;Seksualno nasilje u sukobu i van njega\" - Predsednik Republike Kosovo - DR. VJOSA OSMANI - SADRIU -","robots":{"index":"index","follow":"follow","max-snippet":"max-snippet:-1","max-image-preview":"max-image-preview:large","max-video-preview":"max-video-preview:-1"},"canonical":"https:\/\/president-ksgov.net\/sr\/govor-predsednice-jahjaga-seksualno-nasilje-u-sukobu-i-van-njega\/","og_locale":"sr_RS","og_type":"article","og_title":"Govor predsednice Jahjaga &#132;Seksualno nasilje u sukobu i van njega\" - Predsednik Republike Kosovo - DR. VJOSA OSMANI - SADRIU","og_description":"Govor predsednice Jahjaga &#132;Seksualno nasilje u sukobu i van njega\" - Predsednik Republike Kosovo - DR. VJOSA OSMANI - SADRIU -","og_url":"https:\/\/president-ksgov.net\/sr\/govor-predsednice-jahjaga-seksualno-nasilje-u-sukobu-i-van-njega\/","og_site_name":"Predsednik Republike Kosovo - DR. VJOSA OSMANI - SADRIU","article_published_time":"2016-03-28T13:44:59+00:00","article_modified_time":"2023-03-08T09:01:42+00:00","og_image":[{"width":1000,"height":682,"url":"https:\/\/president-ksgov.net\/wp-content\/uploads\/28_03_2016_1839844_Foto_0.jpg","type":"image\/jpeg"}],"author":"admin","twitter_card":"summary_large_image","twitter_misc":{"\u041d\u0430\u043f\u0438\u0441\u0430\u043d\u043e \u043e\u0434":"admin","\u041f\u0440\u043e\u0446\u0435\u045a\u0435\u043d\u043e \u0432\u0440\u0435\u043c\u0435 \u0447\u0438\u0442\u0430\u045a\u0430":"7 \u043c\u0438\u043d\u0443\u0442\u0430"},"schema":{"@context":"https:\/\/schema.org","@graph":[{"@type":"WebPage","@id":"https:\/\/president-ksgov.net\/sr\/govor-predsednice-jahjaga-seksualno-nasilje-u-sukobu-i-van-njega\/","url":"https:\/\/president-ksgov.net\/sr\/govor-predsednice-jahjaga-seksualno-nasilje-u-sukobu-i-van-njega\/","name":"Govor predsednice Jahjaga &#132;Seksualno nasilje u sukobu i van njega\" - Predsednik Republike Kosovo - DR. VJOSA OSMANI - SADRIU","isPartOf":{"@id":"https:\/\/president-ksgov.net\/#website"},"primaryImageOfPage":{"@id":"https:\/\/president-ksgov.net\/sr\/govor-predsednice-jahjaga-seksualno-nasilje-u-sukobu-i-van-njega\/#primaryimage"},"image":{"@id":"https:\/\/president-ksgov.net\/sr\/govor-predsednice-jahjaga-seksualno-nasilje-u-sukobu-i-van-njega\/#primaryimage"},"thumbnailUrl":"https:\/\/president-ksgov.net\/wp-content\/uploads\/28_03_2016_1839844_Foto_0.jpg","datePublished":"2016-03-28T13:44:59+00:00","dateModified":"2023-03-08T09:01:42+00:00","author":{"@id":"https:\/\/president-ksgov.net\/#\/schema\/person\/bb4337a5fb147cb2046d80548172cbee"},"description":"Govor predsednice Jahjaga &#132;Seksualno nasilje u sukobu i van njega\" - Predsednik Republike Kosovo - DR. VJOSA OSMANI - SADRIU -","breadcrumb":{"@id":"https:\/\/president-ksgov.net\/sr\/govor-predsednice-jahjaga-seksualno-nasilje-u-sukobu-i-van-njega\/#breadcrumb"},"inLanguage":"sr-RS","potentialAction":[{"@type":"ReadAction","target":["https:\/\/president-ksgov.net\/sr\/govor-predsednice-jahjaga-seksualno-nasilje-u-sukobu-i-van-njega\/"]}]},{"@type":"ImageObject","inLanguage":"sr-RS","@id":"https:\/\/president-ksgov.net\/sr\/govor-predsednice-jahjaga-seksualno-nasilje-u-sukobu-i-van-njega\/#primaryimage","url":"https:\/\/president-ksgov.net\/wp-content\/uploads\/28_03_2016_1839844_Foto_0.jpg","contentUrl":"https:\/\/president-ksgov.net\/wp-content\/uploads\/28_03_2016_1839844_Foto_0.jpg","width":1000,"height":682},{"@type":"BreadcrumbList","@id":"https:\/\/president-ksgov.net\/sr\/govor-predsednice-jahjaga-seksualno-nasilje-u-sukobu-i-van-njega\/#breadcrumb","itemListElement":[{"@type":"ListItem","position":1,"name":"Home","item":"https:\/\/president-ksgov.net\/sr\/"},{"@type":"ListItem","position":2,"name":"Govor predsednice Jahjaga &#132;Seksualno nasilje u sukobu i van njega&#8220;"}]},{"@type":"WebSite","@id":"https:\/\/president-ksgov.net\/#website","url":"https:\/\/president-ksgov.net\/","name":"Presidente e Republik\u00ebs s\u00eb Kosov\u00ebs","description":"Presidente e Republik\u00ebs s\u00eb Kosov\u00ebs","alternateName":"DR. VJOSA OSMANI - SADRIU","potentialAction":[{"@type":"SearchAction","target":{"@type":"EntryPoint","urlTemplate":"https:\/\/president-ksgov.net\/?s={search_term_string}"},"query-input":{"@type":"PropertyValueSpecification","valueRequired":true,"valueName":"search_term_string"}}],"inLanguage":"sr-RS"},{"@type":"Person","@id":"https:\/\/president-ksgov.net\/#\/schema\/person\/bb4337a5fb147cb2046d80548172cbee","name":"admin","image":{"@type":"ImageObject","inLanguage":"sr-RS","@id":"https:\/\/president-ksgov.net\/#\/schema\/person\/image\/","url":"https:\/\/secure.gravatar.com\/avatar\/36156ca0fa3b8d9d25174f146e16beea0cf28f37adf1b9e19b6c9c279a7c9dd3?s=96&d=mm&r=g","contentUrl":"https:\/\/secure.gravatar.com\/avatar\/36156ca0fa3b8d9d25174f146e16beea0cf28f37adf1b9e19b6c9c279a7c9dd3?s=96&d=mm&r=g","caption":"admin"},"sameAs":["https:\/\/president-ksgov.net"]}]}},"_links":{"self":[{"href":"https:\/\/president-ksgov.net\/sr\/wp-json\/wp\/v2\/posts\/76957","targetHints":{"allow":["GET"]}}],"collection":[{"href":"https:\/\/president-ksgov.net\/sr\/wp-json\/wp\/v2\/posts"}],"about":[{"href":"https:\/\/president-ksgov.net\/sr\/wp-json\/wp\/v2\/types\/post"}],"author":[{"embeddable":true,"href":"https:\/\/president-ksgov.net\/sr\/wp-json\/wp\/v2\/users\/1"}],"replies":[{"embeddable":true,"href":"https:\/\/president-ksgov.net\/sr\/wp-json\/wp\/v2\/comments?post=76957"}],"version-history":[{"count":1,"href":"https:\/\/president-ksgov.net\/sr\/wp-json\/wp\/v2\/posts\/76957\/revisions"}],"predecessor-version":[{"id":81573,"href":"https:\/\/president-ksgov.net\/sr\/wp-json\/wp\/v2\/posts\/76957\/revisions\/81573"}],"wp:featuredmedia":[{"embeddable":true,"href":"https:\/\/president-ksgov.net\/sr\/wp-json\/wp\/v2\/media\/35215"}],"wp:attachment":[{"href":"https:\/\/president-ksgov.net\/sr\/wp-json\/wp\/v2\/media?parent=76957"}],"wp:term":[{"taxonomy":"category","embeddable":true,"href":"https:\/\/president-ksgov.net\/sr\/wp-json\/wp\/v2\/categories?post=76957"},{"taxonomy":"post_tag","embeddable":true,"href":"https:\/\/president-ksgov.net\/sr\/wp-json\/wp\/v2\/tags?post=76957"}],"curies":[{"name":"wp","href":"https:\/\/api.w.org\/{rel}","templated":true}]}}