{"id":76953,"date":"2016-03-29T16:06:04","date_gmt":"2016-03-29T16:06:04","guid":{"rendered":"https:\/\/dev.president-ksgov.net\/govor-predsednice-jahjaga-na-konferenciji-ene-od-uticaja-koju-je-organizovala-privredna-komora-amerike\/"},"modified":"2023-03-08T09:01:42","modified_gmt":"2023-03-08T09:01:42","slug":"govor-predsednice-jahjaga-na-konferenciji-ene-od-uticaja-koju-je-organizovala-privredna-komora-amerike","status":"publish","type":"post","link":"https:\/\/president-ksgov.net\/sr\/govor-predsednice-jahjaga-na-konferenciji-ene-od-uticaja-koju-je-organizovala-privredna-komora-amerike\/","title":{"rendered":"Govor predsednice Jahjaga na konferenciji &#132;&#142;ene od uticaja&#147;, koju je organizovala Privredna komora Amerike"},"content":{"rendered":"<p>Posebno je zadovoljstvo da vam se obratim na ovogodi&#353;njem doga\u0111aju &#381;ene od uticaja, koji je organizovala Privredna komora Amerike na Kosovu, kako bi se ponovo potrvdilo ekonomsko i politi\u010dko ja\u010danje &#382;ena kao glavno pitanje napretka jednog dru&#353;tva.<\/p>\n<p>Po&#353;tovani gospodine Zeka,<br \/>\nPo&#353;tovane dame ,<br \/>\nPo&#353;tovane prijateljice,<\/p>\n<p>Posebno je zadovoljstvo da vam se obratim na ovogodi&#353;njem doga\u0111aju &#381;ene od uticaja, koji je organizovala Privredna komora Amerike na Kosovu, kako bi se ponovo potrvdilo ekonomsko i politi\u010dko ja\u010danje &#382;ena kao glavno pitanje napretka jednog dru&#353;tva. <\/p>\n<p>Obezbe\u0111ivanje jednakih prava &#382;ena i mu&#353;karaca nije samo moralni imperativ, &#353;ta vi&#353;e, to je poznata \u010dinjenica\u00a0 koja nam omogu\u0107ava razvoj, ali i stabilan mir. <\/p>\n<p>Putem ja\u010danja &#382;ena &#8211; ja\u010daju se u potpunosti porodice i dru&#353;tva, jer &#353;ansa pru&#382;ana &#382;eni je i &#353;ansa koja se pru&#382;a \u010ditavom dru&#353;tvu. \u010cine\u0107i ovo, mi priznajemo \u010dinjenicu da &#382;ene vr&#353;e sna&#382;ne funkcije u dru&#353;tvu i da su njihove uloge, uloge agenata promena. Kada se obuhvate na politi\u010dkim, ekonomskim i socijalnim frontovima, one otkrivaju\u00a0 njihov talenat i potencijal u pravcu napretka, ne samo porodice i dru&#353;tva, ve\u0107 i dr&#382;ave uop&#353;te.<\/p>\n<p>U na&#353;em dru&#353;tvu, &#382;ene su imale uticaja na mnoge na\u010dine. One su imale snagu da za&#353;tite strukturu na&#353;eg dru&#353;tva u vreme rata i vreme mira. One su upravljale anga&#382;ovanjem za slobodu, obrazovanje, za pristup zdravstvu, \u010desto i susre\u0107u\u0107i se sa mnogobrojnim preprekama i nepravdom koje su se pojavile i koje su prevazi\u0111ene. <\/p>\n<p>Na svim pozicijama na kojima sam ja slu&#382;ila do sada, bila sam svedok bitnih promena, koje je donelo u\u010destvovanje &#382;ena i na poljima koja su tradicionalno bila rezervisana za mu&#353;karce. <\/p>\n<p>Videla sam napredak, kada su uspe&#353;ne &#382;ene biznismeni &#8211; nepokolebljive i kada je bilo prepreka &#8211; uspele da prate njihovu preduzetni\u010dku strast i najbolji primeri su danas ovde prisutni me\u0111u vama. Videla sam &#382;ene u politici, koje nisu nazadovale, ve\u0107 su postale glas svih gra\u0111ana. Ovo sam videla i kod &#382;ena u sektoru sigurnosti koje su i nasuprot mnogim predrasudama u dru&#353;tvu, njihovim gra\u0111anima pru&#382;ale potrebnu sigurnost. <\/p>\n<p>Ove &#382;ene su uticajem na na&#353;e dru&#353;tvo, ostale verne \u010dinjenici da se mo&#382;e posti\u0107i ve\u0107i napredak kada ima ve\u0107eg u\u010destvovanja &#382;ena na svim &#382;ivotnim poljima. Hrabri koraci koje su ove &#382;ene preduzele, otvorili su nova poglavlja na\u010dina kako shvatamo ulogu &#382;ena u njihovoj porodici, zajednici i dru&#353;tvu uop&#353;te.<\/p>\n<p>Mi smo puno napredovali, ali imamo jo&#353; puno posla da zajedno uradimo i ovo zna svaka od vas, iz va&#353;ih iskustava. Sada, samo jedan od &#353;est vi&#353;ih zvani\u010dnika, menad&#382;era, zakonodavaca je &#382;ena, i od 21 ministra, samo dve su &#382;ene. &#381;ene se jo&#353; uvek pla\u0107aju manje nego &#382;ene, za iste poslove koje vr&#353;e. One i dalje imaju manji pristup ekonomskim i finansijskim izvorima, kao i pravo na nasledstvo. Ova nejednaka zastupljenost i u\u010destvovanje nije jedina na Kosovu, ve\u0107 je deo borbe na globalnom nivou za rodnu ravnopravnost u jednaku odgovornost u razvoju, koju imaju mu&#353;karci kao i &#382;ene. <\/p>\n<p>Mi ne mo&#382;emo da dozvolimo da &#382;enama negiramo njihova prava, jer jako dobro znamo da \u0107e &#382;ene kao i celokupni dru&#353;tvo snositi posledice ovog negiranja. <\/p>\n<p>Iz tog razloga, dok se rodna ravnopravnost garantuje zakonom, sprovo\u0111enje ravnopravnosti ne treba da bude opcija ili na\u010din kako mi to re&#353;avamo. <\/p>\n<p>Poslednje inicijative, kao rodno odgovorno bud&#382;etiranje, treba da se ukorene na svim institucionalnim nivoima kako bi sve razvojne politike prikazivale potrebe i doprinos &#382;ena. <\/p>\n<p>I dok prikazujemo kako prevazilazimo ove izazove, jednakost treba da nastavi da bude na&#353; rukovode\u0107i princip. &#381;ene treba da budu jednako prisutne za stolovima odlu\u010divanja, kako u politi\u010dkim procesima, kao i u korporativnim odborima. Mi zajedno treba da jo&#353; vi\u0107e pove\u0107amo glas &#382;ena za &#353;ire u\u010de&#353;\u0107e u ve\u0107u ulogu u osnivanju i brizi o osnovu pravi\u010dnog dru&#353;tva sa jednakim pravima. <\/p>\n<p>Ja \u0107u nastaviti da budem posve\u0107ena garantovanju jednakog tretiranja mu&#353;karaca i &#382;ena, njihovom jednakom pristupu &#382;ivotnim mogu\u0107nostima, kao i jednakog priznavanja njihovog potencijala i njihovih mogu\u0107nosti. <\/p>\n<p>&#381;ene i mu&#353;karci &#8211; njihovim razli\u010ditim iskustvima i ulogama &#8211; treba da ostanu jedinstveni i da nastave da se anga&#382;uju na osnovu do sada postignutog napretka i da radimo prema napretku agende o rodnoj jednakosti i kr\u010denja puta za jedan sveobuhvatniji i stabilniji svet za budu\u0107e generacije. <\/p>\n<p>I na dana&#353;nji sastanak sa vama &#382;elim sa zavr&#353;im sa jednom re\u010denicom moje velike prijateljice, i velike prijateljice Kosova, biv&#353;e sekretarke SAD-a, gospo\u0111e Hillary Clinton koja ka&#382;e: &#8222;Svet se menja pod na&#353;im nogama i krajnje je vreme da predstavljamo pristup 21. veka kako bismo unapredili prava i mogu\u0107nosti &#382;ena i devojaka u zemlji, ali i u \u010ditavom svetu&#8220;. <\/p>\n<p>Ne samo ova re\u010denica, ve\u0107 i mnoge druge re\u010denice ove gospo\u0111e, ali i mnogih gospo\u0111a koje ste ovde, kao i u regionu i &#353;ire, bile su velika inspiracija za mene. Ali, treba da budu i za vas, jer ukoliko ne podr&#382;ite jedna drugu, ukoliko ne ohrabrujete jedna drugu, ne uzimaju\u0107i u obzir gde ste, na polju politike, reda, sigurnosti, sudstva ili preduzetniptva, na&#353;a misija \u0107e biti nepotpuna i ka&#382;em vam da treba da sna&#382;no lobirate za prava svake od nas, jer gde god da ste uspe&#353;ne, to \u0107e garantovati ve\u0107u stabilnost za na&#353;a dru&#353;tva i za na&#353;e budu\u0107e generacije.\u00a0<\/p>\n","protected":false},"excerpt":{"rendered":"<p>Posebno je zadovoljstvo da vam se obratim na ovogodi&#353;njem doga\u0111aju &#381;ene od uticaja, koji je organizovala Privredna komora Amerike na Kosovu, kako bi se ponovo potrvdilo ekonomsko i politi\u010dko ja\u010danje &#382;ena kao glavno pitanje napretka jednog dru&#353;tva.<\/p>\n","protected":false},"author":1,"featured_media":35172,"comment_status":"open","ping_status":"closed","sticky":false,"template":"","format":"standard","meta":{"_eb_attr":"","footnotes":""},"categories":[106],"tags":[],"class_list":["post-76953","post","type-post","status-publish","format-standard","has-post-thumbnail","hentry","category-govori"],"yoast_head":"<!-- This site is optimized with the Yoast SEO plugin v23.5 - https:\/\/yoast.com\/wordpress\/plugins\/seo\/ -->\n<title>Govor predsednice Jahjaga na konferenciji &#132;&#142;ene od uticaja&#147;, koju je organizovala Privredna komora Amerike - Predsednik Republike Kosovo - DR. VJOSA OSMANI - SADRIU<\/title>\n<meta name=\"description\" content=\"Govor predsednice Jahjaga na konferenciji &#132;&#142;ene od uticaja&#147;, koju je organizovala Privredna komora Amerike - Predsednik Republike Kosovo - DR. VJOSA OSMANI - SADRIU -\" \/>\n<meta name=\"robots\" content=\"index, follow, max-snippet:-1, max-image-preview:large, max-video-preview:-1\" \/>\n<link rel=\"canonical\" href=\"https:\/\/president-ksgov.net\/sr\/govor-predsednice-jahjaga-na-konferenciji-ene-od-uticaja-koju-je-organizovala-privredna-komora-amerike\/\" \/>\n<meta property=\"og:locale\" content=\"sr_RS\" \/>\n<meta property=\"og:type\" content=\"article\" \/>\n<meta property=\"og:title\" content=\"Govor predsednice Jahjaga na konferenciji &#132;&#142;ene od uticaja&#147;, koju je organizovala Privredna komora Amerike - Predsednik Republike Kosovo - DR. VJOSA OSMANI - SADRIU\" \/>\n<meta property=\"og:description\" content=\"Govor predsednice Jahjaga na konferenciji &#132;&#142;ene od uticaja&#147;, koju je organizovala Privredna komora Amerike - Predsednik Republike Kosovo - DR. VJOSA OSMANI - SADRIU -\" \/>\n<meta property=\"og:url\" content=\"https:\/\/president-ksgov.net\/sr\/govor-predsednice-jahjaga-na-konferenciji-ene-od-uticaja-koju-je-organizovala-privredna-komora-amerike\/\" \/>\n<meta property=\"og:site_name\" content=\"Predsednik Republike Kosovo - DR. VJOSA OSMANI - SADRIU\" \/>\n<meta property=\"article:published_time\" content=\"2016-03-29T16:06:04+00:00\" \/>\n<meta property=\"article:modified_time\" content=\"2023-03-08T09:01:42+00:00\" \/>\n<meta property=\"og:image\" content=\"https:\/\/president-ksgov.net\/wp-content\/uploads\/29_03_2016_1116947_29_03_2016_Takim_me_1.jpg\" \/>\n\t<meta property=\"og:image:width\" content=\"1024\" \/>\n\t<meta property=\"og:image:height\" content=\"596\" \/>\n\t<meta property=\"og:image:type\" content=\"image\/jpeg\" \/>\n<meta name=\"author\" content=\"admin\" \/>\n<meta name=\"twitter:card\" content=\"summary_large_image\" \/>\n<meta name=\"twitter:label1\" content=\"\u041d\u0430\u043f\u0438\u0441\u0430\u043d\u043e \u043e\u0434\" \/>\n\t<meta name=\"twitter:data1\" content=\"admin\" \/>\n\t<meta name=\"twitter:label2\" content=\"\u041f\u0440\u043e\u0446\u0435\u045a\u0435\u043d\u043e \u0432\u0440\u0435\u043c\u0435 \u0447\u0438\u0442\u0430\u045a\u0430\" \/>\n\t<meta name=\"twitter:data2\" content=\"5 \u043c\u0438\u043d\u0443\u0442\u0430\" \/>\n<script type=\"application\/ld+json\" class=\"yoast-schema-graph\">{\"@context\":\"https:\/\/schema.org\",\"@graph\":[{\"@type\":\"WebPage\",\"@id\":\"https:\/\/president-ksgov.net\/sr\/govor-predsednice-jahjaga-na-konferenciji-ene-od-uticaja-koju-je-organizovala-privredna-komora-amerike\/\",\"url\":\"https:\/\/president-ksgov.net\/sr\/govor-predsednice-jahjaga-na-konferenciji-ene-od-uticaja-koju-je-organizovala-privredna-komora-amerike\/\",\"name\":\"Govor predsednice Jahjaga na konferenciji &#132;&#142;ene od uticaja&#147;, koju je organizovala Privredna komora Amerike - Predsednik Republike Kosovo - DR. VJOSA OSMANI - SADRIU\",\"isPartOf\":{\"@id\":\"https:\/\/president-ksgov.net\/#website\"},\"primaryImageOfPage\":{\"@id\":\"https:\/\/president-ksgov.net\/sr\/govor-predsednice-jahjaga-na-konferenciji-ene-od-uticaja-koju-je-organizovala-privredna-komora-amerike\/#primaryimage\"},\"image\":{\"@id\":\"https:\/\/president-ksgov.net\/sr\/govor-predsednice-jahjaga-na-konferenciji-ene-od-uticaja-koju-je-organizovala-privredna-komora-amerike\/#primaryimage\"},\"thumbnailUrl\":\"https:\/\/president-ksgov.net\/wp-content\/uploads\/29_03_2016_1116947_29_03_2016_Takim_me_1.jpg\",\"datePublished\":\"2016-03-29T16:06:04+00:00\",\"dateModified\":\"2023-03-08T09:01:42+00:00\",\"author\":{\"@id\":\"https:\/\/president-ksgov.net\/#\/schema\/person\/bb4337a5fb147cb2046d80548172cbee\"},\"description\":\"Govor predsednice Jahjaga na konferenciji &#132;&#142;ene od uticaja&#147;, koju je organizovala Privredna komora Amerike - Predsednik Republike Kosovo - DR. VJOSA OSMANI - SADRIU -\",\"breadcrumb\":{\"@id\":\"https:\/\/president-ksgov.net\/sr\/govor-predsednice-jahjaga-na-konferenciji-ene-od-uticaja-koju-je-organizovala-privredna-komora-amerike\/#breadcrumb\"},\"inLanguage\":\"sr-RS\",\"potentialAction\":[{\"@type\":\"ReadAction\",\"target\":[\"https:\/\/president-ksgov.net\/sr\/govor-predsednice-jahjaga-na-konferenciji-ene-od-uticaja-koju-je-organizovala-privredna-komora-amerike\/\"]}]},{\"@type\":\"ImageObject\",\"inLanguage\":\"sr-RS\",\"@id\":\"https:\/\/president-ksgov.net\/sr\/govor-predsednice-jahjaga-na-konferenciji-ene-od-uticaja-koju-je-organizovala-privredna-komora-amerike\/#primaryimage\",\"url\":\"https:\/\/president-ksgov.net\/wp-content\/uploads\/29_03_2016_1116947_29_03_2016_Takim_me_1.jpg\",\"contentUrl\":\"https:\/\/president-ksgov.net\/wp-content\/uploads\/29_03_2016_1116947_29_03_2016_Takim_me_1.jpg\",\"width\":1024,\"height\":596},{\"@type\":\"BreadcrumbList\",\"@id\":\"https:\/\/president-ksgov.net\/sr\/govor-predsednice-jahjaga-na-konferenciji-ene-od-uticaja-koju-je-organizovala-privredna-komora-amerike\/#breadcrumb\",\"itemListElement\":[{\"@type\":\"ListItem\",\"position\":1,\"name\":\"Home\",\"item\":\"https:\/\/president-ksgov.net\/sr\/\"},{\"@type\":\"ListItem\",\"position\":2,\"name\":\"Govor predsednice Jahjaga na konferenciji &#132;&#142;ene od uticaja&#147;, koju je organizovala Privredna komora Amerike\"}]},{\"@type\":\"WebSite\",\"@id\":\"https:\/\/president-ksgov.net\/#website\",\"url\":\"https:\/\/president-ksgov.net\/\",\"name\":\"Presidente e Republik\u00ebs s\u00eb Kosov\u00ebs\",\"description\":\"Presidente e Republik\u00ebs s\u00eb Kosov\u00ebs\",\"alternateName\":\"DR. VJOSA OSMANI - SADRIU\",\"potentialAction\":[{\"@type\":\"SearchAction\",\"target\":{\"@type\":\"EntryPoint\",\"urlTemplate\":\"https:\/\/president-ksgov.net\/?s={search_term_string}\"},\"query-input\":{\"@type\":\"PropertyValueSpecification\",\"valueRequired\":true,\"valueName\":\"search_term_string\"}}],\"inLanguage\":\"sr-RS\"},{\"@type\":\"Person\",\"@id\":\"https:\/\/president-ksgov.net\/#\/schema\/person\/bb4337a5fb147cb2046d80548172cbee\",\"name\":\"admin\",\"image\":{\"@type\":\"ImageObject\",\"inLanguage\":\"sr-RS\",\"@id\":\"https:\/\/president-ksgov.net\/#\/schema\/person\/image\/\",\"url\":\"https:\/\/secure.gravatar.com\/avatar\/36156ca0fa3b8d9d25174f146e16beea0cf28f37adf1b9e19b6c9c279a7c9dd3?s=96&d=mm&r=g\",\"contentUrl\":\"https:\/\/secure.gravatar.com\/avatar\/36156ca0fa3b8d9d25174f146e16beea0cf28f37adf1b9e19b6c9c279a7c9dd3?s=96&d=mm&r=g\",\"caption\":\"admin\"},\"sameAs\":[\"https:\/\/president-ksgov.net\"]}]}<\/script>\n<!-- \/ Yoast SEO plugin. -->","yoast_head_json":{"title":"Govor predsednice Jahjaga na konferenciji &#132;&#142;ene od uticaja&#147;, koju je organizovala Privredna komora Amerike - Predsednik Republike Kosovo - DR. VJOSA OSMANI - SADRIU","description":"Govor predsednice Jahjaga na konferenciji &#132;&#142;ene od uticaja&#147;, koju je organizovala Privredna komora Amerike - Predsednik Republike Kosovo - DR. VJOSA OSMANI - SADRIU -","robots":{"index":"index","follow":"follow","max-snippet":"max-snippet:-1","max-image-preview":"max-image-preview:large","max-video-preview":"max-video-preview:-1"},"canonical":"https:\/\/president-ksgov.net\/sr\/govor-predsednice-jahjaga-na-konferenciji-ene-od-uticaja-koju-je-organizovala-privredna-komora-amerike\/","og_locale":"sr_RS","og_type":"article","og_title":"Govor predsednice Jahjaga na konferenciji &#132;&#142;ene od uticaja&#147;, koju je organizovala Privredna komora Amerike - Predsednik Republike Kosovo - DR. VJOSA OSMANI - SADRIU","og_description":"Govor predsednice Jahjaga na konferenciji &#132;&#142;ene od uticaja&#147;, koju je organizovala Privredna komora Amerike - Predsednik Republike Kosovo - DR. VJOSA OSMANI - SADRIU -","og_url":"https:\/\/president-ksgov.net\/sr\/govor-predsednice-jahjaga-na-konferenciji-ene-od-uticaja-koju-je-organizovala-privredna-komora-amerike\/","og_site_name":"Predsednik Republike Kosovo - DR. VJOSA OSMANI - SADRIU","article_published_time":"2016-03-29T16:06:04+00:00","article_modified_time":"2023-03-08T09:01:42+00:00","og_image":[{"width":1024,"height":596,"url":"https:\/\/president-ksgov.net\/wp-content\/uploads\/29_03_2016_1116947_29_03_2016_Takim_me_1.jpg","type":"image\/jpeg"}],"author":"admin","twitter_card":"summary_large_image","twitter_misc":{"\u041d\u0430\u043f\u0438\u0441\u0430\u043d\u043e \u043e\u0434":"admin","\u041f\u0440\u043e\u0446\u0435\u045a\u0435\u043d\u043e \u0432\u0440\u0435\u043c\u0435 \u0447\u0438\u0442\u0430\u045a\u0430":"5 \u043c\u0438\u043d\u0443\u0442\u0430"},"schema":{"@context":"https:\/\/schema.org","@graph":[{"@type":"WebPage","@id":"https:\/\/president-ksgov.net\/sr\/govor-predsednice-jahjaga-na-konferenciji-ene-od-uticaja-koju-je-organizovala-privredna-komora-amerike\/","url":"https:\/\/president-ksgov.net\/sr\/govor-predsednice-jahjaga-na-konferenciji-ene-od-uticaja-koju-je-organizovala-privredna-komora-amerike\/","name":"Govor predsednice Jahjaga na konferenciji &#132;&#142;ene od uticaja&#147;, koju je organizovala Privredna komora Amerike - Predsednik Republike Kosovo - DR. VJOSA OSMANI - SADRIU","isPartOf":{"@id":"https:\/\/president-ksgov.net\/#website"},"primaryImageOfPage":{"@id":"https:\/\/president-ksgov.net\/sr\/govor-predsednice-jahjaga-na-konferenciji-ene-od-uticaja-koju-je-organizovala-privredna-komora-amerike\/#primaryimage"},"image":{"@id":"https:\/\/president-ksgov.net\/sr\/govor-predsednice-jahjaga-na-konferenciji-ene-od-uticaja-koju-je-organizovala-privredna-komora-amerike\/#primaryimage"},"thumbnailUrl":"https:\/\/president-ksgov.net\/wp-content\/uploads\/29_03_2016_1116947_29_03_2016_Takim_me_1.jpg","datePublished":"2016-03-29T16:06:04+00:00","dateModified":"2023-03-08T09:01:42+00:00","author":{"@id":"https:\/\/president-ksgov.net\/#\/schema\/person\/bb4337a5fb147cb2046d80548172cbee"},"description":"Govor predsednice Jahjaga na konferenciji &#132;&#142;ene od uticaja&#147;, koju je organizovala Privredna komora Amerike - Predsednik Republike Kosovo - DR. VJOSA OSMANI - SADRIU -","breadcrumb":{"@id":"https:\/\/president-ksgov.net\/sr\/govor-predsednice-jahjaga-na-konferenciji-ene-od-uticaja-koju-je-organizovala-privredna-komora-amerike\/#breadcrumb"},"inLanguage":"sr-RS","potentialAction":[{"@type":"ReadAction","target":["https:\/\/president-ksgov.net\/sr\/govor-predsednice-jahjaga-na-konferenciji-ene-od-uticaja-koju-je-organizovala-privredna-komora-amerike\/"]}]},{"@type":"ImageObject","inLanguage":"sr-RS","@id":"https:\/\/president-ksgov.net\/sr\/govor-predsednice-jahjaga-na-konferenciji-ene-od-uticaja-koju-je-organizovala-privredna-komora-amerike\/#primaryimage","url":"https:\/\/president-ksgov.net\/wp-content\/uploads\/29_03_2016_1116947_29_03_2016_Takim_me_1.jpg","contentUrl":"https:\/\/president-ksgov.net\/wp-content\/uploads\/29_03_2016_1116947_29_03_2016_Takim_me_1.jpg","width":1024,"height":596},{"@type":"BreadcrumbList","@id":"https:\/\/president-ksgov.net\/sr\/govor-predsednice-jahjaga-na-konferenciji-ene-od-uticaja-koju-je-organizovala-privredna-komora-amerike\/#breadcrumb","itemListElement":[{"@type":"ListItem","position":1,"name":"Home","item":"https:\/\/president-ksgov.net\/sr\/"},{"@type":"ListItem","position":2,"name":"Govor predsednice Jahjaga na konferenciji &#132;&#142;ene od uticaja&#147;, koju je organizovala Privredna komora Amerike"}]},{"@type":"WebSite","@id":"https:\/\/president-ksgov.net\/#website","url":"https:\/\/president-ksgov.net\/","name":"Presidente e Republik\u00ebs s\u00eb Kosov\u00ebs","description":"Presidente e Republik\u00ebs s\u00eb Kosov\u00ebs","alternateName":"DR. VJOSA OSMANI - SADRIU","potentialAction":[{"@type":"SearchAction","target":{"@type":"EntryPoint","urlTemplate":"https:\/\/president-ksgov.net\/?s={search_term_string}"},"query-input":{"@type":"PropertyValueSpecification","valueRequired":true,"valueName":"search_term_string"}}],"inLanguage":"sr-RS"},{"@type":"Person","@id":"https:\/\/president-ksgov.net\/#\/schema\/person\/bb4337a5fb147cb2046d80548172cbee","name":"admin","image":{"@type":"ImageObject","inLanguage":"sr-RS","@id":"https:\/\/president-ksgov.net\/#\/schema\/person\/image\/","url":"https:\/\/secure.gravatar.com\/avatar\/36156ca0fa3b8d9d25174f146e16beea0cf28f37adf1b9e19b6c9c279a7c9dd3?s=96&d=mm&r=g","contentUrl":"https:\/\/secure.gravatar.com\/avatar\/36156ca0fa3b8d9d25174f146e16beea0cf28f37adf1b9e19b6c9c279a7c9dd3?s=96&d=mm&r=g","caption":"admin"},"sameAs":["https:\/\/president-ksgov.net"]}]}},"_links":{"self":[{"href":"https:\/\/president-ksgov.net\/sr\/wp-json\/wp\/v2\/posts\/76953","targetHints":{"allow":["GET"]}}],"collection":[{"href":"https:\/\/president-ksgov.net\/sr\/wp-json\/wp\/v2\/posts"}],"about":[{"href":"https:\/\/president-ksgov.net\/sr\/wp-json\/wp\/v2\/types\/post"}],"author":[{"embeddable":true,"href":"https:\/\/president-ksgov.net\/sr\/wp-json\/wp\/v2\/users\/1"}],"replies":[{"embeddable":true,"href":"https:\/\/president-ksgov.net\/sr\/wp-json\/wp\/v2\/comments?post=76953"}],"version-history":[{"count":1,"href":"https:\/\/president-ksgov.net\/sr\/wp-json\/wp\/v2\/posts\/76953\/revisions"}],"predecessor-version":[{"id":81572,"href":"https:\/\/president-ksgov.net\/sr\/wp-json\/wp\/v2\/posts\/76953\/revisions\/81572"}],"wp:featuredmedia":[{"embeddable":true,"href":"https:\/\/president-ksgov.net\/sr\/wp-json\/wp\/v2\/media\/35172"}],"wp:attachment":[{"href":"https:\/\/president-ksgov.net\/sr\/wp-json\/wp\/v2\/media?parent=76953"}],"wp:term":[{"taxonomy":"category","embeddable":true,"href":"https:\/\/president-ksgov.net\/sr\/wp-json\/wp\/v2\/categories?post=76953"},{"taxonomy":"post_tag","embeddable":true,"href":"https:\/\/president-ksgov.net\/sr\/wp-json\/wp\/v2\/tags?post=76953"}],"curies":[{"name":"wp","href":"https:\/\/api.w.org\/{rel}","templated":true}]}}