{"id":76950,"date":"2016-03-30T15:02:18","date_gmt":"2016-03-30T15:02:18","guid":{"rendered":"https:\/\/dev.president-ksgov.net\/govor-predsednice-atifete-jahjaga-na-zavrnom-sastanku-nacionalnog-saveta-za-preivele-seksualnog-nasilja-tokom-rata\/"},"modified":"2023-03-08T09:01:42","modified_gmt":"2023-03-08T09:01:42","slug":"govor-predsednice-atifete-jahjaga-na-zavrnom-sastanku-nacionalnog-saveta-za-preivele-seksualnog-nasilja-tokom-rata","status":"publish","type":"post","link":"https:\/\/president-ksgov.net\/sr\/govor-predsednice-atifete-jahjaga-na-zavrnom-sastanku-nacionalnog-saveta-za-preivele-seksualnog-nasilja-tokom-rata\/","title":{"rendered":"Govor predsednice Atifete Jahjaga na zavr&#154;nom sastanku Nacionalnog saveta za pre&#158;ivele seksualnog nasilja tokom rata"},"content":{"rendered":"<p>&#381;elim vam dobrodo&#353;licu na zavr&#353;ni sastanak Nacionalnog saveta za pre&#382;ivele seksualnog nasilja tokom rata. Pre dve godine, posebnim dekretom sam osnovala ovaj mehanizam, kako bih rukovodila institucionalnim i dru&#353;tvenim diskursom radi tretiranja pre&#382;ivelih seksualnog nasilja tokom rata koordiniraju\u0107i na&#353;e postupke, na osnovu odgovornosti i nadle&#382;nosti.<\/p>\n<p>Po&#353;tovani premijeru\u00a0 g. Mustafa,<br \/>\nPo&#353;tovani ministri,<br \/>\nPo&#353;tovani ambasadori,<br \/>\nPo&#353;tovani \u010dlanovi Nacionalnog ve\u0107a za pre&#382;ivele seksualnog nasilja tokom rata<br \/>\nPo&#353;tovani u\u010desnici,<br \/>\nDame i gospodo,<\/p>\n<p>&#381;elim vam dobrodo&#353;licu na zavr&#353;ni sastanak Nacionalnog saveta za pre&#382;ivele seksualnog nasilja tokom rata. Pre dve godine, posebnim dekretom sam osnovala ovaj mehanizam, kako bih rukovodila institucionalnim i dru&#353;tvenim diskursom radi tretiranja pre&#382;ivelih seksualnog nasilja tokom rata koordiniraju\u0107i na&#353;e postupke, na osnovu odgovornosti i nadle&#382;nosti. <\/p>\n<p>S ponosom se se\u0107am prvog sastanka Nacionalnog saveta 07.03.2014. godine, kada smo jednoglasno, po prvi put u institucijama i u dru&#353;tvu izrazili na&#353;u odlu\u010dnost da razbijemo tabu koji je okru&#382;ivao ovo pitanje veoma dugo. <\/p>\n<p>Jednoglasno smo izrazili na&#353;u posve\u0107enost da se borimo protiv stigme koja i dalje okru&#382;uje pre&#382;ivele seksualnog nasilja tokom rata i kako bismo neumorno radili da sve &#382;rtve ovog ratnog zlo\u010dina tretiramo onako kako smo tretirali i sve ostale kategorije koje su proizi&#353;le iz rata, uz po&#353;tovanje i dostojanstvo, priznaju\u0107i njihovu &#382;rtvu. <\/p>\n<p>Imali smo puno posla, po&#353;to za 15 godina nismo uspeli da tretiramo ovu te&#353;ku ratnu posledicu kako je trebalo, od strane institucija i od strane dru&#353;tva, \u0107utali smo i kada smo po\u010deli da razgovaramo o zakonskom priznavanju jasno je dokazano da jo&#353; uvek nismo prihvatali te&#353;ke posledice ovog ratnog zlo\u010dina i iznad svega nismo bili spremni da prihvatimo na&#353;e odgovornosti prema hiljadama nedu&#382;nih gra\u0111ana na&#353;e zemlje\u00a0 nad kojima je seksualno nasilje kori&#353;\u0107eno kao ratni zlo\u010din. <\/p>\n<p>U&#382;asan zlo\u010din seksualnog nasilja je &#382;rtve dr&#382;ao zarobljenim unutar u&#382;asa koje su pre&#382;iveli, u\u0107utkane, stigmatizovane i osramljene od strane \u010ditavog dru&#353;tva. <\/p>\n<p>I dok smo mi birali ti&#353;inu, mi smo i pojedina\u010dno i kao dru&#353;tvo i kao institucije postali deo nepravde koja je izvr&#353;ena nad &#382;rtvama seksualnog nasilja. <\/p>\n<p>Ponosna san &#353;to smo preko Saveta uspeli da razbijemo \u0107utnju, da razbijemo tabue oko ovog pitanja i da izmenimo pravac istorije, pretvaraju\u0107i na&#353;e dru&#353;tvo u sna&#382;nog podr&#382;avaoca pre&#382;ivelih seksualnog nasilja tokom rata. <\/p>\n<p>Na ovom sastanku imamo mnogo toga da podelimo o na&#353;im uspesima tokom ove dve godine, o dru&#353;tvenoj i institucionalnoj mobilizaciji, o solidarnosti koju smo dokazali, o anga&#382;ovanju i institucionalnoj posve\u0107enosti kako bismo pre&#382;ivelim pru&#382;ali zakonsko priznanje, pristup psiho-socijalnim i zdravstvenim uslugama, pristup pravdi, pristup ekonomskom ja\u010danju i iznad svega priznavanje zlo\u010dina koji je nad njima izvr&#353;en. <\/p>\n<p>Putem Saveta mi smo uradili puno posla, postavljeni su dugoro\u010dni ciljevi o pravi\u010dnom i dostojanstvenom tretiranju za pre&#382;ivele seksualnog nasilja tokom rata, pru&#382;aju\u0107i i ostalim zemljama sveta da se suo\u010de sa sli\u010dnim ratnim posledicama,, dobar primer\u00a0 kako jedno dru&#353;tvo treba da tretira njegove pre&#382;ivele, uzimaju\u0107i pod rukovodstvo najvi&#353;e institucije u dr&#382;avi, Predsedni&#353;tva.<\/p>\n<p>Tokom ove dve godine postigli smo da mobilizujemo me\u0111unarodno mnjenje o\u00a0 ovom pitanju koje manje vi&#353;e dobro poznato i prihva\u0107eno, pronalaze\u0107i podr&#353;ku dr&#382;avnih lidera u \u010ditavom svetu koji\u00a0 se zala&#382;u za pravdu za pre&#382;ivele seksualnog nasilja tokom rata, kao &#353;to su predsednik Albanije, predsednica Malte, dr&#382;avna ministarska Ujedinjenog Kraljevstva, baronica Anelay i koji pru&#382;aju direktnu podr&#353;ku za pre&#382;ivele obuhvataju\u0107i i njihovo ekonomsko ja\u010danje kao &#353;to je koreanska organizacija Sungjoo Kim. <\/p>\n<p>\u010culi smo glas nevladinih organizacija &#382;ena koje su godinama tra&#382;ile pravdu i prava za pre&#382;ivele, priznavaju\u0107i njihov cenjeni doprinos i \u010dine\u0107i ih partnerima u svim dr&#382;avnim procesima koje smo pokrenuli, po\u010dev&#353;i od zakonskog priznavanja, pru&#382;anja zdravstvenih usluga, pristup pravdi kao i podizanje dru&#353;tvene svesti, i sve to kako bismo svim pre&#382;ivelim garantovali prava koja im pripadaju na osnovu me\u0111unarodnih konvencija. <\/p>\n<p>Uz pomo\u0107 na&#353;ih me\u0111unarodnih prijatelja postigli smo da Kosovo u\u010dinimo i delom globalnih inicijativa za spre\u010davanje seksualnog nasilja kao ratnog sredstva, inicijativa koju je pokrenulo Ujedinjeno Kraljevstvo, da pru&#382;amo bolje uslove &#382;ivota uz pomo\u0107 Ameri\u010dke ambasade i ambasade Turske, UNWOMEN-a, da podignemo dru&#353;tvenu svest mnogobrojnim doga\u0111ajima isti\u010du\u0107i film &#8222;Tri prozora i jedno ve&#353;anje&#8220;, re&#382;isera Isa Qosja i producenta Shkumbin-a Istrefi, umetni\u010dku izlo&#382;bu &#8222;Mislim na tebe&#8220; umetnice Alketa Xhafa Mripa i producentkinje Anna di Lellio, i alpinistkinje Merite Gashi koja je penjanje na vrh Kilimand&#382;ara posvetila pravdi i pre&#382;ivelim seksualnog nasilja tokom rata. <\/p>\n<p>Zaklju\u010divanje rada Nacionalnog saveta za pre&#382;ivele seksualnog nasilja tokom rata ozna\u010dava i zavr&#353;etak njegove misije ali ne i na&#353;ih obaveza da pre&#382;ivelim pru&#382;amo pristup njihovim pravima. <\/p>\n<p>Nasuprot, svedo\u010di da smo mi kao institucije i kao dru&#353;tvo postigli da identifikujemo na&#353;e odgovornosti, da preuzmemo obaveze koje imamo prema pre&#382;ivelim, da stvorimo me\u0111usobnu saradnju, sa stvorimo potrebnu zakonsku infrastrukturu, potrebne strategije i jasnu viziju kako bismo garantovali pre&#382;ivelim sva njihova prava. <\/p>\n<p>Nama je kao dru&#353;tvu trebalo mnogo vremena da na\u0111emo pravi put u tretiranju ove te&#353;ke ratne posledice. Ali, na dobrom smo putu, i sada su nam i kao institucijama i kao dru&#353;tvu jasne na&#353;e obaveze koje treba da nastavimo i da budemo oprezni i posve\u0107eni tome da ih ispunimo. <\/p>\n<p>Proces rehabilitacije pre&#382;ivelih seksualnog nasilja tokom rata je jedan dugoro\u010dan proces koji tra&#382;i anga&#382;ovanje svakoga, proces kroz koji treba da pro\u0111emo zajedno kao dru&#353;tvo. <\/p>\n<p>Mi treba da se trudimo da se posledice ovog ratnog zlo\u010dina ne prenesu na budu\u0107e generacije. <\/p>\n<p>Po&#353;tovani premijeru, ja od vas o\u010dekujem da tretirate sa prioritetom i da se posebno usredsredite na pre&#382;ivele seksualnog nasilja tokom rata, kako biste im pru&#382;ali prava koja im pripadaju. <\/p>\n<p>Svesna problema koji su se de&#353;avali u ostalim socijalni kategorijama koje su proizi&#353;le iz rata, o\u010dekujem od svih stranaka da poka&#382;u potrebnu ozbiljnost u utvr\u0111ivanju statusa &#382;rtava seksualnog nasilja tokom rata koji je zapo\u010det 17 godina nakon rata, i da ne dozvolite manipulacije u ime ove kategorije koja je mnogo propatila. <\/p>\n<p>Ja od na&#353;ih institucija o\u010dekujem da poka&#382;u dodatni oprez prema ovom petogodi&#353;njem procesu prijavljivanja za zakonski status, preduzimaju\u0107i sve potrebne akte kako bismo ovu kategoriju tretirali s najve\u0107om pa&#382;njom, ne kasne\u0107i sa procesima, ve\u0107 priznavaju\u0107i njihovu &#382;rtvu pru&#382;aju\u0107i im pristup dostojanstvenim pravima. <\/p>\n<p>Od sistema pravde o\u010dekujem da o&#382;ivi Strategiju za pristup pravdi koja je sastavljena u okviru Saveta. Jo&#353; uvek nemamo nijednu ka&#382;njenu osobu za ovaj ratni zlo\u010din na Kosovu, o\u010dekujem njihovu posve\u0107enost da donesu pravdu za ovaj ratni zlo\u010din i njihovo anga&#382;ovanje da pre&#382;ivelim pru&#382;aju profesionalan pristup i dostojanstven pristup po&#353;tuju\u0107i njihova prava i potrebe. <\/p>\n<p>Od me\u0111unarodne zajednice o\u010dekujem da nastavi da podr&#382;ava jo&#353; vi&#353;e poku&#353;aje na&#353;eg dru&#353;tva i na&#353;ih institucija da donesu pravdu za pre&#382;ivele i jo&#353; ve\u0107e anga&#382;ovanje kako bi se ovaj ratni zlo\u010din koji se dogodio na Kosovu priznao i kako bi se zlo\u010dinci koji su izvr&#353;ili ova u&#382;asna ratna dela, a koji se nalaze van teritorije Kosova gonili. <\/p>\n<p>Od \u010ditavog na&#353;eg dru&#353;tva o\u010dekujem da po&#353;tuju &#382;rtvu pre&#382;ivelih i da nastave da podr&#382;avaju njihove poku&#353;aje da izgrade &#382;ivot u miru, daleko od ovog zlo\u010dina. <\/p>\n<p>Po&#353;tovani u\u010desnici, <\/p>\n<p>Tokom ovih godina, mog mandata kao predsednice, sastala sam se sa mnogim pre&#382;ivelim seksualnog nasilja tokom rata po \u010ditavom Kosovu. Ja sam bila svedok hrabrosti mladih devojaka i &#382;ena, koje su i nasuprot u&#382;asu koji su pre&#382;ivele na&#353;le snagu da ponovo izgrade njihove &#382;ivote, da se staraju o deci i njihovim porodicama, koje se svakoga dana bore sa u&#382;asima koje su pre&#382;ivele\u00a0 i koje se nikada nisu predale. &#381;ene koje jedna drugu ohrabruju kako bi pre&#382;ivele i koje jedna drugoj govore da su one heroine na&#353;eg dru&#353;tva.<\/p>\n<p>&#381;elim da izrazim posebnu zahvalnost svima njima i da im ka&#382;em da \u0107u nastaviti da neumorno radim sve dok one ne budu imale pristup svim pravima koja im pripadaju. <\/p>\n<p>Ja od njih tra&#382;im da na\u0111u snagu i hrabrost i ovaj put da tra&#382;e njihova prava, da se prijave za njihov zakonski status, kako bi dobile sve usluge koje su predvi\u0111ene zakonom i koje se pru&#382;aju od strane dr&#382;avnih institucija. <\/p>\n<p>Tra&#382;ite va&#353;a prava. Vi niste krive, sramota nije nad vama, sramota i krivica su nad zlo\u010dincima koji su po\u010dinili ovaj u&#382;asan ratni zlo\u010din. <\/p>\n<p>Po&#353;tovani \u010dlanovi Saveta i mnogobrojni partneri, <\/p>\n<p>&#381;elim da vam izrazim posebnu zahvalnost na posve\u0107enosti koju ste dokazali i na neumornom radu tokom ove dve godine kako bismo identifikovali na&#353; zajedni\u010dki institucionalni i dru&#353;tveni put prema pru&#382;anju prava pre&#382;ivelim seksualnog nasilja tokom rata. <\/p>\n<p>Tokom ove dve godine zajedno smo postigli da izmenimo njihove pri\u010de. Sada su to postale pri\u010de pre&#382;ivelih, koje imaju podr&#353;ku institucija, zajednice, privatnog sektora, koji su po\u010deli da ih smatraju potencijalom za razvoj njihovih kompanija, javnog sektora koji je po\u010deo da ih vidi kao partnere u sveop&#353;tem unapre\u0111ivanju dru&#353;tva.\u00a0 <\/p>\n<p>Uz mnogo truda smo ponovo zadobili njihovo poverenje, nakon &#353;to smo veoma jasno rekli da nije njihova krivica i nakon &#353;to smo konkretnim koracima delovali kako bismo dokazali na&#353;u posve\u0107enost njima. <\/p>\n<p>Posebna zahvalnost civilnom dru&#353;tvu, koji je svojim radom, anga&#382;ovanjem i konkretnom posve\u0107eno&#353;\u0107u u\u010dinilo sve &#353;to je bilo mogu\u0107e u njihovom kapacitetu, kako bi iza&#353;lo u pomo\u0107 ovim &#382;rtvama. Nakon rata oni su bili jedina otvorena vrata za ove &#382;rtve. <\/p>\n<p>Ka&#382;em im da mi priznajemo njuhovu &#382;rtvu, i da \u0107emo ostati posve\u0107eni na&#353;oj misiji da njima donesemo mir. Na&#353;e dru&#353;tvo ne mo&#382;e imati mira, dok one ne na\u0111u mir.<\/p>\n","protected":false},"excerpt":{"rendered":"<p>&#381;elim vam dobrodo&#353;licu na zavr&#353;ni sastanak Nacionalnog saveta za pre&#382;ivele seksualnog nasilja tokom rata. Pre dve godine, posebnim dekretom sam osnovala ovaj mehanizam, kako bih rukovodila institucionalnim i dru&#353;tvenim diskursom radi tretiranja pre&#382;ivelih seksualnog nasilja tokom rata koordiniraju\u0107i na&#353;e postupke, na osnovu odgovornosti i nadle&#382;nosti.<\/p>\n","protected":false},"author":1,"featured_media":35139,"comment_status":"open","ping_status":"closed","sticky":false,"template":"","format":"standard","meta":{"_eb_attr":"","footnotes":""},"categories":[106],"tags":[],"class_list":["post-76950","post","type-post","status-publish","format-standard","has-post-thumbnail","hentry","category-govori"],"yoast_head":"<!-- This site is optimized with the Yoast SEO plugin v23.5 - https:\/\/yoast.com\/wordpress\/plugins\/seo\/ -->\n<title>Govor predsednice Atifete Jahjaga na zavr&#154;nom sastanku Nacionalnog saveta za pre&#158;ivele seksualnog nasilja tokom rata - Predsednik Republike Kosovo - DR. VJOSA OSMANI - SADRIU<\/title>\n<meta name=\"description\" content=\"Govor predsednice Atifete Jahjaga na zavr&#154;nom sastanku Nacionalnog saveta za pre&#158;ivele seksualnog nasilja tokom rata - Predsednik Republike Kosovo - DR. VJOSA OSMANI - SADRIU -\" \/>\n<meta name=\"robots\" content=\"index, follow, max-snippet:-1, max-image-preview:large, max-video-preview:-1\" \/>\n<link rel=\"canonical\" href=\"https:\/\/president-ksgov.net\/sr\/govor-predsednice-atifete-jahjaga-na-zavrnom-sastanku-nacionalnog-saveta-za-preivele-seksualnog-nasilja-tokom-rata\/\" \/>\n<meta property=\"og:locale\" content=\"sr_RS\" \/>\n<meta property=\"og:type\" content=\"article\" \/>\n<meta property=\"og:title\" content=\"Govor predsednice Atifete Jahjaga na zavr&#154;nom sastanku Nacionalnog saveta za pre&#158;ivele seksualnog nasilja tokom rata - Predsednik Republike Kosovo - DR. VJOSA OSMANI - SADRIU\" \/>\n<meta property=\"og:description\" content=\"Govor predsednice Atifete Jahjaga na zavr&#154;nom sastanku Nacionalnog saveta za pre&#158;ivele seksualnog nasilja tokom rata - Predsednik Republike Kosovo - DR. VJOSA OSMANI - SADRIU -\" \/>\n<meta property=\"og:url\" content=\"https:\/\/president-ksgov.net\/sr\/govor-predsednice-atifete-jahjaga-na-zavrnom-sastanku-nacionalnog-saveta-za-preivele-seksualnog-nasilja-tokom-rata\/\" \/>\n<meta property=\"og:site_name\" content=\"Predsednik Republike Kosovo - DR. VJOSA OSMANI - SADRIU\" \/>\n<meta property=\"article:published_time\" content=\"2016-03-30T15:02:18+00:00\" \/>\n<meta property=\"article:modified_time\" content=\"2023-03-08T09:01:42+00:00\" \/>\n<meta property=\"og:image\" content=\"https:\/\/president-ksgov.net\/wp-content\/uploads\/30_03_2016_3826756_IMG_1568.jpg\" \/>\n\t<meta property=\"og:image:width\" content=\"1000\" \/>\n\t<meta property=\"og:image:height\" content=\"587\" \/>\n\t<meta property=\"og:image:type\" content=\"image\/jpeg\" \/>\n<meta name=\"author\" content=\"admin\" \/>\n<meta name=\"twitter:card\" content=\"summary_large_image\" \/>\n<meta name=\"twitter:label1\" content=\"\u041d\u0430\u043f\u0438\u0441\u0430\u043d\u043e \u043e\u0434\" \/>\n\t<meta name=\"twitter:data1\" content=\"admin\" \/>\n\t<meta name=\"twitter:label2\" content=\"\u041f\u0440\u043e\u0446\u0435\u045a\u0435\u043d\u043e \u0432\u0440\u0435\u043c\u0435 \u0447\u0438\u0442\u0430\u045a\u0430\" \/>\n\t<meta name=\"twitter:data2\" content=\"9 \u043c\u0438\u043d\u0443\u0442\u0430\" \/>\n<script type=\"application\/ld+json\" class=\"yoast-schema-graph\">{\"@context\":\"https:\/\/schema.org\",\"@graph\":[{\"@type\":\"WebPage\",\"@id\":\"https:\/\/president-ksgov.net\/sr\/govor-predsednice-atifete-jahjaga-na-zavrnom-sastanku-nacionalnog-saveta-za-preivele-seksualnog-nasilja-tokom-rata\/\",\"url\":\"https:\/\/president-ksgov.net\/sr\/govor-predsednice-atifete-jahjaga-na-zavrnom-sastanku-nacionalnog-saveta-za-preivele-seksualnog-nasilja-tokom-rata\/\",\"name\":\"Govor predsednice Atifete Jahjaga na zavr&#154;nom sastanku Nacionalnog saveta za pre&#158;ivele seksualnog nasilja tokom rata - Predsednik Republike Kosovo - DR. VJOSA OSMANI - SADRIU\",\"isPartOf\":{\"@id\":\"https:\/\/president-ksgov.net\/#website\"},\"primaryImageOfPage\":{\"@id\":\"https:\/\/president-ksgov.net\/sr\/govor-predsednice-atifete-jahjaga-na-zavrnom-sastanku-nacionalnog-saveta-za-preivele-seksualnog-nasilja-tokom-rata\/#primaryimage\"},\"image\":{\"@id\":\"https:\/\/president-ksgov.net\/sr\/govor-predsednice-atifete-jahjaga-na-zavrnom-sastanku-nacionalnog-saveta-za-preivele-seksualnog-nasilja-tokom-rata\/#primaryimage\"},\"thumbnailUrl\":\"https:\/\/president-ksgov.net\/wp-content\/uploads\/30_03_2016_3826756_IMG_1568.jpg\",\"datePublished\":\"2016-03-30T15:02:18+00:00\",\"dateModified\":\"2023-03-08T09:01:42+00:00\",\"author\":{\"@id\":\"https:\/\/president-ksgov.net\/#\/schema\/person\/bb4337a5fb147cb2046d80548172cbee\"},\"description\":\"Govor predsednice Atifete Jahjaga na zavr&#154;nom sastanku Nacionalnog saveta za pre&#158;ivele seksualnog nasilja tokom rata - Predsednik Republike Kosovo - DR. VJOSA OSMANI - SADRIU -\",\"breadcrumb\":{\"@id\":\"https:\/\/president-ksgov.net\/sr\/govor-predsednice-atifete-jahjaga-na-zavrnom-sastanku-nacionalnog-saveta-za-preivele-seksualnog-nasilja-tokom-rata\/#breadcrumb\"},\"inLanguage\":\"sr-RS\",\"potentialAction\":[{\"@type\":\"ReadAction\",\"target\":[\"https:\/\/president-ksgov.net\/sr\/govor-predsednice-atifete-jahjaga-na-zavrnom-sastanku-nacionalnog-saveta-za-preivele-seksualnog-nasilja-tokom-rata\/\"]}]},{\"@type\":\"ImageObject\",\"inLanguage\":\"sr-RS\",\"@id\":\"https:\/\/president-ksgov.net\/sr\/govor-predsednice-atifete-jahjaga-na-zavrnom-sastanku-nacionalnog-saveta-za-preivele-seksualnog-nasilja-tokom-rata\/#primaryimage\",\"url\":\"https:\/\/president-ksgov.net\/wp-content\/uploads\/30_03_2016_3826756_IMG_1568.jpg\",\"contentUrl\":\"https:\/\/president-ksgov.net\/wp-content\/uploads\/30_03_2016_3826756_IMG_1568.jpg\",\"width\":1000,\"height\":587},{\"@type\":\"BreadcrumbList\",\"@id\":\"https:\/\/president-ksgov.net\/sr\/govor-predsednice-atifete-jahjaga-na-zavrnom-sastanku-nacionalnog-saveta-za-preivele-seksualnog-nasilja-tokom-rata\/#breadcrumb\",\"itemListElement\":[{\"@type\":\"ListItem\",\"position\":1,\"name\":\"Home\",\"item\":\"https:\/\/president-ksgov.net\/sr\/\"},{\"@type\":\"ListItem\",\"position\":2,\"name\":\"Govor predsednice Atifete Jahjaga na zavr&#154;nom sastanku Nacionalnog saveta za pre&#158;ivele seksualnog nasilja tokom rata\"}]},{\"@type\":\"WebSite\",\"@id\":\"https:\/\/president-ksgov.net\/#website\",\"url\":\"https:\/\/president-ksgov.net\/\",\"name\":\"Presidente e Republik\u00ebs s\u00eb Kosov\u00ebs\",\"description\":\"Presidente e Republik\u00ebs s\u00eb Kosov\u00ebs\",\"alternateName\":\"DR. VJOSA OSMANI - SADRIU\",\"potentialAction\":[{\"@type\":\"SearchAction\",\"target\":{\"@type\":\"EntryPoint\",\"urlTemplate\":\"https:\/\/president-ksgov.net\/?s={search_term_string}\"},\"query-input\":{\"@type\":\"PropertyValueSpecification\",\"valueRequired\":true,\"valueName\":\"search_term_string\"}}],\"inLanguage\":\"sr-RS\"},{\"@type\":\"Person\",\"@id\":\"https:\/\/president-ksgov.net\/#\/schema\/person\/bb4337a5fb147cb2046d80548172cbee\",\"name\":\"admin\",\"image\":{\"@type\":\"ImageObject\",\"inLanguage\":\"sr-RS\",\"@id\":\"https:\/\/president-ksgov.net\/#\/schema\/person\/image\/\",\"url\":\"https:\/\/secure.gravatar.com\/avatar\/36156ca0fa3b8d9d25174f146e16beea0cf28f37adf1b9e19b6c9c279a7c9dd3?s=96&d=mm&r=g\",\"contentUrl\":\"https:\/\/secure.gravatar.com\/avatar\/36156ca0fa3b8d9d25174f146e16beea0cf28f37adf1b9e19b6c9c279a7c9dd3?s=96&d=mm&r=g\",\"caption\":\"admin\"},\"sameAs\":[\"https:\/\/president-ksgov.net\"]}]}<\/script>\n<!-- \/ Yoast SEO plugin. -->","yoast_head_json":{"title":"Govor predsednice Atifete Jahjaga na zavr&#154;nom sastanku Nacionalnog saveta za pre&#158;ivele seksualnog nasilja tokom rata - Predsednik Republike Kosovo - DR. VJOSA OSMANI - SADRIU","description":"Govor predsednice Atifete Jahjaga na zavr&#154;nom sastanku Nacionalnog saveta za pre&#158;ivele seksualnog nasilja tokom rata - Predsednik Republike Kosovo - DR. VJOSA OSMANI - SADRIU -","robots":{"index":"index","follow":"follow","max-snippet":"max-snippet:-1","max-image-preview":"max-image-preview:large","max-video-preview":"max-video-preview:-1"},"canonical":"https:\/\/president-ksgov.net\/sr\/govor-predsednice-atifete-jahjaga-na-zavrnom-sastanku-nacionalnog-saveta-za-preivele-seksualnog-nasilja-tokom-rata\/","og_locale":"sr_RS","og_type":"article","og_title":"Govor predsednice Atifete Jahjaga na zavr&#154;nom sastanku Nacionalnog saveta za pre&#158;ivele seksualnog nasilja tokom rata - Predsednik Republike Kosovo - DR. VJOSA OSMANI - SADRIU","og_description":"Govor predsednice Atifete Jahjaga na zavr&#154;nom sastanku Nacionalnog saveta za pre&#158;ivele seksualnog nasilja tokom rata - Predsednik Republike Kosovo - DR. VJOSA OSMANI - SADRIU -","og_url":"https:\/\/president-ksgov.net\/sr\/govor-predsednice-atifete-jahjaga-na-zavrnom-sastanku-nacionalnog-saveta-za-preivele-seksualnog-nasilja-tokom-rata\/","og_site_name":"Predsednik Republike Kosovo - DR. VJOSA OSMANI - SADRIU","article_published_time":"2016-03-30T15:02:18+00:00","article_modified_time":"2023-03-08T09:01:42+00:00","og_image":[{"width":1000,"height":587,"url":"https:\/\/president-ksgov.net\/wp-content\/uploads\/30_03_2016_3826756_IMG_1568.jpg","type":"image\/jpeg"}],"author":"admin","twitter_card":"summary_large_image","twitter_misc":{"\u041d\u0430\u043f\u0438\u0441\u0430\u043d\u043e \u043e\u0434":"admin","\u041f\u0440\u043e\u0446\u0435\u045a\u0435\u043d\u043e \u0432\u0440\u0435\u043c\u0435 \u0447\u0438\u0442\u0430\u045a\u0430":"9 \u043c\u0438\u043d\u0443\u0442\u0430"},"schema":{"@context":"https:\/\/schema.org","@graph":[{"@type":"WebPage","@id":"https:\/\/president-ksgov.net\/sr\/govor-predsednice-atifete-jahjaga-na-zavrnom-sastanku-nacionalnog-saveta-za-preivele-seksualnog-nasilja-tokom-rata\/","url":"https:\/\/president-ksgov.net\/sr\/govor-predsednice-atifete-jahjaga-na-zavrnom-sastanku-nacionalnog-saveta-za-preivele-seksualnog-nasilja-tokom-rata\/","name":"Govor predsednice Atifete Jahjaga na zavr&#154;nom sastanku Nacionalnog saveta za pre&#158;ivele seksualnog nasilja tokom rata - Predsednik Republike Kosovo - DR. VJOSA OSMANI - SADRIU","isPartOf":{"@id":"https:\/\/president-ksgov.net\/#website"},"primaryImageOfPage":{"@id":"https:\/\/president-ksgov.net\/sr\/govor-predsednice-atifete-jahjaga-na-zavrnom-sastanku-nacionalnog-saveta-za-preivele-seksualnog-nasilja-tokom-rata\/#primaryimage"},"image":{"@id":"https:\/\/president-ksgov.net\/sr\/govor-predsednice-atifete-jahjaga-na-zavrnom-sastanku-nacionalnog-saveta-za-preivele-seksualnog-nasilja-tokom-rata\/#primaryimage"},"thumbnailUrl":"https:\/\/president-ksgov.net\/wp-content\/uploads\/30_03_2016_3826756_IMG_1568.jpg","datePublished":"2016-03-30T15:02:18+00:00","dateModified":"2023-03-08T09:01:42+00:00","author":{"@id":"https:\/\/president-ksgov.net\/#\/schema\/person\/bb4337a5fb147cb2046d80548172cbee"},"description":"Govor predsednice Atifete Jahjaga na zavr&#154;nom sastanku Nacionalnog saveta za pre&#158;ivele seksualnog nasilja tokom rata - Predsednik Republike Kosovo - DR. VJOSA OSMANI - SADRIU -","breadcrumb":{"@id":"https:\/\/president-ksgov.net\/sr\/govor-predsednice-atifete-jahjaga-na-zavrnom-sastanku-nacionalnog-saveta-za-preivele-seksualnog-nasilja-tokom-rata\/#breadcrumb"},"inLanguage":"sr-RS","potentialAction":[{"@type":"ReadAction","target":["https:\/\/president-ksgov.net\/sr\/govor-predsednice-atifete-jahjaga-na-zavrnom-sastanku-nacionalnog-saveta-za-preivele-seksualnog-nasilja-tokom-rata\/"]}]},{"@type":"ImageObject","inLanguage":"sr-RS","@id":"https:\/\/president-ksgov.net\/sr\/govor-predsednice-atifete-jahjaga-na-zavrnom-sastanku-nacionalnog-saveta-za-preivele-seksualnog-nasilja-tokom-rata\/#primaryimage","url":"https:\/\/president-ksgov.net\/wp-content\/uploads\/30_03_2016_3826756_IMG_1568.jpg","contentUrl":"https:\/\/president-ksgov.net\/wp-content\/uploads\/30_03_2016_3826756_IMG_1568.jpg","width":1000,"height":587},{"@type":"BreadcrumbList","@id":"https:\/\/president-ksgov.net\/sr\/govor-predsednice-atifete-jahjaga-na-zavrnom-sastanku-nacionalnog-saveta-za-preivele-seksualnog-nasilja-tokom-rata\/#breadcrumb","itemListElement":[{"@type":"ListItem","position":1,"name":"Home","item":"https:\/\/president-ksgov.net\/sr\/"},{"@type":"ListItem","position":2,"name":"Govor predsednice Atifete Jahjaga na zavr&#154;nom sastanku Nacionalnog saveta za pre&#158;ivele seksualnog nasilja tokom rata"}]},{"@type":"WebSite","@id":"https:\/\/president-ksgov.net\/#website","url":"https:\/\/president-ksgov.net\/","name":"Presidente e Republik\u00ebs s\u00eb Kosov\u00ebs","description":"Presidente e Republik\u00ebs s\u00eb Kosov\u00ebs","alternateName":"DR. VJOSA OSMANI - SADRIU","potentialAction":[{"@type":"SearchAction","target":{"@type":"EntryPoint","urlTemplate":"https:\/\/president-ksgov.net\/?s={search_term_string}"},"query-input":{"@type":"PropertyValueSpecification","valueRequired":true,"valueName":"search_term_string"}}],"inLanguage":"sr-RS"},{"@type":"Person","@id":"https:\/\/president-ksgov.net\/#\/schema\/person\/bb4337a5fb147cb2046d80548172cbee","name":"admin","image":{"@type":"ImageObject","inLanguage":"sr-RS","@id":"https:\/\/president-ksgov.net\/#\/schema\/person\/image\/","url":"https:\/\/secure.gravatar.com\/avatar\/36156ca0fa3b8d9d25174f146e16beea0cf28f37adf1b9e19b6c9c279a7c9dd3?s=96&d=mm&r=g","contentUrl":"https:\/\/secure.gravatar.com\/avatar\/36156ca0fa3b8d9d25174f146e16beea0cf28f37adf1b9e19b6c9c279a7c9dd3?s=96&d=mm&r=g","caption":"admin"},"sameAs":["https:\/\/president-ksgov.net"]}]}},"_links":{"self":[{"href":"https:\/\/president-ksgov.net\/sr\/wp-json\/wp\/v2\/posts\/76950","targetHints":{"allow":["GET"]}}],"collection":[{"href":"https:\/\/president-ksgov.net\/sr\/wp-json\/wp\/v2\/posts"}],"about":[{"href":"https:\/\/president-ksgov.net\/sr\/wp-json\/wp\/v2\/types\/post"}],"author":[{"embeddable":true,"href":"https:\/\/president-ksgov.net\/sr\/wp-json\/wp\/v2\/users\/1"}],"replies":[{"embeddable":true,"href":"https:\/\/president-ksgov.net\/sr\/wp-json\/wp\/v2\/comments?post=76950"}],"version-history":[{"count":1,"href":"https:\/\/president-ksgov.net\/sr\/wp-json\/wp\/v2\/posts\/76950\/revisions"}],"predecessor-version":[{"id":81571,"href":"https:\/\/president-ksgov.net\/sr\/wp-json\/wp\/v2\/posts\/76950\/revisions\/81571"}],"wp:featuredmedia":[{"embeddable":true,"href":"https:\/\/president-ksgov.net\/sr\/wp-json\/wp\/v2\/media\/35139"}],"wp:attachment":[{"href":"https:\/\/president-ksgov.net\/sr\/wp-json\/wp\/v2\/media?parent=76950"}],"wp:term":[{"taxonomy":"category","embeddable":true,"href":"https:\/\/president-ksgov.net\/sr\/wp-json\/wp\/v2\/categories?post=76950"},{"taxonomy":"post_tag","embeddable":true,"href":"https:\/\/president-ksgov.net\/sr\/wp-json\/wp\/v2\/tags?post=76950"}],"curies":[{"name":"wp","href":"https:\/\/api.w.org\/{rel}","templated":true}]}}