{"id":76939,"date":"2016-04-06T17:17:27","date_gmt":"2016-04-06T17:17:27","guid":{"rendered":"https:\/\/dev.president-ksgov.net\/govor-predsednice-jahjaga-pred-studentima-na-pravnom-fakultetu-univerziteta-u-pritini-2\/"},"modified":"2016-04-06T17:17:27","modified_gmt":"2016-04-06T17:17:27","slug":"govor-predsednice-jahjaga-pred-studentima-na-pravnom-fakultetu-univerziteta-u-pritini-2","status":"publish","type":"post","link":"https:\/\/president-ksgov.net\/sr\/govor-predsednice-jahjaga-pred-studentima-na-pravnom-fakultetu-univerziteta-u-pritini-2\/","title":{"rendered":"Govor predsednice Jahjaga pred studentima, na Pravnom fakultetu Univerziteta u Pri&#154;tini"},"content":{"rendered":"<p>Zahvaljujem vam se na va&#353;em u\u010de&#353;\u0107u na dana&#353;njem doga\u0111aju, na kojem ujedno i zaklju\u010dujem moj petogodi&#353;nji mandat kao predsednica Republike Kosova.<\/p>\n<p>Po&#353;tovani ministre Bajrami,<br \/>\nPo&#353;tovani ministre Ku\u00e7i<br \/>\nPo&#353;tovani rektore prof. dr Marjan Dema,<br \/>\nPo&#353;tovani profesori Univerziteta u Pri&#353;tini,<br \/>\nPo&#353;tovani studenti,<br \/>\nDame i gospodo,<br \/>\n\u00a0<br \/>\nZahvaljujem vam se na va&#353;em u\u010de&#353;\u0107u na dana&#353;njem doga\u0111aju, na kojem ujedno i zaklju\u010dujem moj petogodi&#353;nji mandat kao predsednica Republike Kosova.<\/p>\n<p>Ovde sam sa vama jer sam ube\u0111ena da je klju\u010d na&#353;eg uspeha, kao &#353;to se i vidi, i neophodna promena kako bismo obnovili Kosovo, u va&#353;im rukama.<\/p>\n<p>U rukama ove generacije, koja ovde sedi i va&#353;im vr&#353;njacima u drugim gradovima i kosovskim selima, koji tra&#382;e jedno Kosovo koje ispunjava viziju, za koju su va&#353;i roditelji, pa \u010dak i va&#353;i dedovi dali velike &#382;rtve.<\/p>\n<p>Vi dobro znate koje su te &#382;rtve. Mnogi od njih su u ranoj mladosti bili primorani da napuste &#353;kolu zbog uslova kosovskih porodica koji su im obezbe\u0111ivali samo pre&#382;ivljavanje.<\/p>\n<p>Ve\u0107ina va&#353;ih roditelja je napustilo obe\u0107avaju\u0107e karijere, kako bi se pridru&#382;ili mirovnom otporu u nadljudskim poku&#353;ajima da ne podlegnu, da ostvare slobodu po svaku cenu i u svim okolnostima.<\/p>\n<p>Da njihova deca ne dele istu sudbinu da &#382;ivljenjem pod represijom, potla\u010deni, i nejednaki. Da ne nose isti teret, da ne &#382;rtvuju sami sebe, ve\u0107 da napokon prekinu nepodno&#353;ljivi ciklus nasilja.<\/p>\n<p>Jedan deo va&#353;ih porodica je gonjen, izba\u010den, proteran i ubijen u ratu, kako bismo mi danas hodali hodnicima Univerziteta u Pri&#353;tini, kako bismo bili slobodni da tra&#382;imo znanje i da otvorimo misli, radi ostvarivanja na&#353;eg ljudskog potencijala.<\/p>\n<p>Kako bismo danas izgradili dr&#382;avne institucije. Kako bismo \u0111iveli dostojanstveno. Kako bismo izgradili stabilno Kosovo.<\/p>\n<p>Od vas tra&#382;im da se svakoga dana, dok kre\u0107ete na predavanja ili dok spremate ispite u bibliotekama, setite ove &#382;rtve, jer samo tako \u0107emo shvatiti i bi\u0107e nam jasno koliko visoku cenu ima ova na&#353;a sloboda.<\/p>\n<p>Toliko visoku cenu, da nikad ne shvatimo olako slobodu, ve\u0107 da shvatimo da na na&#353;im ple\u0107ima imamo bitnu misiju: da Kosovo u\u010dinimo boljom zemljom.<\/p>\n<p>Za ovih pet godina, tokom kojih sam imala \u010dast i privilegiju da budem va&#353;a predsednica, izbliza sam videla nekoliko lica Kosova.<\/p>\n<p>Videla sam jedno jo&#353; neizle\u010deno Kosovo, duboko potreseno ranama duge represije i nemilosrdnog rata. Umorno od sukoba, iznemoglo i &#382;edno pravde.<\/p>\n<p>Videla sam jedno dru&#353;tvo, \u010desto demoralizovano, zbunjeno u vezi sa tim koje su vrednosti i principi stubovi nad kojima se oslanja na&#353;e dru&#353;tvo i na&#353;a dr&#382;ava. U dvoumljenju koja pitanja treba da nas ujedinjuju, i gde mo&#382;emo prona\u0107i zajedni\u010dki jezik.<br \/>\n\u00a0<br \/>\nS vremena na vreme videla sam pesimisti\u010dko Kosovo koje sumnja da imamo volju i snagu da izgradimo i za&#353;titimo ideale koji treba da nas mobilizuju u izgradnji na&#353;e dr&#382;ave, koji su kompas na&#353;im postupcima, kako posebnim tako i zajedni\u010dkim, svakoga dana.<\/p>\n<p>Ta\u010dno je da sam videla i dru&#353;tvo koje gubi strpljenje i poverenje u nepa&#382;ljivu politi\u010dku klasu koja mo&#382;e da zastupa njihove interese i da im obezbedi bolji &#382;ivot.<\/p>\n<p>Na&#382;alost &#8211; ovo govorim te&#353;ka srca &#8211; videla sam i Kosovo gde je jedan deo gra\u0111ana po&#353;ao na put bez povratka, umorni i razo\u010darani od obe\u0107anja da \u0107e jednog dana biti bolje.<\/p>\n<p>Ali, tokom ovih pet godina, videla sam i izvanredno Kosovo, koje &#382;ivi duboko u du&#353;ama njegovih gra\u0111ana.<br \/>\n\u00a0<br \/>\nKosovo u kojem je zaista bolje, zahvaljuju\u0107i volji njegovih ljudi i njegovih gra\u0111ana.<\/p>\n<p>Kosovo u kojem je zaista bolje, zahvaljuju\u0107i volji njegovih ljudi da napreduju, da optimisti\u010dno zagrle budu\u0107nost i da uz entuzijazam reflektuju nad ovim retkim istorijskim trenutkom, koji smo na sre\u0107u do&#382;iveli.<br \/>\n\u00a0<br \/>\nVidela sem zemlju okru&#382;enu svojim gra\u0111anima, uz bajkovitu ljubav, nadahnjuju\u0107om aurom, gde su ljudi, ne samo odlu\u010dni da &#382;ive\u00a0 ve\u0107 su i uporni u ostvarivanju njihovih ambicija, gde se gra\u0111ani solidari&#353;u jedni s drugima, gde dele hleb i so, dobro i lo&#353;e.<\/p>\n<p>Mlade, koji kreativno&#353;\u0107u, bez mnogo galame, znanjem i talentom ru&#353;e ograni\u010davanja koja su nemilosrdno postavljena oko njih.<\/p>\n<p>Nepokolebljivo dru&#353;tvo, nesalomivo u njegovom opredeljenju da zagrli sve. Svi odlu\u010dni da izgrade, da obnove i da napreduju.<\/p>\n<p>Videla sam Kosovo koje mi najvi&#353;e daje snagu.<br \/>\n\u00a0<br \/>\nPolako, ali sigurno vidim kako se jedno dru&#353;tvo uzdi&#382;e i ja\u010da, spremno da odbije zlo u svakom obliku u kojem se pojavi, koje je glasno protiv zlostavljanja i nepravde, koje je po\u010delo da ne toleri&#353;e klijentelizam, koje \u0107e odbiti nepotizam, koje \u0107e biti nemilosrdno protiv onih koji zloupotrebljavaju i dr&#382;e za taoca njegov razvoj.<\/p>\n<p>Kosovo koje pravi\u010dno shvata izazove koji su pred njim koji se rasprostiru od unutra&#353;nje konsolidacije demokratije i bez kompromisnog uspostavljanja reda i zakona &#8211; i protiv &#8222;jakih&#8220; &#8211; do u\u010dlanjenja u OUN u jednoj izuzetno polarizovanoj globalnoj klimi.<\/p>\n<p>Znamo, da da bi se suo\u010dili sa ovim izazovima, treba puno, puno anga&#382;ovanja i ovo Kosovo kojem te&#382;imo ne mo&#382;e se izgraditi tokom no\u0107i, jer na&#353;i problemi ne tra&#382;e brza re&#353;enja.<\/p>\n<p>Ne mo&#382;emo imati kratkoro\u010dna re&#353;enja za nerazvijenu privredu, visoku nezaposlenost, za zdravstvo na reanimaciji i za obrazovanje koje ne odgovara zahtevima tr&#382;i&#353;ta i vremena.<\/p>\n<p>Ovo je Kosovo koje na&#353;lo njegov glas i hrabrost da tra&#382;i jednak tretman, da doprinese u re&#353;avanju i da nastavi da zaslu&#382;uje mesto koje je steklo za stolom.<br \/>\n\u00a0<br \/>\nDr&#382;ava koje ja sebe po\u010dela da shvata za ozbiljno. Nepokolebljiva i bez dilema u vezi sa njenim uvr&#353;tavanjem na pravednu stranu istorije, ube\u0111ena i ponosna na oni &#353;to predstavlja i do&#382;ivotno zahvalna Sjedinjenim Ameri\u010dkim Dr&#382;avama i evropskim dr&#382;avama saveznicima na njihovom poverenju u ovo dru&#353;tvo i ove ljude kako bi ostvarili ovu viziju.<br \/>\n\u00a0<br \/>\nPo&#353;tovani studenti,<br \/>\n\u00a0<br \/>\nKosovu treba promena &#8211; i hrabrost, volja i posebno smelost da na\u010dini ove izmene, a ona treba da do\u0111e od vas. Treba da do\u0111e sada.<\/p>\n<p>Pred nama ima puno izazova, i nijedan nije lak, dakle nemamo prostora za gre&#353;ke niti za pretpostavke. Mnogobrojne dana&#353;nje prakse koje su zastupljene takore\u0107i u svakoj instituciji u svakoj oblasti &#382;ivota, treba da okon\u010damo.<\/p>\n<p>Treba da na&#353; posao usmerimo kako treba na Kosovu. Poslednji je \u010das da na&#353;a dr&#382;ava postanje dostojanstvena za &#382;ivot, za privrednu i politi\u010dku mobilnost a &#353;to \u0107e biti mogu\u0107e samo kada vladaju red i zakon i kada smo pred njima svi jednaki.<\/p>\n<p>Dve vreline su nas okarakterisale u ove dve te&#353;ke decenije za na&#353;e porodice: hrabrost i odlu\u010dnost da izmenimo tok na&#353;e istorije. I eto, danas, zahvaljuju\u0107i ovoj odlu\u010dnosti &#382;ivimo u na&#353;oj nezavisnoj dr&#382;avi.<\/p>\n<p>Danas nam je potrebna jedna kriti\u010dka mera, za koju verujem da je dobri ljudi ove zemlje grade, \u010dija je volja, da Kosovo dovedemo do slede\u0107eg cilja, nezaustavljiva.<\/p>\n<p>Nikada ne treba da prestanemo da radimo kako bismo ovu viziju videli ostvarenu<\/p>\n<p>I sada, na kraju, dozvolite mi da izrazim moju zahvalnost gra\u0111anima Kosova, koji su me nadahnuli\u00a0 njihovom odlu\u010dno&#353;\u0107u i poverenjem u njuhovu misiju da izgrade Kosovo.<\/p>\n<p>Dozvolite mi da se sa ove govornice zahvalim i mojoj porodici na ne&#353;tedljivoj podr&#353;ci tokom \u010ditavog mandata. Mojim odanim roditeljima i mom mu&#382;u Astritu koji su bili moj stub.<\/p>\n<p>&#381;elim da se zahvalim mom osoblju, mojim vernim savetnicima, koji su dali sve od sebe, koji su mi pomogli u ovom kriti\u010dnom periodu. Radom i stra&#353;\u0107u kojom su vr&#353;ili njihove odgovornosti, videla sam posve\u0107enost koju gra\u0111ani Kosova imaju za njihovu zemlju.<br \/>\n\u00a0<br \/>\nBila je \u010dast i privilegija da budem va&#353;a predsednica.\u00a0 Ve\u010dno sam vam naklonjena!<br \/>\n\u00a0<br \/>\nHvala vam!<\/p>\n","protected":false},"excerpt":{"rendered":"<p>Zahvaljujem vam se na va&#353;em u\u010de&#353;\u0107u na dana&#353;njem doga\u0111aju, na kojem ujedno i zaklju\u010dujem moj petogodi&#353;nji mandat kao predsednica Republike Kosova.<\/p>\n","protected":false},"author":1,"featured_media":34997,"comment_status":"open","ping_status":"closed","sticky":false,"template":"","format":"standard","meta":{"_eb_attr":"","footnotes":""},"categories":[101],"tags":[],"class_list":["post-76939","post","type-post","status-publish","format-standard","has-post-thumbnail","hentry","category-vesti"],"yoast_head":"<!-- This site is optimized with the Yoast SEO plugin v23.5 - https:\/\/yoast.com\/wordpress\/plugins\/seo\/ -->\n<title>Govor predsednice Jahjaga pred studentima, na Pravnom fakultetu Univerziteta u Pri&#154;tini - Predsednik Republike Kosovo - DR. VJOSA OSMANI - SADRIU<\/title>\n<meta name=\"description\" content=\"Govor predsednice Jahjaga pred studentima, na Pravnom fakultetu Univerziteta u Pri&#154;tini - Predsednik Republike Kosovo - DR. VJOSA OSMANI - SADRIU -\" \/>\n<meta name=\"robots\" content=\"index, follow, max-snippet:-1, max-image-preview:large, max-video-preview:-1\" \/>\n<link rel=\"canonical\" href=\"https:\/\/president-ksgov.net\/sr\/govor-predsednice-jahjaga-pred-studentima-na-pravnom-fakultetu-univerziteta-u-pritini-2\/\" \/>\n<meta property=\"og:locale\" content=\"sr_RS\" \/>\n<meta property=\"og:type\" content=\"article\" \/>\n<meta property=\"og:title\" content=\"Govor predsednice Jahjaga pred studentima, na Pravnom fakultetu Univerziteta u Pri&#154;tini - Predsednik Republike Kosovo - DR. VJOSA OSMANI - SADRIU\" \/>\n<meta property=\"og:description\" content=\"Govor predsednice Jahjaga pred studentima, na Pravnom fakultetu Univerziteta u Pri&#154;tini - Predsednik Republike Kosovo - DR. VJOSA OSMANI - SADRIU -\" \/>\n<meta property=\"og:url\" content=\"https:\/\/president-ksgov.net\/sr\/govor-predsednice-jahjaga-pred-studentima-na-pravnom-fakultetu-univerziteta-u-pritini-2\/\" \/>\n<meta property=\"og:site_name\" content=\"Predsednik Republike Kosovo - DR. VJOSA OSMANI - SADRIU\" \/>\n<meta property=\"article:published_time\" content=\"2016-04-06T17:17:27+00:00\" \/>\n<meta property=\"og:image\" content=\"https:\/\/president-ksgov.net\/wp-content\/uploads\/06_04_2016_6361473_06_04_2016_Ligjerata_0.jpg\" \/>\n\t<meta property=\"og:image:width\" content=\"1024\" \/>\n\t<meta property=\"og:image:height\" content=\"683\" \/>\n\t<meta property=\"og:image:type\" content=\"image\/jpeg\" \/>\n<meta name=\"author\" content=\"admin\" \/>\n<meta name=\"twitter:card\" content=\"summary_large_image\" \/>\n<meta name=\"twitter:label1\" content=\"\u041d\u0430\u043f\u0438\u0441\u0430\u043d\u043e \u043e\u0434\" \/>\n\t<meta name=\"twitter:data1\" content=\"admin\" \/>\n\t<meta name=\"twitter:label2\" content=\"\u041f\u0440\u043e\u0446\u0435\u045a\u0435\u043d\u043e \u0432\u0440\u0435\u043c\u0435 \u0447\u0438\u0442\u0430\u045a\u0430\" \/>\n\t<meta name=\"twitter:data2\" content=\"7 \u043c\u0438\u043d\u0443\u0442\u0430\" \/>\n<script type=\"application\/ld+json\" class=\"yoast-schema-graph\">{\"@context\":\"https:\/\/schema.org\",\"@graph\":[{\"@type\":\"WebPage\",\"@id\":\"https:\/\/president-ksgov.net\/sr\/govor-predsednice-jahjaga-pred-studentima-na-pravnom-fakultetu-univerziteta-u-pritini-2\/\",\"url\":\"https:\/\/president-ksgov.net\/sr\/govor-predsednice-jahjaga-pred-studentima-na-pravnom-fakultetu-univerziteta-u-pritini-2\/\",\"name\":\"Govor predsednice Jahjaga pred studentima, na Pravnom fakultetu Univerziteta u Pri&#154;tini - Predsednik Republike Kosovo - DR. VJOSA OSMANI - SADRIU\",\"isPartOf\":{\"@id\":\"https:\/\/president-ksgov.net\/#website\"},\"primaryImageOfPage\":{\"@id\":\"https:\/\/president-ksgov.net\/sr\/govor-predsednice-jahjaga-pred-studentima-na-pravnom-fakultetu-univerziteta-u-pritini-2\/#primaryimage\"},\"image\":{\"@id\":\"https:\/\/president-ksgov.net\/sr\/govor-predsednice-jahjaga-pred-studentima-na-pravnom-fakultetu-univerziteta-u-pritini-2\/#primaryimage\"},\"thumbnailUrl\":\"https:\/\/president-ksgov.net\/wp-content\/uploads\/06_04_2016_6361473_06_04_2016_Ligjerata_0.jpg\",\"datePublished\":\"2016-04-06T17:17:27+00:00\",\"dateModified\":\"2016-04-06T17:17:27+00:00\",\"author\":{\"@id\":\"https:\/\/president-ksgov.net\/#\/schema\/person\/bb4337a5fb147cb2046d80548172cbee\"},\"description\":\"Govor predsednice Jahjaga pred studentima, na Pravnom fakultetu Univerziteta u Pri&#154;tini - Predsednik Republike Kosovo - DR. VJOSA OSMANI - SADRIU -\",\"breadcrumb\":{\"@id\":\"https:\/\/president-ksgov.net\/sr\/govor-predsednice-jahjaga-pred-studentima-na-pravnom-fakultetu-univerziteta-u-pritini-2\/#breadcrumb\"},\"inLanguage\":\"sr-RS\",\"potentialAction\":[{\"@type\":\"ReadAction\",\"target\":[\"https:\/\/president-ksgov.net\/sr\/govor-predsednice-jahjaga-pred-studentima-na-pravnom-fakultetu-univerziteta-u-pritini-2\/\"]}]},{\"@type\":\"ImageObject\",\"inLanguage\":\"sr-RS\",\"@id\":\"https:\/\/president-ksgov.net\/sr\/govor-predsednice-jahjaga-pred-studentima-na-pravnom-fakultetu-univerziteta-u-pritini-2\/#primaryimage\",\"url\":\"https:\/\/president-ksgov.net\/wp-content\/uploads\/06_04_2016_6361473_06_04_2016_Ligjerata_0.jpg\",\"contentUrl\":\"https:\/\/president-ksgov.net\/wp-content\/uploads\/06_04_2016_6361473_06_04_2016_Ligjerata_0.jpg\",\"width\":1024,\"height\":683},{\"@type\":\"BreadcrumbList\",\"@id\":\"https:\/\/president-ksgov.net\/sr\/govor-predsednice-jahjaga-pred-studentima-na-pravnom-fakultetu-univerziteta-u-pritini-2\/#breadcrumb\",\"itemListElement\":[{\"@type\":\"ListItem\",\"position\":1,\"name\":\"Home\",\"item\":\"https:\/\/president-ksgov.net\/sr\/\"},{\"@type\":\"ListItem\",\"position\":2,\"name\":\"Govor predsednice Jahjaga pred studentima, na Pravnom fakultetu Univerziteta u Pri&#154;tini\"}]},{\"@type\":\"WebSite\",\"@id\":\"https:\/\/president-ksgov.net\/#website\",\"url\":\"https:\/\/president-ksgov.net\/\",\"name\":\"Presidente e Republik\u00ebs s\u00eb Kosov\u00ebs\",\"description\":\"Presidente e Republik\u00ebs s\u00eb Kosov\u00ebs\",\"alternateName\":\"DR. VJOSA OSMANI - SADRIU\",\"potentialAction\":[{\"@type\":\"SearchAction\",\"target\":{\"@type\":\"EntryPoint\",\"urlTemplate\":\"https:\/\/president-ksgov.net\/?s={search_term_string}\"},\"query-input\":{\"@type\":\"PropertyValueSpecification\",\"valueRequired\":true,\"valueName\":\"search_term_string\"}}],\"inLanguage\":\"sr-RS\"},{\"@type\":\"Person\",\"@id\":\"https:\/\/president-ksgov.net\/#\/schema\/person\/bb4337a5fb147cb2046d80548172cbee\",\"name\":\"admin\",\"image\":{\"@type\":\"ImageObject\",\"inLanguage\":\"sr-RS\",\"@id\":\"https:\/\/president-ksgov.net\/#\/schema\/person\/image\/\",\"url\":\"https:\/\/secure.gravatar.com\/avatar\/36156ca0fa3b8d9d25174f146e16beea0cf28f37adf1b9e19b6c9c279a7c9dd3?s=96&d=mm&r=g\",\"contentUrl\":\"https:\/\/secure.gravatar.com\/avatar\/36156ca0fa3b8d9d25174f146e16beea0cf28f37adf1b9e19b6c9c279a7c9dd3?s=96&d=mm&r=g\",\"caption\":\"admin\"},\"sameAs\":[\"https:\/\/president-ksgov.net\"]}]}<\/script>\n<!-- \/ Yoast SEO plugin. -->","yoast_head_json":{"title":"Govor predsednice Jahjaga pred studentima, na Pravnom fakultetu Univerziteta u Pri&#154;tini - Predsednik Republike Kosovo - DR. VJOSA OSMANI - SADRIU","description":"Govor predsednice Jahjaga pred studentima, na Pravnom fakultetu Univerziteta u Pri&#154;tini - Predsednik Republike Kosovo - DR. VJOSA OSMANI - SADRIU -","robots":{"index":"index","follow":"follow","max-snippet":"max-snippet:-1","max-image-preview":"max-image-preview:large","max-video-preview":"max-video-preview:-1"},"canonical":"https:\/\/president-ksgov.net\/sr\/govor-predsednice-jahjaga-pred-studentima-na-pravnom-fakultetu-univerziteta-u-pritini-2\/","og_locale":"sr_RS","og_type":"article","og_title":"Govor predsednice Jahjaga pred studentima, na Pravnom fakultetu Univerziteta u Pri&#154;tini - Predsednik Republike Kosovo - DR. VJOSA OSMANI - SADRIU","og_description":"Govor predsednice Jahjaga pred studentima, na Pravnom fakultetu Univerziteta u Pri&#154;tini - Predsednik Republike Kosovo - DR. VJOSA OSMANI - SADRIU -","og_url":"https:\/\/president-ksgov.net\/sr\/govor-predsednice-jahjaga-pred-studentima-na-pravnom-fakultetu-univerziteta-u-pritini-2\/","og_site_name":"Predsednik Republike Kosovo - DR. VJOSA OSMANI - SADRIU","article_published_time":"2016-04-06T17:17:27+00:00","og_image":[{"width":1024,"height":683,"url":"https:\/\/president-ksgov.net\/wp-content\/uploads\/06_04_2016_6361473_06_04_2016_Ligjerata_0.jpg","type":"image\/jpeg"}],"author":"admin","twitter_card":"summary_large_image","twitter_misc":{"\u041d\u0430\u043f\u0438\u0441\u0430\u043d\u043e \u043e\u0434":"admin","\u041f\u0440\u043e\u0446\u0435\u045a\u0435\u043d\u043e \u0432\u0440\u0435\u043c\u0435 \u0447\u0438\u0442\u0430\u045a\u0430":"7 \u043c\u0438\u043d\u0443\u0442\u0430"},"schema":{"@context":"https:\/\/schema.org","@graph":[{"@type":"WebPage","@id":"https:\/\/president-ksgov.net\/sr\/govor-predsednice-jahjaga-pred-studentima-na-pravnom-fakultetu-univerziteta-u-pritini-2\/","url":"https:\/\/president-ksgov.net\/sr\/govor-predsednice-jahjaga-pred-studentima-na-pravnom-fakultetu-univerziteta-u-pritini-2\/","name":"Govor predsednice Jahjaga pred studentima, na Pravnom fakultetu Univerziteta u Pri&#154;tini - Predsednik Republike Kosovo - DR. VJOSA OSMANI - SADRIU","isPartOf":{"@id":"https:\/\/president-ksgov.net\/#website"},"primaryImageOfPage":{"@id":"https:\/\/president-ksgov.net\/sr\/govor-predsednice-jahjaga-pred-studentima-na-pravnom-fakultetu-univerziteta-u-pritini-2\/#primaryimage"},"image":{"@id":"https:\/\/president-ksgov.net\/sr\/govor-predsednice-jahjaga-pred-studentima-na-pravnom-fakultetu-univerziteta-u-pritini-2\/#primaryimage"},"thumbnailUrl":"https:\/\/president-ksgov.net\/wp-content\/uploads\/06_04_2016_6361473_06_04_2016_Ligjerata_0.jpg","datePublished":"2016-04-06T17:17:27+00:00","dateModified":"2016-04-06T17:17:27+00:00","author":{"@id":"https:\/\/president-ksgov.net\/#\/schema\/person\/bb4337a5fb147cb2046d80548172cbee"},"description":"Govor predsednice Jahjaga pred studentima, na Pravnom fakultetu Univerziteta u Pri&#154;tini - Predsednik Republike Kosovo - DR. VJOSA OSMANI - SADRIU -","breadcrumb":{"@id":"https:\/\/president-ksgov.net\/sr\/govor-predsednice-jahjaga-pred-studentima-na-pravnom-fakultetu-univerziteta-u-pritini-2\/#breadcrumb"},"inLanguage":"sr-RS","potentialAction":[{"@type":"ReadAction","target":["https:\/\/president-ksgov.net\/sr\/govor-predsednice-jahjaga-pred-studentima-na-pravnom-fakultetu-univerziteta-u-pritini-2\/"]}]},{"@type":"ImageObject","inLanguage":"sr-RS","@id":"https:\/\/president-ksgov.net\/sr\/govor-predsednice-jahjaga-pred-studentima-na-pravnom-fakultetu-univerziteta-u-pritini-2\/#primaryimage","url":"https:\/\/president-ksgov.net\/wp-content\/uploads\/06_04_2016_6361473_06_04_2016_Ligjerata_0.jpg","contentUrl":"https:\/\/president-ksgov.net\/wp-content\/uploads\/06_04_2016_6361473_06_04_2016_Ligjerata_0.jpg","width":1024,"height":683},{"@type":"BreadcrumbList","@id":"https:\/\/president-ksgov.net\/sr\/govor-predsednice-jahjaga-pred-studentima-na-pravnom-fakultetu-univerziteta-u-pritini-2\/#breadcrumb","itemListElement":[{"@type":"ListItem","position":1,"name":"Home","item":"https:\/\/president-ksgov.net\/sr\/"},{"@type":"ListItem","position":2,"name":"Govor predsednice Jahjaga pred studentima, na Pravnom fakultetu Univerziteta u Pri&#154;tini"}]},{"@type":"WebSite","@id":"https:\/\/president-ksgov.net\/#website","url":"https:\/\/president-ksgov.net\/","name":"Presidente e Republik\u00ebs s\u00eb Kosov\u00ebs","description":"Presidente e Republik\u00ebs s\u00eb Kosov\u00ebs","alternateName":"DR. VJOSA OSMANI - SADRIU","potentialAction":[{"@type":"SearchAction","target":{"@type":"EntryPoint","urlTemplate":"https:\/\/president-ksgov.net\/?s={search_term_string}"},"query-input":{"@type":"PropertyValueSpecification","valueRequired":true,"valueName":"search_term_string"}}],"inLanguage":"sr-RS"},{"@type":"Person","@id":"https:\/\/president-ksgov.net\/#\/schema\/person\/bb4337a5fb147cb2046d80548172cbee","name":"admin","image":{"@type":"ImageObject","inLanguage":"sr-RS","@id":"https:\/\/president-ksgov.net\/#\/schema\/person\/image\/","url":"https:\/\/secure.gravatar.com\/avatar\/36156ca0fa3b8d9d25174f146e16beea0cf28f37adf1b9e19b6c9c279a7c9dd3?s=96&d=mm&r=g","contentUrl":"https:\/\/secure.gravatar.com\/avatar\/36156ca0fa3b8d9d25174f146e16beea0cf28f37adf1b9e19b6c9c279a7c9dd3?s=96&d=mm&r=g","caption":"admin"},"sameAs":["https:\/\/president-ksgov.net"]}]}},"_links":{"self":[{"href":"https:\/\/president-ksgov.net\/sr\/wp-json\/wp\/v2\/posts\/76939","targetHints":{"allow":["GET"]}}],"collection":[{"href":"https:\/\/president-ksgov.net\/sr\/wp-json\/wp\/v2\/posts"}],"about":[{"href":"https:\/\/president-ksgov.net\/sr\/wp-json\/wp\/v2\/types\/post"}],"author":[{"embeddable":true,"href":"https:\/\/president-ksgov.net\/sr\/wp-json\/wp\/v2\/users\/1"}],"replies":[{"embeddable":true,"href":"https:\/\/president-ksgov.net\/sr\/wp-json\/wp\/v2\/comments?post=76939"}],"version-history":[{"count":0,"href":"https:\/\/president-ksgov.net\/sr\/wp-json\/wp\/v2\/posts\/76939\/revisions"}],"wp:featuredmedia":[{"embeddable":true,"href":"https:\/\/president-ksgov.net\/sr\/wp-json\/wp\/v2\/media\/34997"}],"wp:attachment":[{"href":"https:\/\/president-ksgov.net\/sr\/wp-json\/wp\/v2\/media?parent=76939"}],"wp:term":[{"taxonomy":"category","embeddable":true,"href":"https:\/\/president-ksgov.net\/sr\/wp-json\/wp\/v2\/categories?post=76939"},{"taxonomy":"post_tag","embeddable":true,"href":"https:\/\/president-ksgov.net\/sr\/wp-json\/wp\/v2\/tags?post=76939"}],"curies":[{"name":"wp","href":"https:\/\/api.w.org\/{rel}","templated":true}]}}