{"id":76936,"date":"2016-04-07T11:59:18","date_gmt":"2016-04-07T11:59:18","guid":{"rendered":"https:\/\/dev.president-ksgov.net\/predsednik-thaci-je-poloio-zakletvu-pred-poslanicima-skuptine-kosova\/"},"modified":"2016-04-07T11:59:18","modified_gmt":"2016-04-07T11:59:18","slug":"predsednik-thaci-je-poloio-zakletvu-pred-poslanicima-skuptine-kosova","status":"publish","type":"post","link":"https:\/\/president-ksgov.net\/sr\/predsednik-thaci-je-poloio-zakletvu-pred-poslanicima-skuptine-kosova\/","title":{"rendered":"Predsednik Tha\u00e7i je polo&#158;io zakletvu pred Poslanicima Skup&#154;tine Kosova"},"content":{"rendered":"<p>Predsednik Republike Kosova,  Hashim Tha\u00e7i, polo&#382;io je danas zakletvu pred poslanicima Skup&#353;tine Kosovo, po\u010dev&#353;i tako, zvani\u010dno, petogodi&#353;nji mandat Predsednika Kosova.<\/p>\n<p>Nakon zakletve, predsednik Tha\u00e7i rekao je pred poslanicima da je ovo trenutak ponosa, odgovornosti i poseban trenutak u njegovom &#382;ivotu. <\/p>\n<p>&#8220;Moja politi\u010dka i &#382;ivotna karijera odra&#382;ava razvoje kroz koje je Kosovo pre&#353;lo u zadnjih tri decenija. Anga&#382;ovao sam se u svim procesima koji su doneli slobodu i nezavisnost Kosova. Po\u010dastvovan sam \u010dast &#353;to sam deo vo\u0111stva svih donetih odluka za slobodu, nezavisnost i konsolidaciju moderne dr&#382;ave Kosova. Zajedno smo promenili Kosovo&#8220;, rekao je Tha\u00e7i.<\/p>\n<p>On je naglasio da i na novom zadatku kao predsednik Kosova nastavi\u0107e sa anga&#382;ovanjem za jedno novo, demokratsko, evropsko i multi-etni\u010dko Kosovo. <\/p>\n<p>&#8220;Imam nadu i poverenje u na&#353;u zemlju i na&#353;e gra\u0111ane. Imam potpuno poverenje u institucijama Kosova, u Skup&#353;tini, u vladi zemlje. Imam poverenje da \u0107e se nastaviti dobrom vladavinom. Kao predsednik \u0107u biti garant po&#353;tovanje Ustava i zakona, bi\u0107u za&#353;titnik i predstavnik Kosovskih interesa. Bi\u0107u ujedinjuju\u0107i politi\u010dki i gra\u0111anski faktor, predstavnik svih gra\u0111ana, bez razlike etni\u010dkog porekla, veroispovesti, rase i roda&#8220;, izjavio je predsednik\u00a0 Tha\u00e7i.<\/p>\n<p>On se zalagao da \u0107e dalje afirmisati uzvi&#353;ene vrednosti Deklaracije Nezavisnosti i Ustava Republike Kosovo. Prema njemu, cilj i vizija gra\u0111ana Kosova jeste integracija u Evropskoj Uniji, NATO, kao i do&#382;ivotno prijateljstvo sa Sjedinjenim Ameri\u010dkim Dr&#382;avama.<\/p>\n<p>&#8220;Radi\u0107emo na daljnjem gajenju ljudskih prava i sloboda, na reformama pravosu\u0111a, obrazovanja, zdravstva, ekonomskom razvoju, privla\u010denju stranih investitora na Kosovu. Gra\u0111ani Kosova zaslu&#382;uju miran &#382;ivot, radna mesta i socijalnu za&#353;titu evropskih standarda&#8220;, dodao je on. <\/p>\n<p>Predsednik Tha\u00e7i naglasio je da u narednim danima Kosovo o\u010dekuje preporuke za liberalizaciju viza, gde gra\u0111ani Kosova, kao i svi Evropljani, mogu da se slobodno kre\u0107u. Prema njemu, okon\u010da\u0107e se proces formalizacije osnivanja Oru&#382;anih Snaga Kosova, kao multi-etni\u010dka snaga evro-atlantskih standarda.<\/p>\n<p>U njegovom govoru pred poslanicima Kosova, predsednik Tha\u00e7i rekao je da, Kosovo je danas faktor mira i stabilnosti u regiji. On je naglasio da Kosovo razvija dobrosusedske odnose sa svim zemljama regiona. Dr&#382;ava Kosova se zala&#382;e za nastavak dijaloga za normalizaciju odnosa sa Srbijom.\u00a0 <\/p>\n<p>&#8220;U ovom procesu smo imali i ima\u0107emo podr&#353;ku me\u0111unarodne zajednice. Obe zemlje i na&#353;i narodi imaju gorku me\u0111usobnu pro&#353;lost. Pro&#353;lost ne mo&#382;emo promeniti, ali se zala&#382;emo da je ne ponovimo. Da izgradimo budu\u0107nost, na osnovu na&#353;ih najboljih tradicionalnih kao i onih evro-atlantskih vrednosti &#8221;, dodao je Tha\u00e7i.<br \/>\n\u00a0<br \/>\nOn je rekao da obe zemlje trebaju raditi kako bi se ubrzo u\u010dlanili u Evropsku Uniju, uz olak&#353;avanje jedna drugoj a ne ometanjem. Dijalog, prema predsedniku Tha\u00e7i, nema alternative, ali sada treba da ima novu dinamiku i energiju, odlu\u010duju\u0107u i sprovodljivu. I kao predsednik zemlje, i &#353;to se ti\u010de dijaloga, on je rekao da \u0107e raditi na izgradnji jednog &#353;ireg politi\u010dkog i gra\u0111anskog konsenzusa.\u00a0 <\/p>\n<p>Govore\u0107i o me\u0111unarodnoj poziciji Kosova, predsednik Tha\u00e7i\u00a0 je rekao da \u0107e Kosovo raditi jo&#353; aktivnije, kako bi postalo \u010dlanica regionalnih, evropskih i svetskih inicijativa.<\/p>\n<p>&#8220;Kosovo \u0107e blisko sara\u0111ivati sa me\u0111unarodnim partnerima kako bi postala \u010dlanica UN-a. Kosovo je aktivni deo anti-teroristi\u010dkog bloka na svetu. Bi\u0107emo bez kompromisni u borbi protiv fundamentalizma i protiv svakog ekstremnog elementa, kad god i gde god se on pojavio&#8220;, rekao je on. <\/p>\n<p>Na kraju, predsednik Tha\u00e7i se obratio gra\u0111anima Kosova, rekav&#353;i da je svestan da biti predsednik Kosova je velika \u010dast ali i\u00a0 politi\u010dka, nacionalna i ustavna odgovornost.<\/p>\n<p>&#8220;Zala&#382;em se da \u0107u ovaj zadatak obaviti u bliskoj saradnji i komunikaciji sa vama. Mi smo ponosni sa na&#353;om herojskom pro&#353;lo&#353;\u0107u. Mnoge generacije su se &#382;rtvovale kako bi smo do&#353;li ovde gde smo danas. Danas, sa ovog mesta jo&#353; jednom izra&#382;avamo najve\u0107e po&#353;tovanje za sve one koji su se &#382;rtvovali za slobodu i nezavisnost Kosova. U mojim anga&#382;ovanjima po&#353;tova\u0107u Ustav i zakone Kosova, dobru tradiciju gra\u0111anstva, evro-atlantske kriterijume i vrednosti. Uvek \u0107u krenuti od moje ponude za politi\u010dki, me\u0111upartijski dijalog, za komuniciranje sa civilnim dru&#353;tvom, medijama, poslovanjima i slobodnim inicijativama. Kao predsednik dr&#382;ave \u010duva\u0107u, gaji\u0107u i predstavlja\u0107u jedinstvo naroda Republike Kosova&#8220;, rekao je predsednik Tha\u00e7i, pred poslanicima Skup&#353;tine Kosova.\u00a0<\/p>\n","protected":false},"excerpt":{"rendered":"<p>Predsednik Republike Kosova,  Hashim Tha\u00e7i, polo&#382;io je danas zakletvu pred poslanicima Skup&#353;tine Kosovo, po\u010dev&#353;i tako, zvani\u010dno, petogodi&#353;nji mandat Predsednika Kosova.<\/p>\n","protected":false},"author":1,"featured_media":34943,"comment_status":"open","ping_status":"closed","sticky":false,"template":"","format":"standard","meta":{"_eb_attr":"","footnotes":""},"categories":[101],"tags":[],"class_list":["post-76936","post","type-post","status-publish","format-standard","has-post-thumbnail","hentry","category-vesti"],"yoast_head":"<!-- This site is optimized with the Yoast SEO plugin v23.5 - https:\/\/yoast.com\/wordpress\/plugins\/seo\/ -->\n<title>Predsednik Tha\u00e7i je polo&#158;io zakletvu pred Poslanicima Skup&#154;tine Kosova - Predsednik Republike Kosovo - DR. VJOSA OSMANI - SADRIU<\/title>\n<meta name=\"description\" content=\"Predsednik Tha\u00e7i je polo&#158;io zakletvu pred Poslanicima Skup&#154;tine Kosova - Predsednik Republike Kosovo - DR. VJOSA OSMANI - SADRIU -\" \/>\n<meta name=\"robots\" content=\"index, follow, max-snippet:-1, max-image-preview:large, max-video-preview:-1\" \/>\n<link rel=\"canonical\" href=\"https:\/\/president-ksgov.net\/presidenti-hashim-thaci-jep-betimin-para-deputeteve-te-kuvendit-te-kosoves\/\" \/>\n<meta property=\"og:locale\" content=\"sr_RS\" \/>\n<meta property=\"og:type\" content=\"article\" \/>\n<meta property=\"og:title\" content=\"Predsednik Tha\u00e7i je polo&#158;io zakletvu pred Poslanicima Skup&#154;tine Kosova - Predsednik Republike Kosovo - DR. VJOSA OSMANI - SADRIU\" \/>\n<meta property=\"og:description\" content=\"Predsednik Tha\u00e7i je polo&#158;io zakletvu pred Poslanicima Skup&#154;tine Kosova - Predsednik Republike Kosovo - DR. VJOSA OSMANI - SADRIU -\" \/>\n<meta property=\"og:url\" content=\"https:\/\/president-ksgov.net\/presidenti-hashim-thaci-jep-betimin-para-deputeteve-te-kuvendit-te-kosoves\/\" \/>\n<meta property=\"og:site_name\" content=\"Predsednik Republike Kosovo - DR. VJOSA OSMANI - SADRIU\" \/>\n<meta property=\"article:published_time\" content=\"2016-04-07T11:59:18+00:00\" \/>\n<meta property=\"og:image\" content=\"https:\/\/president-ksgov.net\/wp-content\/uploads\/07_04_2016_457756_00.jpg\" \/>\n\t<meta property=\"og:image:width\" content=\"2400\" \/>\n\t<meta property=\"og:image:height\" content=\"1600\" \/>\n\t<meta property=\"og:image:type\" content=\"image\/jpeg\" \/>\n<meta name=\"author\" content=\"admin\" \/>\n<meta name=\"twitter:card\" content=\"summary_large_image\" \/>\n<meta name=\"twitter:label1\" content=\"\u041d\u0430\u043f\u0438\u0441\u0430\u043d\u043e \u043e\u0434\" \/>\n\t<meta name=\"twitter:data1\" content=\"admin\" \/>\n\t<meta name=\"twitter:label2\" content=\"\u041f\u0440\u043e\u0446\u0435\u045a\u0435\u043d\u043e \u0432\u0440\u0435\u043c\u0435 \u0447\u0438\u0442\u0430\u045a\u0430\" \/>\n\t<meta name=\"twitter:data2\" content=\"4 \u043c\u0438\u043d\u0443\u0442\u0430\" \/>\n<script type=\"application\/ld+json\" class=\"yoast-schema-graph\">{\"@context\":\"https:\/\/schema.org\",\"@graph\":[{\"@type\":\"WebPage\",\"@id\":\"https:\/\/president-ksgov.net\/presidenti-hashim-thaci-jep-betimin-para-deputeteve-te-kuvendit-te-kosoves\/\",\"url\":\"https:\/\/president-ksgov.net\/presidenti-hashim-thaci-jep-betimin-para-deputeteve-te-kuvendit-te-kosoves\/\",\"name\":\"Predsednik Tha\u00e7i je polo&#158;io zakletvu pred Poslanicima Skup&#154;tine Kosova - Predsednik Republike Kosovo - DR. VJOSA OSMANI - SADRIU\",\"isPartOf\":{\"@id\":\"https:\/\/president-ksgov.net\/#website\"},\"primaryImageOfPage\":{\"@id\":\"https:\/\/president-ksgov.net\/presidenti-hashim-thaci-jep-betimin-para-deputeteve-te-kuvendit-te-kosoves\/#primaryimage\"},\"image\":{\"@id\":\"https:\/\/president-ksgov.net\/presidenti-hashim-thaci-jep-betimin-para-deputeteve-te-kuvendit-te-kosoves\/#primaryimage\"},\"thumbnailUrl\":\"https:\/\/president-ksgov.net\/wp-content\/uploads\/07_04_2016_457756_00.jpg\",\"datePublished\":\"2016-04-07T11:59:18+00:00\",\"dateModified\":\"2016-04-07T11:59:18+00:00\",\"author\":{\"@id\":\"https:\/\/president-ksgov.net\/#\/schema\/person\/bb4337a5fb147cb2046d80548172cbee\"},\"description\":\"Predsednik Tha\u00e7i je polo&#158;io zakletvu pred Poslanicima Skup&#154;tine Kosova - Predsednik Republike Kosovo - DR. VJOSA OSMANI - SADRIU -\",\"breadcrumb\":{\"@id\":\"https:\/\/president-ksgov.net\/presidenti-hashim-thaci-jep-betimin-para-deputeteve-te-kuvendit-te-kosoves\/#breadcrumb\"},\"inLanguage\":\"sr-RS\",\"potentialAction\":[{\"@type\":\"ReadAction\",\"target\":[\"https:\/\/president-ksgov.net\/presidenti-hashim-thaci-jep-betimin-para-deputeteve-te-kuvendit-te-kosoves\/\"]}]},{\"@type\":\"ImageObject\",\"inLanguage\":\"sr-RS\",\"@id\":\"https:\/\/president-ksgov.net\/presidenti-hashim-thaci-jep-betimin-para-deputeteve-te-kuvendit-te-kosoves\/#primaryimage\",\"url\":\"https:\/\/president-ksgov.net\/wp-content\/uploads\/07_04_2016_457756_00.jpg\",\"contentUrl\":\"https:\/\/president-ksgov.net\/wp-content\/uploads\/07_04_2016_457756_00.jpg\",\"width\":2400,\"height\":1600},{\"@type\":\"BreadcrumbList\",\"@id\":\"https:\/\/president-ksgov.net\/presidenti-hashim-thaci-jep-betimin-para-deputeteve-te-kuvendit-te-kosoves\/#breadcrumb\",\"itemListElement\":[{\"@type\":\"ListItem\",\"position\":1,\"name\":\"Home\",\"item\":\"https:\/\/president-ksgov.net\/sr\/\"},{\"@type\":\"ListItem\",\"position\":2,\"name\":\"Predsednik Tha\u00e7i je polo&#158;io zakletvu pred Poslanicima Skup&#154;tine Kosova\"}]},{\"@type\":\"WebSite\",\"@id\":\"https:\/\/president-ksgov.net\/#website\",\"url\":\"https:\/\/president-ksgov.net\/\",\"name\":\"Presidente e Republik\u00ebs s\u00eb Kosov\u00ebs\",\"description\":\"Presidente e Republik\u00ebs s\u00eb Kosov\u00ebs\",\"alternateName\":\"DR. VJOSA OSMANI - SADRIU\",\"potentialAction\":[{\"@type\":\"SearchAction\",\"target\":{\"@type\":\"EntryPoint\",\"urlTemplate\":\"https:\/\/president-ksgov.net\/?s={search_term_string}\"},\"query-input\":{\"@type\":\"PropertyValueSpecification\",\"valueRequired\":true,\"valueName\":\"search_term_string\"}}],\"inLanguage\":\"sr-RS\"},{\"@type\":\"Person\",\"@id\":\"https:\/\/president-ksgov.net\/#\/schema\/person\/bb4337a5fb147cb2046d80548172cbee\",\"name\":\"admin\",\"image\":{\"@type\":\"ImageObject\",\"inLanguage\":\"sr-RS\",\"@id\":\"https:\/\/president-ksgov.net\/#\/schema\/person\/image\/\",\"url\":\"https:\/\/secure.gravatar.com\/avatar\/36156ca0fa3b8d9d25174f146e16beea0cf28f37adf1b9e19b6c9c279a7c9dd3?s=96&d=mm&r=g\",\"contentUrl\":\"https:\/\/secure.gravatar.com\/avatar\/36156ca0fa3b8d9d25174f146e16beea0cf28f37adf1b9e19b6c9c279a7c9dd3?s=96&d=mm&r=g\",\"caption\":\"admin\"},\"sameAs\":[\"https:\/\/president-ksgov.net\"]}]}<\/script>\n<!-- \/ Yoast SEO plugin. -->","yoast_head_json":{"title":"Predsednik Tha\u00e7i je polo&#158;io zakletvu pred Poslanicima Skup&#154;tine Kosova - Predsednik Republike Kosovo - DR. VJOSA OSMANI - SADRIU","description":"Predsednik Tha\u00e7i je polo&#158;io zakletvu pred Poslanicima Skup&#154;tine Kosova - Predsednik Republike Kosovo - DR. VJOSA OSMANI - SADRIU -","robots":{"index":"index","follow":"follow","max-snippet":"max-snippet:-1","max-image-preview":"max-image-preview:large","max-video-preview":"max-video-preview:-1"},"canonical":"https:\/\/president-ksgov.net\/presidenti-hashim-thaci-jep-betimin-para-deputeteve-te-kuvendit-te-kosoves\/","og_locale":"sr_RS","og_type":"article","og_title":"Predsednik Tha\u00e7i je polo&#158;io zakletvu pred Poslanicima Skup&#154;tine Kosova - Predsednik Republike Kosovo - DR. VJOSA OSMANI - SADRIU","og_description":"Predsednik Tha\u00e7i je polo&#158;io zakletvu pred Poslanicima Skup&#154;tine Kosova - Predsednik Republike Kosovo - DR. VJOSA OSMANI - SADRIU -","og_url":"https:\/\/president-ksgov.net\/presidenti-hashim-thaci-jep-betimin-para-deputeteve-te-kuvendit-te-kosoves\/","og_site_name":"Predsednik Republike Kosovo - DR. VJOSA OSMANI - SADRIU","article_published_time":"2016-04-07T11:59:18+00:00","og_image":[{"width":2400,"height":1600,"url":"https:\/\/president-ksgov.net\/wp-content\/uploads\/07_04_2016_457756_00.jpg","type":"image\/jpeg"}],"author":"admin","twitter_card":"summary_large_image","twitter_misc":{"\u041d\u0430\u043f\u0438\u0441\u0430\u043d\u043e \u043e\u0434":"admin","\u041f\u0440\u043e\u0446\u0435\u045a\u0435\u043d\u043e \u0432\u0440\u0435\u043c\u0435 \u0447\u0438\u0442\u0430\u045a\u0430":"4 \u043c\u0438\u043d\u0443\u0442\u0430"},"schema":{"@context":"https:\/\/schema.org","@graph":[{"@type":"WebPage","@id":"https:\/\/president-ksgov.net\/presidenti-hashim-thaci-jep-betimin-para-deputeteve-te-kuvendit-te-kosoves\/","url":"https:\/\/president-ksgov.net\/presidenti-hashim-thaci-jep-betimin-para-deputeteve-te-kuvendit-te-kosoves\/","name":"Predsednik Tha\u00e7i je polo&#158;io zakletvu pred Poslanicima Skup&#154;tine Kosova - Predsednik Republike Kosovo - DR. VJOSA OSMANI - SADRIU","isPartOf":{"@id":"https:\/\/president-ksgov.net\/#website"},"primaryImageOfPage":{"@id":"https:\/\/president-ksgov.net\/presidenti-hashim-thaci-jep-betimin-para-deputeteve-te-kuvendit-te-kosoves\/#primaryimage"},"image":{"@id":"https:\/\/president-ksgov.net\/presidenti-hashim-thaci-jep-betimin-para-deputeteve-te-kuvendit-te-kosoves\/#primaryimage"},"thumbnailUrl":"https:\/\/president-ksgov.net\/wp-content\/uploads\/07_04_2016_457756_00.jpg","datePublished":"2016-04-07T11:59:18+00:00","dateModified":"2016-04-07T11:59:18+00:00","author":{"@id":"https:\/\/president-ksgov.net\/#\/schema\/person\/bb4337a5fb147cb2046d80548172cbee"},"description":"Predsednik Tha\u00e7i je polo&#158;io zakletvu pred Poslanicima Skup&#154;tine Kosova - Predsednik Republike Kosovo - DR. VJOSA OSMANI - SADRIU -","breadcrumb":{"@id":"https:\/\/president-ksgov.net\/presidenti-hashim-thaci-jep-betimin-para-deputeteve-te-kuvendit-te-kosoves\/#breadcrumb"},"inLanguage":"sr-RS","potentialAction":[{"@type":"ReadAction","target":["https:\/\/president-ksgov.net\/presidenti-hashim-thaci-jep-betimin-para-deputeteve-te-kuvendit-te-kosoves\/"]}]},{"@type":"ImageObject","inLanguage":"sr-RS","@id":"https:\/\/president-ksgov.net\/presidenti-hashim-thaci-jep-betimin-para-deputeteve-te-kuvendit-te-kosoves\/#primaryimage","url":"https:\/\/president-ksgov.net\/wp-content\/uploads\/07_04_2016_457756_00.jpg","contentUrl":"https:\/\/president-ksgov.net\/wp-content\/uploads\/07_04_2016_457756_00.jpg","width":2400,"height":1600},{"@type":"BreadcrumbList","@id":"https:\/\/president-ksgov.net\/presidenti-hashim-thaci-jep-betimin-para-deputeteve-te-kuvendit-te-kosoves\/#breadcrumb","itemListElement":[{"@type":"ListItem","position":1,"name":"Home","item":"https:\/\/president-ksgov.net\/sr\/"},{"@type":"ListItem","position":2,"name":"Predsednik Tha\u00e7i je polo&#158;io zakletvu pred Poslanicima Skup&#154;tine Kosova"}]},{"@type":"WebSite","@id":"https:\/\/president-ksgov.net\/#website","url":"https:\/\/president-ksgov.net\/","name":"Presidente e Republik\u00ebs s\u00eb Kosov\u00ebs","description":"Presidente e Republik\u00ebs s\u00eb Kosov\u00ebs","alternateName":"DR. VJOSA OSMANI - SADRIU","potentialAction":[{"@type":"SearchAction","target":{"@type":"EntryPoint","urlTemplate":"https:\/\/president-ksgov.net\/?s={search_term_string}"},"query-input":{"@type":"PropertyValueSpecification","valueRequired":true,"valueName":"search_term_string"}}],"inLanguage":"sr-RS"},{"@type":"Person","@id":"https:\/\/president-ksgov.net\/#\/schema\/person\/bb4337a5fb147cb2046d80548172cbee","name":"admin","image":{"@type":"ImageObject","inLanguage":"sr-RS","@id":"https:\/\/president-ksgov.net\/#\/schema\/person\/image\/","url":"https:\/\/secure.gravatar.com\/avatar\/36156ca0fa3b8d9d25174f146e16beea0cf28f37adf1b9e19b6c9c279a7c9dd3?s=96&d=mm&r=g","contentUrl":"https:\/\/secure.gravatar.com\/avatar\/36156ca0fa3b8d9d25174f146e16beea0cf28f37adf1b9e19b6c9c279a7c9dd3?s=96&d=mm&r=g","caption":"admin"},"sameAs":["https:\/\/president-ksgov.net"]}]}},"_links":{"self":[{"href":"https:\/\/president-ksgov.net\/sr\/wp-json\/wp\/v2\/posts\/76936","targetHints":{"allow":["GET"]}}],"collection":[{"href":"https:\/\/president-ksgov.net\/sr\/wp-json\/wp\/v2\/posts"}],"about":[{"href":"https:\/\/president-ksgov.net\/sr\/wp-json\/wp\/v2\/types\/post"}],"author":[{"embeddable":true,"href":"https:\/\/president-ksgov.net\/sr\/wp-json\/wp\/v2\/users\/1"}],"replies":[{"embeddable":true,"href":"https:\/\/president-ksgov.net\/sr\/wp-json\/wp\/v2\/comments?post=76936"}],"version-history":[{"count":0,"href":"https:\/\/president-ksgov.net\/sr\/wp-json\/wp\/v2\/posts\/76936\/revisions"}],"wp:featuredmedia":[{"embeddable":true,"href":"https:\/\/president-ksgov.net\/sr\/wp-json\/wp\/v2\/media\/34943"}],"wp:attachment":[{"href":"https:\/\/president-ksgov.net\/sr\/wp-json\/wp\/v2\/media?parent=76936"}],"wp:term":[{"taxonomy":"category","embeddable":true,"href":"https:\/\/president-ksgov.net\/sr\/wp-json\/wp\/v2\/categories?post=76936"},{"taxonomy":"post_tag","embeddable":true,"href":"https:\/\/president-ksgov.net\/sr\/wp-json\/wp\/v2\/tags?post=76936"}],"curies":[{"name":"wp","href":"https:\/\/api.w.org\/{rel}","templated":true}]}}