{"id":76934,"date":"2016-04-07T12:57:11","date_gmt":"2016-04-07T12:57:11","guid":{"rendered":"https:\/\/dev.president-ksgov.net\/govor-predsednika-hashim-a-thaci-ja-na-ceremoniji-polaganja-zakletve-pred-poslanicima-skuptine-kosova-2\/"},"modified":"2023-03-08T09:01:41","modified_gmt":"2023-03-08T09:01:41","slug":"govor-predsednika-hashim-a-thaci-ja-na-ceremoniji-polaganja-zakletve-pred-poslanicima-skuptine-kosova-2","status":"publish","type":"post","link":"https:\/\/president-ksgov.net\/sr\/govor-predsednika-hashim-a-thaci-ja-na-ceremoniji-polaganja-zakletve-pred-poslanicima-skuptine-kosova-2\/","title":{"rendered":"Govor predsednika Hashim-a Tha\u00e7i-ja na ceremoniji polaganja zakletve pred poslanicima Skup&#154;tine Kosova"},"content":{"rendered":"<p>Moja &#382;ivotna i politi\u010dka karijera odra&#382;ava razvoje kroz koje je Kosovo pro&#353;lo poslednjih tri decenija.<\/p>\n<p>Po&#353;tovani predsedni\u010de Skup&#353;tine Republike Kosovo, g. Kadri Veseli,<br \/>\nPo&#353;tovani poslanici,<br \/>\nPo&#353;tovani premijeru Vlade Republike Kosovo, g. Mustafa<br \/>\nPo&#353;tovani ministri,<br \/>\nPo&#353;tovani ambasadori i gosti,<br \/>\nPo&#353;tovani gra\u0111ani Republike Kosovo,<\/p>\n<p>Danas je poseban trenutak u mom &#382;ivotu. <\/p>\n<p>Trenutak ponosa i odgovornosti.<\/p>\n<p>Moja &#382;ivotna i politi\u010dka karijera odra&#382;ava razvoje kroz koje je Kosovo pro&#353;lo poslednjih tri decenija.<\/p>\n<p>U\u010destvovao sam u svim procesima koji su doprineli slobodi i nezavisnosti Kosova.<\/p>\n<p>Po\u010dastvovan sam &#353;to sam vode\u0107i deo svih dono&#353;enja odluka za slobodu, nezavisnost i konsolidaciju savremene dr&#382;ave Kosova.<\/p>\n<p>Kao premijer sam slu&#382;io svom energijom, za dobrobit svih gra\u0111ana Kosova.<\/p>\n<p>Zajedno, promenili smo Kosovo.<\/p>\n<p>Sada \u0107u biti na novom zadatku, sa novim odgovornostima.<\/p>\n<p>Rade\u0107i za jedno novo, demokratsko, evropsko i multietni\u010dko Kosovo.<\/p>\n<p>Imam poverenja u na&#353;u zemlju, u na&#353;e gra\u0111ane.<\/p>\n<p>Imam puno poverenje u institucijama Kosova, u Parlamentu, u Vladi zemlje.<\/p>\n<p>Uveren sam da \u0107e se nastaviti sa dobrim upravljanjem.<\/p>\n<p>Ovom prilikom &#382;elim da se zahvalim predsednici Jahjaga za njen doprinos tokom njenog mandata kao ujedinjujuc\u0301eg politi\u010dkog i gra\u0111anskog faktora Kosova.\u00a0 <\/p>\n<p>Kao predsednik \u0107u biti garant po&#353;tovanja Ustava i zakona, za&#353;titnik i predstavnik interesa Kosova.<\/p>\n<p>Bi\u0107u ujedinjuju\u0107i politi\u010dki i gra\u0111anski faktor, predstavnik svih gra\u0111ana, suverene dr&#382;ave, bez obzira na nacionalnost, veru, rasu i pol.<\/p>\n<p>Afirmisa\u0107u jo&#353; vi&#353;e uzvi&#353;ene vrednosti Izjave o nezavisnosti i Ustava Republike Kosovo.<\/p>\n<p>Radi\u0107u na daljem kultivisanju ljudskih prava i sloboda, na reformama u pravosu\u0111u, obrazovanju, zdravstvu i ekonomskom razvoju, na dovo\u0111enju stranih investitora na Kosovu.<\/p>\n<p>Cilj i vizija gra\u0111ana Kosova je integrisanje u Evropskoj Uniji, u NATO kao i ve\u010dno prijateljstvo sa Sjedinjenim Ameri\u010dkim Dr&#382;avama.<\/p>\n<p>Gra\u0111ani Kosova zaslu&#382;uju miran &#382;ivot, radna mesta i socijalno blagostanje evropskih standarda. <\/p>\n<p>Po&#353;tovani gra\u0111ani Republike Kosovo,<\/p>\n<p>Dr&#382;ava Kosova je priznata od strane 111 zemalja sveta,<\/p>\n<p>U\u010dlanjena je u mnogim regionalnim i me\u0111unarodnim organizacijama.<\/p>\n<p>U narednim danima o\u010dekujemo preporuku za liberalizaciju viza, i gra\u0111ani Kosova \u0107e, kao svi Evropljani, da se slobodno kre\u0107u.<\/p>\n<p>Zaklju\u010dujemo proces za osnivanje Oru&#382;anih Snaga Kosova, kao multietni\u010dka snaga evro-atlantskih standarda.<\/p>\n<p>To \u0107e biti ura\u0111eno u potpunom skladu sa Ustavom i zakonima na Kosovu.<\/p>\n<p>Dr&#382;ava Kosova se afirmi&#353;e svakodnevno. <\/p>\n<p>Kosovo \u0107e ove godine po prvi put u\u010destvovati u Olimpijskim igrama.<\/p>\n<p>Radi\u0107emo na tome da se &#353;to pre u\u010dlanimo u UEFA i FIFA.<\/p>\n<p>Po&#353;tovani gra\u0111ani,<\/p>\n<p>Danas, Kosovo predstavlja faktor mira i stabilnosti u regionu.<\/p>\n<p>Kosovo razvija dobrosusedske odnose sa svim zemljama regiona.<\/p>\n<p>Dr&#382;ava Kosova se zala&#382;e da nastavi dijalog za normalizaciju odnosa sa Srbijom.<\/p>\n<p>U ovom procesu smo imali i ima\u0107emo podr&#353;ku me\u0111unarodne zajednice.<\/p>\n<p>Obe zemlje i na&#353;i narodi imaju gorku pro&#353;lost izme\u0107u njih. <\/p>\n<p>Ne mo&#382;emo menjati pro&#353;lost, ali smo zalo&#382;eni da je ne ponovimo.<\/p>\n<p>I da radimo i izgradimo budu\u0107nost, zasnovanu na na&#353;im najboljim tradicionalnim vrednostima kao i evro-atlantskim vrednostima.<\/p>\n<p>Obe zemlje treba da rade da se &#353;to pre u\u010dlane u Evropskoj Uniji, pomagaju\u0107i jedna drugoj a ne ometaju\u0107i je.<\/p>\n<p>Dijalog nema alternativu, ali sada on treba da ima novu dinamiku i energiju, u dono&#353;enju odluka i sprovo\u0111enju.<\/p>\n<p>Kao predsednik zemlje, &#353;to se dijaloga ti\u010de, radi\u0107u na izgradnji jednog &#353;ireg politi\u010dkog i gra\u0111anskog konsenzusa.<\/p>\n<p>Kosovo \u0107e raditi jo&#353; aktivnije, da postane \u010dlanica regionalnih i svetskih inicijativa.<\/p>\n<p>Kosovo \u0107e blisko sara\u0111ivati sa me\u0111unarodnim partnerima kako bi postala \u010dlanica OUN-a.<\/p>\n<p>Kosovo je aktivan deo svetskog anti-teroristi\u010dkog bloka.<\/p>\n<p>Bi\u0107emo beskompromisni u borbi protiv fundamentalizma i prema bilo kom ekstremisti\u010dkom elementu, gde god i kada god se pojavi. <\/p>\n<p>Po&#353;tovani gra\u0111ani Kosova,<\/p>\n<p>Svestan sam da je \u010dast biti predsednik Kosova, ali je i velika politi\u010dka, nacionalna i ustavna odgovornost. <\/p>\n<p>Obavezujem se da \u0107u ovaj zadatak obavljati u bliskoj saradnji i komunikaciji sa Vama. <\/p>\n<p>Ponosni smo na&#353;om herojskom pro&#353;lo&#353;\u0107u.<\/p>\n<p>Mnoge generacije su se &#382;rtvovale da bi do&#353;li gde smo mi sada.<\/p>\n<p>Danas, sa ovog mesta, jo&#353; jednom izra&#382;avamo najve\u0107i obzir za sve one koji su se &#382;rtvovali za slobodu i nezavisnost Kosova.<\/p>\n<p>Izra&#382;avam zahvalnost za doprinos predsednika Ibrahima Rugove i za &#382;rtvovanje legendarnog komandanta Adema Jasharija. <\/p>\n<p>Po&#353;tovani poslanici,<\/p>\n<p>U mojim anga&#382;ovanjima \u0107u po&#353;tovati Ustav i zakone Kosova, dobru tradiciju gra\u0111anstva, kriterijume i evro-atlantske vrednosti. <\/p>\n<p>Uvek \u0107u po\u010deti od moje ponude za politi\u010dki, me\u0111upartijski dijalog, za komunikaciju sa civilnim dru&#353;tvom, sa medijima, poslovnim sektorom i slobodnim inicijativama.<\/p>\n<p>Kao predsednik dr&#382;ave, \u010duva\u0107u, kultivisa\u0107u i predstavlja\u0107u jedinstvo naroda Republike Kosovo.<\/p>\n<p>Hvala Vam!<br \/>\nJu faleminderit!<br \/>\nTe\u015fekk\u00fcrler!<br \/>\nThank you!<\/p>\n","protected":false},"excerpt":{"rendered":"<p>Moja &#382;ivotna i politi\u010dka karijera odra&#382;ava razvoje kroz koje je Kosovo pro&#353;lo poslednjih tri decenija.<\/p>\n","protected":false},"author":1,"featured_media":34935,"comment_status":"open","ping_status":"closed","sticky":false,"template":"","format":"standard","meta":{"_eb_attr":"","footnotes":""},"categories":[106],"tags":[],"class_list":["post-76934","post","type-post","status-publish","format-standard","has-post-thumbnail","hentry","category-govori"],"yoast_head":"<!-- This site is optimized with the Yoast SEO plugin v23.5 - https:\/\/yoast.com\/wordpress\/plugins\/seo\/ -->\n<title>Govor predsednika Hashim-a Tha\u00e7i-ja na ceremoniji polaganja zakletve pred poslanicima Skup&#154;tine Kosova - Predsednik Republike Kosovo - DR. VJOSA OSMANI - SADRIU<\/title>\n<meta name=\"description\" content=\"Govor predsednika Hashim-a Tha\u00e7i-ja na ceremoniji polaganja zakletve pred poslanicima Skup&#154;tine Kosova - Predsednik Republike Kosovo - DR. VJOSA OSMANI - SADRIU -\" \/>\n<meta name=\"robots\" content=\"index, follow, max-snippet:-1, max-image-preview:large, max-video-preview:-1\" \/>\n<link rel=\"canonical\" href=\"https:\/\/president-ksgov.net\/sr\/govor-predsednika-hashim-a-thaci-ja-na-ceremoniji-polaganja-zakletve-pred-poslanicima-skuptine-kosova-2\/\" \/>\n<meta property=\"og:locale\" content=\"sr_RS\" \/>\n<meta property=\"og:type\" content=\"article\" \/>\n<meta property=\"og:title\" content=\"Govor predsednika Hashim-a Tha\u00e7i-ja na ceremoniji polaganja zakletve pred poslanicima Skup&#154;tine Kosova - Predsednik Republike Kosovo - DR. VJOSA OSMANI - SADRIU\" \/>\n<meta property=\"og:description\" content=\"Govor predsednika Hashim-a Tha\u00e7i-ja na ceremoniji polaganja zakletve pred poslanicima Skup&#154;tine Kosova - Predsednik Republike Kosovo - DR. VJOSA OSMANI - SADRIU -\" \/>\n<meta property=\"og:url\" content=\"https:\/\/president-ksgov.net\/sr\/govor-predsednika-hashim-a-thaci-ja-na-ceremoniji-polaganja-zakletve-pred-poslanicima-skuptine-kosova-2\/\" \/>\n<meta property=\"og:site_name\" content=\"Predsednik Republike Kosovo - DR. VJOSA OSMANI - SADRIU\" \/>\n<meta property=\"article:published_time\" content=\"2016-04-07T12:57:11+00:00\" \/>\n<meta property=\"article:modified_time\" content=\"2023-03-08T09:01:41+00:00\" \/>\n<meta property=\"og:image\" content=\"https:\/\/president-ksgov.net\/wp-content\/uploads\/07_04_2016_4397799_07_04_2016_3904642_07_04_2016_3502882_001.jpg\" \/>\n\t<meta property=\"og:image:width\" content=\"1600\" \/>\n\t<meta property=\"og:image:height\" content=\"2400\" \/>\n\t<meta property=\"og:image:type\" content=\"image\/jpeg\" \/>\n<meta name=\"author\" content=\"admin\" \/>\n<meta name=\"twitter:card\" content=\"summary_large_image\" \/>\n<meta name=\"twitter:label1\" content=\"\u041d\u0430\u043f\u0438\u0441\u0430\u043d\u043e \u043e\u0434\" \/>\n\t<meta name=\"twitter:data1\" content=\"admin\" \/>\n\t<meta name=\"twitter:label2\" content=\"\u041f\u0440\u043e\u0446\u0435\u045a\u0435\u043d\u043e \u0432\u0440\u0435\u043c\u0435 \u0447\u0438\u0442\u0430\u045a\u0430\" \/>\n\t<meta name=\"twitter:data2\" content=\"4 \u043c\u0438\u043d\u0443\u0442\u0430\" \/>\n<script type=\"application\/ld+json\" class=\"yoast-schema-graph\">{\"@context\":\"https:\/\/schema.org\",\"@graph\":[{\"@type\":\"WebPage\",\"@id\":\"https:\/\/president-ksgov.net\/sr\/govor-predsednika-hashim-a-thaci-ja-na-ceremoniji-polaganja-zakletve-pred-poslanicima-skuptine-kosova-2\/\",\"url\":\"https:\/\/president-ksgov.net\/sr\/govor-predsednika-hashim-a-thaci-ja-na-ceremoniji-polaganja-zakletve-pred-poslanicima-skuptine-kosova-2\/\",\"name\":\"Govor predsednika Hashim-a Tha\u00e7i-ja na ceremoniji polaganja zakletve pred poslanicima Skup&#154;tine Kosova - Predsednik Republike Kosovo - DR. VJOSA OSMANI - SADRIU\",\"isPartOf\":{\"@id\":\"https:\/\/president-ksgov.net\/#website\"},\"primaryImageOfPage\":{\"@id\":\"https:\/\/president-ksgov.net\/sr\/govor-predsednika-hashim-a-thaci-ja-na-ceremoniji-polaganja-zakletve-pred-poslanicima-skuptine-kosova-2\/#primaryimage\"},\"image\":{\"@id\":\"https:\/\/president-ksgov.net\/sr\/govor-predsednika-hashim-a-thaci-ja-na-ceremoniji-polaganja-zakletve-pred-poslanicima-skuptine-kosova-2\/#primaryimage\"},\"thumbnailUrl\":\"https:\/\/president-ksgov.net\/wp-content\/uploads\/07_04_2016_4397799_07_04_2016_3904642_07_04_2016_3502882_001.jpg\",\"datePublished\":\"2016-04-07T12:57:11+00:00\",\"dateModified\":\"2023-03-08T09:01:41+00:00\",\"author\":{\"@id\":\"https:\/\/president-ksgov.net\/#\/schema\/person\/bb4337a5fb147cb2046d80548172cbee\"},\"description\":\"Govor predsednika Hashim-a Tha\u00e7i-ja na ceremoniji polaganja zakletve pred poslanicima Skup&#154;tine Kosova - Predsednik Republike Kosovo - DR. VJOSA OSMANI - SADRIU -\",\"breadcrumb\":{\"@id\":\"https:\/\/president-ksgov.net\/sr\/govor-predsednika-hashim-a-thaci-ja-na-ceremoniji-polaganja-zakletve-pred-poslanicima-skuptine-kosova-2\/#breadcrumb\"},\"inLanguage\":\"sr-RS\",\"potentialAction\":[{\"@type\":\"ReadAction\",\"target\":[\"https:\/\/president-ksgov.net\/sr\/govor-predsednika-hashim-a-thaci-ja-na-ceremoniji-polaganja-zakletve-pred-poslanicima-skuptine-kosova-2\/\"]}]},{\"@type\":\"ImageObject\",\"inLanguage\":\"sr-RS\",\"@id\":\"https:\/\/president-ksgov.net\/sr\/govor-predsednika-hashim-a-thaci-ja-na-ceremoniji-polaganja-zakletve-pred-poslanicima-skuptine-kosova-2\/#primaryimage\",\"url\":\"https:\/\/president-ksgov.net\/wp-content\/uploads\/07_04_2016_4397799_07_04_2016_3904642_07_04_2016_3502882_001.jpg\",\"contentUrl\":\"https:\/\/president-ksgov.net\/wp-content\/uploads\/07_04_2016_4397799_07_04_2016_3904642_07_04_2016_3502882_001.jpg\",\"width\":1600,\"height\":2400},{\"@type\":\"BreadcrumbList\",\"@id\":\"https:\/\/president-ksgov.net\/sr\/govor-predsednika-hashim-a-thaci-ja-na-ceremoniji-polaganja-zakletve-pred-poslanicima-skuptine-kosova-2\/#breadcrumb\",\"itemListElement\":[{\"@type\":\"ListItem\",\"position\":1,\"name\":\"Home\",\"item\":\"https:\/\/president-ksgov.net\/sr\/\"},{\"@type\":\"ListItem\",\"position\":2,\"name\":\"Govor predsednika Hashim-a Tha\u00e7i-ja na ceremoniji polaganja zakletve pred poslanicima Skup&#154;tine Kosova\"}]},{\"@type\":\"WebSite\",\"@id\":\"https:\/\/president-ksgov.net\/#website\",\"url\":\"https:\/\/president-ksgov.net\/\",\"name\":\"Presidente e Republik\u00ebs s\u00eb Kosov\u00ebs\",\"description\":\"Presidente e Republik\u00ebs s\u00eb Kosov\u00ebs\",\"alternateName\":\"DR. VJOSA OSMANI - SADRIU\",\"potentialAction\":[{\"@type\":\"SearchAction\",\"target\":{\"@type\":\"EntryPoint\",\"urlTemplate\":\"https:\/\/president-ksgov.net\/?s={search_term_string}\"},\"query-input\":{\"@type\":\"PropertyValueSpecification\",\"valueRequired\":true,\"valueName\":\"search_term_string\"}}],\"inLanguage\":\"sr-RS\"},{\"@type\":\"Person\",\"@id\":\"https:\/\/president-ksgov.net\/#\/schema\/person\/bb4337a5fb147cb2046d80548172cbee\",\"name\":\"admin\",\"image\":{\"@type\":\"ImageObject\",\"inLanguage\":\"sr-RS\",\"@id\":\"https:\/\/president-ksgov.net\/#\/schema\/person\/image\/\",\"url\":\"https:\/\/secure.gravatar.com\/avatar\/36156ca0fa3b8d9d25174f146e16beea0cf28f37adf1b9e19b6c9c279a7c9dd3?s=96&d=mm&r=g\",\"contentUrl\":\"https:\/\/secure.gravatar.com\/avatar\/36156ca0fa3b8d9d25174f146e16beea0cf28f37adf1b9e19b6c9c279a7c9dd3?s=96&d=mm&r=g\",\"caption\":\"admin\"},\"sameAs\":[\"https:\/\/president-ksgov.net\"]}]}<\/script>\n<!-- \/ Yoast SEO plugin. -->","yoast_head_json":{"title":"Govor predsednika Hashim-a Tha\u00e7i-ja na ceremoniji polaganja zakletve pred poslanicima Skup&#154;tine Kosova - Predsednik Republike Kosovo - DR. VJOSA OSMANI - SADRIU","description":"Govor predsednika Hashim-a Tha\u00e7i-ja na ceremoniji polaganja zakletve pred poslanicima Skup&#154;tine Kosova - Predsednik Republike Kosovo - DR. VJOSA OSMANI - SADRIU -","robots":{"index":"index","follow":"follow","max-snippet":"max-snippet:-1","max-image-preview":"max-image-preview:large","max-video-preview":"max-video-preview:-1"},"canonical":"https:\/\/president-ksgov.net\/sr\/govor-predsednika-hashim-a-thaci-ja-na-ceremoniji-polaganja-zakletve-pred-poslanicima-skuptine-kosova-2\/","og_locale":"sr_RS","og_type":"article","og_title":"Govor predsednika Hashim-a Tha\u00e7i-ja na ceremoniji polaganja zakletve pred poslanicima Skup&#154;tine Kosova - Predsednik Republike Kosovo - DR. VJOSA OSMANI - SADRIU","og_description":"Govor predsednika Hashim-a Tha\u00e7i-ja na ceremoniji polaganja zakletve pred poslanicima Skup&#154;tine Kosova - Predsednik Republike Kosovo - DR. VJOSA OSMANI - SADRIU -","og_url":"https:\/\/president-ksgov.net\/sr\/govor-predsednika-hashim-a-thaci-ja-na-ceremoniji-polaganja-zakletve-pred-poslanicima-skuptine-kosova-2\/","og_site_name":"Predsednik Republike Kosovo - DR. VJOSA OSMANI - SADRIU","article_published_time":"2016-04-07T12:57:11+00:00","article_modified_time":"2023-03-08T09:01:41+00:00","og_image":[{"width":1600,"height":2400,"url":"https:\/\/president-ksgov.net\/wp-content\/uploads\/07_04_2016_4397799_07_04_2016_3904642_07_04_2016_3502882_001.jpg","type":"image\/jpeg"}],"author":"admin","twitter_card":"summary_large_image","twitter_misc":{"\u041d\u0430\u043f\u0438\u0441\u0430\u043d\u043e \u043e\u0434":"admin","\u041f\u0440\u043e\u0446\u0435\u045a\u0435\u043d\u043e \u0432\u0440\u0435\u043c\u0435 \u0447\u0438\u0442\u0430\u045a\u0430":"4 \u043c\u0438\u043d\u0443\u0442\u0430"},"schema":{"@context":"https:\/\/schema.org","@graph":[{"@type":"WebPage","@id":"https:\/\/president-ksgov.net\/sr\/govor-predsednika-hashim-a-thaci-ja-na-ceremoniji-polaganja-zakletve-pred-poslanicima-skuptine-kosova-2\/","url":"https:\/\/president-ksgov.net\/sr\/govor-predsednika-hashim-a-thaci-ja-na-ceremoniji-polaganja-zakletve-pred-poslanicima-skuptine-kosova-2\/","name":"Govor predsednika Hashim-a Tha\u00e7i-ja na ceremoniji polaganja zakletve pred poslanicima Skup&#154;tine Kosova - Predsednik Republike Kosovo - DR. VJOSA OSMANI - SADRIU","isPartOf":{"@id":"https:\/\/president-ksgov.net\/#website"},"primaryImageOfPage":{"@id":"https:\/\/president-ksgov.net\/sr\/govor-predsednika-hashim-a-thaci-ja-na-ceremoniji-polaganja-zakletve-pred-poslanicima-skuptine-kosova-2\/#primaryimage"},"image":{"@id":"https:\/\/president-ksgov.net\/sr\/govor-predsednika-hashim-a-thaci-ja-na-ceremoniji-polaganja-zakletve-pred-poslanicima-skuptine-kosova-2\/#primaryimage"},"thumbnailUrl":"https:\/\/president-ksgov.net\/wp-content\/uploads\/07_04_2016_4397799_07_04_2016_3904642_07_04_2016_3502882_001.jpg","datePublished":"2016-04-07T12:57:11+00:00","dateModified":"2023-03-08T09:01:41+00:00","author":{"@id":"https:\/\/president-ksgov.net\/#\/schema\/person\/bb4337a5fb147cb2046d80548172cbee"},"description":"Govor predsednika Hashim-a Tha\u00e7i-ja na ceremoniji polaganja zakletve pred poslanicima Skup&#154;tine Kosova - Predsednik Republike Kosovo - DR. VJOSA OSMANI - SADRIU -","breadcrumb":{"@id":"https:\/\/president-ksgov.net\/sr\/govor-predsednika-hashim-a-thaci-ja-na-ceremoniji-polaganja-zakletve-pred-poslanicima-skuptine-kosova-2\/#breadcrumb"},"inLanguage":"sr-RS","potentialAction":[{"@type":"ReadAction","target":["https:\/\/president-ksgov.net\/sr\/govor-predsednika-hashim-a-thaci-ja-na-ceremoniji-polaganja-zakletve-pred-poslanicima-skuptine-kosova-2\/"]}]},{"@type":"ImageObject","inLanguage":"sr-RS","@id":"https:\/\/president-ksgov.net\/sr\/govor-predsednika-hashim-a-thaci-ja-na-ceremoniji-polaganja-zakletve-pred-poslanicima-skuptine-kosova-2\/#primaryimage","url":"https:\/\/president-ksgov.net\/wp-content\/uploads\/07_04_2016_4397799_07_04_2016_3904642_07_04_2016_3502882_001.jpg","contentUrl":"https:\/\/president-ksgov.net\/wp-content\/uploads\/07_04_2016_4397799_07_04_2016_3904642_07_04_2016_3502882_001.jpg","width":1600,"height":2400},{"@type":"BreadcrumbList","@id":"https:\/\/president-ksgov.net\/sr\/govor-predsednika-hashim-a-thaci-ja-na-ceremoniji-polaganja-zakletve-pred-poslanicima-skuptine-kosova-2\/#breadcrumb","itemListElement":[{"@type":"ListItem","position":1,"name":"Home","item":"https:\/\/president-ksgov.net\/sr\/"},{"@type":"ListItem","position":2,"name":"Govor predsednika Hashim-a Tha\u00e7i-ja na ceremoniji polaganja zakletve pred poslanicima Skup&#154;tine Kosova"}]},{"@type":"WebSite","@id":"https:\/\/president-ksgov.net\/#website","url":"https:\/\/president-ksgov.net\/","name":"Presidente e Republik\u00ebs s\u00eb Kosov\u00ebs","description":"Presidente e Republik\u00ebs s\u00eb Kosov\u00ebs","alternateName":"DR. VJOSA OSMANI - SADRIU","potentialAction":[{"@type":"SearchAction","target":{"@type":"EntryPoint","urlTemplate":"https:\/\/president-ksgov.net\/?s={search_term_string}"},"query-input":{"@type":"PropertyValueSpecification","valueRequired":true,"valueName":"search_term_string"}}],"inLanguage":"sr-RS"},{"@type":"Person","@id":"https:\/\/president-ksgov.net\/#\/schema\/person\/bb4337a5fb147cb2046d80548172cbee","name":"admin","image":{"@type":"ImageObject","inLanguage":"sr-RS","@id":"https:\/\/president-ksgov.net\/#\/schema\/person\/image\/","url":"https:\/\/secure.gravatar.com\/avatar\/36156ca0fa3b8d9d25174f146e16beea0cf28f37adf1b9e19b6c9c279a7c9dd3?s=96&d=mm&r=g","contentUrl":"https:\/\/secure.gravatar.com\/avatar\/36156ca0fa3b8d9d25174f146e16beea0cf28f37adf1b9e19b6c9c279a7c9dd3?s=96&d=mm&r=g","caption":"admin"},"sameAs":["https:\/\/president-ksgov.net"]}]}},"_links":{"self":[{"href":"https:\/\/president-ksgov.net\/sr\/wp-json\/wp\/v2\/posts\/76934","targetHints":{"allow":["GET"]}}],"collection":[{"href":"https:\/\/president-ksgov.net\/sr\/wp-json\/wp\/v2\/posts"}],"about":[{"href":"https:\/\/president-ksgov.net\/sr\/wp-json\/wp\/v2\/types\/post"}],"author":[{"embeddable":true,"href":"https:\/\/president-ksgov.net\/sr\/wp-json\/wp\/v2\/users\/1"}],"replies":[{"embeddable":true,"href":"https:\/\/president-ksgov.net\/sr\/wp-json\/wp\/v2\/comments?post=76934"}],"version-history":[{"count":1,"href":"https:\/\/president-ksgov.net\/sr\/wp-json\/wp\/v2\/posts\/76934\/revisions"}],"predecessor-version":[{"id":81567,"href":"https:\/\/president-ksgov.net\/sr\/wp-json\/wp\/v2\/posts\/76934\/revisions\/81567"}],"wp:featuredmedia":[{"embeddable":true,"href":"https:\/\/president-ksgov.net\/sr\/wp-json\/wp\/v2\/media\/34935"}],"wp:attachment":[{"href":"https:\/\/president-ksgov.net\/sr\/wp-json\/wp\/v2\/media?parent=76934"}],"wp:term":[{"taxonomy":"category","embeddable":true,"href":"https:\/\/president-ksgov.net\/sr\/wp-json\/wp\/v2\/categories?post=76934"},{"taxonomy":"post_tag","embeddable":true,"href":"https:\/\/president-ksgov.net\/sr\/wp-json\/wp\/v2\/tags?post=76934"}],"curies":[{"name":"wp","href":"https:\/\/api.w.org\/{rel}","templated":true}]}}