{"id":76914,"date":"2016-04-09T16:51:39","date_gmt":"2016-04-09T16:51:39","guid":{"rendered":"https:\/\/dev.president-ksgov.net\/predsednik-thaci-dobio-cestitku-i-od-finskog-lidera-sauli-niinisto\/"},"modified":"2016-04-09T16:51:39","modified_gmt":"2016-04-09T16:51:39","slug":"predsednik-thaci-dobio-cestitku-i-od-finskog-lidera-sauli-niinisto","status":"publish","type":"post","link":"https:\/\/president-ksgov.net\/sr\/predsednik-thaci-dobio-cestitku-i-od-finskog-lidera-sauli-niinisto\/","title":{"rendered":"Predsednik Tha\u00e7i dobio \u010destitku i od finskog lidera, Sauli Niinist\u00f6"},"content":{"rendered":"<p>Predsednik Republike Finske, Sauli Niinist\u00f6, uputio je \u010destitku predsedniku Republike Kosovo, Ha&#353;imu Tha\u00e7iju.<\/p>\n<p>Finski lider u pismo upuc\u0301enom predsedniku Tha\u00e7iju izrazio je uverenje da c\u0301e se Kosovo pod novim rukovodstvom vratati na put reformi.<\/p>\n<p>&#8220;Bilo bi od velike va&#382;nosti i njene gra\u0111ane da se politi\u010dka scena smiri&#8221;, napisao je u svom pismo finski predsednik Sauli Niinist\u00f6.<\/p>\n<p>Ovo je pismo predsednika Finske, Sauli Niinist\u00f6, koje je danas poslao predsedniku Kosova, Hashim-u Tha\u00e7i-ju:<\/p>\n<p>Va&#353;a ekselencijo,<\/p>\n<p>Povodom va&#353;e inauguracije kao predsednika Republike Kosovo upu\u0107ujem vam moje najtoplije i najiksrenije \u010destitke.<\/p>\n<p>Bilateralni odnosi izme\u0111u Finske i Kosova su veoma bliski i veoma dobro. Finska \u0107e \u010dvrsto podr&#382;avati Kosovo i u buduc\u0301nosti i ube\u0111en sam da c\u0301e na&#353;e prijateljstvo jo&#353; vi&#353;e oja\u010dati. Radujem sa nastavku na&#353;e tesne saradnje.<\/p>\n<p>Tokom proteklih meseci Kosovo je pro&#353;lo kroz turbelentna vremena. Bilo bi od velike va&#382;nosti i njene gra\u0111ane da se politi\u010dka scena smiri. Uveren sam da c\u0301e se Kosovo\u00a0 pod va&#353;im sposobnim vo\u0111stvom uskoro vratiti u stabilan razvoj i na putu reformi.<\/p>\n<p>Dozvolite mi da ovim putem potvr\u0111ujemo na&#353;u podr&#353;ku va&#353;im naporima, i &#382;elim vam puno uspeha u va&#353;em visokom polo&#382;aju.<\/p>\n<p>Sauli Niinisto<br \/>\nPredsednik Republike Finske<\/p>\n","protected":false},"excerpt":{"rendered":"<p>Predsednik Republike Finske, Sauli Niinist\u00f6, uputio je \u010destitku predsedniku Republike Kosovo, Ha&#353;imu Tha\u00e7iju.<\/p>\n","protected":false},"author":1,"featured_media":34760,"comment_status":"open","ping_status":"closed","sticky":false,"template":"","format":"standard","meta":{"_eb_attr":"","footnotes":""},"categories":[101],"tags":[],"class_list":["post-76914","post","type-post","status-publish","format-standard","has-post-thumbnail","hentry","category-vesti"],"yoast_head":"<!-- This site is optimized with the Yoast SEO plugin v23.5 - https:\/\/yoast.com\/wordpress\/plugins\/seo\/ -->\n<title>Predsednik Tha\u00e7i dobio \u010destitku i od finskog lidera, Sauli Niinist\u00f6 - Predsednik Republike Kosovo - DR. VJOSA OSMANI - SADRIU<\/title>\n<meta name=\"description\" content=\"Predsednik Tha\u00e7i dobio \u010destitku i od finskog lidera, Sauli Niinist\u00f6 - Predsednik Republike Kosovo - DR. VJOSA OSMANI - SADRIU -\" \/>\n<meta name=\"robots\" content=\"index, follow, max-snippet:-1, max-image-preview:large, max-video-preview:-1\" \/>\n<link rel=\"canonical\" href=\"https:\/\/president-ksgov.net\/sr\/predsednik-thaci-dobio-cestitku-i-od-finskog-lidera-sauli-niinisto\/\" \/>\n<meta property=\"og:locale\" content=\"sr_RS\" \/>\n<meta property=\"og:type\" content=\"article\" \/>\n<meta property=\"og:title\" content=\"Predsednik Tha\u00e7i dobio \u010destitku i od finskog lidera, Sauli Niinist\u00f6 - Predsednik Republike Kosovo - DR. VJOSA OSMANI - SADRIU\" \/>\n<meta property=\"og:description\" content=\"Predsednik Tha\u00e7i dobio \u010destitku i od finskog lidera, Sauli Niinist\u00f6 - Predsednik Republike Kosovo - DR. VJOSA OSMANI - SADRIU -\" \/>\n<meta property=\"og:url\" content=\"https:\/\/president-ksgov.net\/sr\/predsednik-thaci-dobio-cestitku-i-od-finskog-lidera-sauli-niinisto\/\" \/>\n<meta property=\"og:site_name\" content=\"Predsednik Republike Kosovo - DR. VJOSA OSMANI - SADRIU\" \/>\n<meta property=\"article:published_time\" content=\"2016-04-09T16:51:39+00:00\" \/>\n<meta property=\"og:image\" content=\"https:\/\/president-ksgov.net\/wp-content\/uploads\/11_04_2016_1486018_09_04_2016_1939194_photo_Astrit_Ibrahimi__P_Inaugurimi_2.jpg\" \/>\n\t<meta property=\"og:image:width\" content=\"1600\" \/>\n\t<meta property=\"og:image:height\" content=\"2403\" \/>\n\t<meta property=\"og:image:type\" content=\"image\/jpeg\" \/>\n<meta name=\"author\" content=\"admin\" \/>\n<meta name=\"twitter:card\" content=\"summary_large_image\" \/>\n<meta name=\"twitter:label1\" content=\"\u041d\u0430\u043f\u0438\u0441\u0430\u043d\u043e \u043e\u0434\" \/>\n\t<meta name=\"twitter:data1\" content=\"admin\" \/>\n\t<meta name=\"twitter:label2\" content=\"\u041f\u0440\u043e\u0446\u0435\u045a\u0435\u043d\u043e \u0432\u0440\u0435\u043c\u0435 \u0447\u0438\u0442\u0430\u045a\u0430\" \/>\n\t<meta name=\"twitter:data2\" content=\"1 \u043c\u0438\u043d\u0443\u0442\" \/>\n<script type=\"application\/ld+json\" class=\"yoast-schema-graph\">{\"@context\":\"https:\/\/schema.org\",\"@graph\":[{\"@type\":\"WebPage\",\"@id\":\"https:\/\/president-ksgov.net\/sr\/predsednik-thaci-dobio-cestitku-i-od-finskog-lidera-sauli-niinisto\/\",\"url\":\"https:\/\/president-ksgov.net\/sr\/predsednik-thaci-dobio-cestitku-i-od-finskog-lidera-sauli-niinisto\/\",\"name\":\"Predsednik Tha\u00e7i dobio \u010destitku i od finskog lidera, Sauli Niinist\u00f6 - Predsednik Republike Kosovo - DR. VJOSA OSMANI - SADRIU\",\"isPartOf\":{\"@id\":\"https:\/\/president-ksgov.net\/#website\"},\"primaryImageOfPage\":{\"@id\":\"https:\/\/president-ksgov.net\/sr\/predsednik-thaci-dobio-cestitku-i-od-finskog-lidera-sauli-niinisto\/#primaryimage\"},\"image\":{\"@id\":\"https:\/\/president-ksgov.net\/sr\/predsednik-thaci-dobio-cestitku-i-od-finskog-lidera-sauli-niinisto\/#primaryimage\"},\"thumbnailUrl\":\"https:\/\/president-ksgov.net\/wp-content\/uploads\/11_04_2016_1486018_09_04_2016_1939194_photo_Astrit_Ibrahimi__P_Inaugurimi_2.jpg\",\"datePublished\":\"2016-04-09T16:51:39+00:00\",\"dateModified\":\"2016-04-09T16:51:39+00:00\",\"author\":{\"@id\":\"https:\/\/president-ksgov.net\/#\/schema\/person\/bb4337a5fb147cb2046d80548172cbee\"},\"description\":\"Predsednik Tha\u00e7i dobio \u010destitku i od finskog lidera, Sauli Niinist\u00f6 - Predsednik Republike Kosovo - DR. VJOSA OSMANI - SADRIU -\",\"breadcrumb\":{\"@id\":\"https:\/\/president-ksgov.net\/sr\/predsednik-thaci-dobio-cestitku-i-od-finskog-lidera-sauli-niinisto\/#breadcrumb\"},\"inLanguage\":\"sr-RS\",\"potentialAction\":[{\"@type\":\"ReadAction\",\"target\":[\"https:\/\/president-ksgov.net\/sr\/predsednik-thaci-dobio-cestitku-i-od-finskog-lidera-sauli-niinisto\/\"]}]},{\"@type\":\"ImageObject\",\"inLanguage\":\"sr-RS\",\"@id\":\"https:\/\/president-ksgov.net\/sr\/predsednik-thaci-dobio-cestitku-i-od-finskog-lidera-sauli-niinisto\/#primaryimage\",\"url\":\"https:\/\/president-ksgov.net\/wp-content\/uploads\/11_04_2016_1486018_09_04_2016_1939194_photo_Astrit_Ibrahimi__P_Inaugurimi_2.jpg\",\"contentUrl\":\"https:\/\/president-ksgov.net\/wp-content\/uploads\/11_04_2016_1486018_09_04_2016_1939194_photo_Astrit_Ibrahimi__P_Inaugurimi_2.jpg\",\"width\":1600,\"height\":2403},{\"@type\":\"BreadcrumbList\",\"@id\":\"https:\/\/president-ksgov.net\/sr\/predsednik-thaci-dobio-cestitku-i-od-finskog-lidera-sauli-niinisto\/#breadcrumb\",\"itemListElement\":[{\"@type\":\"ListItem\",\"position\":1,\"name\":\"Home\",\"item\":\"https:\/\/president-ksgov.net\/sr\/\"},{\"@type\":\"ListItem\",\"position\":2,\"name\":\"Predsednik Tha\u00e7i dobio \u010destitku i od finskog lidera, Sauli Niinist\u00f6\"}]},{\"@type\":\"WebSite\",\"@id\":\"https:\/\/president-ksgov.net\/#website\",\"url\":\"https:\/\/president-ksgov.net\/\",\"name\":\"Presidente e Republik\u00ebs s\u00eb Kosov\u00ebs\",\"description\":\"Presidente e Republik\u00ebs s\u00eb Kosov\u00ebs\",\"alternateName\":\"DR. VJOSA OSMANI - SADRIU\",\"potentialAction\":[{\"@type\":\"SearchAction\",\"target\":{\"@type\":\"EntryPoint\",\"urlTemplate\":\"https:\/\/president-ksgov.net\/?s={search_term_string}\"},\"query-input\":{\"@type\":\"PropertyValueSpecification\",\"valueRequired\":true,\"valueName\":\"search_term_string\"}}],\"inLanguage\":\"sr-RS\"},{\"@type\":\"Person\",\"@id\":\"https:\/\/president-ksgov.net\/#\/schema\/person\/bb4337a5fb147cb2046d80548172cbee\",\"name\":\"admin\",\"image\":{\"@type\":\"ImageObject\",\"inLanguage\":\"sr-RS\",\"@id\":\"https:\/\/president-ksgov.net\/#\/schema\/person\/image\/\",\"url\":\"https:\/\/secure.gravatar.com\/avatar\/36156ca0fa3b8d9d25174f146e16beea0cf28f37adf1b9e19b6c9c279a7c9dd3?s=96&d=mm&r=g\",\"contentUrl\":\"https:\/\/secure.gravatar.com\/avatar\/36156ca0fa3b8d9d25174f146e16beea0cf28f37adf1b9e19b6c9c279a7c9dd3?s=96&d=mm&r=g\",\"caption\":\"admin\"},\"sameAs\":[\"https:\/\/president-ksgov.net\"]}]}<\/script>\n<!-- \/ Yoast SEO plugin. -->","yoast_head_json":{"title":"Predsednik Tha\u00e7i dobio \u010destitku i od finskog lidera, Sauli Niinist\u00f6 - Predsednik Republike Kosovo - DR. VJOSA OSMANI - SADRIU","description":"Predsednik Tha\u00e7i dobio \u010destitku i od finskog lidera, Sauli Niinist\u00f6 - Predsednik Republike Kosovo - DR. VJOSA OSMANI - SADRIU -","robots":{"index":"index","follow":"follow","max-snippet":"max-snippet:-1","max-image-preview":"max-image-preview:large","max-video-preview":"max-video-preview:-1"},"canonical":"https:\/\/president-ksgov.net\/sr\/predsednik-thaci-dobio-cestitku-i-od-finskog-lidera-sauli-niinisto\/","og_locale":"sr_RS","og_type":"article","og_title":"Predsednik Tha\u00e7i dobio \u010destitku i od finskog lidera, Sauli Niinist\u00f6 - Predsednik Republike Kosovo - DR. VJOSA OSMANI - SADRIU","og_description":"Predsednik Tha\u00e7i dobio \u010destitku i od finskog lidera, Sauli Niinist\u00f6 - Predsednik Republike Kosovo - DR. VJOSA OSMANI - SADRIU -","og_url":"https:\/\/president-ksgov.net\/sr\/predsednik-thaci-dobio-cestitku-i-od-finskog-lidera-sauli-niinisto\/","og_site_name":"Predsednik Republike Kosovo - DR. VJOSA OSMANI - SADRIU","article_published_time":"2016-04-09T16:51:39+00:00","og_image":[{"width":1600,"height":2403,"url":"https:\/\/president-ksgov.net\/wp-content\/uploads\/11_04_2016_1486018_09_04_2016_1939194_photo_Astrit_Ibrahimi__P_Inaugurimi_2.jpg","type":"image\/jpeg"}],"author":"admin","twitter_card":"summary_large_image","twitter_misc":{"\u041d\u0430\u043f\u0438\u0441\u0430\u043d\u043e \u043e\u0434":"admin","\u041f\u0440\u043e\u0446\u0435\u045a\u0435\u043d\u043e \u0432\u0440\u0435\u043c\u0435 \u0447\u0438\u0442\u0430\u045a\u0430":"1 \u043c\u0438\u043d\u0443\u0442"},"schema":{"@context":"https:\/\/schema.org","@graph":[{"@type":"WebPage","@id":"https:\/\/president-ksgov.net\/sr\/predsednik-thaci-dobio-cestitku-i-od-finskog-lidera-sauli-niinisto\/","url":"https:\/\/president-ksgov.net\/sr\/predsednik-thaci-dobio-cestitku-i-od-finskog-lidera-sauli-niinisto\/","name":"Predsednik Tha\u00e7i dobio \u010destitku i od finskog lidera, Sauli Niinist\u00f6 - Predsednik Republike Kosovo - DR. VJOSA OSMANI - SADRIU","isPartOf":{"@id":"https:\/\/president-ksgov.net\/#website"},"primaryImageOfPage":{"@id":"https:\/\/president-ksgov.net\/sr\/predsednik-thaci-dobio-cestitku-i-od-finskog-lidera-sauli-niinisto\/#primaryimage"},"image":{"@id":"https:\/\/president-ksgov.net\/sr\/predsednik-thaci-dobio-cestitku-i-od-finskog-lidera-sauli-niinisto\/#primaryimage"},"thumbnailUrl":"https:\/\/president-ksgov.net\/wp-content\/uploads\/11_04_2016_1486018_09_04_2016_1939194_photo_Astrit_Ibrahimi__P_Inaugurimi_2.jpg","datePublished":"2016-04-09T16:51:39+00:00","dateModified":"2016-04-09T16:51:39+00:00","author":{"@id":"https:\/\/president-ksgov.net\/#\/schema\/person\/bb4337a5fb147cb2046d80548172cbee"},"description":"Predsednik Tha\u00e7i dobio \u010destitku i od finskog lidera, Sauli Niinist\u00f6 - Predsednik Republike Kosovo - DR. VJOSA OSMANI - SADRIU -","breadcrumb":{"@id":"https:\/\/president-ksgov.net\/sr\/predsednik-thaci-dobio-cestitku-i-od-finskog-lidera-sauli-niinisto\/#breadcrumb"},"inLanguage":"sr-RS","potentialAction":[{"@type":"ReadAction","target":["https:\/\/president-ksgov.net\/sr\/predsednik-thaci-dobio-cestitku-i-od-finskog-lidera-sauli-niinisto\/"]}]},{"@type":"ImageObject","inLanguage":"sr-RS","@id":"https:\/\/president-ksgov.net\/sr\/predsednik-thaci-dobio-cestitku-i-od-finskog-lidera-sauli-niinisto\/#primaryimage","url":"https:\/\/president-ksgov.net\/wp-content\/uploads\/11_04_2016_1486018_09_04_2016_1939194_photo_Astrit_Ibrahimi__P_Inaugurimi_2.jpg","contentUrl":"https:\/\/president-ksgov.net\/wp-content\/uploads\/11_04_2016_1486018_09_04_2016_1939194_photo_Astrit_Ibrahimi__P_Inaugurimi_2.jpg","width":1600,"height":2403},{"@type":"BreadcrumbList","@id":"https:\/\/president-ksgov.net\/sr\/predsednik-thaci-dobio-cestitku-i-od-finskog-lidera-sauli-niinisto\/#breadcrumb","itemListElement":[{"@type":"ListItem","position":1,"name":"Home","item":"https:\/\/president-ksgov.net\/sr\/"},{"@type":"ListItem","position":2,"name":"Predsednik Tha\u00e7i dobio \u010destitku i od finskog lidera, Sauli Niinist\u00f6"}]},{"@type":"WebSite","@id":"https:\/\/president-ksgov.net\/#website","url":"https:\/\/president-ksgov.net\/","name":"Presidente e Republik\u00ebs s\u00eb Kosov\u00ebs","description":"Presidente e Republik\u00ebs s\u00eb Kosov\u00ebs","alternateName":"DR. VJOSA OSMANI - SADRIU","potentialAction":[{"@type":"SearchAction","target":{"@type":"EntryPoint","urlTemplate":"https:\/\/president-ksgov.net\/?s={search_term_string}"},"query-input":{"@type":"PropertyValueSpecification","valueRequired":true,"valueName":"search_term_string"}}],"inLanguage":"sr-RS"},{"@type":"Person","@id":"https:\/\/president-ksgov.net\/#\/schema\/person\/bb4337a5fb147cb2046d80548172cbee","name":"admin","image":{"@type":"ImageObject","inLanguage":"sr-RS","@id":"https:\/\/president-ksgov.net\/#\/schema\/person\/image\/","url":"https:\/\/secure.gravatar.com\/avatar\/36156ca0fa3b8d9d25174f146e16beea0cf28f37adf1b9e19b6c9c279a7c9dd3?s=96&d=mm&r=g","contentUrl":"https:\/\/secure.gravatar.com\/avatar\/36156ca0fa3b8d9d25174f146e16beea0cf28f37adf1b9e19b6c9c279a7c9dd3?s=96&d=mm&r=g","caption":"admin"},"sameAs":["https:\/\/president-ksgov.net"]}]}},"_links":{"self":[{"href":"https:\/\/president-ksgov.net\/sr\/wp-json\/wp\/v2\/posts\/76914","targetHints":{"allow":["GET"]}}],"collection":[{"href":"https:\/\/president-ksgov.net\/sr\/wp-json\/wp\/v2\/posts"}],"about":[{"href":"https:\/\/president-ksgov.net\/sr\/wp-json\/wp\/v2\/types\/post"}],"author":[{"embeddable":true,"href":"https:\/\/president-ksgov.net\/sr\/wp-json\/wp\/v2\/users\/1"}],"replies":[{"embeddable":true,"href":"https:\/\/president-ksgov.net\/sr\/wp-json\/wp\/v2\/comments?post=76914"}],"version-history":[{"count":0,"href":"https:\/\/president-ksgov.net\/sr\/wp-json\/wp\/v2\/posts\/76914\/revisions"}],"wp:featuredmedia":[{"embeddable":true,"href":"https:\/\/president-ksgov.net\/sr\/wp-json\/wp\/v2\/media\/34760"}],"wp:attachment":[{"href":"https:\/\/president-ksgov.net\/sr\/wp-json\/wp\/v2\/media?parent=76914"}],"wp:term":[{"taxonomy":"category","embeddable":true,"href":"https:\/\/president-ksgov.net\/sr\/wp-json\/wp\/v2\/categories?post=76914"},{"taxonomy":"post_tag","embeddable":true,"href":"https:\/\/president-ksgov.net\/sr\/wp-json\/wp\/v2\/tags?post=76914"}],"curies":[{"name":"wp","href":"https:\/\/api.w.org\/{rel}","templated":true}]}}