{"id":76906,"date":"2016-04-12T18:21:29","date_gmt":"2016-04-12T18:21:29","guid":{"rendered":"https:\/\/dev.president-ksgov.net\/govor-predsednika-thaci-ja-povodom-osmogodinjice-od-usvajanja-ustava-kosova\/"},"modified":"2023-03-08T09:01:41","modified_gmt":"2023-03-08T09:01:41","slug":"govor-predsednika-thaci-ja-povodom-osmogodinjice-od-usvajanja-ustava-kosova","status":"publish","type":"post","link":"https:\/\/president-ksgov.net\/sr\/govor-predsednika-thaci-ja-povodom-osmogodinjice-od-usvajanja-ustava-kosova\/","title":{"rendered":"Govor predsednika Tha\u00e7i-ja povodom osmogodi&#154;njice od usvajanja Ustava Kosova"},"content":{"rendered":"<p>Imam \u010dast &#353;to \u0107emo danas odr&#382;ati prvi javni govor od dana inauguracije i zadovoljstvo mi je &#353;to \u0107e ovo moje predstavljanje biti na temu koja je temelj na&#353;e dr&#382;ave, a to je Ustav Republike Kosova.<\/p>\n<p>Po&#353;tovani premijeru g. Mustafa,<br \/>\nPo&#353;tovana predsednice Ustavnog suda Republike Kosova g\u0111o Rama,<br \/>\nPo&#353;tovani predsedni\u010de Vrhovnog suda, g. Hasani i glavni tu&#382;io\u010de Lumezi,<br \/>\nPo&#353;tovani ministri,<br \/>\nPo&#353;tovani tu&#382;ioci, sudije,<br \/>\nPo&#353;tovani ambasadori,<\/p>\n<p>Imam \u010dast &#353;to \u0107emo danas odr&#382;ati prvi javni govor od dana inauguracije i zadovoljstvo mi je &#353;to \u0107e ovo moje predstavljanje biti na temu koja je temelj na&#353;e dr&#382;ave, a to je Ustav Republike Kosova. <\/p>\n<p>Predsednik \u0107e postupati u skladu sa Ustavom, kao \u010duvar ustavnosti, u skladu sa \u010dlanom 84, ta\u010dkom 2, koja ka&#382;e da &#8220;Predsednik Republike garantuje ustavno funkcionisanje institucija&#8220;.<\/p>\n<p>Veoma je bitno da Kosovo sa\u010duva savezni&#353;tvo sa dr&#382;avama prijateljima i da ula&#382;e u zajedni\u010dku me\u0111unarodnu agendu. <\/p>\n<p>Trenutno je ova agenda usredsre\u0111ena i na borbu protiv radikalizma i ekstremizma, jer to je pitanje koje zaokuplja ceo civilizovani svet. <\/p>\n<p>Kosovo \u0107e nastaviti da bude aktivni deo antiteroristi\u010dke koalicije. <\/p>\n<p>I ovde se tako\u0111e povezuje Ustav Kosova, jer se borba protiv ekstremizma i apsolutisti\u010dkih verskih stavova u skladu sa lai\u010dkom dr&#382;avom i striktnom podelom vere od dr&#382;ave, &#353;to je i jedan od osnovnih osnova na&#353;eg Ustava. <\/p>\n<p>Zatim dalje investiranje u me\u0111uetni\u010dki i me\u0111udr&#382;avni dijalog sa Srbijom. <\/p>\n<p>Vi znate da Ustav Kosova ima korenove u Be\u010dkom kompromisu i stvaranju za&#353;titnih mehanizama za neve\u0107isnke zajednice.<\/p>\n<p>Na&#353;e institucije \u0107e po&#353;tovati i sprovoditi u potpunosti odluke ili mi&#353;ljenje Ustavnog suda, koji obavezuje Vladu da osnuje Zajednicu op&#353;tina sa srpskom ve\u0107inom, prema zakonima Kosova. <\/p>\n<p>Dakle, &#353;to vi&#353;e budemo sprovodili velikodu&#353;ni Ustav prema manjinama, to \u0107e Kosovo br&#382;e i\u0107i prema evroatlantskim integracijama. <\/p>\n<p>Kosovo je suverena i nezavisna republika zahvaljuju\u0107i ovom Ahtisarijevom kompromisu i nije moralno da danas izbegavamo na&#353;e obaveze, osam godina nakon &#353;to smo stekli najsvetiji i najve\u0107i rezultat u na&#353;oj istoriji &#8211; na&#353;u nezavisnu dr&#382;avu. <\/p>\n<p>drugo pitanje ima veze sa funkcionisanjem dr&#382;ave prema o\u010dekivanjima gra\u0111ana, a &#353;to danas nema puno veze sa politi\u010dkim temama, ve\u0107 sa onim ekonomskim. <\/p>\n<p>Rekao sam u petak, da je najve\u0107a borba sa &#8222;na&#353;a deca i deca na&#353;e dece budu ponosni na dr&#382;avu i na kvalitet njihovog &#382;ivota na Kosovu&#8220;. <\/p>\n<p>Sad, ve\u0107ina vas ovde ste pravnici i nije na meni da predla&#382;em konkretne ekonomske planove, ali &#382;eleo bih da konkretno govorim koji bi bili neki od postupaka, koje ja predsednik, ohrabrujem politi\u010dke partije, civilno dru&#353;tvo i institucije Kosova, da preduzmu, kako bi ostvarili san o ponosu na dr&#382;avu, kako bi oja\u010dali i dr&#382;avni identitet:<\/p>\n<p>Prvo je da se oja\u010da bilans izme\u0111u tu&#382;ila&#353;tva, suda i popravnih centara.<\/p>\n<p>Mislim da imamo potrebe da se Krivi\u010dni zakonik, za koji je sastavljen nacrt pre nekoliko godina, a koji je dosta dobar, izmeni &#353;to \u0107e uticati na budu\u0107nost, oja\u010da\u0107e se, kako ne bi bilo rupa i nedostataka koji su identifikovani, koji iritiraju javnost Kosova<\/p>\n<p>Svako je nevin dok se ne utvrdi krivica, ali u trenutku kada se utvrdi, javnost o\u010dekuje da se kazna odr&#382;i u skladu sa sudskim odlukama i standardima. <\/p>\n<p>Oni koji su teroristi ISIS-a, osu\u0111eni ili inkriminisani ove zemlje, ne mogu da se slobodno &#353;etaju, nasuprot kaznama koje dobijaju. <\/p>\n<p>Ova lo&#353;a praksa treba da se zavr&#353;i.<\/p>\n<p>Verujem da \u0107e pobolj&#353;anje i oja\u010danje Krivi\u010dnog zakonika\u00a0 tretirati ovo veoma osetljivo pitanje za javnost, ali i za me\u0111unarodnu sliku dr&#382;ave.<\/p>\n<p>Rekao sam da su heroji Kosova dobar tu&#382;ilac, pravi\u010dan sudija, ali dodajem danas da je najve\u0107i heroj za&#353;titnik popravnih centara, koji po&#353;tuje zakone i radi striktno u saglasnosti sa njima. <\/p>\n<p>Oni koji su osu\u0111eni ne mogu &#353;etati slobodni.<\/p>\n<p>Pitanje politizacije ili departizacije institucija <\/p>\n<p>Mo&#382;e niti ironi\u010dno da ja, kao biv&#353;i predsednik najve\u0107e partije, pozivam na manje partijskog uticaja u odborima i agencijama, ali mislim da treba da ponovo izbalansiramo na&#353;e institucije u skladu sa potrebama radi optimalnog u\u010dinka Vlade i agencija. <\/p>\n<p>Da se ne razumemo pogre&#353;no, ne verujem da mo&#382;emo imati apoliti\u010dne lidere ili slu&#382;benike koji su se razveli od na&#353;e realnosti. <\/p>\n<p>Tako\u0111e, znam da su neki od najsposobnijih\u00a0 ljudi koje Kosovo ima \u010dlanovi politi\u010dke partije.<\/p>\n<p>Ali, u nekim slu\u010dajevima kada partije imenuju na op&#353;tinskom nivou ili na onom centralnom, osobe sa inkrimini&#353;u\u0107im dosijeima ili uz ozbiljne sumnje za zakonske prekr&#353;aje, dok se kvalifikovani ljudi ostavljaju po strani, neanga&#382;ovani &#8211; mislim da ovo umanjuje poverenje gra\u0111ana u dr&#382;avu. <\/p>\n<p>Ljudi sa optu&#382;nica ne\u0107e biti u institucijama i agencijama, a isti ne bi trebalo da postoje ni na izbornim listama politi\u010dkih partija. <\/p>\n<p>Mislim da jo&#353; jedna ta\u010dka koja ima veze sa vama, koji danas u ovoj sali slavite Ustav: vi sudije, poslanici u Skup&#353;tini, ali i Vlada i civilno dru&#353;tvo, treba da budete hrabriji kada branite Ustav u javnosti<\/p>\n<p>Ovo je najmoderniji Ustav u Evropi, ako ne i u svetu. <\/p>\n<p>Ima najbolje mehanizme za&#353;tite ljudskih prava. <\/p>\n<p>To je Ustav izgra\u0111en na osnovama progresivne politike koja je usredsre\u0111ena prema gra\u0111anima.<\/p>\n<p>Za&#353;to onda da dozvolimo da oni koji osporavaju Ustav, bilo da su u zemlji ili van zemlje &#8211; da psuju, uni&#353;tavaju i siluju na&#353; Ustav? Od pitanja manjinskih prava i Zajednice, do demokratskog funkcionisanja institucija, sve do dobro zasnovano u Ustavu i mi treba da budemo bolji, glasniji i odlu\u010dniji u njegovoj za&#353;titi u javnosti. <\/p>\n<p>Ovo su pobolj&#353;anja koja tra&#382;e malo volje, i mo&#382;da izgledaju mala, ali je njihov efekat velik na shvatanje javnosti i na ja\u010danje poverenja. <\/p>\n<p>Treba da povratimo gra\u0111ansko poverenje u legitimne institucije. <\/p>\n<p>Na&#353;im radom treba da pove\u0107amo poverenje gra\u0111ana u na&#353;u dr&#382;avu. <\/p>\n<p>Dakle, kao zaklju\u010dak, mi smo izvr&#353;ili veli\u010danstven posao tokom 8 godina nezavisnosti, stvorili smo dr&#382;avu sa pravnim sistemom koji je pobolj&#353;an. <\/p>\n<p>Vi \u0107ete imati nove odgovornosti nakon tranzicije EULEX-a, i verujem da \u0107ete ih \u010dasno vr&#353;iti. <\/p>\n<p>Kao predsednik zemlje, ima\u0107ete moju nepokolebljivu podr&#353;ku tokom narednih 5 godina.\u00a0<\/p>\n","protected":false},"excerpt":{"rendered":"<p>Imam \u010dast &#353;to \u0107emo danas odr&#382;ati prvi javni govor od dana inauguracije i zadovoljstvo mi je &#353;to \u0107e ovo moje predstavljanje biti na temu koja je temelj na&#353;e dr&#382;ave, a to je Ustav Republike Kosova.<\/p>\n","protected":false},"author":1,"featured_media":34725,"comment_status":"open","ping_status":"closed","sticky":false,"template":"","format":"standard","meta":{"_eb_attr":"","footnotes":""},"categories":[106],"tags":[],"class_list":["post-76906","post","type-post","status-publish","format-standard","has-post-thumbnail","hentry","category-govori"],"yoast_head":"<!-- This site is optimized with the Yoast SEO plugin v23.5 - https:\/\/yoast.com\/wordpress\/plugins\/seo\/ -->\n<title>Govor predsednika Tha\u00e7i-ja povodom osmogodi&#154;njice od usvajanja Ustava Kosova - Predsednik Republike Kosovo - DR. VJOSA OSMANI - SADRIU<\/title>\n<meta name=\"description\" content=\"Govor predsednika Tha\u00e7i-ja povodom osmogodi&#154;njice od usvajanja Ustava Kosova - Predsednik Republike Kosovo - DR. VJOSA OSMANI - SADRIU -\" \/>\n<meta name=\"robots\" content=\"index, follow, max-snippet:-1, max-image-preview:large, max-video-preview:-1\" \/>\n<link rel=\"canonical\" href=\"https:\/\/president-ksgov.net\/sr\/govor-predsednika-thaci-ja-povodom-osmogodinjice-od-usvajanja-ustava-kosova\/\" \/>\n<meta property=\"og:locale\" content=\"sr_RS\" \/>\n<meta property=\"og:type\" content=\"article\" \/>\n<meta property=\"og:title\" content=\"Govor predsednika Tha\u00e7i-ja povodom osmogodi&#154;njice od usvajanja Ustava Kosova - Predsednik Republike Kosovo - DR. VJOSA OSMANI - SADRIU\" \/>\n<meta property=\"og:description\" content=\"Govor predsednika Tha\u00e7i-ja povodom osmogodi&#154;njice od usvajanja Ustava Kosova - Predsednik Republike Kosovo - DR. VJOSA OSMANI - SADRIU -\" \/>\n<meta property=\"og:url\" content=\"https:\/\/president-ksgov.net\/sr\/govor-predsednika-thaci-ja-povodom-osmogodinjice-od-usvajanja-ustava-kosova\/\" \/>\n<meta property=\"og:site_name\" content=\"Predsednik Republike Kosovo - DR. VJOSA OSMANI - SADRIU\" \/>\n<meta property=\"article:published_time\" content=\"2016-04-12T18:21:29+00:00\" \/>\n<meta property=\"article:modified_time\" content=\"2023-03-08T09:01:41+00:00\" \/>\n<meta property=\"og:image\" content=\"https:\/\/president-ksgov.net\/wp-content\/uploads\/12_04_2016_497527_12.jpg\" \/>\n\t<meta property=\"og:image:width\" content=\"1000\" \/>\n\t<meta property=\"og:image:height\" content=\"666\" \/>\n\t<meta property=\"og:image:type\" content=\"image\/jpeg\" \/>\n<meta name=\"author\" content=\"admin\" \/>\n<meta name=\"twitter:card\" content=\"summary_large_image\" \/>\n<meta name=\"twitter:label1\" content=\"\u041d\u0430\u043f\u0438\u0441\u0430\u043d\u043e \u043e\u0434\" \/>\n\t<meta name=\"twitter:data1\" content=\"admin\" \/>\n\t<meta name=\"twitter:label2\" content=\"\u041f\u0440\u043e\u0446\u0435\u045a\u0435\u043d\u043e \u0432\u0440\u0435\u043c\u0435 \u0447\u0438\u0442\u0430\u045a\u0430\" \/>\n\t<meta name=\"twitter:data2\" content=\"5 \u043c\u0438\u043d\u0443\u0442\u0430\" \/>\n<script type=\"application\/ld+json\" class=\"yoast-schema-graph\">{\"@context\":\"https:\/\/schema.org\",\"@graph\":[{\"@type\":\"WebPage\",\"@id\":\"https:\/\/president-ksgov.net\/sr\/govor-predsednika-thaci-ja-povodom-osmogodinjice-od-usvajanja-ustava-kosova\/\",\"url\":\"https:\/\/president-ksgov.net\/sr\/govor-predsednika-thaci-ja-povodom-osmogodinjice-od-usvajanja-ustava-kosova\/\",\"name\":\"Govor predsednika Tha\u00e7i-ja povodom osmogodi&#154;njice od usvajanja Ustava Kosova - Predsednik Republike Kosovo - DR. VJOSA OSMANI - SADRIU\",\"isPartOf\":{\"@id\":\"https:\/\/president-ksgov.net\/#website\"},\"primaryImageOfPage\":{\"@id\":\"https:\/\/president-ksgov.net\/sr\/govor-predsednika-thaci-ja-povodom-osmogodinjice-od-usvajanja-ustava-kosova\/#primaryimage\"},\"image\":{\"@id\":\"https:\/\/president-ksgov.net\/sr\/govor-predsednika-thaci-ja-povodom-osmogodinjice-od-usvajanja-ustava-kosova\/#primaryimage\"},\"thumbnailUrl\":\"https:\/\/president-ksgov.net\/wp-content\/uploads\/12_04_2016_497527_12.jpg\",\"datePublished\":\"2016-04-12T18:21:29+00:00\",\"dateModified\":\"2023-03-08T09:01:41+00:00\",\"author\":{\"@id\":\"https:\/\/president-ksgov.net\/#\/schema\/person\/bb4337a5fb147cb2046d80548172cbee\"},\"description\":\"Govor predsednika Tha\u00e7i-ja povodom osmogodi&#154;njice od usvajanja Ustava Kosova - Predsednik Republike Kosovo - DR. VJOSA OSMANI - SADRIU -\",\"breadcrumb\":{\"@id\":\"https:\/\/president-ksgov.net\/sr\/govor-predsednika-thaci-ja-povodom-osmogodinjice-od-usvajanja-ustava-kosova\/#breadcrumb\"},\"inLanguage\":\"sr-RS\",\"potentialAction\":[{\"@type\":\"ReadAction\",\"target\":[\"https:\/\/president-ksgov.net\/sr\/govor-predsednika-thaci-ja-povodom-osmogodinjice-od-usvajanja-ustava-kosova\/\"]}]},{\"@type\":\"ImageObject\",\"inLanguage\":\"sr-RS\",\"@id\":\"https:\/\/president-ksgov.net\/sr\/govor-predsednika-thaci-ja-povodom-osmogodinjice-od-usvajanja-ustava-kosova\/#primaryimage\",\"url\":\"https:\/\/president-ksgov.net\/wp-content\/uploads\/12_04_2016_497527_12.jpg\",\"contentUrl\":\"https:\/\/president-ksgov.net\/wp-content\/uploads\/12_04_2016_497527_12.jpg\",\"width\":1000,\"height\":666},{\"@type\":\"BreadcrumbList\",\"@id\":\"https:\/\/president-ksgov.net\/sr\/govor-predsednika-thaci-ja-povodom-osmogodinjice-od-usvajanja-ustava-kosova\/#breadcrumb\",\"itemListElement\":[{\"@type\":\"ListItem\",\"position\":1,\"name\":\"Home\",\"item\":\"https:\/\/president-ksgov.net\/sr\/\"},{\"@type\":\"ListItem\",\"position\":2,\"name\":\"Govor predsednika Tha\u00e7i-ja povodom osmogodi&#154;njice od usvajanja Ustava Kosova\"}]},{\"@type\":\"WebSite\",\"@id\":\"https:\/\/president-ksgov.net\/#website\",\"url\":\"https:\/\/president-ksgov.net\/\",\"name\":\"Presidente e Republik\u00ebs s\u00eb Kosov\u00ebs\",\"description\":\"Presidente e Republik\u00ebs s\u00eb Kosov\u00ebs\",\"alternateName\":\"DR. VJOSA OSMANI - SADRIU\",\"potentialAction\":[{\"@type\":\"SearchAction\",\"target\":{\"@type\":\"EntryPoint\",\"urlTemplate\":\"https:\/\/president-ksgov.net\/?s={search_term_string}\"},\"query-input\":{\"@type\":\"PropertyValueSpecification\",\"valueRequired\":true,\"valueName\":\"search_term_string\"}}],\"inLanguage\":\"sr-RS\"},{\"@type\":\"Person\",\"@id\":\"https:\/\/president-ksgov.net\/#\/schema\/person\/bb4337a5fb147cb2046d80548172cbee\",\"name\":\"admin\",\"image\":{\"@type\":\"ImageObject\",\"inLanguage\":\"sr-RS\",\"@id\":\"https:\/\/president-ksgov.net\/#\/schema\/person\/image\/\",\"url\":\"https:\/\/secure.gravatar.com\/avatar\/36156ca0fa3b8d9d25174f146e16beea0cf28f37adf1b9e19b6c9c279a7c9dd3?s=96&d=mm&r=g\",\"contentUrl\":\"https:\/\/secure.gravatar.com\/avatar\/36156ca0fa3b8d9d25174f146e16beea0cf28f37adf1b9e19b6c9c279a7c9dd3?s=96&d=mm&r=g\",\"caption\":\"admin\"},\"sameAs\":[\"https:\/\/president-ksgov.net\"]}]}<\/script>\n<!-- \/ Yoast SEO plugin. -->","yoast_head_json":{"title":"Govor predsednika Tha\u00e7i-ja povodom osmogodi&#154;njice od usvajanja Ustava Kosova - Predsednik Republike Kosovo - DR. VJOSA OSMANI - SADRIU","description":"Govor predsednika Tha\u00e7i-ja povodom osmogodi&#154;njice od usvajanja Ustava Kosova - Predsednik Republike Kosovo - DR. VJOSA OSMANI - SADRIU -","robots":{"index":"index","follow":"follow","max-snippet":"max-snippet:-1","max-image-preview":"max-image-preview:large","max-video-preview":"max-video-preview:-1"},"canonical":"https:\/\/president-ksgov.net\/sr\/govor-predsednika-thaci-ja-povodom-osmogodinjice-od-usvajanja-ustava-kosova\/","og_locale":"sr_RS","og_type":"article","og_title":"Govor predsednika Tha\u00e7i-ja povodom osmogodi&#154;njice od usvajanja Ustava Kosova - Predsednik Republike Kosovo - DR. VJOSA OSMANI - SADRIU","og_description":"Govor predsednika Tha\u00e7i-ja povodom osmogodi&#154;njice od usvajanja Ustava Kosova - Predsednik Republike Kosovo - DR. VJOSA OSMANI - SADRIU -","og_url":"https:\/\/president-ksgov.net\/sr\/govor-predsednika-thaci-ja-povodom-osmogodinjice-od-usvajanja-ustava-kosova\/","og_site_name":"Predsednik Republike Kosovo - DR. VJOSA OSMANI - SADRIU","article_published_time":"2016-04-12T18:21:29+00:00","article_modified_time":"2023-03-08T09:01:41+00:00","og_image":[{"width":1000,"height":666,"url":"https:\/\/president-ksgov.net\/wp-content\/uploads\/12_04_2016_497527_12.jpg","type":"image\/jpeg"}],"author":"admin","twitter_card":"summary_large_image","twitter_misc":{"\u041d\u0430\u043f\u0438\u0441\u0430\u043d\u043e \u043e\u0434":"admin","\u041f\u0440\u043e\u0446\u0435\u045a\u0435\u043d\u043e \u0432\u0440\u0435\u043c\u0435 \u0447\u0438\u0442\u0430\u045a\u0430":"5 \u043c\u0438\u043d\u0443\u0442\u0430"},"schema":{"@context":"https:\/\/schema.org","@graph":[{"@type":"WebPage","@id":"https:\/\/president-ksgov.net\/sr\/govor-predsednika-thaci-ja-povodom-osmogodinjice-od-usvajanja-ustava-kosova\/","url":"https:\/\/president-ksgov.net\/sr\/govor-predsednika-thaci-ja-povodom-osmogodinjice-od-usvajanja-ustava-kosova\/","name":"Govor predsednika Tha\u00e7i-ja povodom osmogodi&#154;njice od usvajanja Ustava Kosova - Predsednik Republike Kosovo - DR. VJOSA OSMANI - SADRIU","isPartOf":{"@id":"https:\/\/president-ksgov.net\/#website"},"primaryImageOfPage":{"@id":"https:\/\/president-ksgov.net\/sr\/govor-predsednika-thaci-ja-povodom-osmogodinjice-od-usvajanja-ustava-kosova\/#primaryimage"},"image":{"@id":"https:\/\/president-ksgov.net\/sr\/govor-predsednika-thaci-ja-povodom-osmogodinjice-od-usvajanja-ustava-kosova\/#primaryimage"},"thumbnailUrl":"https:\/\/president-ksgov.net\/wp-content\/uploads\/12_04_2016_497527_12.jpg","datePublished":"2016-04-12T18:21:29+00:00","dateModified":"2023-03-08T09:01:41+00:00","author":{"@id":"https:\/\/president-ksgov.net\/#\/schema\/person\/bb4337a5fb147cb2046d80548172cbee"},"description":"Govor predsednika Tha\u00e7i-ja povodom osmogodi&#154;njice od usvajanja Ustava Kosova - Predsednik Republike Kosovo - DR. VJOSA OSMANI - SADRIU -","breadcrumb":{"@id":"https:\/\/president-ksgov.net\/sr\/govor-predsednika-thaci-ja-povodom-osmogodinjice-od-usvajanja-ustava-kosova\/#breadcrumb"},"inLanguage":"sr-RS","potentialAction":[{"@type":"ReadAction","target":["https:\/\/president-ksgov.net\/sr\/govor-predsednika-thaci-ja-povodom-osmogodinjice-od-usvajanja-ustava-kosova\/"]}]},{"@type":"ImageObject","inLanguage":"sr-RS","@id":"https:\/\/president-ksgov.net\/sr\/govor-predsednika-thaci-ja-povodom-osmogodinjice-od-usvajanja-ustava-kosova\/#primaryimage","url":"https:\/\/president-ksgov.net\/wp-content\/uploads\/12_04_2016_497527_12.jpg","contentUrl":"https:\/\/president-ksgov.net\/wp-content\/uploads\/12_04_2016_497527_12.jpg","width":1000,"height":666},{"@type":"BreadcrumbList","@id":"https:\/\/president-ksgov.net\/sr\/govor-predsednika-thaci-ja-povodom-osmogodinjice-od-usvajanja-ustava-kosova\/#breadcrumb","itemListElement":[{"@type":"ListItem","position":1,"name":"Home","item":"https:\/\/president-ksgov.net\/sr\/"},{"@type":"ListItem","position":2,"name":"Govor predsednika Tha\u00e7i-ja povodom osmogodi&#154;njice od usvajanja Ustava Kosova"}]},{"@type":"WebSite","@id":"https:\/\/president-ksgov.net\/#website","url":"https:\/\/president-ksgov.net\/","name":"Presidente e Republik\u00ebs s\u00eb Kosov\u00ebs","description":"Presidente e Republik\u00ebs s\u00eb Kosov\u00ebs","alternateName":"DR. VJOSA OSMANI - SADRIU","potentialAction":[{"@type":"SearchAction","target":{"@type":"EntryPoint","urlTemplate":"https:\/\/president-ksgov.net\/?s={search_term_string}"},"query-input":{"@type":"PropertyValueSpecification","valueRequired":true,"valueName":"search_term_string"}}],"inLanguage":"sr-RS"},{"@type":"Person","@id":"https:\/\/president-ksgov.net\/#\/schema\/person\/bb4337a5fb147cb2046d80548172cbee","name":"admin","image":{"@type":"ImageObject","inLanguage":"sr-RS","@id":"https:\/\/president-ksgov.net\/#\/schema\/person\/image\/","url":"https:\/\/secure.gravatar.com\/avatar\/36156ca0fa3b8d9d25174f146e16beea0cf28f37adf1b9e19b6c9c279a7c9dd3?s=96&d=mm&r=g","contentUrl":"https:\/\/secure.gravatar.com\/avatar\/36156ca0fa3b8d9d25174f146e16beea0cf28f37adf1b9e19b6c9c279a7c9dd3?s=96&d=mm&r=g","caption":"admin"},"sameAs":["https:\/\/president-ksgov.net"]}]}},"_links":{"self":[{"href":"https:\/\/president-ksgov.net\/sr\/wp-json\/wp\/v2\/posts\/76906","targetHints":{"allow":["GET"]}}],"collection":[{"href":"https:\/\/president-ksgov.net\/sr\/wp-json\/wp\/v2\/posts"}],"about":[{"href":"https:\/\/president-ksgov.net\/sr\/wp-json\/wp\/v2\/types\/post"}],"author":[{"embeddable":true,"href":"https:\/\/president-ksgov.net\/sr\/wp-json\/wp\/v2\/users\/1"}],"replies":[{"embeddable":true,"href":"https:\/\/president-ksgov.net\/sr\/wp-json\/wp\/v2\/comments?post=76906"}],"version-history":[{"count":1,"href":"https:\/\/president-ksgov.net\/sr\/wp-json\/wp\/v2\/posts\/76906\/revisions"}],"predecessor-version":[{"id":81565,"href":"https:\/\/president-ksgov.net\/sr\/wp-json\/wp\/v2\/posts\/76906\/revisions\/81565"}],"wp:featuredmedia":[{"embeddable":true,"href":"https:\/\/president-ksgov.net\/sr\/wp-json\/wp\/v2\/media\/34725"}],"wp:attachment":[{"href":"https:\/\/president-ksgov.net\/sr\/wp-json\/wp\/v2\/media?parent=76906"}],"wp:term":[{"taxonomy":"category","embeddable":true,"href":"https:\/\/president-ksgov.net\/sr\/wp-json\/wp\/v2\/categories?post=76906"},{"taxonomy":"post_tag","embeddable":true,"href":"https:\/\/president-ksgov.net\/sr\/wp-json\/wp\/v2\/tags?post=76906"}],"curies":[{"name":"wp","href":"https:\/\/api.w.org\/{rel}","templated":true}]}}