{"id":76905,"date":"2016-04-12T18:26:29","date_gmt":"2016-04-12T18:26:29","guid":{"rendered":"https:\/\/dev.president-ksgov.net\/predsednik-thaci-docekao-je-komandanta-kfor-a-guglielmo-luigi-miglietta\/"},"modified":"2016-04-12T18:26:29","modified_gmt":"2016-04-12T18:26:29","slug":"predsednik-thaci-docekao-je-komandanta-kfor-a-guglielmo-luigi-miglietta","status":"publish","type":"post","link":"https:\/\/president-ksgov.net\/sr\/predsednik-thaci-docekao-je-komandanta-kfor-a-guglielmo-luigi-miglietta\/","title":{"rendered":"Predsednik Tha\u00e7i do\u010dekao je komandanta KFOR-a, Guglielmo Luigi Miglietta"},"content":{"rendered":"<p>Predsednik Republike Kosova, Hashim Tha\u00e7i, do\u010dekao je komandanta KFOR-a, general-majora Guglielmo Luigi Miglietta.<\/p>\n<p>Na sastanku sa komandantom Miglietta, predsednik Tha\u00e7i je rekao da je &#8220;KFOR jedna me\u0111u najpo&#353;tovanijim institucijama na Kosovu&#8220; i da u&#382;iva poverenje svih gra\u0111ana Kosova bez etni\u010dke i verske razlike. <\/p>\n<p>Predsednik\u00a0 Tha\u00e7i je izrazio uverenje da \u0107e kosovske institucije nastaviti da rade tako da &#8222;KFOR ima sve manje i manje posla&#8220;, ali uvek svesne da je prisustvo NATO-a garant stabilnosti i mira na Kosovu i u celom regionu Balkana. <\/p>\n<p>&#8222;Nastavi\u0107emo da radimo ne samo kako bi NATO bio na Kosovu, ve\u0107 i kako bi Kosovo bilo u NATO-u&#8220;, rekao je predsednik Tha\u00e7i.<\/p>\n<p>Komandant KFOR-a, general-major Guglielmo Luigi Miglietta \u010destitao je<br \/>\npredsedniku Tha\u00e7i-ju na novom zadatku na \u010delu dr&#382;ave. <\/p>\n<p>On je rekao da KFOR ima sjajnu saradnju sa kosovskim institucijama sa Vladom i sa Ministarstvom SSK-a.\u00a0 <\/p>\n<p>Predsednik Tha\u00e7i je izrazio da su ambicije Kosova o SSK-u poznate i da \u0107e se nastaviti anga&#382;ovanje kako bi postale snage sa NATO standardom, multietni\u010dke i uz potrebnu rodnu zastupljenost.<br \/>\n\u00a0<\/p>\n","protected":false},"excerpt":{"rendered":"<p>Predsednik Republike Kosova, Hashim Tha\u00e7i, do\u010dekao je komandanta KFOR-a, general-majora Guglielmo Luigi Miglietta.<\/p>\n","protected":false},"author":1,"featured_media":34721,"comment_status":"open","ping_status":"closed","sticky":false,"template":"","format":"standard","meta":{"_eb_attr":"","footnotes":""},"categories":[101],"tags":[],"class_list":["post-76905","post","type-post","status-publish","format-standard","has-post-thumbnail","hentry","category-vesti"],"yoast_head":"<!-- This site is optimized with the Yoast SEO plugin v23.5 - https:\/\/yoast.com\/wordpress\/plugins\/seo\/ -->\n<title>Predsednik Tha\u00e7i do\u010dekao je komandanta KFOR-a, Guglielmo Luigi Miglietta - Predsednik Republike Kosovo - DR. VJOSA OSMANI - SADRIU<\/title>\n<meta name=\"description\" content=\"Predsednik Tha\u00e7i do\u010dekao je komandanta KFOR-a, Guglielmo Luigi Miglietta - Predsednik Republike Kosovo - DR. VJOSA OSMANI - SADRIU -\" \/>\n<meta name=\"robots\" content=\"index, follow, max-snippet:-1, max-image-preview:large, max-video-preview:-1\" \/>\n<link rel=\"canonical\" href=\"https:\/\/president-ksgov.net\/presidenti-thaci-priti-komandantin-e-kfor-it-guglielmo-luigi-miglietta\/\" \/>\n<meta property=\"og:locale\" content=\"sr_RS\" \/>\n<meta property=\"og:type\" content=\"article\" \/>\n<meta property=\"og:title\" content=\"Predsednik Tha\u00e7i do\u010dekao je komandanta KFOR-a, Guglielmo Luigi Miglietta - Predsednik Republike Kosovo - DR. VJOSA OSMANI - SADRIU\" \/>\n<meta property=\"og:description\" content=\"Predsednik Tha\u00e7i do\u010dekao je komandanta KFOR-a, Guglielmo Luigi Miglietta - Predsednik Republike Kosovo - DR. VJOSA OSMANI - SADRIU -\" \/>\n<meta property=\"og:url\" content=\"https:\/\/president-ksgov.net\/presidenti-thaci-priti-komandantin-e-kfor-it-guglielmo-luigi-miglietta\/\" \/>\n<meta property=\"og:site_name\" content=\"Predsednik Republike Kosovo - DR. VJOSA OSMANI - SADRIU\" \/>\n<meta property=\"article:published_time\" content=\"2016-04-12T18:26:29+00:00\" \/>\n<meta property=\"og:image\" content=\"https:\/\/president-ksgov.net\/wp-content\/uploads\/12_04_2016_7529257_Presidenti_Thaci_priti_komandantin_e_KFOR_it__Guglielmo_Luigi_Miglietta.jpg\" \/>\n\t<meta property=\"og:image:width\" content=\"2400\" \/>\n\t<meta property=\"og:image:height\" content=\"1600\" \/>\n\t<meta property=\"og:image:type\" content=\"image\/jpeg\" \/>\n<meta name=\"author\" content=\"admin\" \/>\n<meta name=\"twitter:card\" content=\"summary_large_image\" \/>\n<meta name=\"twitter:label1\" content=\"\u041d\u0430\u043f\u0438\u0441\u0430\u043d\u043e \u043e\u0434\" \/>\n\t<meta name=\"twitter:data1\" content=\"admin\" \/>\n\t<meta name=\"twitter:label2\" content=\"\u041f\u0440\u043e\u0446\u0435\u045a\u0435\u043d\u043e \u0432\u0440\u0435\u043c\u0435 \u0447\u0438\u0442\u0430\u045a\u0430\" \/>\n\t<meta name=\"twitter:data2\" content=\"1 \u043c\u0438\u043d\u0443\u0442\" \/>\n<script type=\"application\/ld+json\" class=\"yoast-schema-graph\">{\"@context\":\"https:\/\/schema.org\",\"@graph\":[{\"@type\":\"WebPage\",\"@id\":\"https:\/\/president-ksgov.net\/presidenti-thaci-priti-komandantin-e-kfor-it-guglielmo-luigi-miglietta\/\",\"url\":\"https:\/\/president-ksgov.net\/presidenti-thaci-priti-komandantin-e-kfor-it-guglielmo-luigi-miglietta\/\",\"name\":\"Predsednik Tha\u00e7i do\u010dekao je komandanta KFOR-a, Guglielmo Luigi Miglietta - Predsednik Republike Kosovo - DR. VJOSA OSMANI - SADRIU\",\"isPartOf\":{\"@id\":\"https:\/\/president-ksgov.net\/#website\"},\"primaryImageOfPage\":{\"@id\":\"https:\/\/president-ksgov.net\/presidenti-thaci-priti-komandantin-e-kfor-it-guglielmo-luigi-miglietta\/#primaryimage\"},\"image\":{\"@id\":\"https:\/\/president-ksgov.net\/presidenti-thaci-priti-komandantin-e-kfor-it-guglielmo-luigi-miglietta\/#primaryimage\"},\"thumbnailUrl\":\"https:\/\/president-ksgov.net\/wp-content\/uploads\/12_04_2016_7529257_Presidenti_Thaci_priti_komandantin_e_KFOR_it__Guglielmo_Luigi_Miglietta.jpg\",\"datePublished\":\"2016-04-12T18:26:29+00:00\",\"dateModified\":\"2016-04-12T18:26:29+00:00\",\"author\":{\"@id\":\"https:\/\/president-ksgov.net\/#\/schema\/person\/bb4337a5fb147cb2046d80548172cbee\"},\"description\":\"Predsednik Tha\u00e7i do\u010dekao je komandanta KFOR-a, Guglielmo Luigi Miglietta - Predsednik Republike Kosovo - DR. VJOSA OSMANI - SADRIU -\",\"breadcrumb\":{\"@id\":\"https:\/\/president-ksgov.net\/presidenti-thaci-priti-komandantin-e-kfor-it-guglielmo-luigi-miglietta\/#breadcrumb\"},\"inLanguage\":\"sr-RS\",\"potentialAction\":[{\"@type\":\"ReadAction\",\"target\":[\"https:\/\/president-ksgov.net\/presidenti-thaci-priti-komandantin-e-kfor-it-guglielmo-luigi-miglietta\/\"]}]},{\"@type\":\"ImageObject\",\"inLanguage\":\"sr-RS\",\"@id\":\"https:\/\/president-ksgov.net\/presidenti-thaci-priti-komandantin-e-kfor-it-guglielmo-luigi-miglietta\/#primaryimage\",\"url\":\"https:\/\/president-ksgov.net\/wp-content\/uploads\/12_04_2016_7529257_Presidenti_Thaci_priti_komandantin_e_KFOR_it__Guglielmo_Luigi_Miglietta.jpg\",\"contentUrl\":\"https:\/\/president-ksgov.net\/wp-content\/uploads\/12_04_2016_7529257_Presidenti_Thaci_priti_komandantin_e_KFOR_it__Guglielmo_Luigi_Miglietta.jpg\",\"width\":2400,\"height\":1600},{\"@type\":\"BreadcrumbList\",\"@id\":\"https:\/\/president-ksgov.net\/presidenti-thaci-priti-komandantin-e-kfor-it-guglielmo-luigi-miglietta\/#breadcrumb\",\"itemListElement\":[{\"@type\":\"ListItem\",\"position\":1,\"name\":\"Home\",\"item\":\"https:\/\/president-ksgov.net\/sr\/\"},{\"@type\":\"ListItem\",\"position\":2,\"name\":\"Predsednik Tha\u00e7i do\u010dekao je komandanta KFOR-a, Guglielmo Luigi Miglietta\"}]},{\"@type\":\"WebSite\",\"@id\":\"https:\/\/president-ksgov.net\/#website\",\"url\":\"https:\/\/president-ksgov.net\/\",\"name\":\"Presidente e Republik\u00ebs s\u00eb Kosov\u00ebs\",\"description\":\"Presidente e Republik\u00ebs s\u00eb Kosov\u00ebs\",\"alternateName\":\"DR. VJOSA OSMANI - SADRIU\",\"potentialAction\":[{\"@type\":\"SearchAction\",\"target\":{\"@type\":\"EntryPoint\",\"urlTemplate\":\"https:\/\/president-ksgov.net\/?s={search_term_string}\"},\"query-input\":{\"@type\":\"PropertyValueSpecification\",\"valueRequired\":true,\"valueName\":\"search_term_string\"}}],\"inLanguage\":\"sr-RS\"},{\"@type\":\"Person\",\"@id\":\"https:\/\/president-ksgov.net\/#\/schema\/person\/bb4337a5fb147cb2046d80548172cbee\",\"name\":\"admin\",\"image\":{\"@type\":\"ImageObject\",\"inLanguage\":\"sr-RS\",\"@id\":\"https:\/\/president-ksgov.net\/#\/schema\/person\/image\/\",\"url\":\"https:\/\/secure.gravatar.com\/avatar\/36156ca0fa3b8d9d25174f146e16beea0cf28f37adf1b9e19b6c9c279a7c9dd3?s=96&d=mm&r=g\",\"contentUrl\":\"https:\/\/secure.gravatar.com\/avatar\/36156ca0fa3b8d9d25174f146e16beea0cf28f37adf1b9e19b6c9c279a7c9dd3?s=96&d=mm&r=g\",\"caption\":\"admin\"},\"sameAs\":[\"https:\/\/president-ksgov.net\"]}]}<\/script>\n<!-- \/ Yoast SEO plugin. -->","yoast_head_json":{"title":"Predsednik Tha\u00e7i do\u010dekao je komandanta KFOR-a, Guglielmo Luigi Miglietta - Predsednik Republike Kosovo - DR. VJOSA OSMANI - SADRIU","description":"Predsednik Tha\u00e7i do\u010dekao je komandanta KFOR-a, Guglielmo Luigi Miglietta - Predsednik Republike Kosovo - DR. VJOSA OSMANI - SADRIU -","robots":{"index":"index","follow":"follow","max-snippet":"max-snippet:-1","max-image-preview":"max-image-preview:large","max-video-preview":"max-video-preview:-1"},"canonical":"https:\/\/president-ksgov.net\/presidenti-thaci-priti-komandantin-e-kfor-it-guglielmo-luigi-miglietta\/","og_locale":"sr_RS","og_type":"article","og_title":"Predsednik Tha\u00e7i do\u010dekao je komandanta KFOR-a, Guglielmo Luigi Miglietta - Predsednik Republike Kosovo - DR. VJOSA OSMANI - SADRIU","og_description":"Predsednik Tha\u00e7i do\u010dekao je komandanta KFOR-a, Guglielmo Luigi Miglietta - Predsednik Republike Kosovo - DR. VJOSA OSMANI - SADRIU -","og_url":"https:\/\/president-ksgov.net\/presidenti-thaci-priti-komandantin-e-kfor-it-guglielmo-luigi-miglietta\/","og_site_name":"Predsednik Republike Kosovo - DR. VJOSA OSMANI - SADRIU","article_published_time":"2016-04-12T18:26:29+00:00","og_image":[{"width":2400,"height":1600,"url":"https:\/\/president-ksgov.net\/wp-content\/uploads\/12_04_2016_7529257_Presidenti_Thaci_priti_komandantin_e_KFOR_it__Guglielmo_Luigi_Miglietta.jpg","type":"image\/jpeg"}],"author":"admin","twitter_card":"summary_large_image","twitter_misc":{"\u041d\u0430\u043f\u0438\u0441\u0430\u043d\u043e \u043e\u0434":"admin","\u041f\u0440\u043e\u0446\u0435\u045a\u0435\u043d\u043e \u0432\u0440\u0435\u043c\u0435 \u0447\u0438\u0442\u0430\u045a\u0430":"1 \u043c\u0438\u043d\u0443\u0442"},"schema":{"@context":"https:\/\/schema.org","@graph":[{"@type":"WebPage","@id":"https:\/\/president-ksgov.net\/presidenti-thaci-priti-komandantin-e-kfor-it-guglielmo-luigi-miglietta\/","url":"https:\/\/president-ksgov.net\/presidenti-thaci-priti-komandantin-e-kfor-it-guglielmo-luigi-miglietta\/","name":"Predsednik Tha\u00e7i do\u010dekao je komandanta KFOR-a, Guglielmo Luigi Miglietta - Predsednik Republike Kosovo - DR. VJOSA OSMANI - SADRIU","isPartOf":{"@id":"https:\/\/president-ksgov.net\/#website"},"primaryImageOfPage":{"@id":"https:\/\/president-ksgov.net\/presidenti-thaci-priti-komandantin-e-kfor-it-guglielmo-luigi-miglietta\/#primaryimage"},"image":{"@id":"https:\/\/president-ksgov.net\/presidenti-thaci-priti-komandantin-e-kfor-it-guglielmo-luigi-miglietta\/#primaryimage"},"thumbnailUrl":"https:\/\/president-ksgov.net\/wp-content\/uploads\/12_04_2016_7529257_Presidenti_Thaci_priti_komandantin_e_KFOR_it__Guglielmo_Luigi_Miglietta.jpg","datePublished":"2016-04-12T18:26:29+00:00","dateModified":"2016-04-12T18:26:29+00:00","author":{"@id":"https:\/\/president-ksgov.net\/#\/schema\/person\/bb4337a5fb147cb2046d80548172cbee"},"description":"Predsednik Tha\u00e7i do\u010dekao je komandanta KFOR-a, Guglielmo Luigi Miglietta - Predsednik Republike Kosovo - DR. VJOSA OSMANI - SADRIU -","breadcrumb":{"@id":"https:\/\/president-ksgov.net\/presidenti-thaci-priti-komandantin-e-kfor-it-guglielmo-luigi-miglietta\/#breadcrumb"},"inLanguage":"sr-RS","potentialAction":[{"@type":"ReadAction","target":["https:\/\/president-ksgov.net\/presidenti-thaci-priti-komandantin-e-kfor-it-guglielmo-luigi-miglietta\/"]}]},{"@type":"ImageObject","inLanguage":"sr-RS","@id":"https:\/\/president-ksgov.net\/presidenti-thaci-priti-komandantin-e-kfor-it-guglielmo-luigi-miglietta\/#primaryimage","url":"https:\/\/president-ksgov.net\/wp-content\/uploads\/12_04_2016_7529257_Presidenti_Thaci_priti_komandantin_e_KFOR_it__Guglielmo_Luigi_Miglietta.jpg","contentUrl":"https:\/\/president-ksgov.net\/wp-content\/uploads\/12_04_2016_7529257_Presidenti_Thaci_priti_komandantin_e_KFOR_it__Guglielmo_Luigi_Miglietta.jpg","width":2400,"height":1600},{"@type":"BreadcrumbList","@id":"https:\/\/president-ksgov.net\/presidenti-thaci-priti-komandantin-e-kfor-it-guglielmo-luigi-miglietta\/#breadcrumb","itemListElement":[{"@type":"ListItem","position":1,"name":"Home","item":"https:\/\/president-ksgov.net\/sr\/"},{"@type":"ListItem","position":2,"name":"Predsednik Tha\u00e7i do\u010dekao je komandanta KFOR-a, Guglielmo Luigi Miglietta"}]},{"@type":"WebSite","@id":"https:\/\/president-ksgov.net\/#website","url":"https:\/\/president-ksgov.net\/","name":"Presidente e Republik\u00ebs s\u00eb Kosov\u00ebs","description":"Presidente e Republik\u00ebs s\u00eb Kosov\u00ebs","alternateName":"DR. VJOSA OSMANI - SADRIU","potentialAction":[{"@type":"SearchAction","target":{"@type":"EntryPoint","urlTemplate":"https:\/\/president-ksgov.net\/?s={search_term_string}"},"query-input":{"@type":"PropertyValueSpecification","valueRequired":true,"valueName":"search_term_string"}}],"inLanguage":"sr-RS"},{"@type":"Person","@id":"https:\/\/president-ksgov.net\/#\/schema\/person\/bb4337a5fb147cb2046d80548172cbee","name":"admin","image":{"@type":"ImageObject","inLanguage":"sr-RS","@id":"https:\/\/president-ksgov.net\/#\/schema\/person\/image\/","url":"https:\/\/secure.gravatar.com\/avatar\/36156ca0fa3b8d9d25174f146e16beea0cf28f37adf1b9e19b6c9c279a7c9dd3?s=96&d=mm&r=g","contentUrl":"https:\/\/secure.gravatar.com\/avatar\/36156ca0fa3b8d9d25174f146e16beea0cf28f37adf1b9e19b6c9c279a7c9dd3?s=96&d=mm&r=g","caption":"admin"},"sameAs":["https:\/\/president-ksgov.net"]}]}},"_links":{"self":[{"href":"https:\/\/president-ksgov.net\/sr\/wp-json\/wp\/v2\/posts\/76905","targetHints":{"allow":["GET"]}}],"collection":[{"href":"https:\/\/president-ksgov.net\/sr\/wp-json\/wp\/v2\/posts"}],"about":[{"href":"https:\/\/president-ksgov.net\/sr\/wp-json\/wp\/v2\/types\/post"}],"author":[{"embeddable":true,"href":"https:\/\/president-ksgov.net\/sr\/wp-json\/wp\/v2\/users\/1"}],"replies":[{"embeddable":true,"href":"https:\/\/president-ksgov.net\/sr\/wp-json\/wp\/v2\/comments?post=76905"}],"version-history":[{"count":0,"href":"https:\/\/president-ksgov.net\/sr\/wp-json\/wp\/v2\/posts\/76905\/revisions"}],"wp:featuredmedia":[{"embeddable":true,"href":"https:\/\/president-ksgov.net\/sr\/wp-json\/wp\/v2\/media\/34721"}],"wp:attachment":[{"href":"https:\/\/president-ksgov.net\/sr\/wp-json\/wp\/v2\/media?parent=76905"}],"wp:term":[{"taxonomy":"category","embeddable":true,"href":"https:\/\/president-ksgov.net\/sr\/wp-json\/wp\/v2\/categories?post=76905"},{"taxonomy":"post_tag","embeddable":true,"href":"https:\/\/president-ksgov.net\/sr\/wp-json\/wp\/v2\/tags?post=76905"}],"curies":[{"name":"wp","href":"https:\/\/api.w.org\/{rel}","templated":true}]}}