{"id":76904,"date":"2016-04-12T18:46:20","date_gmt":"2016-04-12T18:46:20","guid":{"rendered":"https:\/\/dev.president-ksgov.net\/madjarski-predsednik-janos-ader-cestitao-je-predsedniku-hashim-u-thaci-ju-izrazio-je-uverenje-da-ce-se-tokom-njegovog-mandata-produbiti-prijateljski-odnosi-izmedju-dve-drave\/"},"modified":"2016-04-12T18:46:20","modified_gmt":"2016-04-12T18:46:20","slug":"madjarski-predsednik-janos-ader-cestitao-je-predsedniku-hashim-u-thaci-ju-izrazio-je-uverenje-da-ce-se-tokom-njegovog-mandata-produbiti-prijateljski-odnosi-izmedju-dve-drave","status":"publish","type":"post","link":"https:\/\/president-ksgov.net\/sr\/madjarski-predsednik-janos-ader-cestitao-je-predsedniku-hashim-u-thaci-ju-izrazio-je-uverenje-da-ce-se-tokom-njegovog-mandata-produbiti-prijateljski-odnosi-izmedju-dve-drave\/","title":{"rendered":"Ma\u0111arski predsednik, J\u00e1nos \u00c1der, \u010destitao je predsedniku Hashim-u Tha\u00e7i-ju, izrazio je uverenje da \u0107e se tokom njegovog mandata produbiti prijateljski odnosi izme\u0111u dve dr&#158;ave"},"content":{"rendered":"<p>Predsednik Ma\u0111arske, J\u00e1nos \u00c1der, \u010destitao je predsedniku Republike Kosova, Hashim-u Tha\u00e7i-ju, na preuzimanju novog zadatka, izra&#382;avaju\u0107i njegovo uverenje da \u0107e se tokom Tha\u00e7i-evog mandata kao predsednika prijateljski odnosi izme\u0111u dve dr&#382;ave i dalje ja\u010dati i produbiti.<\/p>\n<p>Ovo je pismo predsednika Ma\u0111arske, J\u00e1nos-a \u00c1der-a, koje je poslato predsedniku Republike Kosova, Hashim-u Tha\u00e7i-ju.<\/p>\n<p>Po&#353;tovani g. predsedni\u010de,<\/p>\n<p>U moje ime i u ime ma\u0111arskog naroda, &#382;elim da vam prenesem, Va&#353;a ekselencijo, moje srda\u010dne \u010destitke na izboru i inauguraciji za predsednika Republike Kosova. <\/p>\n<p>Drago mi je da je jedan politi\u010dar, kakav ste vi, bude inaugurisan za novog predsednika Republike Kosova, koji je do sada, kao ministar spoljnih poslova, bio posve\u0107en ja\u010danju bilateralne saradnje izme\u0111u na&#353;ih dr&#382;ava. <\/p>\n<p>Na&#353;i odnosi su sjajni i mi smo preduzeli nekoliko obe\u0107avaju\u0107ih koraka, kako bismo iskoristili mogu\u0107nosti u okviru ekonomske saradnje. <\/p>\n<p>Ja sam duboko uveren da \u0107e se tokom va&#353;eg mandata prijateljski odnosi izme\u0111u na&#353;e dve dr&#382;ave oja\u010dati i produbiti jo&#353; vi&#353;e. <\/p>\n<p>Ekselencijo, &#382;ele\u0107i vam zdravlje i uspeha na va&#353;em zadatku uz visoke odgovornosti, molim vas da primite moje najdublje po&#353;tovanje. <\/p>\n<p>J\u00e1nos \u00c1der<\/p>\n<p>Predsednik Ma\u0111arske<br \/>\n\u00a0<\/p>\n","protected":false},"excerpt":{"rendered":"<p>Predsednik Ma\u0111arske, J\u00e1nos \u00c1der, \u010destitao je predsedniku Republike Kosova, Hashim-u Tha\u00e7i-ju, na preuzimanju novog zadatka, izra&#382;avaju\u0107i njegovo uverenje da \u0107e se tokom Tha\u00e7i-evog mandata kao predsednika prijateljski odnosi izme\u0111u dve dr&#382;ave i dalje ja\u010dati i produbiti.<\/p>\n","protected":false},"author":1,"featured_media":34717,"comment_status":"open","ping_status":"closed","sticky":false,"template":"","format":"standard","meta":{"_eb_attr":"","footnotes":""},"categories":[101],"tags":[],"class_list":["post-76904","post","type-post","status-publish","format-standard","has-post-thumbnail","hentry","category-vesti"],"yoast_head":"<!-- This site is optimized with the Yoast SEO plugin v23.5 - https:\/\/yoast.com\/wordpress\/plugins\/seo\/ -->\n<title>Ma\u0111arski predsednik, J\u00e1nos \u00c1der, \u010destitao je predsedniku Hashim-u Tha\u00e7i-ju, izrazio je uverenje da \u0107e se tokom njegovog mandata produbiti prijateljski odnosi izme\u0111u dve dr&#158;ave - Predsednik Republike Kosovo - DR. VJOSA OSMANI - SADRIU<\/title>\n<meta name=\"description\" content=\"Ma\u0111arski predsednik, J\u00e1nos \u00c1der, \u010destitao je predsedniku Hashim-u Tha\u00e7i-ju, izrazio je uverenje da \u0107e se tokom njegovog mandata produbiti prijateljski odnosi izme\u0111u dve dr&#158;ave - Predsednik Republike Kosovo - DR. VJOSA OSMANI - SADRIU -\" \/>\n<meta name=\"robots\" content=\"index, follow, max-snippet:-1, max-image-preview:large, max-video-preview:-1\" \/>\n<link rel=\"canonical\" href=\"https:\/\/president-ksgov.net\/presidenti-hungarez-janos-ader-uron-presidentin-hashim-thaci-shpreh-bindjen-se-gjate-mandatit-te-tij-do-te-thellohen-marredheniet-miqesore-mes-dy-shteteve\/\" \/>\n<meta property=\"og:locale\" content=\"sr_RS\" \/>\n<meta property=\"og:type\" content=\"article\" \/>\n<meta property=\"og:title\" content=\"Ma\u0111arski predsednik, J\u00e1nos \u00c1der, \u010destitao je predsedniku Hashim-u Tha\u00e7i-ju, izrazio je uverenje da \u0107e se tokom njegovog mandata produbiti prijateljski odnosi izme\u0111u dve dr&#158;ave - Predsednik Republike Kosovo - DR. VJOSA OSMANI - SADRIU\" \/>\n<meta property=\"og:description\" content=\"Ma\u0111arski predsednik, J\u00e1nos \u00c1der, \u010destitao je predsedniku Hashim-u Tha\u00e7i-ju, izrazio je uverenje da \u0107e se tokom njegovog mandata produbiti prijateljski odnosi izme\u0111u dve dr&#158;ave - Predsednik Republike Kosovo - DR. VJOSA OSMANI - SADRIU -\" \/>\n<meta property=\"og:url\" content=\"https:\/\/president-ksgov.net\/presidenti-hungarez-janos-ader-uron-presidentin-hashim-thaci-shpreh-bindjen-se-gjate-mandatit-te-tij-do-te-thellohen-marredheniet-miqesore-mes-dy-shteteve\/\" \/>\n<meta property=\"og:site_name\" content=\"Predsednik Republike Kosovo - DR. VJOSA OSMANI - SADRIU\" \/>\n<meta property=\"article:published_time\" content=\"2016-04-12T18:46:20+00:00\" \/>\n<meta property=\"og:image\" content=\"https:\/\/president-ksgov.net\/wp-content\/uploads\/12_04_2016_2629627_hungaria___ilustrim.jpg\" \/>\n\t<meta property=\"og:image:width\" content=\"690\" \/>\n\t<meta property=\"og:image:height\" content=\"350\" \/>\n\t<meta property=\"og:image:type\" content=\"image\/jpeg\" \/>\n<meta name=\"author\" content=\"admin\" \/>\n<meta name=\"twitter:card\" content=\"summary_large_image\" \/>\n<meta name=\"twitter:label1\" content=\"\u041d\u0430\u043f\u0438\u0441\u0430\u043d\u043e \u043e\u0434\" \/>\n\t<meta name=\"twitter:data1\" content=\"admin\" \/>\n\t<meta name=\"twitter:label2\" content=\"\u041f\u0440\u043e\u0446\u0435\u045a\u0435\u043d\u043e \u0432\u0440\u0435\u043c\u0435 \u0447\u0438\u0442\u0430\u045a\u0430\" \/>\n\t<meta name=\"twitter:data2\" content=\"1 \u043c\u0438\u043d\u0443\u0442\" \/>\n<script type=\"application\/ld+json\" class=\"yoast-schema-graph\">{\"@context\":\"https:\/\/schema.org\",\"@graph\":[{\"@type\":\"WebPage\",\"@id\":\"https:\/\/president-ksgov.net\/presidenti-hungarez-janos-ader-uron-presidentin-hashim-thaci-shpreh-bindjen-se-gjate-mandatit-te-tij-do-te-thellohen-marredheniet-miqesore-mes-dy-shteteve\/\",\"url\":\"https:\/\/president-ksgov.net\/presidenti-hungarez-janos-ader-uron-presidentin-hashim-thaci-shpreh-bindjen-se-gjate-mandatit-te-tij-do-te-thellohen-marredheniet-miqesore-mes-dy-shteteve\/\",\"name\":\"Ma\u0111arski predsednik, J\u00e1nos \u00c1der, \u010destitao je predsedniku Hashim-u Tha\u00e7i-ju, izrazio je uverenje da \u0107e se tokom njegovog mandata produbiti prijateljski odnosi izme\u0111u dve dr&#158;ave - Predsednik Republike Kosovo - DR. VJOSA OSMANI - SADRIU\",\"isPartOf\":{\"@id\":\"https:\/\/president-ksgov.net\/#website\"},\"primaryImageOfPage\":{\"@id\":\"https:\/\/president-ksgov.net\/presidenti-hungarez-janos-ader-uron-presidentin-hashim-thaci-shpreh-bindjen-se-gjate-mandatit-te-tij-do-te-thellohen-marredheniet-miqesore-mes-dy-shteteve\/#primaryimage\"},\"image\":{\"@id\":\"https:\/\/president-ksgov.net\/presidenti-hungarez-janos-ader-uron-presidentin-hashim-thaci-shpreh-bindjen-se-gjate-mandatit-te-tij-do-te-thellohen-marredheniet-miqesore-mes-dy-shteteve\/#primaryimage\"},\"thumbnailUrl\":\"https:\/\/president-ksgov.net\/wp-content\/uploads\/12_04_2016_2629627_hungaria___ilustrim.jpg\",\"datePublished\":\"2016-04-12T18:46:20+00:00\",\"dateModified\":\"2016-04-12T18:46:20+00:00\",\"author\":{\"@id\":\"https:\/\/president-ksgov.net\/#\/schema\/person\/bb4337a5fb147cb2046d80548172cbee\"},\"description\":\"Ma\u0111arski predsednik, J\u00e1nos \u00c1der, \u010destitao je predsedniku Hashim-u Tha\u00e7i-ju, izrazio je uverenje da \u0107e se tokom njegovog mandata produbiti prijateljski odnosi izme\u0111u dve dr&#158;ave - Predsednik Republike Kosovo - DR. VJOSA OSMANI - SADRIU -\",\"breadcrumb\":{\"@id\":\"https:\/\/president-ksgov.net\/presidenti-hungarez-janos-ader-uron-presidentin-hashim-thaci-shpreh-bindjen-se-gjate-mandatit-te-tij-do-te-thellohen-marredheniet-miqesore-mes-dy-shteteve\/#breadcrumb\"},\"inLanguage\":\"sr-RS\",\"potentialAction\":[{\"@type\":\"ReadAction\",\"target\":[\"https:\/\/president-ksgov.net\/presidenti-hungarez-janos-ader-uron-presidentin-hashim-thaci-shpreh-bindjen-se-gjate-mandatit-te-tij-do-te-thellohen-marredheniet-miqesore-mes-dy-shteteve\/\"]}]},{\"@type\":\"ImageObject\",\"inLanguage\":\"sr-RS\",\"@id\":\"https:\/\/president-ksgov.net\/presidenti-hungarez-janos-ader-uron-presidentin-hashim-thaci-shpreh-bindjen-se-gjate-mandatit-te-tij-do-te-thellohen-marredheniet-miqesore-mes-dy-shteteve\/#primaryimage\",\"url\":\"https:\/\/president-ksgov.net\/wp-content\/uploads\/12_04_2016_2629627_hungaria___ilustrim.jpg\",\"contentUrl\":\"https:\/\/president-ksgov.net\/wp-content\/uploads\/12_04_2016_2629627_hungaria___ilustrim.jpg\",\"width\":690,\"height\":350},{\"@type\":\"BreadcrumbList\",\"@id\":\"https:\/\/president-ksgov.net\/presidenti-hungarez-janos-ader-uron-presidentin-hashim-thaci-shpreh-bindjen-se-gjate-mandatit-te-tij-do-te-thellohen-marredheniet-miqesore-mes-dy-shteteve\/#breadcrumb\",\"itemListElement\":[{\"@type\":\"ListItem\",\"position\":1,\"name\":\"Home\",\"item\":\"https:\/\/president-ksgov.net\/sr\/\"},{\"@type\":\"ListItem\",\"position\":2,\"name\":\"Ma\u0111arski predsednik, J\u00e1nos \u00c1der, \u010destitao je predsedniku Hashim-u Tha\u00e7i-ju, izrazio je uverenje da \u0107e se tokom njegovog mandata produbiti prijateljski odnosi izme\u0111u dve dr&#158;ave\"}]},{\"@type\":\"WebSite\",\"@id\":\"https:\/\/president-ksgov.net\/#website\",\"url\":\"https:\/\/president-ksgov.net\/\",\"name\":\"Presidente e Republik\u00ebs s\u00eb Kosov\u00ebs\",\"description\":\"Presidente e Republik\u00ebs s\u00eb Kosov\u00ebs\",\"alternateName\":\"DR. VJOSA OSMANI - SADRIU\",\"potentialAction\":[{\"@type\":\"SearchAction\",\"target\":{\"@type\":\"EntryPoint\",\"urlTemplate\":\"https:\/\/president-ksgov.net\/?s={search_term_string}\"},\"query-input\":{\"@type\":\"PropertyValueSpecification\",\"valueRequired\":true,\"valueName\":\"search_term_string\"}}],\"inLanguage\":\"sr-RS\"},{\"@type\":\"Person\",\"@id\":\"https:\/\/president-ksgov.net\/#\/schema\/person\/bb4337a5fb147cb2046d80548172cbee\",\"name\":\"admin\",\"image\":{\"@type\":\"ImageObject\",\"inLanguage\":\"sr-RS\",\"@id\":\"https:\/\/president-ksgov.net\/#\/schema\/person\/image\/\",\"url\":\"https:\/\/secure.gravatar.com\/avatar\/36156ca0fa3b8d9d25174f146e16beea0cf28f37adf1b9e19b6c9c279a7c9dd3?s=96&d=mm&r=g\",\"contentUrl\":\"https:\/\/secure.gravatar.com\/avatar\/36156ca0fa3b8d9d25174f146e16beea0cf28f37adf1b9e19b6c9c279a7c9dd3?s=96&d=mm&r=g\",\"caption\":\"admin\"},\"sameAs\":[\"https:\/\/president-ksgov.net\"]}]}<\/script>\n<!-- \/ Yoast SEO plugin. -->","yoast_head_json":{"title":"Ma\u0111arski predsednik, J\u00e1nos \u00c1der, \u010destitao je predsedniku Hashim-u Tha\u00e7i-ju, izrazio je uverenje da \u0107e se tokom njegovog mandata produbiti prijateljski odnosi izme\u0111u dve dr&#158;ave - Predsednik Republike Kosovo - DR. VJOSA OSMANI - SADRIU","description":"Ma\u0111arski predsednik, J\u00e1nos \u00c1der, \u010destitao je predsedniku Hashim-u Tha\u00e7i-ju, izrazio je uverenje da \u0107e se tokom njegovog mandata produbiti prijateljski odnosi izme\u0111u dve dr&#158;ave - Predsednik Republike Kosovo - DR. VJOSA OSMANI - SADRIU -","robots":{"index":"index","follow":"follow","max-snippet":"max-snippet:-1","max-image-preview":"max-image-preview:large","max-video-preview":"max-video-preview:-1"},"canonical":"https:\/\/president-ksgov.net\/presidenti-hungarez-janos-ader-uron-presidentin-hashim-thaci-shpreh-bindjen-se-gjate-mandatit-te-tij-do-te-thellohen-marredheniet-miqesore-mes-dy-shteteve\/","og_locale":"sr_RS","og_type":"article","og_title":"Ma\u0111arski predsednik, J\u00e1nos \u00c1der, \u010destitao je predsedniku Hashim-u Tha\u00e7i-ju, izrazio je uverenje da \u0107e se tokom njegovog mandata produbiti prijateljski odnosi izme\u0111u dve dr&#158;ave - Predsednik Republike Kosovo - DR. VJOSA OSMANI - SADRIU","og_description":"Ma\u0111arski predsednik, J\u00e1nos \u00c1der, \u010destitao je predsedniku Hashim-u Tha\u00e7i-ju, izrazio je uverenje da \u0107e se tokom njegovog mandata produbiti prijateljski odnosi izme\u0111u dve dr&#158;ave - Predsednik Republike Kosovo - DR. VJOSA OSMANI - SADRIU -","og_url":"https:\/\/president-ksgov.net\/presidenti-hungarez-janos-ader-uron-presidentin-hashim-thaci-shpreh-bindjen-se-gjate-mandatit-te-tij-do-te-thellohen-marredheniet-miqesore-mes-dy-shteteve\/","og_site_name":"Predsednik Republike Kosovo - DR. VJOSA OSMANI - SADRIU","article_published_time":"2016-04-12T18:46:20+00:00","og_image":[{"width":690,"height":350,"url":"https:\/\/president-ksgov.net\/wp-content\/uploads\/12_04_2016_2629627_hungaria___ilustrim.jpg","type":"image\/jpeg"}],"author":"admin","twitter_card":"summary_large_image","twitter_misc":{"\u041d\u0430\u043f\u0438\u0441\u0430\u043d\u043e \u043e\u0434":"admin","\u041f\u0440\u043e\u0446\u0435\u045a\u0435\u043d\u043e \u0432\u0440\u0435\u043c\u0435 \u0447\u0438\u0442\u0430\u045a\u0430":"1 \u043c\u0438\u043d\u0443\u0442"},"schema":{"@context":"https:\/\/schema.org","@graph":[{"@type":"WebPage","@id":"https:\/\/president-ksgov.net\/presidenti-hungarez-janos-ader-uron-presidentin-hashim-thaci-shpreh-bindjen-se-gjate-mandatit-te-tij-do-te-thellohen-marredheniet-miqesore-mes-dy-shteteve\/","url":"https:\/\/president-ksgov.net\/presidenti-hungarez-janos-ader-uron-presidentin-hashim-thaci-shpreh-bindjen-se-gjate-mandatit-te-tij-do-te-thellohen-marredheniet-miqesore-mes-dy-shteteve\/","name":"Ma\u0111arski predsednik, J\u00e1nos \u00c1der, \u010destitao je predsedniku Hashim-u Tha\u00e7i-ju, izrazio je uverenje da \u0107e se tokom njegovog mandata produbiti prijateljski odnosi izme\u0111u dve dr&#158;ave - Predsednik Republike Kosovo - DR. VJOSA OSMANI - SADRIU","isPartOf":{"@id":"https:\/\/president-ksgov.net\/#website"},"primaryImageOfPage":{"@id":"https:\/\/president-ksgov.net\/presidenti-hungarez-janos-ader-uron-presidentin-hashim-thaci-shpreh-bindjen-se-gjate-mandatit-te-tij-do-te-thellohen-marredheniet-miqesore-mes-dy-shteteve\/#primaryimage"},"image":{"@id":"https:\/\/president-ksgov.net\/presidenti-hungarez-janos-ader-uron-presidentin-hashim-thaci-shpreh-bindjen-se-gjate-mandatit-te-tij-do-te-thellohen-marredheniet-miqesore-mes-dy-shteteve\/#primaryimage"},"thumbnailUrl":"https:\/\/president-ksgov.net\/wp-content\/uploads\/12_04_2016_2629627_hungaria___ilustrim.jpg","datePublished":"2016-04-12T18:46:20+00:00","dateModified":"2016-04-12T18:46:20+00:00","author":{"@id":"https:\/\/president-ksgov.net\/#\/schema\/person\/bb4337a5fb147cb2046d80548172cbee"},"description":"Ma\u0111arski predsednik, J\u00e1nos \u00c1der, \u010destitao je predsedniku Hashim-u Tha\u00e7i-ju, izrazio je uverenje da \u0107e se tokom njegovog mandata produbiti prijateljski odnosi izme\u0111u dve dr&#158;ave - Predsednik Republike Kosovo - DR. VJOSA OSMANI - SADRIU -","breadcrumb":{"@id":"https:\/\/president-ksgov.net\/presidenti-hungarez-janos-ader-uron-presidentin-hashim-thaci-shpreh-bindjen-se-gjate-mandatit-te-tij-do-te-thellohen-marredheniet-miqesore-mes-dy-shteteve\/#breadcrumb"},"inLanguage":"sr-RS","potentialAction":[{"@type":"ReadAction","target":["https:\/\/president-ksgov.net\/presidenti-hungarez-janos-ader-uron-presidentin-hashim-thaci-shpreh-bindjen-se-gjate-mandatit-te-tij-do-te-thellohen-marredheniet-miqesore-mes-dy-shteteve\/"]}]},{"@type":"ImageObject","inLanguage":"sr-RS","@id":"https:\/\/president-ksgov.net\/presidenti-hungarez-janos-ader-uron-presidentin-hashim-thaci-shpreh-bindjen-se-gjate-mandatit-te-tij-do-te-thellohen-marredheniet-miqesore-mes-dy-shteteve\/#primaryimage","url":"https:\/\/president-ksgov.net\/wp-content\/uploads\/12_04_2016_2629627_hungaria___ilustrim.jpg","contentUrl":"https:\/\/president-ksgov.net\/wp-content\/uploads\/12_04_2016_2629627_hungaria___ilustrim.jpg","width":690,"height":350},{"@type":"BreadcrumbList","@id":"https:\/\/president-ksgov.net\/presidenti-hungarez-janos-ader-uron-presidentin-hashim-thaci-shpreh-bindjen-se-gjate-mandatit-te-tij-do-te-thellohen-marredheniet-miqesore-mes-dy-shteteve\/#breadcrumb","itemListElement":[{"@type":"ListItem","position":1,"name":"Home","item":"https:\/\/president-ksgov.net\/sr\/"},{"@type":"ListItem","position":2,"name":"Ma\u0111arski predsednik, J\u00e1nos \u00c1der, \u010destitao je predsedniku Hashim-u Tha\u00e7i-ju, izrazio je uverenje da \u0107e se tokom njegovog mandata produbiti prijateljski odnosi izme\u0111u dve dr&#158;ave"}]},{"@type":"WebSite","@id":"https:\/\/president-ksgov.net\/#website","url":"https:\/\/president-ksgov.net\/","name":"Presidente e Republik\u00ebs s\u00eb Kosov\u00ebs","description":"Presidente e Republik\u00ebs s\u00eb Kosov\u00ebs","alternateName":"DR. VJOSA OSMANI - SADRIU","potentialAction":[{"@type":"SearchAction","target":{"@type":"EntryPoint","urlTemplate":"https:\/\/president-ksgov.net\/?s={search_term_string}"},"query-input":{"@type":"PropertyValueSpecification","valueRequired":true,"valueName":"search_term_string"}}],"inLanguage":"sr-RS"},{"@type":"Person","@id":"https:\/\/president-ksgov.net\/#\/schema\/person\/bb4337a5fb147cb2046d80548172cbee","name":"admin","image":{"@type":"ImageObject","inLanguage":"sr-RS","@id":"https:\/\/president-ksgov.net\/#\/schema\/person\/image\/","url":"https:\/\/secure.gravatar.com\/avatar\/36156ca0fa3b8d9d25174f146e16beea0cf28f37adf1b9e19b6c9c279a7c9dd3?s=96&d=mm&r=g","contentUrl":"https:\/\/secure.gravatar.com\/avatar\/36156ca0fa3b8d9d25174f146e16beea0cf28f37adf1b9e19b6c9c279a7c9dd3?s=96&d=mm&r=g","caption":"admin"},"sameAs":["https:\/\/president-ksgov.net"]}]}},"_links":{"self":[{"href":"https:\/\/president-ksgov.net\/sr\/wp-json\/wp\/v2\/posts\/76904","targetHints":{"allow":["GET"]}}],"collection":[{"href":"https:\/\/president-ksgov.net\/sr\/wp-json\/wp\/v2\/posts"}],"about":[{"href":"https:\/\/president-ksgov.net\/sr\/wp-json\/wp\/v2\/types\/post"}],"author":[{"embeddable":true,"href":"https:\/\/president-ksgov.net\/sr\/wp-json\/wp\/v2\/users\/1"}],"replies":[{"embeddable":true,"href":"https:\/\/president-ksgov.net\/sr\/wp-json\/wp\/v2\/comments?post=76904"}],"version-history":[{"count":0,"href":"https:\/\/president-ksgov.net\/sr\/wp-json\/wp\/v2\/posts\/76904\/revisions"}],"wp:featuredmedia":[{"embeddable":true,"href":"https:\/\/president-ksgov.net\/sr\/wp-json\/wp\/v2\/media\/34717"}],"wp:attachment":[{"href":"https:\/\/president-ksgov.net\/sr\/wp-json\/wp\/v2\/media?parent=76904"}],"wp:term":[{"taxonomy":"category","embeddable":true,"href":"https:\/\/president-ksgov.net\/sr\/wp-json\/wp\/v2\/categories?post=76904"},{"taxonomy":"post_tag","embeddable":true,"href":"https:\/\/president-ksgov.net\/sr\/wp-json\/wp\/v2\/tags?post=76904"}],"curies":[{"name":"wp","href":"https:\/\/api.w.org\/{rel}","templated":true}]}}