{"id":76903,"date":"2016-04-13T08:58:59","date_gmt":"2016-04-13T08:58:59","guid":{"rendered":"https:\/\/dev.president-ksgov.net\/predsednik-naurua-cestitao-predsedniku-thaci-ju-izrazio-je-uverenje-da-ce-tokom-njegovog-mandata-nastaviti-da-cvetaju-bilateralni-odnosi\/"},"modified":"2016-04-13T08:58:59","modified_gmt":"2016-04-13T08:58:59","slug":"predsednik-naurua-cestitao-predsedniku-thaci-ju-izrazio-je-uverenje-da-ce-tokom-njegovog-mandata-nastaviti-da-cvetaju-bilateralni-odnosi","status":"publish","type":"post","link":"https:\/\/president-ksgov.net\/sr\/predsednik-naurua-cestitao-predsedniku-thaci-ju-izrazio-je-uverenje-da-ce-tokom-njegovog-mandata-nastaviti-da-cvetaju-bilateralni-odnosi\/","title":{"rendered":"Predsednik Naurua \u010destitao predsedniku Tha\u00e7i-ju, izrazio je uverenje da \u0107e tokom njegovog mandata nastaviti da cvetaju bilateralni odnosi"},"content":{"rendered":"<p>Predsednik Republike Kosova, Hashim Tha\u00e7i, primio je \u010destitku od predsednika Republike Nauru, barona Divavesi Waqa, koji je izrazio uverenje da \u0107e tokom njegovog mandata kao predsednika, prijateljski odnosi izme\u0111u dve odre\u0111ene zemlje nastaviti da cvetaju radi dobrobiti oba naroda.<\/p>\n<p>Ovo je pismo predsednika Republike Nauru, barona\u00a0 Divavesi Waqa, poslato predsedniku Republike Kosova, Hashim-u Tha\u00e7i-ju.<br \/>\n\u00a0<br \/>\nVa&#353;a ekselencijo g. Hashim-e Tha\u00e7i,<br \/>\nPredsedni\u010de,<br \/>\nRepublike Kosova<br \/>\n\u00a0<br \/>\nU ime Vlade i u ime naroda Republike Nauru, &#382;elimo da vam izrazimo na&#353;e tople \u010destitke i najlep&#353;e &#382;elje Va&#353;oj ekselenciji, na va&#353;em izboru za predsednika Republike Kosova. <\/p>\n<p>Koristim ovu priliku da izrazim uverenje da \u0107e se tokom vremena koje \u0107ete provesti na zadatku, prijateljski odnosi izme\u0111u na&#353;e dve dr&#382;ave nastaviti da cvetaju, radi dobrobiti na&#353;a dva naroda i ujedno vam &#353;aljem \u010destitke prijateljskog naroda Republike Nauru za va&#353;e blagostanje, prosperitet i konstantan napredak va&#353;e zemlje. <\/p>\n<p>Njegova ekselencija, baron Divavesi Waqa<br \/>\n\u00a0<br \/>\nPredsednik Republike Nauru<\/p>\n","protected":false},"excerpt":{"rendered":"<p>Predsednik Republike Kosova, Hashim Tha\u00e7i, primio je \u010destitku od predsednika Republike Nauru, barona Divavesi Waqa, koji je izrazio uverenje da \u0107e tokom njegovog mandata kao predsednika, prijateljski odnosi izme\u0111u dve odre\u0111ene zemlje nastaviti da cvetaju radi dobrobiti oba naroda.<\/p>\n","protected":false},"author":1,"featured_media":34713,"comment_status":"open","ping_status":"closed","sticky":false,"template":"","format":"standard","meta":{"_eb_attr":"","footnotes":""},"categories":[101],"tags":[],"class_list":["post-76903","post","type-post","status-publish","format-standard","has-post-thumbnail","hentry","category-vesti"],"yoast_head":"<!-- This site is optimized with the Yoast SEO plugin v23.5 - https:\/\/yoast.com\/wordpress\/plugins\/seo\/ -->\n<title>Predsednik Naurua \u010destitao predsedniku Tha\u00e7i-ju, izrazio je uverenje da \u0107e tokom njegovog mandata nastaviti da cvetaju bilateralni odnosi - Predsednik Republike Kosovo - DR. VJOSA OSMANI - SADRIU<\/title>\n<meta name=\"description\" content=\"Predsednik Naurua \u010destitao predsedniku Tha\u00e7i-ju, izrazio je uverenje da \u0107e tokom njegovog mandata nastaviti da cvetaju bilateralni odnosi - Predsednik Republike Kosovo - DR. VJOSA OSMANI - SADRIU -\" \/>\n<meta name=\"robots\" content=\"index, follow, max-snippet:-1, max-image-preview:large, max-video-preview:-1\" \/>\n<link rel=\"canonical\" href=\"https:\/\/president-ksgov.net\/sr\/predsednik-naurua-cestitao-predsedniku-thaci-ju-izrazio-je-uverenje-da-ce-tokom-njegovog-mandata-nastaviti-da-cvetaju-bilateralni-odnosi\/\" \/>\n<meta property=\"og:locale\" content=\"sr_RS\" \/>\n<meta property=\"og:type\" content=\"article\" \/>\n<meta property=\"og:title\" content=\"Predsednik Naurua \u010destitao predsedniku Tha\u00e7i-ju, izrazio je uverenje da \u0107e tokom njegovog mandata nastaviti da cvetaju bilateralni odnosi - Predsednik Republike Kosovo - DR. VJOSA OSMANI - SADRIU\" \/>\n<meta property=\"og:description\" content=\"Predsednik Naurua \u010destitao predsedniku Tha\u00e7i-ju, izrazio je uverenje da \u0107e tokom njegovog mandata nastaviti da cvetaju bilateralni odnosi - Predsednik Republike Kosovo - DR. VJOSA OSMANI - SADRIU -\" \/>\n<meta property=\"og:url\" content=\"https:\/\/president-ksgov.net\/sr\/predsednik-naurua-cestitao-predsedniku-thaci-ju-izrazio-je-uverenje-da-ce-tokom-njegovog-mandata-nastaviti-da-cvetaju-bilateralni-odnosi\/\" \/>\n<meta property=\"og:site_name\" content=\"Predsednik Republike Kosovo - DR. VJOSA OSMANI - SADRIU\" \/>\n<meta property=\"article:published_time\" content=\"2016-04-13T08:58:59+00:00\" \/>\n<meta property=\"og:image\" content=\"https:\/\/president-ksgov.net\/wp-content\/uploads\/13_04_2016_8385612_12_04_2016_367991_ilustrim.jpg\" \/>\n\t<meta property=\"og:image:width\" content=\"690\" \/>\n\t<meta property=\"og:image:height\" content=\"350\" \/>\n\t<meta property=\"og:image:type\" content=\"image\/jpeg\" \/>\n<meta name=\"author\" content=\"admin\" \/>\n<meta name=\"twitter:card\" content=\"summary_large_image\" \/>\n<meta name=\"twitter:label1\" content=\"\u041d\u0430\u043f\u0438\u0441\u0430\u043d\u043e \u043e\u0434\" \/>\n\t<meta name=\"twitter:data1\" content=\"admin\" \/>\n\t<meta name=\"twitter:label2\" content=\"\u041f\u0440\u043e\u0446\u0435\u045a\u0435\u043d\u043e \u0432\u0440\u0435\u043c\u0435 \u0447\u0438\u0442\u0430\u045a\u0430\" \/>\n\t<meta name=\"twitter:data2\" content=\"1 \u043c\u0438\u043d\u0443\u0442\" \/>\n<script type=\"application\/ld+json\" class=\"yoast-schema-graph\">{\"@context\":\"https:\/\/schema.org\",\"@graph\":[{\"@type\":\"WebPage\",\"@id\":\"https:\/\/president-ksgov.net\/sr\/predsednik-naurua-cestitao-predsedniku-thaci-ju-izrazio-je-uverenje-da-ce-tokom-njegovog-mandata-nastaviti-da-cvetaju-bilateralni-odnosi\/\",\"url\":\"https:\/\/president-ksgov.net\/sr\/predsednik-naurua-cestitao-predsedniku-thaci-ju-izrazio-je-uverenje-da-ce-tokom-njegovog-mandata-nastaviti-da-cvetaju-bilateralni-odnosi\/\",\"name\":\"Predsednik Naurua \u010destitao predsedniku Tha\u00e7i-ju, izrazio je uverenje da \u0107e tokom njegovog mandata nastaviti da cvetaju bilateralni odnosi - Predsednik Republike Kosovo - DR. VJOSA OSMANI - SADRIU\",\"isPartOf\":{\"@id\":\"https:\/\/president-ksgov.net\/#website\"},\"primaryImageOfPage\":{\"@id\":\"https:\/\/president-ksgov.net\/sr\/predsednik-naurua-cestitao-predsedniku-thaci-ju-izrazio-je-uverenje-da-ce-tokom-njegovog-mandata-nastaviti-da-cvetaju-bilateralni-odnosi\/#primaryimage\"},\"image\":{\"@id\":\"https:\/\/president-ksgov.net\/sr\/predsednik-naurua-cestitao-predsedniku-thaci-ju-izrazio-je-uverenje-da-ce-tokom-njegovog-mandata-nastaviti-da-cvetaju-bilateralni-odnosi\/#primaryimage\"},\"thumbnailUrl\":\"https:\/\/president-ksgov.net\/wp-content\/uploads\/13_04_2016_8385612_12_04_2016_367991_ilustrim.jpg\",\"datePublished\":\"2016-04-13T08:58:59+00:00\",\"dateModified\":\"2016-04-13T08:58:59+00:00\",\"author\":{\"@id\":\"https:\/\/president-ksgov.net\/#\/schema\/person\/bb4337a5fb147cb2046d80548172cbee\"},\"description\":\"Predsednik Naurua \u010destitao predsedniku Tha\u00e7i-ju, izrazio je uverenje da \u0107e tokom njegovog mandata nastaviti da cvetaju bilateralni odnosi - Predsednik Republike Kosovo - DR. VJOSA OSMANI - SADRIU -\",\"breadcrumb\":{\"@id\":\"https:\/\/president-ksgov.net\/sr\/predsednik-naurua-cestitao-predsedniku-thaci-ju-izrazio-je-uverenje-da-ce-tokom-njegovog-mandata-nastaviti-da-cvetaju-bilateralni-odnosi\/#breadcrumb\"},\"inLanguage\":\"sr-RS\",\"potentialAction\":[{\"@type\":\"ReadAction\",\"target\":[\"https:\/\/president-ksgov.net\/sr\/predsednik-naurua-cestitao-predsedniku-thaci-ju-izrazio-je-uverenje-da-ce-tokom-njegovog-mandata-nastaviti-da-cvetaju-bilateralni-odnosi\/\"]}]},{\"@type\":\"ImageObject\",\"inLanguage\":\"sr-RS\",\"@id\":\"https:\/\/president-ksgov.net\/sr\/predsednik-naurua-cestitao-predsedniku-thaci-ju-izrazio-je-uverenje-da-ce-tokom-njegovog-mandata-nastaviti-da-cvetaju-bilateralni-odnosi\/#primaryimage\",\"url\":\"https:\/\/president-ksgov.net\/wp-content\/uploads\/13_04_2016_8385612_12_04_2016_367991_ilustrim.jpg\",\"contentUrl\":\"https:\/\/president-ksgov.net\/wp-content\/uploads\/13_04_2016_8385612_12_04_2016_367991_ilustrim.jpg\",\"width\":690,\"height\":350},{\"@type\":\"BreadcrumbList\",\"@id\":\"https:\/\/president-ksgov.net\/sr\/predsednik-naurua-cestitao-predsedniku-thaci-ju-izrazio-je-uverenje-da-ce-tokom-njegovog-mandata-nastaviti-da-cvetaju-bilateralni-odnosi\/#breadcrumb\",\"itemListElement\":[{\"@type\":\"ListItem\",\"position\":1,\"name\":\"Home\",\"item\":\"https:\/\/president-ksgov.net\/sr\/\"},{\"@type\":\"ListItem\",\"position\":2,\"name\":\"Predsednik Naurua \u010destitao predsedniku Tha\u00e7i-ju, izrazio je uverenje da \u0107e tokom njegovog mandata nastaviti da cvetaju bilateralni odnosi\"}]},{\"@type\":\"WebSite\",\"@id\":\"https:\/\/president-ksgov.net\/#website\",\"url\":\"https:\/\/president-ksgov.net\/\",\"name\":\"Presidente e Republik\u00ebs s\u00eb Kosov\u00ebs\",\"description\":\"Presidente e Republik\u00ebs s\u00eb Kosov\u00ebs\",\"alternateName\":\"DR. VJOSA OSMANI - SADRIU\",\"potentialAction\":[{\"@type\":\"SearchAction\",\"target\":{\"@type\":\"EntryPoint\",\"urlTemplate\":\"https:\/\/president-ksgov.net\/?s={search_term_string}\"},\"query-input\":{\"@type\":\"PropertyValueSpecification\",\"valueRequired\":true,\"valueName\":\"search_term_string\"}}],\"inLanguage\":\"sr-RS\"},{\"@type\":\"Person\",\"@id\":\"https:\/\/president-ksgov.net\/#\/schema\/person\/bb4337a5fb147cb2046d80548172cbee\",\"name\":\"admin\",\"image\":{\"@type\":\"ImageObject\",\"inLanguage\":\"sr-RS\",\"@id\":\"https:\/\/president-ksgov.net\/#\/schema\/person\/image\/\",\"url\":\"https:\/\/secure.gravatar.com\/avatar\/36156ca0fa3b8d9d25174f146e16beea0cf28f37adf1b9e19b6c9c279a7c9dd3?s=96&d=mm&r=g\",\"contentUrl\":\"https:\/\/secure.gravatar.com\/avatar\/36156ca0fa3b8d9d25174f146e16beea0cf28f37adf1b9e19b6c9c279a7c9dd3?s=96&d=mm&r=g\",\"caption\":\"admin\"},\"sameAs\":[\"https:\/\/president-ksgov.net\"]}]}<\/script>\n<!-- \/ Yoast SEO plugin. -->","yoast_head_json":{"title":"Predsednik Naurua \u010destitao predsedniku Tha\u00e7i-ju, izrazio je uverenje da \u0107e tokom njegovog mandata nastaviti da cvetaju bilateralni odnosi - Predsednik Republike Kosovo - DR. VJOSA OSMANI - SADRIU","description":"Predsednik Naurua \u010destitao predsedniku Tha\u00e7i-ju, izrazio je uverenje da \u0107e tokom njegovog mandata nastaviti da cvetaju bilateralni odnosi - Predsednik Republike Kosovo - DR. VJOSA OSMANI - SADRIU -","robots":{"index":"index","follow":"follow","max-snippet":"max-snippet:-1","max-image-preview":"max-image-preview:large","max-video-preview":"max-video-preview:-1"},"canonical":"https:\/\/president-ksgov.net\/sr\/predsednik-naurua-cestitao-predsedniku-thaci-ju-izrazio-je-uverenje-da-ce-tokom-njegovog-mandata-nastaviti-da-cvetaju-bilateralni-odnosi\/","og_locale":"sr_RS","og_type":"article","og_title":"Predsednik Naurua \u010destitao predsedniku Tha\u00e7i-ju, izrazio je uverenje da \u0107e tokom njegovog mandata nastaviti da cvetaju bilateralni odnosi - Predsednik Republike Kosovo - DR. VJOSA OSMANI - SADRIU","og_description":"Predsednik Naurua \u010destitao predsedniku Tha\u00e7i-ju, izrazio je uverenje da \u0107e tokom njegovog mandata nastaviti da cvetaju bilateralni odnosi - Predsednik Republike Kosovo - DR. VJOSA OSMANI - SADRIU -","og_url":"https:\/\/president-ksgov.net\/sr\/predsednik-naurua-cestitao-predsedniku-thaci-ju-izrazio-je-uverenje-da-ce-tokom-njegovog-mandata-nastaviti-da-cvetaju-bilateralni-odnosi\/","og_site_name":"Predsednik Republike Kosovo - DR. VJOSA OSMANI - SADRIU","article_published_time":"2016-04-13T08:58:59+00:00","og_image":[{"width":690,"height":350,"url":"https:\/\/president-ksgov.net\/wp-content\/uploads\/13_04_2016_8385612_12_04_2016_367991_ilustrim.jpg","type":"image\/jpeg"}],"author":"admin","twitter_card":"summary_large_image","twitter_misc":{"\u041d\u0430\u043f\u0438\u0441\u0430\u043d\u043e \u043e\u0434":"admin","\u041f\u0440\u043e\u0446\u0435\u045a\u0435\u043d\u043e \u0432\u0440\u0435\u043c\u0435 \u0447\u0438\u0442\u0430\u045a\u0430":"1 \u043c\u0438\u043d\u0443\u0442"},"schema":{"@context":"https:\/\/schema.org","@graph":[{"@type":"WebPage","@id":"https:\/\/president-ksgov.net\/sr\/predsednik-naurua-cestitao-predsedniku-thaci-ju-izrazio-je-uverenje-da-ce-tokom-njegovog-mandata-nastaviti-da-cvetaju-bilateralni-odnosi\/","url":"https:\/\/president-ksgov.net\/sr\/predsednik-naurua-cestitao-predsedniku-thaci-ju-izrazio-je-uverenje-da-ce-tokom-njegovog-mandata-nastaviti-da-cvetaju-bilateralni-odnosi\/","name":"Predsednik Naurua \u010destitao predsedniku Tha\u00e7i-ju, izrazio je uverenje da \u0107e tokom njegovog mandata nastaviti da cvetaju bilateralni odnosi - Predsednik Republike Kosovo - DR. VJOSA OSMANI - SADRIU","isPartOf":{"@id":"https:\/\/president-ksgov.net\/#website"},"primaryImageOfPage":{"@id":"https:\/\/president-ksgov.net\/sr\/predsednik-naurua-cestitao-predsedniku-thaci-ju-izrazio-je-uverenje-da-ce-tokom-njegovog-mandata-nastaviti-da-cvetaju-bilateralni-odnosi\/#primaryimage"},"image":{"@id":"https:\/\/president-ksgov.net\/sr\/predsednik-naurua-cestitao-predsedniku-thaci-ju-izrazio-je-uverenje-da-ce-tokom-njegovog-mandata-nastaviti-da-cvetaju-bilateralni-odnosi\/#primaryimage"},"thumbnailUrl":"https:\/\/president-ksgov.net\/wp-content\/uploads\/13_04_2016_8385612_12_04_2016_367991_ilustrim.jpg","datePublished":"2016-04-13T08:58:59+00:00","dateModified":"2016-04-13T08:58:59+00:00","author":{"@id":"https:\/\/president-ksgov.net\/#\/schema\/person\/bb4337a5fb147cb2046d80548172cbee"},"description":"Predsednik Naurua \u010destitao predsedniku Tha\u00e7i-ju, izrazio je uverenje da \u0107e tokom njegovog mandata nastaviti da cvetaju bilateralni odnosi - Predsednik Republike Kosovo - DR. VJOSA OSMANI - SADRIU -","breadcrumb":{"@id":"https:\/\/president-ksgov.net\/sr\/predsednik-naurua-cestitao-predsedniku-thaci-ju-izrazio-je-uverenje-da-ce-tokom-njegovog-mandata-nastaviti-da-cvetaju-bilateralni-odnosi\/#breadcrumb"},"inLanguage":"sr-RS","potentialAction":[{"@type":"ReadAction","target":["https:\/\/president-ksgov.net\/sr\/predsednik-naurua-cestitao-predsedniku-thaci-ju-izrazio-je-uverenje-da-ce-tokom-njegovog-mandata-nastaviti-da-cvetaju-bilateralni-odnosi\/"]}]},{"@type":"ImageObject","inLanguage":"sr-RS","@id":"https:\/\/president-ksgov.net\/sr\/predsednik-naurua-cestitao-predsedniku-thaci-ju-izrazio-je-uverenje-da-ce-tokom-njegovog-mandata-nastaviti-da-cvetaju-bilateralni-odnosi\/#primaryimage","url":"https:\/\/president-ksgov.net\/wp-content\/uploads\/13_04_2016_8385612_12_04_2016_367991_ilustrim.jpg","contentUrl":"https:\/\/president-ksgov.net\/wp-content\/uploads\/13_04_2016_8385612_12_04_2016_367991_ilustrim.jpg","width":690,"height":350},{"@type":"BreadcrumbList","@id":"https:\/\/president-ksgov.net\/sr\/predsednik-naurua-cestitao-predsedniku-thaci-ju-izrazio-je-uverenje-da-ce-tokom-njegovog-mandata-nastaviti-da-cvetaju-bilateralni-odnosi\/#breadcrumb","itemListElement":[{"@type":"ListItem","position":1,"name":"Home","item":"https:\/\/president-ksgov.net\/sr\/"},{"@type":"ListItem","position":2,"name":"Predsednik Naurua \u010destitao predsedniku Tha\u00e7i-ju, izrazio je uverenje da \u0107e tokom njegovog mandata nastaviti da cvetaju bilateralni odnosi"}]},{"@type":"WebSite","@id":"https:\/\/president-ksgov.net\/#website","url":"https:\/\/president-ksgov.net\/","name":"Presidente e Republik\u00ebs s\u00eb Kosov\u00ebs","description":"Presidente e Republik\u00ebs s\u00eb Kosov\u00ebs","alternateName":"DR. VJOSA OSMANI - SADRIU","potentialAction":[{"@type":"SearchAction","target":{"@type":"EntryPoint","urlTemplate":"https:\/\/president-ksgov.net\/?s={search_term_string}"},"query-input":{"@type":"PropertyValueSpecification","valueRequired":true,"valueName":"search_term_string"}}],"inLanguage":"sr-RS"},{"@type":"Person","@id":"https:\/\/president-ksgov.net\/#\/schema\/person\/bb4337a5fb147cb2046d80548172cbee","name":"admin","image":{"@type":"ImageObject","inLanguage":"sr-RS","@id":"https:\/\/president-ksgov.net\/#\/schema\/person\/image\/","url":"https:\/\/secure.gravatar.com\/avatar\/36156ca0fa3b8d9d25174f146e16beea0cf28f37adf1b9e19b6c9c279a7c9dd3?s=96&d=mm&r=g","contentUrl":"https:\/\/secure.gravatar.com\/avatar\/36156ca0fa3b8d9d25174f146e16beea0cf28f37adf1b9e19b6c9c279a7c9dd3?s=96&d=mm&r=g","caption":"admin"},"sameAs":["https:\/\/president-ksgov.net"]}]}},"_links":{"self":[{"href":"https:\/\/president-ksgov.net\/sr\/wp-json\/wp\/v2\/posts\/76903","targetHints":{"allow":["GET"]}}],"collection":[{"href":"https:\/\/president-ksgov.net\/sr\/wp-json\/wp\/v2\/posts"}],"about":[{"href":"https:\/\/president-ksgov.net\/sr\/wp-json\/wp\/v2\/types\/post"}],"author":[{"embeddable":true,"href":"https:\/\/president-ksgov.net\/sr\/wp-json\/wp\/v2\/users\/1"}],"replies":[{"embeddable":true,"href":"https:\/\/president-ksgov.net\/sr\/wp-json\/wp\/v2\/comments?post=76903"}],"version-history":[{"count":0,"href":"https:\/\/president-ksgov.net\/sr\/wp-json\/wp\/v2\/posts\/76903\/revisions"}],"wp:featuredmedia":[{"embeddable":true,"href":"https:\/\/president-ksgov.net\/sr\/wp-json\/wp\/v2\/media\/34713"}],"wp:attachment":[{"href":"https:\/\/president-ksgov.net\/sr\/wp-json\/wp\/v2\/media?parent=76903"}],"wp:term":[{"taxonomy":"category","embeddable":true,"href":"https:\/\/president-ksgov.net\/sr\/wp-json\/wp\/v2\/categories?post=76903"},{"taxonomy":"post_tag","embeddable":true,"href":"https:\/\/president-ksgov.net\/sr\/wp-json\/wp\/v2\/tags?post=76903"}],"curies":[{"name":"wp","href":"https:\/\/api.w.org\/{rel}","templated":true}]}}