{"id":76895,"date":"2016-04-13T17:33:15","date_gmt":"2016-04-13T17:33:15","guid":{"rendered":"https:\/\/dev.president-ksgov.net\/nemacki-predsednik-cestitao-je-predsedniku-thaci-ju-kae-da-je-nada-za-posredovanje-medju-politickim-snagama-zemlje\/"},"modified":"2016-04-13T17:33:15","modified_gmt":"2016-04-13T17:33:15","slug":"nemacki-predsednik-cestitao-je-predsedniku-thaci-ju-kae-da-je-nada-za-posredovanje-medju-politickim-snagama-zemlje","status":"publish","type":"post","link":"https:\/\/president-ksgov.net\/sr\/nemacki-predsednik-cestitao-je-predsedniku-thaci-ju-kae-da-je-nada-za-posredovanje-medju-politickim-snagama-zemlje\/","title":{"rendered":"Nema\u010dki predsednik \u010destitao je predsedniku Tha\u00e7i-ju, ka&#158;e da je nada za posredovanje me\u0111u politi\u010dkim snagama zemlje"},"content":{"rendered":"<p>Predsednik Savezne Republike Nema\u010dke, Joachim Gauck, poslao je pismo \u010destitke predsedniku Republike Kosova,  Hashim-u Tha\u00e7i-ju, povodom stupanja na du&#382;nost &#353;efa dr&#382;ave.<\/p>\n<p>Predsednik Savezne Republike Nema\u010dke, Joachim Gauck, poslao je pismo \u010destitke predsedniku Republike Kosova,\u00a0 Hashim-u Tha\u00e7i-ju, povodom stupanja na du&#382;nost &#353;efa dr&#382;ave.<br \/>\n\u00a0<br \/>\nU njegovom pismu, predsednik Gauck je rekao da se predsedniku ti Tha\u00e7i-ju obra\u0107a sa nadom da \u0107e posredovati me\u0111u politi\u010dkim snagama u zemlji i da \u0107e Nema\u010dka nastaviti da stoji uz Kosovo kao prijatelj od poverenja i podr&#382;avaju\u0107i partner.<br \/>\n\u00a0<br \/>\nOvo je pismo predsednika Savezne Republike Nema\u010dke, Joachim Gauck, koje je poslao predsedniku Republike Kosova, Hashim-t Tha\u00e7i-ju:<br \/>\n\u00a0<br \/>\nVa&#353;oj ekselenciji<br \/>\nPredsedniku Republike Kosova<br \/>\nHashim-u Tha\u00e7i-ju<br \/>\nPri&#353;tina<\/p>\n<p>Gospodine predsedni\u010de,<br \/>\nPovodom va&#353;eg stupanja na du&#382;nost predsednika Republike Kosova upuc\u0301ujem Vam, najlep&#353;e &#382;elje i u ime gra\u0111ana moje zemlje. U obavljanju va&#353;e odgovorne du&#382;nosti &#382;elim Vam puno stvarala\u010dke energije i uspeha.<br \/>\n\u00a0<br \/>\nPreuzimate va&#353; zadatak u vreme kada su prevazi\u0111ene mnoge pote&#353;ko\u0107e za demokratske institucije Republike Kosova. Upravo je predsedniku upu\u0107ena nada u posredovanje me\u0111u politi\u010dkim snagama zemlje. Za Va&#353; doprinos pribli&#382;avanju i sporazumevanju &#382;elim vam odmerenost, strpljenje i istrajnost<br \/>\n.<br \/>\n\u00a0<br \/>\nKosovu su potrebne funkcionalne institucije s ciljem da se ponovo svom snagom posveti onim reformama koje bi pobolj&#353;ale socio-ekonomske perspektive gra\u0111ana zemlje, koje ja\u010daju vladavinu zakona i demokratije i na taj na\u010din produbljuju afirmisanje Kosova sa Evropskom unijom.<\/p>\n<p>Uveren sam da c\u0301ete i na svojoj du&#382;nosti podr&#382;avati Vladu va&#353;e zemlje da napreduje na putu normalizacije odnosa sa Srbijom.<br \/>\n\u00a0<br \/>\nBudite uvereni da c\u0301e Nema\u010dka, kao pouzdan prijatelj i podr&#382;avaju\u0107i partner, i dalje biti uz<\/p>\n<p>Republiku Kosovo.<br \/>\n\u00a0<br \/>\nJoachim Gauck<br \/>\nPredsednik Savezne Republike Nema\u010dke<\/p>\n","protected":false},"excerpt":{"rendered":"<p>Predsednik Savezne Republike Nema\u010dke, Joachim Gauck, poslao je pismo \u010destitke predsedniku Republike Kosova,  Hashim-u Tha\u00e7i-ju, povodom stupanja na du&#382;nost &#353;efa dr&#382;ave.<\/p>\n","protected":false},"author":1,"featured_media":34678,"comment_status":"open","ping_status":"closed","sticky":false,"template":"","format":"standard","meta":{"_eb_attr":"","footnotes":""},"categories":[101],"tags":[],"class_list":["post-76895","post","type-post","status-publish","format-standard","has-post-thumbnail","hentry","category-vesti"],"yoast_head":"<!-- This site is optimized with the Yoast SEO plugin v23.5 - https:\/\/yoast.com\/wordpress\/plugins\/seo\/ -->\n<title>Nema\u010dki predsednik \u010destitao je predsedniku Tha\u00e7i-ju, ka&#158;e da je nada za posredovanje me\u0111u politi\u010dkim snagama zemlje - Predsednik Republike Kosovo - DR. VJOSA OSMANI - SADRIU<\/title>\n<meta name=\"description\" content=\"Nema\u010dki predsednik \u010destitao je predsedniku Tha\u00e7i-ju, ka&#158;e da je nada za posredovanje me\u0111u politi\u010dkim snagama zemlje - Predsednik Republike Kosovo - DR. VJOSA OSMANI - SADRIU -\" \/>\n<meta name=\"robots\" content=\"index, follow, max-snippet:-1, max-image-preview:large, max-video-preview:-1\" \/>\n<link rel=\"canonical\" href=\"https:\/\/president-ksgov.net\/sr\/nemacki-predsednik-cestitao-je-predsedniku-thaci-ju-kae-da-je-nada-za-posredovanje-medju-politickim-snagama-zemlje\/\" \/>\n<meta property=\"og:locale\" content=\"sr_RS\" \/>\n<meta property=\"og:type\" content=\"article\" \/>\n<meta property=\"og:title\" content=\"Nema\u010dki predsednik \u010destitao je predsedniku Tha\u00e7i-ju, ka&#158;e da je nada za posredovanje me\u0111u politi\u010dkim snagama zemlje - Predsednik Republike Kosovo - DR. VJOSA OSMANI - SADRIU\" \/>\n<meta property=\"og:description\" content=\"Nema\u010dki predsednik \u010destitao je predsedniku Tha\u00e7i-ju, ka&#158;e da je nada za posredovanje me\u0111u politi\u010dkim snagama zemlje - Predsednik Republike Kosovo - DR. VJOSA OSMANI - SADRIU -\" \/>\n<meta property=\"og:url\" content=\"https:\/\/president-ksgov.net\/sr\/nemacki-predsednik-cestitao-je-predsedniku-thaci-ju-kae-da-je-nada-za-posredovanje-medju-politickim-snagama-zemlje\/\" \/>\n<meta property=\"og:site_name\" content=\"Predsednik Republike Kosovo - DR. VJOSA OSMANI - SADRIU\" \/>\n<meta property=\"article:published_time\" content=\"2016-04-13T17:33:15+00:00\" \/>\n<meta property=\"og:image\" content=\"https:\/\/president-ksgov.net\/wp-content\/uploads\/13_04_2016_4931132_ilustrim_te_gjermani.jpg\" \/>\n\t<meta property=\"og:image:width\" content=\"690\" \/>\n\t<meta property=\"og:image:height\" content=\"350\" \/>\n\t<meta property=\"og:image:type\" content=\"image\/jpeg\" \/>\n<meta name=\"author\" content=\"admin\" \/>\n<meta name=\"twitter:card\" content=\"summary_large_image\" \/>\n<meta name=\"twitter:label1\" content=\"\u041d\u0430\u043f\u0438\u0441\u0430\u043d\u043e \u043e\u0434\" \/>\n\t<meta name=\"twitter:data1\" content=\"admin\" \/>\n\t<meta name=\"twitter:label2\" content=\"\u041f\u0440\u043e\u0446\u0435\u045a\u0435\u043d\u043e \u0432\u0440\u0435\u043c\u0435 \u0447\u0438\u0442\u0430\u045a\u0430\" \/>\n\t<meta name=\"twitter:data2\" content=\"2 \u043c\u0438\u043d\u0443\u0442\u0430\" \/>\n<script type=\"application\/ld+json\" class=\"yoast-schema-graph\">{\"@context\":\"https:\/\/schema.org\",\"@graph\":[{\"@type\":\"WebPage\",\"@id\":\"https:\/\/president-ksgov.net\/sr\/nemacki-predsednik-cestitao-je-predsedniku-thaci-ju-kae-da-je-nada-za-posredovanje-medju-politickim-snagama-zemlje\/\",\"url\":\"https:\/\/president-ksgov.net\/sr\/nemacki-predsednik-cestitao-je-predsedniku-thaci-ju-kae-da-je-nada-za-posredovanje-medju-politickim-snagama-zemlje\/\",\"name\":\"Nema\u010dki predsednik \u010destitao je predsedniku Tha\u00e7i-ju, ka&#158;e da je nada za posredovanje me\u0111u politi\u010dkim snagama zemlje - Predsednik Republike Kosovo - DR. VJOSA OSMANI - SADRIU\",\"isPartOf\":{\"@id\":\"https:\/\/president-ksgov.net\/#website\"},\"primaryImageOfPage\":{\"@id\":\"https:\/\/president-ksgov.net\/sr\/nemacki-predsednik-cestitao-je-predsedniku-thaci-ju-kae-da-je-nada-za-posredovanje-medju-politickim-snagama-zemlje\/#primaryimage\"},\"image\":{\"@id\":\"https:\/\/president-ksgov.net\/sr\/nemacki-predsednik-cestitao-je-predsedniku-thaci-ju-kae-da-je-nada-za-posredovanje-medju-politickim-snagama-zemlje\/#primaryimage\"},\"thumbnailUrl\":\"https:\/\/president-ksgov.net\/wp-content\/uploads\/13_04_2016_4931132_ilustrim_te_gjermani.jpg\",\"datePublished\":\"2016-04-13T17:33:15+00:00\",\"dateModified\":\"2016-04-13T17:33:15+00:00\",\"author\":{\"@id\":\"https:\/\/president-ksgov.net\/#\/schema\/person\/bb4337a5fb147cb2046d80548172cbee\"},\"description\":\"Nema\u010dki predsednik \u010destitao je predsedniku Tha\u00e7i-ju, ka&#158;e da je nada za posredovanje me\u0111u politi\u010dkim snagama zemlje - Predsednik Republike Kosovo - DR. VJOSA OSMANI - SADRIU -\",\"breadcrumb\":{\"@id\":\"https:\/\/president-ksgov.net\/sr\/nemacki-predsednik-cestitao-je-predsedniku-thaci-ju-kae-da-je-nada-za-posredovanje-medju-politickim-snagama-zemlje\/#breadcrumb\"},\"inLanguage\":\"sr-RS\",\"potentialAction\":[{\"@type\":\"ReadAction\",\"target\":[\"https:\/\/president-ksgov.net\/sr\/nemacki-predsednik-cestitao-je-predsedniku-thaci-ju-kae-da-je-nada-za-posredovanje-medju-politickim-snagama-zemlje\/\"]}]},{\"@type\":\"ImageObject\",\"inLanguage\":\"sr-RS\",\"@id\":\"https:\/\/president-ksgov.net\/sr\/nemacki-predsednik-cestitao-je-predsedniku-thaci-ju-kae-da-je-nada-za-posredovanje-medju-politickim-snagama-zemlje\/#primaryimage\",\"url\":\"https:\/\/president-ksgov.net\/wp-content\/uploads\/13_04_2016_4931132_ilustrim_te_gjermani.jpg\",\"contentUrl\":\"https:\/\/president-ksgov.net\/wp-content\/uploads\/13_04_2016_4931132_ilustrim_te_gjermani.jpg\",\"width\":690,\"height\":350},{\"@type\":\"BreadcrumbList\",\"@id\":\"https:\/\/president-ksgov.net\/sr\/nemacki-predsednik-cestitao-je-predsedniku-thaci-ju-kae-da-je-nada-za-posredovanje-medju-politickim-snagama-zemlje\/#breadcrumb\",\"itemListElement\":[{\"@type\":\"ListItem\",\"position\":1,\"name\":\"Home\",\"item\":\"https:\/\/president-ksgov.net\/sr\/\"},{\"@type\":\"ListItem\",\"position\":2,\"name\":\"Nema\u010dki predsednik \u010destitao je predsedniku Tha\u00e7i-ju, ka&#158;e da je nada za posredovanje me\u0111u politi\u010dkim snagama zemlje\"}]},{\"@type\":\"WebSite\",\"@id\":\"https:\/\/president-ksgov.net\/#website\",\"url\":\"https:\/\/president-ksgov.net\/\",\"name\":\"Presidente e Republik\u00ebs s\u00eb Kosov\u00ebs\",\"description\":\"Presidente e Republik\u00ebs s\u00eb Kosov\u00ebs\",\"alternateName\":\"DR. VJOSA OSMANI - SADRIU\",\"potentialAction\":[{\"@type\":\"SearchAction\",\"target\":{\"@type\":\"EntryPoint\",\"urlTemplate\":\"https:\/\/president-ksgov.net\/?s={search_term_string}\"},\"query-input\":{\"@type\":\"PropertyValueSpecification\",\"valueRequired\":true,\"valueName\":\"search_term_string\"}}],\"inLanguage\":\"sr-RS\"},{\"@type\":\"Person\",\"@id\":\"https:\/\/president-ksgov.net\/#\/schema\/person\/bb4337a5fb147cb2046d80548172cbee\",\"name\":\"admin\",\"image\":{\"@type\":\"ImageObject\",\"inLanguage\":\"sr-RS\",\"@id\":\"https:\/\/president-ksgov.net\/#\/schema\/person\/image\/\",\"url\":\"https:\/\/secure.gravatar.com\/avatar\/36156ca0fa3b8d9d25174f146e16beea0cf28f37adf1b9e19b6c9c279a7c9dd3?s=96&d=mm&r=g\",\"contentUrl\":\"https:\/\/secure.gravatar.com\/avatar\/36156ca0fa3b8d9d25174f146e16beea0cf28f37adf1b9e19b6c9c279a7c9dd3?s=96&d=mm&r=g\",\"caption\":\"admin\"},\"sameAs\":[\"https:\/\/president-ksgov.net\"]}]}<\/script>\n<!-- \/ Yoast SEO plugin. -->","yoast_head_json":{"title":"Nema\u010dki predsednik \u010destitao je predsedniku Tha\u00e7i-ju, ka&#158;e da je nada za posredovanje me\u0111u politi\u010dkim snagama zemlje - Predsednik Republike Kosovo - DR. VJOSA OSMANI - SADRIU","description":"Nema\u010dki predsednik \u010destitao je predsedniku Tha\u00e7i-ju, ka&#158;e da je nada za posredovanje me\u0111u politi\u010dkim snagama zemlje - Predsednik Republike Kosovo - DR. VJOSA OSMANI - SADRIU -","robots":{"index":"index","follow":"follow","max-snippet":"max-snippet:-1","max-image-preview":"max-image-preview:large","max-video-preview":"max-video-preview:-1"},"canonical":"https:\/\/president-ksgov.net\/sr\/nemacki-predsednik-cestitao-je-predsedniku-thaci-ju-kae-da-je-nada-za-posredovanje-medju-politickim-snagama-zemlje\/","og_locale":"sr_RS","og_type":"article","og_title":"Nema\u010dki predsednik \u010destitao je predsedniku Tha\u00e7i-ju, ka&#158;e da je nada za posredovanje me\u0111u politi\u010dkim snagama zemlje - Predsednik Republike Kosovo - DR. VJOSA OSMANI - SADRIU","og_description":"Nema\u010dki predsednik \u010destitao je predsedniku Tha\u00e7i-ju, ka&#158;e da je nada za posredovanje me\u0111u politi\u010dkim snagama zemlje - Predsednik Republike Kosovo - DR. VJOSA OSMANI - SADRIU -","og_url":"https:\/\/president-ksgov.net\/sr\/nemacki-predsednik-cestitao-je-predsedniku-thaci-ju-kae-da-je-nada-za-posredovanje-medju-politickim-snagama-zemlje\/","og_site_name":"Predsednik Republike Kosovo - DR. VJOSA OSMANI - SADRIU","article_published_time":"2016-04-13T17:33:15+00:00","og_image":[{"width":690,"height":350,"url":"https:\/\/president-ksgov.net\/wp-content\/uploads\/13_04_2016_4931132_ilustrim_te_gjermani.jpg","type":"image\/jpeg"}],"author":"admin","twitter_card":"summary_large_image","twitter_misc":{"\u041d\u0430\u043f\u0438\u0441\u0430\u043d\u043e \u043e\u0434":"admin","\u041f\u0440\u043e\u0446\u0435\u045a\u0435\u043d\u043e \u0432\u0440\u0435\u043c\u0435 \u0447\u0438\u0442\u0430\u045a\u0430":"2 \u043c\u0438\u043d\u0443\u0442\u0430"},"schema":{"@context":"https:\/\/schema.org","@graph":[{"@type":"WebPage","@id":"https:\/\/president-ksgov.net\/sr\/nemacki-predsednik-cestitao-je-predsedniku-thaci-ju-kae-da-je-nada-za-posredovanje-medju-politickim-snagama-zemlje\/","url":"https:\/\/president-ksgov.net\/sr\/nemacki-predsednik-cestitao-je-predsedniku-thaci-ju-kae-da-je-nada-za-posredovanje-medju-politickim-snagama-zemlje\/","name":"Nema\u010dki predsednik \u010destitao je predsedniku Tha\u00e7i-ju, ka&#158;e da je nada za posredovanje me\u0111u politi\u010dkim snagama zemlje - Predsednik Republike Kosovo - DR. VJOSA OSMANI - SADRIU","isPartOf":{"@id":"https:\/\/president-ksgov.net\/#website"},"primaryImageOfPage":{"@id":"https:\/\/president-ksgov.net\/sr\/nemacki-predsednik-cestitao-je-predsedniku-thaci-ju-kae-da-je-nada-za-posredovanje-medju-politickim-snagama-zemlje\/#primaryimage"},"image":{"@id":"https:\/\/president-ksgov.net\/sr\/nemacki-predsednik-cestitao-je-predsedniku-thaci-ju-kae-da-je-nada-za-posredovanje-medju-politickim-snagama-zemlje\/#primaryimage"},"thumbnailUrl":"https:\/\/president-ksgov.net\/wp-content\/uploads\/13_04_2016_4931132_ilustrim_te_gjermani.jpg","datePublished":"2016-04-13T17:33:15+00:00","dateModified":"2016-04-13T17:33:15+00:00","author":{"@id":"https:\/\/president-ksgov.net\/#\/schema\/person\/bb4337a5fb147cb2046d80548172cbee"},"description":"Nema\u010dki predsednik \u010destitao je predsedniku Tha\u00e7i-ju, ka&#158;e da je nada za posredovanje me\u0111u politi\u010dkim snagama zemlje - Predsednik Republike Kosovo - DR. VJOSA OSMANI - SADRIU -","breadcrumb":{"@id":"https:\/\/president-ksgov.net\/sr\/nemacki-predsednik-cestitao-je-predsedniku-thaci-ju-kae-da-je-nada-za-posredovanje-medju-politickim-snagama-zemlje\/#breadcrumb"},"inLanguage":"sr-RS","potentialAction":[{"@type":"ReadAction","target":["https:\/\/president-ksgov.net\/sr\/nemacki-predsednik-cestitao-je-predsedniku-thaci-ju-kae-da-je-nada-za-posredovanje-medju-politickim-snagama-zemlje\/"]}]},{"@type":"ImageObject","inLanguage":"sr-RS","@id":"https:\/\/president-ksgov.net\/sr\/nemacki-predsednik-cestitao-je-predsedniku-thaci-ju-kae-da-je-nada-za-posredovanje-medju-politickim-snagama-zemlje\/#primaryimage","url":"https:\/\/president-ksgov.net\/wp-content\/uploads\/13_04_2016_4931132_ilustrim_te_gjermani.jpg","contentUrl":"https:\/\/president-ksgov.net\/wp-content\/uploads\/13_04_2016_4931132_ilustrim_te_gjermani.jpg","width":690,"height":350},{"@type":"BreadcrumbList","@id":"https:\/\/president-ksgov.net\/sr\/nemacki-predsednik-cestitao-je-predsedniku-thaci-ju-kae-da-je-nada-za-posredovanje-medju-politickim-snagama-zemlje\/#breadcrumb","itemListElement":[{"@type":"ListItem","position":1,"name":"Home","item":"https:\/\/president-ksgov.net\/sr\/"},{"@type":"ListItem","position":2,"name":"Nema\u010dki predsednik \u010destitao je predsedniku Tha\u00e7i-ju, ka&#158;e da je nada za posredovanje me\u0111u politi\u010dkim snagama zemlje"}]},{"@type":"WebSite","@id":"https:\/\/president-ksgov.net\/#website","url":"https:\/\/president-ksgov.net\/","name":"Presidente e Republik\u00ebs s\u00eb Kosov\u00ebs","description":"Presidente e Republik\u00ebs s\u00eb Kosov\u00ebs","alternateName":"DR. VJOSA OSMANI - SADRIU","potentialAction":[{"@type":"SearchAction","target":{"@type":"EntryPoint","urlTemplate":"https:\/\/president-ksgov.net\/?s={search_term_string}"},"query-input":{"@type":"PropertyValueSpecification","valueRequired":true,"valueName":"search_term_string"}}],"inLanguage":"sr-RS"},{"@type":"Person","@id":"https:\/\/president-ksgov.net\/#\/schema\/person\/bb4337a5fb147cb2046d80548172cbee","name":"admin","image":{"@type":"ImageObject","inLanguage":"sr-RS","@id":"https:\/\/president-ksgov.net\/#\/schema\/person\/image\/","url":"https:\/\/secure.gravatar.com\/avatar\/36156ca0fa3b8d9d25174f146e16beea0cf28f37adf1b9e19b6c9c279a7c9dd3?s=96&d=mm&r=g","contentUrl":"https:\/\/secure.gravatar.com\/avatar\/36156ca0fa3b8d9d25174f146e16beea0cf28f37adf1b9e19b6c9c279a7c9dd3?s=96&d=mm&r=g","caption":"admin"},"sameAs":["https:\/\/president-ksgov.net"]}]}},"_links":{"self":[{"href":"https:\/\/president-ksgov.net\/sr\/wp-json\/wp\/v2\/posts\/76895","targetHints":{"allow":["GET"]}}],"collection":[{"href":"https:\/\/president-ksgov.net\/sr\/wp-json\/wp\/v2\/posts"}],"about":[{"href":"https:\/\/president-ksgov.net\/sr\/wp-json\/wp\/v2\/types\/post"}],"author":[{"embeddable":true,"href":"https:\/\/president-ksgov.net\/sr\/wp-json\/wp\/v2\/users\/1"}],"replies":[{"embeddable":true,"href":"https:\/\/president-ksgov.net\/sr\/wp-json\/wp\/v2\/comments?post=76895"}],"version-history":[{"count":0,"href":"https:\/\/president-ksgov.net\/sr\/wp-json\/wp\/v2\/posts\/76895\/revisions"}],"wp:featuredmedia":[{"embeddable":true,"href":"https:\/\/president-ksgov.net\/sr\/wp-json\/wp\/v2\/media\/34678"}],"wp:attachment":[{"href":"https:\/\/president-ksgov.net\/sr\/wp-json\/wp\/v2\/media?parent=76895"}],"wp:term":[{"taxonomy":"category","embeddable":true,"href":"https:\/\/president-ksgov.net\/sr\/wp-json\/wp\/v2\/categories?post=76895"},{"taxonomy":"post_tag","embeddable":true,"href":"https:\/\/president-ksgov.net\/sr\/wp-json\/wp\/v2\/tags?post=76895"}],"curies":[{"name":"wp","href":"https:\/\/api.w.org\/{rel}","templated":true}]}}