{"id":76893,"date":"2016-04-14T11:23:30","date_gmt":"2016-04-14T11:23:30","guid":{"rendered":"https:\/\/dev.president-ksgov.net\/crnogorski-premijer-cestitao-predsedniku-thaci-ju-izrazio-je-spremnost-za-produbljenje-medjudravne-saradnje\/"},"modified":"2016-04-14T11:23:30","modified_gmt":"2016-04-14T11:23:30","slug":"crnogorski-premijer-cestitao-predsedniku-thaci-ju-izrazio-je-spremnost-za-produbljenje-medjudravne-saradnje","status":"publish","type":"post","link":"https:\/\/president-ksgov.net\/sr\/crnogorski-premijer-cestitao-predsedniku-thaci-ju-izrazio-je-spremnost-za-produbljenje-medjudravne-saradnje\/","title":{"rendered":"Crnogorski premijer \u010destitao predsedniku Tha\u00e7i-ju, izrazio je spremnost za produbljenje me\u0111udr&#158;avne saradnje"},"content":{"rendered":"<p>Premijer Crne Gore, Milo \u0110ukanovi\u0107, poslao je pismo \u010destitke predsedniku Republike Kosova, Hashim-u Tha\u00e7i-ju, povodom preuzimanja du&#382;nosti &#353;efa dr&#382;ave, u kojem je izrazio spremnost za nastavljanje odli\u010dne me\u0111udr&#382;avne saradnje.<\/p>\n<p>Ovo je pismo premijera Crne Gore, Mila \u0110ukanovi\u0107a, koje je poslao predsedniku Republike Kosova Hashim-u Tha\u00e7i-ju:<br \/>\n\u00a0<br \/>\nNJ. E.<br \/>\nGospodin HASHIM THA\u00c7I<br \/>\nPredsednik Republike Kosova <\/p>\n<p>Pri&#353;tina<br \/>\n\u00a0<br \/>\nPo&#353;tovani gospodine Tha\u00e7i<br \/>\n\u00a0<br \/>\nPovodom Va&#353;eg izbora za predsednika Republike Kosova\u00a0 upuc\u0301ujem Vam najsrda\u010dnije \u010destitke i najbolje &#382;elje za uspe&#353;no obavljanje te odgovorne du&#382;nosti.<br \/>\n\u00a0<br \/>\nSiguran sam da c\u0301e dobrosusedski odnosi izme\u0111u na&#353;ih naroda\u00a0 i dr&#382;ava nastaviti da se razvijaju uzlaznom linijom u obostranom interesu, i da c\u0301ete kao i do sada tome davati svoj poseban doprinos. Bic\u0301e mi zadovoljstvo da nastavimo na&#353;u odli\u010dnu saradnju.<br \/>\n\u00a0<br \/>\nMolim Vas da primite izraze mog najvi&#353;eg uva&#382;avanja i prijateljske pozdrave.<br \/>\n\u00a0<br \/>\nMilo \u0110ukanovi\u0107<\/p>\n<p>Premijer Crne Gore<\/p>\n","protected":false},"excerpt":{"rendered":"<p>Premijer Crne Gore, Milo \u0110ukanovi\u0107, poslao je pismo \u010destitke predsedniku Republike Kosova, Hashim-u Tha\u00e7i-ju, povodom preuzimanja du&#382;nosti &#353;efa dr&#382;ave, u kojem je izrazio spremnost za nastavljanje odli\u010dne me\u0111udr&#382;avne saradnje.<\/p>\n","protected":false},"author":1,"featured_media":34673,"comment_status":"open","ping_status":"closed","sticky":false,"template":"","format":"standard","meta":{"_eb_attr":"","footnotes":""},"categories":[101],"tags":[],"class_list":["post-76893","post","type-post","status-publish","format-standard","has-post-thumbnail","hentry","category-vesti"],"yoast_head":"<!-- This site is optimized with the Yoast SEO plugin v23.5 - https:\/\/yoast.com\/wordpress\/plugins\/seo\/ -->\n<title>Crnogorski premijer \u010destitao predsedniku Tha\u00e7i-ju, izrazio je spremnost za produbljenje me\u0111udr&#158;avne saradnje - Predsednik Republike Kosovo - DR. VJOSA OSMANI - SADRIU<\/title>\n<meta name=\"description\" content=\"Crnogorski premijer \u010destitao predsedniku Tha\u00e7i-ju, izrazio je spremnost za produbljenje me\u0111udr&#158;avne saradnje - Predsednik Republike Kosovo - DR. VJOSA OSMANI - SADRIU -\" \/>\n<meta name=\"robots\" content=\"index, follow, max-snippet:-1, max-image-preview:large, max-video-preview:-1\" \/>\n<link rel=\"canonical\" href=\"https:\/\/president-ksgov.net\/sr\/crnogorski-premijer-cestitao-predsedniku-thaci-ju-izrazio-je-spremnost-za-produbljenje-medjudravne-saradnje\/\" \/>\n<meta property=\"og:locale\" content=\"sr_RS\" \/>\n<meta property=\"og:type\" content=\"article\" \/>\n<meta property=\"og:title\" content=\"Crnogorski premijer \u010destitao predsedniku Tha\u00e7i-ju, izrazio je spremnost za produbljenje me\u0111udr&#158;avne saradnje - Predsednik Republike Kosovo - DR. VJOSA OSMANI - SADRIU\" \/>\n<meta property=\"og:description\" content=\"Crnogorski premijer \u010destitao predsedniku Tha\u00e7i-ju, izrazio je spremnost za produbljenje me\u0111udr&#158;avne saradnje - Predsednik Republike Kosovo - DR. VJOSA OSMANI - SADRIU -\" \/>\n<meta property=\"og:url\" content=\"https:\/\/president-ksgov.net\/sr\/crnogorski-premijer-cestitao-predsedniku-thaci-ju-izrazio-je-spremnost-za-produbljenje-medjudravne-saradnje\/\" \/>\n<meta property=\"og:site_name\" content=\"Predsednik Republike Kosovo - DR. VJOSA OSMANI - SADRIU\" \/>\n<meta property=\"article:published_time\" content=\"2016-04-14T11:23:30+00:00\" \/>\n<meta property=\"og:image\" content=\"https:\/\/president-ksgov.net\/wp-content\/uploads\/14_04_2016_2118690_13_04_2016_5109874_km_holandez_uron.jpg\" \/>\n\t<meta property=\"og:image:width\" content=\"1000\" \/>\n\t<meta property=\"og:image:height\" content=\"667\" \/>\n\t<meta property=\"og:image:type\" content=\"image\/jpeg\" \/>\n<meta name=\"author\" content=\"admin\" \/>\n<meta name=\"twitter:card\" content=\"summary_large_image\" \/>\n<meta name=\"twitter:label1\" content=\"\u041d\u0430\u043f\u0438\u0441\u0430\u043d\u043e \u043e\u0434\" \/>\n\t<meta name=\"twitter:data1\" content=\"admin\" \/>\n\t<meta name=\"twitter:label2\" content=\"\u041f\u0440\u043e\u0446\u0435\u045a\u0435\u043d\u043e \u0432\u0440\u0435\u043c\u0435 \u0447\u0438\u0442\u0430\u045a\u0430\" \/>\n\t<meta name=\"twitter:data2\" content=\"1 \u043c\u0438\u043d\u0443\u0442\" \/>\n<script type=\"application\/ld+json\" class=\"yoast-schema-graph\">{\"@context\":\"https:\/\/schema.org\",\"@graph\":[{\"@type\":\"WebPage\",\"@id\":\"https:\/\/president-ksgov.net\/sr\/crnogorski-premijer-cestitao-predsedniku-thaci-ju-izrazio-je-spremnost-za-produbljenje-medjudravne-saradnje\/\",\"url\":\"https:\/\/president-ksgov.net\/sr\/crnogorski-premijer-cestitao-predsedniku-thaci-ju-izrazio-je-spremnost-za-produbljenje-medjudravne-saradnje\/\",\"name\":\"Crnogorski premijer \u010destitao predsedniku Tha\u00e7i-ju, izrazio je spremnost za produbljenje me\u0111udr&#158;avne saradnje - Predsednik Republike Kosovo - DR. VJOSA OSMANI - SADRIU\",\"isPartOf\":{\"@id\":\"https:\/\/president-ksgov.net\/#website\"},\"primaryImageOfPage\":{\"@id\":\"https:\/\/president-ksgov.net\/sr\/crnogorski-premijer-cestitao-predsedniku-thaci-ju-izrazio-je-spremnost-za-produbljenje-medjudravne-saradnje\/#primaryimage\"},\"image\":{\"@id\":\"https:\/\/president-ksgov.net\/sr\/crnogorski-premijer-cestitao-predsedniku-thaci-ju-izrazio-je-spremnost-za-produbljenje-medjudravne-saradnje\/#primaryimage\"},\"thumbnailUrl\":\"https:\/\/president-ksgov.net\/wp-content\/uploads\/14_04_2016_2118690_13_04_2016_5109874_km_holandez_uron.jpg\",\"datePublished\":\"2016-04-14T11:23:30+00:00\",\"dateModified\":\"2016-04-14T11:23:30+00:00\",\"author\":{\"@id\":\"https:\/\/president-ksgov.net\/#\/schema\/person\/bb4337a5fb147cb2046d80548172cbee\"},\"description\":\"Crnogorski premijer \u010destitao predsedniku Tha\u00e7i-ju, izrazio je spremnost za produbljenje me\u0111udr&#158;avne saradnje - Predsednik Republike Kosovo - DR. VJOSA OSMANI - SADRIU -\",\"breadcrumb\":{\"@id\":\"https:\/\/president-ksgov.net\/sr\/crnogorski-premijer-cestitao-predsedniku-thaci-ju-izrazio-je-spremnost-za-produbljenje-medjudravne-saradnje\/#breadcrumb\"},\"inLanguage\":\"sr-RS\",\"potentialAction\":[{\"@type\":\"ReadAction\",\"target\":[\"https:\/\/president-ksgov.net\/sr\/crnogorski-premijer-cestitao-predsedniku-thaci-ju-izrazio-je-spremnost-za-produbljenje-medjudravne-saradnje\/\"]}]},{\"@type\":\"ImageObject\",\"inLanguage\":\"sr-RS\",\"@id\":\"https:\/\/president-ksgov.net\/sr\/crnogorski-premijer-cestitao-predsedniku-thaci-ju-izrazio-je-spremnost-za-produbljenje-medjudravne-saradnje\/#primaryimage\",\"url\":\"https:\/\/president-ksgov.net\/wp-content\/uploads\/14_04_2016_2118690_13_04_2016_5109874_km_holandez_uron.jpg\",\"contentUrl\":\"https:\/\/president-ksgov.net\/wp-content\/uploads\/14_04_2016_2118690_13_04_2016_5109874_km_holandez_uron.jpg\",\"width\":1000,\"height\":667},{\"@type\":\"BreadcrumbList\",\"@id\":\"https:\/\/president-ksgov.net\/sr\/crnogorski-premijer-cestitao-predsedniku-thaci-ju-izrazio-je-spremnost-za-produbljenje-medjudravne-saradnje\/#breadcrumb\",\"itemListElement\":[{\"@type\":\"ListItem\",\"position\":1,\"name\":\"Home\",\"item\":\"https:\/\/president-ksgov.net\/sr\/\"},{\"@type\":\"ListItem\",\"position\":2,\"name\":\"Crnogorski premijer \u010destitao predsedniku Tha\u00e7i-ju, izrazio je spremnost za produbljenje me\u0111udr&#158;avne saradnje\"}]},{\"@type\":\"WebSite\",\"@id\":\"https:\/\/president-ksgov.net\/#website\",\"url\":\"https:\/\/president-ksgov.net\/\",\"name\":\"Presidente e Republik\u00ebs s\u00eb Kosov\u00ebs\",\"description\":\"Presidente e Republik\u00ebs s\u00eb Kosov\u00ebs\",\"alternateName\":\"DR. VJOSA OSMANI - SADRIU\",\"potentialAction\":[{\"@type\":\"SearchAction\",\"target\":{\"@type\":\"EntryPoint\",\"urlTemplate\":\"https:\/\/president-ksgov.net\/?s={search_term_string}\"},\"query-input\":{\"@type\":\"PropertyValueSpecification\",\"valueRequired\":true,\"valueName\":\"search_term_string\"}}],\"inLanguage\":\"sr-RS\"},{\"@type\":\"Person\",\"@id\":\"https:\/\/president-ksgov.net\/#\/schema\/person\/bb4337a5fb147cb2046d80548172cbee\",\"name\":\"admin\",\"image\":{\"@type\":\"ImageObject\",\"inLanguage\":\"sr-RS\",\"@id\":\"https:\/\/president-ksgov.net\/#\/schema\/person\/image\/\",\"url\":\"https:\/\/secure.gravatar.com\/avatar\/36156ca0fa3b8d9d25174f146e16beea0cf28f37adf1b9e19b6c9c279a7c9dd3?s=96&d=mm&r=g\",\"contentUrl\":\"https:\/\/secure.gravatar.com\/avatar\/36156ca0fa3b8d9d25174f146e16beea0cf28f37adf1b9e19b6c9c279a7c9dd3?s=96&d=mm&r=g\",\"caption\":\"admin\"},\"sameAs\":[\"https:\/\/president-ksgov.net\"]}]}<\/script>\n<!-- \/ Yoast SEO plugin. -->","yoast_head_json":{"title":"Crnogorski premijer \u010destitao predsedniku Tha\u00e7i-ju, izrazio je spremnost za produbljenje me\u0111udr&#158;avne saradnje - Predsednik Republike Kosovo - DR. VJOSA OSMANI - SADRIU","description":"Crnogorski premijer \u010destitao predsedniku Tha\u00e7i-ju, izrazio je spremnost za produbljenje me\u0111udr&#158;avne saradnje - Predsednik Republike Kosovo - DR. VJOSA OSMANI - SADRIU -","robots":{"index":"index","follow":"follow","max-snippet":"max-snippet:-1","max-image-preview":"max-image-preview:large","max-video-preview":"max-video-preview:-1"},"canonical":"https:\/\/president-ksgov.net\/sr\/crnogorski-premijer-cestitao-predsedniku-thaci-ju-izrazio-je-spremnost-za-produbljenje-medjudravne-saradnje\/","og_locale":"sr_RS","og_type":"article","og_title":"Crnogorski premijer \u010destitao predsedniku Tha\u00e7i-ju, izrazio je spremnost za produbljenje me\u0111udr&#158;avne saradnje - Predsednik Republike Kosovo - DR. VJOSA OSMANI - SADRIU","og_description":"Crnogorski premijer \u010destitao predsedniku Tha\u00e7i-ju, izrazio je spremnost za produbljenje me\u0111udr&#158;avne saradnje - Predsednik Republike Kosovo - DR. VJOSA OSMANI - SADRIU -","og_url":"https:\/\/president-ksgov.net\/sr\/crnogorski-premijer-cestitao-predsedniku-thaci-ju-izrazio-je-spremnost-za-produbljenje-medjudravne-saradnje\/","og_site_name":"Predsednik Republike Kosovo - DR. VJOSA OSMANI - SADRIU","article_published_time":"2016-04-14T11:23:30+00:00","og_image":[{"width":1000,"height":667,"url":"https:\/\/president-ksgov.net\/wp-content\/uploads\/14_04_2016_2118690_13_04_2016_5109874_km_holandez_uron.jpg","type":"image\/jpeg"}],"author":"admin","twitter_card":"summary_large_image","twitter_misc":{"\u041d\u0430\u043f\u0438\u0441\u0430\u043d\u043e \u043e\u0434":"admin","\u041f\u0440\u043e\u0446\u0435\u045a\u0435\u043d\u043e \u0432\u0440\u0435\u043c\u0435 \u0447\u0438\u0442\u0430\u045a\u0430":"1 \u043c\u0438\u043d\u0443\u0442"},"schema":{"@context":"https:\/\/schema.org","@graph":[{"@type":"WebPage","@id":"https:\/\/president-ksgov.net\/sr\/crnogorski-premijer-cestitao-predsedniku-thaci-ju-izrazio-je-spremnost-za-produbljenje-medjudravne-saradnje\/","url":"https:\/\/president-ksgov.net\/sr\/crnogorski-premijer-cestitao-predsedniku-thaci-ju-izrazio-je-spremnost-za-produbljenje-medjudravne-saradnje\/","name":"Crnogorski premijer \u010destitao predsedniku Tha\u00e7i-ju, izrazio je spremnost za produbljenje me\u0111udr&#158;avne saradnje - Predsednik Republike Kosovo - DR. VJOSA OSMANI - SADRIU","isPartOf":{"@id":"https:\/\/president-ksgov.net\/#website"},"primaryImageOfPage":{"@id":"https:\/\/president-ksgov.net\/sr\/crnogorski-premijer-cestitao-predsedniku-thaci-ju-izrazio-je-spremnost-za-produbljenje-medjudravne-saradnje\/#primaryimage"},"image":{"@id":"https:\/\/president-ksgov.net\/sr\/crnogorski-premijer-cestitao-predsedniku-thaci-ju-izrazio-je-spremnost-za-produbljenje-medjudravne-saradnje\/#primaryimage"},"thumbnailUrl":"https:\/\/president-ksgov.net\/wp-content\/uploads\/14_04_2016_2118690_13_04_2016_5109874_km_holandez_uron.jpg","datePublished":"2016-04-14T11:23:30+00:00","dateModified":"2016-04-14T11:23:30+00:00","author":{"@id":"https:\/\/president-ksgov.net\/#\/schema\/person\/bb4337a5fb147cb2046d80548172cbee"},"description":"Crnogorski premijer \u010destitao predsedniku Tha\u00e7i-ju, izrazio je spremnost za produbljenje me\u0111udr&#158;avne saradnje - Predsednik Republike Kosovo - DR. VJOSA OSMANI - SADRIU -","breadcrumb":{"@id":"https:\/\/president-ksgov.net\/sr\/crnogorski-premijer-cestitao-predsedniku-thaci-ju-izrazio-je-spremnost-za-produbljenje-medjudravne-saradnje\/#breadcrumb"},"inLanguage":"sr-RS","potentialAction":[{"@type":"ReadAction","target":["https:\/\/president-ksgov.net\/sr\/crnogorski-premijer-cestitao-predsedniku-thaci-ju-izrazio-je-spremnost-za-produbljenje-medjudravne-saradnje\/"]}]},{"@type":"ImageObject","inLanguage":"sr-RS","@id":"https:\/\/president-ksgov.net\/sr\/crnogorski-premijer-cestitao-predsedniku-thaci-ju-izrazio-je-spremnost-za-produbljenje-medjudravne-saradnje\/#primaryimage","url":"https:\/\/president-ksgov.net\/wp-content\/uploads\/14_04_2016_2118690_13_04_2016_5109874_km_holandez_uron.jpg","contentUrl":"https:\/\/president-ksgov.net\/wp-content\/uploads\/14_04_2016_2118690_13_04_2016_5109874_km_holandez_uron.jpg","width":1000,"height":667},{"@type":"BreadcrumbList","@id":"https:\/\/president-ksgov.net\/sr\/crnogorski-premijer-cestitao-predsedniku-thaci-ju-izrazio-je-spremnost-za-produbljenje-medjudravne-saradnje\/#breadcrumb","itemListElement":[{"@type":"ListItem","position":1,"name":"Home","item":"https:\/\/president-ksgov.net\/sr\/"},{"@type":"ListItem","position":2,"name":"Crnogorski premijer \u010destitao predsedniku Tha\u00e7i-ju, izrazio je spremnost za produbljenje me\u0111udr&#158;avne saradnje"}]},{"@type":"WebSite","@id":"https:\/\/president-ksgov.net\/#website","url":"https:\/\/president-ksgov.net\/","name":"Presidente e Republik\u00ebs s\u00eb Kosov\u00ebs","description":"Presidente e Republik\u00ebs s\u00eb Kosov\u00ebs","alternateName":"DR. VJOSA OSMANI - SADRIU","potentialAction":[{"@type":"SearchAction","target":{"@type":"EntryPoint","urlTemplate":"https:\/\/president-ksgov.net\/?s={search_term_string}"},"query-input":{"@type":"PropertyValueSpecification","valueRequired":true,"valueName":"search_term_string"}}],"inLanguage":"sr-RS"},{"@type":"Person","@id":"https:\/\/president-ksgov.net\/#\/schema\/person\/bb4337a5fb147cb2046d80548172cbee","name":"admin","image":{"@type":"ImageObject","inLanguage":"sr-RS","@id":"https:\/\/president-ksgov.net\/#\/schema\/person\/image\/","url":"https:\/\/secure.gravatar.com\/avatar\/36156ca0fa3b8d9d25174f146e16beea0cf28f37adf1b9e19b6c9c279a7c9dd3?s=96&d=mm&r=g","contentUrl":"https:\/\/secure.gravatar.com\/avatar\/36156ca0fa3b8d9d25174f146e16beea0cf28f37adf1b9e19b6c9c279a7c9dd3?s=96&d=mm&r=g","caption":"admin"},"sameAs":["https:\/\/president-ksgov.net"]}]}},"_links":{"self":[{"href":"https:\/\/president-ksgov.net\/sr\/wp-json\/wp\/v2\/posts\/76893","targetHints":{"allow":["GET"]}}],"collection":[{"href":"https:\/\/president-ksgov.net\/sr\/wp-json\/wp\/v2\/posts"}],"about":[{"href":"https:\/\/president-ksgov.net\/sr\/wp-json\/wp\/v2\/types\/post"}],"author":[{"embeddable":true,"href":"https:\/\/president-ksgov.net\/sr\/wp-json\/wp\/v2\/users\/1"}],"replies":[{"embeddable":true,"href":"https:\/\/president-ksgov.net\/sr\/wp-json\/wp\/v2\/comments?post=76893"}],"version-history":[{"count":0,"href":"https:\/\/president-ksgov.net\/sr\/wp-json\/wp\/v2\/posts\/76893\/revisions"}],"wp:featuredmedia":[{"embeddable":true,"href":"https:\/\/president-ksgov.net\/sr\/wp-json\/wp\/v2\/media\/34673"}],"wp:attachment":[{"href":"https:\/\/president-ksgov.net\/sr\/wp-json\/wp\/v2\/media?parent=76893"}],"wp:term":[{"taxonomy":"category","embeddable":true,"href":"https:\/\/president-ksgov.net\/sr\/wp-json\/wp\/v2\/categories?post=76893"},{"taxonomy":"post_tag","embeddable":true,"href":"https:\/\/president-ksgov.net\/sr\/wp-json\/wp\/v2\/tags?post=76893"}],"curies":[{"name":"wp","href":"https:\/\/api.w.org\/{rel}","templated":true}]}}