{"id":76885,"date":"2016-04-15T16:27:10","date_gmt":"2016-04-15T16:27:10","guid":{"rendered":"https:\/\/dev.president-ksgov.net\/madjarski-premijer-cestitao-predsedniku-thaci-ju-kae-da-ce-i-tokom-njegovog-mandata-kosovo-nastaviti-putovanje-prema-eu\/"},"modified":"2016-04-15T16:27:10","modified_gmt":"2016-04-15T16:27:10","slug":"madjarski-premijer-cestitao-predsedniku-thaci-ju-kae-da-ce-i-tokom-njegovog-mandata-kosovo-nastaviti-putovanje-prema-eu","status":"publish","type":"post","link":"https:\/\/president-ksgov.net\/sr\/madjarski-premijer-cestitao-predsedniku-thaci-ju-kae-da-ce-i-tokom-njegovog-mandata-kosovo-nastaviti-putovanje-prema-eu\/","title":{"rendered":"Ma\u0111arski premijer \u010destitao predsedniku Tha\u00e7i-ju, ka&#158;e da \u0107e i tokom njegovog mandata Kosovo nastaviti putovanje prema EU"},"content":{"rendered":"<p>Premijer Ma\u0111arske, Viktor Orb\u00e1n, poslao je pismo \u010destitke predsedniku Republike Kosova, Hashim-u Tha\u00e7i-ju, povodom preuzimanja du&#382;nosti &#353;efa dr&#382;ave, u kojem je izrazio njegovu spremnost da tokom Tha\u00e7it-evog mandata kao predsednika, Kosovo nastavi put ka evropskim integracijama.<\/p>\n<p>Ovo je pismo \u010destitke koje je ma\u0111arski premijer, Viktor Orb\u00e1n, poslao predsedniku\u00a0 Hashim-u Tha\u00e7i-ju:<\/p>\n<p>Njegovoj ekselenciji, Hashim-u Tha\u00e7i-ju<\/p>\n<p>Predsedniku Republike Kosova<\/p>\n<p>Va&#353;a ekselencijo,<\/p>\n<p>Dozvolite mi da vam izrazim moje najiskrenije \u010destitke na va&#353;em izboru za predsednika Republike Kosova. <\/p>\n<p>Ube\u0111eno verujem da \u0107e i tokom va&#353;eg mandata Kosovo nastaviti svojim putem prema evropskim integracijama, a obe\u0107avamo vam da \u0107emo tome ostati posve\u0107eni i da \u0107emo nastaviti da vas podr&#382;avamo. Oslanjaju\u0107i se na na&#353;u uspe&#353;nu saradnju, srda\u010dno o\u010dekujem rad sa vama.\u00a0 <\/p>\n<p>Ekselencijo, &#382;ele\u0107i vam zdravlje i uspeha na va&#353;oj veoma odgovornoj du&#382;nosti, molim vas da primite moje duboko po&#353;tovanje. <\/p>\n<p>Iskreno va&#353;, <\/p>\n<p>Viktor Orban<br \/>\nPremijer Ma\u0111arske<\/p>\n","protected":false},"excerpt":{"rendered":"<p>Premijer Ma\u0111arske, Viktor Orb\u00e1n, poslao je pismo \u010destitke predsedniku Republike Kosova, Hashim-u Tha\u00e7i-ju, povodom preuzimanja du&#382;nosti &#353;efa dr&#382;ave, u kojem je izrazio njegovu spremnost da tokom Tha\u00e7it-evog mandata kao predsednika, Kosovo nastavi put ka evropskim integracijama.<\/p>\n","protected":false},"author":1,"featured_media":34642,"comment_status":"open","ping_status":"closed","sticky":false,"template":"","format":"standard","meta":{"_eb_attr":"","footnotes":""},"categories":[101],"tags":[],"class_list":["post-76885","post","type-post","status-publish","format-standard","has-post-thumbnail","hentry","category-vesti"],"yoast_head":"<!-- This site is optimized with the Yoast SEO plugin v23.5 - https:\/\/yoast.com\/wordpress\/plugins\/seo\/ -->\n<title>Ma\u0111arski premijer \u010destitao predsedniku Tha\u00e7i-ju, ka&#158;e da \u0107e i tokom njegovog mandata Kosovo nastaviti putovanje prema EU - Predsednik Republike Kosovo - DR. VJOSA OSMANI - SADRIU<\/title>\n<meta name=\"description\" content=\"Ma\u0111arski premijer \u010destitao predsedniku Tha\u00e7i-ju, ka&#158;e da \u0107e i tokom njegovog mandata Kosovo nastaviti putovanje prema EU - Predsednik Republike Kosovo - DR. VJOSA OSMANI - SADRIU -\" \/>\n<meta name=\"robots\" content=\"index, follow, max-snippet:-1, max-image-preview:large, max-video-preview:-1\" \/>\n<link rel=\"canonical\" href=\"https:\/\/president-ksgov.net\/kryeministri-hungarez-uron-presidentin-thaci-thote-se-gjate-mandatit-te-thacit-kosova-do-te-vazhdoje-rrugetimin-drejt-be-se\/\" \/>\n<meta property=\"og:locale\" content=\"sr_RS\" \/>\n<meta property=\"og:type\" content=\"article\" \/>\n<meta property=\"og:title\" content=\"Ma\u0111arski premijer \u010destitao predsedniku Tha\u00e7i-ju, ka&#158;e da \u0107e i tokom njegovog mandata Kosovo nastaviti putovanje prema EU - Predsednik Republike Kosovo - DR. VJOSA OSMANI - SADRIU\" \/>\n<meta property=\"og:description\" content=\"Ma\u0111arski premijer \u010destitao predsedniku Tha\u00e7i-ju, ka&#158;e da \u0107e i tokom njegovog mandata Kosovo nastaviti putovanje prema EU - Predsednik Republike Kosovo - DR. VJOSA OSMANI - SADRIU -\" \/>\n<meta property=\"og:url\" content=\"https:\/\/president-ksgov.net\/kryeministri-hungarez-uron-presidentin-thaci-thote-se-gjate-mandatit-te-thacit-kosova-do-te-vazhdoje-rrugetimin-drejt-be-se\/\" \/>\n<meta property=\"og:site_name\" content=\"Predsednik Republike Kosovo - DR. VJOSA OSMANI - SADRIU\" \/>\n<meta property=\"article:published_time\" content=\"2016-04-15T16:27:10+00:00\" \/>\n<meta property=\"og:image\" content=\"https:\/\/president-ksgov.net\/wp-content\/uploads\/15_04_2016_1704876_ilustrimi_te_hungarezi.jpg\" \/>\n\t<meta property=\"og:image:width\" content=\"690\" \/>\n\t<meta property=\"og:image:height\" content=\"350\" \/>\n\t<meta property=\"og:image:type\" content=\"image\/jpeg\" \/>\n<meta name=\"author\" content=\"admin\" \/>\n<meta name=\"twitter:card\" content=\"summary_large_image\" \/>\n<meta name=\"twitter:label1\" content=\"\u041d\u0430\u043f\u0438\u0441\u0430\u043d\u043e \u043e\u0434\" \/>\n\t<meta name=\"twitter:data1\" content=\"admin\" \/>\n\t<meta name=\"twitter:label2\" content=\"\u041f\u0440\u043e\u0446\u0435\u045a\u0435\u043d\u043e \u0432\u0440\u0435\u043c\u0435 \u0447\u0438\u0442\u0430\u045a\u0430\" \/>\n\t<meta name=\"twitter:data2\" content=\"1 \u043c\u0438\u043d\u0443\u0442\" \/>\n<script type=\"application\/ld+json\" class=\"yoast-schema-graph\">{\"@context\":\"https:\/\/schema.org\",\"@graph\":[{\"@type\":\"WebPage\",\"@id\":\"https:\/\/president-ksgov.net\/kryeministri-hungarez-uron-presidentin-thaci-thote-se-gjate-mandatit-te-thacit-kosova-do-te-vazhdoje-rrugetimin-drejt-be-se\/\",\"url\":\"https:\/\/president-ksgov.net\/kryeministri-hungarez-uron-presidentin-thaci-thote-se-gjate-mandatit-te-thacit-kosova-do-te-vazhdoje-rrugetimin-drejt-be-se\/\",\"name\":\"Ma\u0111arski premijer \u010destitao predsedniku Tha\u00e7i-ju, ka&#158;e da \u0107e i tokom njegovog mandata Kosovo nastaviti putovanje prema EU - Predsednik Republike Kosovo - DR. VJOSA OSMANI - SADRIU\",\"isPartOf\":{\"@id\":\"https:\/\/president-ksgov.net\/#website\"},\"primaryImageOfPage\":{\"@id\":\"https:\/\/president-ksgov.net\/kryeministri-hungarez-uron-presidentin-thaci-thote-se-gjate-mandatit-te-thacit-kosova-do-te-vazhdoje-rrugetimin-drejt-be-se\/#primaryimage\"},\"image\":{\"@id\":\"https:\/\/president-ksgov.net\/kryeministri-hungarez-uron-presidentin-thaci-thote-se-gjate-mandatit-te-thacit-kosova-do-te-vazhdoje-rrugetimin-drejt-be-se\/#primaryimage\"},\"thumbnailUrl\":\"https:\/\/president-ksgov.net\/wp-content\/uploads\/15_04_2016_1704876_ilustrimi_te_hungarezi.jpg\",\"datePublished\":\"2016-04-15T16:27:10+00:00\",\"dateModified\":\"2016-04-15T16:27:10+00:00\",\"author\":{\"@id\":\"https:\/\/president-ksgov.net\/#\/schema\/person\/bb4337a5fb147cb2046d80548172cbee\"},\"description\":\"Ma\u0111arski premijer \u010destitao predsedniku Tha\u00e7i-ju, ka&#158;e da \u0107e i tokom njegovog mandata Kosovo nastaviti putovanje prema EU - Predsednik Republike Kosovo - DR. VJOSA OSMANI - SADRIU -\",\"breadcrumb\":{\"@id\":\"https:\/\/president-ksgov.net\/kryeministri-hungarez-uron-presidentin-thaci-thote-se-gjate-mandatit-te-thacit-kosova-do-te-vazhdoje-rrugetimin-drejt-be-se\/#breadcrumb\"},\"inLanguage\":\"sr-RS\",\"potentialAction\":[{\"@type\":\"ReadAction\",\"target\":[\"https:\/\/president-ksgov.net\/kryeministri-hungarez-uron-presidentin-thaci-thote-se-gjate-mandatit-te-thacit-kosova-do-te-vazhdoje-rrugetimin-drejt-be-se\/\"]}]},{\"@type\":\"ImageObject\",\"inLanguage\":\"sr-RS\",\"@id\":\"https:\/\/president-ksgov.net\/kryeministri-hungarez-uron-presidentin-thaci-thote-se-gjate-mandatit-te-thacit-kosova-do-te-vazhdoje-rrugetimin-drejt-be-se\/#primaryimage\",\"url\":\"https:\/\/president-ksgov.net\/wp-content\/uploads\/15_04_2016_1704876_ilustrimi_te_hungarezi.jpg\",\"contentUrl\":\"https:\/\/president-ksgov.net\/wp-content\/uploads\/15_04_2016_1704876_ilustrimi_te_hungarezi.jpg\",\"width\":690,\"height\":350},{\"@type\":\"BreadcrumbList\",\"@id\":\"https:\/\/president-ksgov.net\/kryeministri-hungarez-uron-presidentin-thaci-thote-se-gjate-mandatit-te-thacit-kosova-do-te-vazhdoje-rrugetimin-drejt-be-se\/#breadcrumb\",\"itemListElement\":[{\"@type\":\"ListItem\",\"position\":1,\"name\":\"Home\",\"item\":\"https:\/\/president-ksgov.net\/sr\/\"},{\"@type\":\"ListItem\",\"position\":2,\"name\":\"Ma\u0111arski premijer \u010destitao predsedniku Tha\u00e7i-ju, ka&#158;e da \u0107e i tokom njegovog mandata Kosovo nastaviti putovanje prema EU\"}]},{\"@type\":\"WebSite\",\"@id\":\"https:\/\/president-ksgov.net\/#website\",\"url\":\"https:\/\/president-ksgov.net\/\",\"name\":\"Presidente e Republik\u00ebs s\u00eb Kosov\u00ebs\",\"description\":\"Presidente e Republik\u00ebs s\u00eb Kosov\u00ebs\",\"alternateName\":\"DR. VJOSA OSMANI - SADRIU\",\"potentialAction\":[{\"@type\":\"SearchAction\",\"target\":{\"@type\":\"EntryPoint\",\"urlTemplate\":\"https:\/\/president-ksgov.net\/?s={search_term_string}\"},\"query-input\":{\"@type\":\"PropertyValueSpecification\",\"valueRequired\":true,\"valueName\":\"search_term_string\"}}],\"inLanguage\":\"sr-RS\"},{\"@type\":\"Person\",\"@id\":\"https:\/\/president-ksgov.net\/#\/schema\/person\/bb4337a5fb147cb2046d80548172cbee\",\"name\":\"admin\",\"image\":{\"@type\":\"ImageObject\",\"inLanguage\":\"sr-RS\",\"@id\":\"https:\/\/president-ksgov.net\/#\/schema\/person\/image\/\",\"url\":\"https:\/\/secure.gravatar.com\/avatar\/36156ca0fa3b8d9d25174f146e16beea0cf28f37adf1b9e19b6c9c279a7c9dd3?s=96&d=mm&r=g\",\"contentUrl\":\"https:\/\/secure.gravatar.com\/avatar\/36156ca0fa3b8d9d25174f146e16beea0cf28f37adf1b9e19b6c9c279a7c9dd3?s=96&d=mm&r=g\",\"caption\":\"admin\"},\"sameAs\":[\"https:\/\/president-ksgov.net\"]}]}<\/script>\n<!-- \/ Yoast SEO plugin. -->","yoast_head_json":{"title":"Ma\u0111arski premijer \u010destitao predsedniku Tha\u00e7i-ju, ka&#158;e da \u0107e i tokom njegovog mandata Kosovo nastaviti putovanje prema EU - Predsednik Republike Kosovo - DR. VJOSA OSMANI - SADRIU","description":"Ma\u0111arski premijer \u010destitao predsedniku Tha\u00e7i-ju, ka&#158;e da \u0107e i tokom njegovog mandata Kosovo nastaviti putovanje prema EU - Predsednik Republike Kosovo - DR. VJOSA OSMANI - SADRIU -","robots":{"index":"index","follow":"follow","max-snippet":"max-snippet:-1","max-image-preview":"max-image-preview:large","max-video-preview":"max-video-preview:-1"},"canonical":"https:\/\/president-ksgov.net\/kryeministri-hungarez-uron-presidentin-thaci-thote-se-gjate-mandatit-te-thacit-kosova-do-te-vazhdoje-rrugetimin-drejt-be-se\/","og_locale":"sr_RS","og_type":"article","og_title":"Ma\u0111arski premijer \u010destitao predsedniku Tha\u00e7i-ju, ka&#158;e da \u0107e i tokom njegovog mandata Kosovo nastaviti putovanje prema EU - Predsednik Republike Kosovo - DR. VJOSA OSMANI - SADRIU","og_description":"Ma\u0111arski premijer \u010destitao predsedniku Tha\u00e7i-ju, ka&#158;e da \u0107e i tokom njegovog mandata Kosovo nastaviti putovanje prema EU - Predsednik Republike Kosovo - DR. VJOSA OSMANI - SADRIU -","og_url":"https:\/\/president-ksgov.net\/kryeministri-hungarez-uron-presidentin-thaci-thote-se-gjate-mandatit-te-thacit-kosova-do-te-vazhdoje-rrugetimin-drejt-be-se\/","og_site_name":"Predsednik Republike Kosovo - DR. VJOSA OSMANI - SADRIU","article_published_time":"2016-04-15T16:27:10+00:00","og_image":[{"width":690,"height":350,"url":"https:\/\/president-ksgov.net\/wp-content\/uploads\/15_04_2016_1704876_ilustrimi_te_hungarezi.jpg","type":"image\/jpeg"}],"author":"admin","twitter_card":"summary_large_image","twitter_misc":{"\u041d\u0430\u043f\u0438\u0441\u0430\u043d\u043e \u043e\u0434":"admin","\u041f\u0440\u043e\u0446\u0435\u045a\u0435\u043d\u043e \u0432\u0440\u0435\u043c\u0435 \u0447\u0438\u0442\u0430\u045a\u0430":"1 \u043c\u0438\u043d\u0443\u0442"},"schema":{"@context":"https:\/\/schema.org","@graph":[{"@type":"WebPage","@id":"https:\/\/president-ksgov.net\/kryeministri-hungarez-uron-presidentin-thaci-thote-se-gjate-mandatit-te-thacit-kosova-do-te-vazhdoje-rrugetimin-drejt-be-se\/","url":"https:\/\/president-ksgov.net\/kryeministri-hungarez-uron-presidentin-thaci-thote-se-gjate-mandatit-te-thacit-kosova-do-te-vazhdoje-rrugetimin-drejt-be-se\/","name":"Ma\u0111arski premijer \u010destitao predsedniku Tha\u00e7i-ju, ka&#158;e da \u0107e i tokom njegovog mandata Kosovo nastaviti putovanje prema EU - Predsednik Republike Kosovo - DR. VJOSA OSMANI - SADRIU","isPartOf":{"@id":"https:\/\/president-ksgov.net\/#website"},"primaryImageOfPage":{"@id":"https:\/\/president-ksgov.net\/kryeministri-hungarez-uron-presidentin-thaci-thote-se-gjate-mandatit-te-thacit-kosova-do-te-vazhdoje-rrugetimin-drejt-be-se\/#primaryimage"},"image":{"@id":"https:\/\/president-ksgov.net\/kryeministri-hungarez-uron-presidentin-thaci-thote-se-gjate-mandatit-te-thacit-kosova-do-te-vazhdoje-rrugetimin-drejt-be-se\/#primaryimage"},"thumbnailUrl":"https:\/\/president-ksgov.net\/wp-content\/uploads\/15_04_2016_1704876_ilustrimi_te_hungarezi.jpg","datePublished":"2016-04-15T16:27:10+00:00","dateModified":"2016-04-15T16:27:10+00:00","author":{"@id":"https:\/\/president-ksgov.net\/#\/schema\/person\/bb4337a5fb147cb2046d80548172cbee"},"description":"Ma\u0111arski premijer \u010destitao predsedniku Tha\u00e7i-ju, ka&#158;e da \u0107e i tokom njegovog mandata Kosovo nastaviti putovanje prema EU - Predsednik Republike Kosovo - DR. VJOSA OSMANI - SADRIU -","breadcrumb":{"@id":"https:\/\/president-ksgov.net\/kryeministri-hungarez-uron-presidentin-thaci-thote-se-gjate-mandatit-te-thacit-kosova-do-te-vazhdoje-rrugetimin-drejt-be-se\/#breadcrumb"},"inLanguage":"sr-RS","potentialAction":[{"@type":"ReadAction","target":["https:\/\/president-ksgov.net\/kryeministri-hungarez-uron-presidentin-thaci-thote-se-gjate-mandatit-te-thacit-kosova-do-te-vazhdoje-rrugetimin-drejt-be-se\/"]}]},{"@type":"ImageObject","inLanguage":"sr-RS","@id":"https:\/\/president-ksgov.net\/kryeministri-hungarez-uron-presidentin-thaci-thote-se-gjate-mandatit-te-thacit-kosova-do-te-vazhdoje-rrugetimin-drejt-be-se\/#primaryimage","url":"https:\/\/president-ksgov.net\/wp-content\/uploads\/15_04_2016_1704876_ilustrimi_te_hungarezi.jpg","contentUrl":"https:\/\/president-ksgov.net\/wp-content\/uploads\/15_04_2016_1704876_ilustrimi_te_hungarezi.jpg","width":690,"height":350},{"@type":"BreadcrumbList","@id":"https:\/\/president-ksgov.net\/kryeministri-hungarez-uron-presidentin-thaci-thote-se-gjate-mandatit-te-thacit-kosova-do-te-vazhdoje-rrugetimin-drejt-be-se\/#breadcrumb","itemListElement":[{"@type":"ListItem","position":1,"name":"Home","item":"https:\/\/president-ksgov.net\/sr\/"},{"@type":"ListItem","position":2,"name":"Ma\u0111arski premijer \u010destitao predsedniku Tha\u00e7i-ju, ka&#158;e da \u0107e i tokom njegovog mandata Kosovo nastaviti putovanje prema EU"}]},{"@type":"WebSite","@id":"https:\/\/president-ksgov.net\/#website","url":"https:\/\/president-ksgov.net\/","name":"Presidente e Republik\u00ebs s\u00eb Kosov\u00ebs","description":"Presidente e Republik\u00ebs s\u00eb Kosov\u00ebs","alternateName":"DR. VJOSA OSMANI - SADRIU","potentialAction":[{"@type":"SearchAction","target":{"@type":"EntryPoint","urlTemplate":"https:\/\/president-ksgov.net\/?s={search_term_string}"},"query-input":{"@type":"PropertyValueSpecification","valueRequired":true,"valueName":"search_term_string"}}],"inLanguage":"sr-RS"},{"@type":"Person","@id":"https:\/\/president-ksgov.net\/#\/schema\/person\/bb4337a5fb147cb2046d80548172cbee","name":"admin","image":{"@type":"ImageObject","inLanguage":"sr-RS","@id":"https:\/\/president-ksgov.net\/#\/schema\/person\/image\/","url":"https:\/\/secure.gravatar.com\/avatar\/36156ca0fa3b8d9d25174f146e16beea0cf28f37adf1b9e19b6c9c279a7c9dd3?s=96&d=mm&r=g","contentUrl":"https:\/\/secure.gravatar.com\/avatar\/36156ca0fa3b8d9d25174f146e16beea0cf28f37adf1b9e19b6c9c279a7c9dd3?s=96&d=mm&r=g","caption":"admin"},"sameAs":["https:\/\/president-ksgov.net"]}]}},"_links":{"self":[{"href":"https:\/\/president-ksgov.net\/sr\/wp-json\/wp\/v2\/posts\/76885","targetHints":{"allow":["GET"]}}],"collection":[{"href":"https:\/\/president-ksgov.net\/sr\/wp-json\/wp\/v2\/posts"}],"about":[{"href":"https:\/\/president-ksgov.net\/sr\/wp-json\/wp\/v2\/types\/post"}],"author":[{"embeddable":true,"href":"https:\/\/president-ksgov.net\/sr\/wp-json\/wp\/v2\/users\/1"}],"replies":[{"embeddable":true,"href":"https:\/\/president-ksgov.net\/sr\/wp-json\/wp\/v2\/comments?post=76885"}],"version-history":[{"count":0,"href":"https:\/\/president-ksgov.net\/sr\/wp-json\/wp\/v2\/posts\/76885\/revisions"}],"wp:featuredmedia":[{"embeddable":true,"href":"https:\/\/president-ksgov.net\/sr\/wp-json\/wp\/v2\/media\/34642"}],"wp:attachment":[{"href":"https:\/\/president-ksgov.net\/sr\/wp-json\/wp\/v2\/media?parent=76885"}],"wp:term":[{"taxonomy":"category","embeddable":true,"href":"https:\/\/president-ksgov.net\/sr\/wp-json\/wp\/v2\/categories?post=76885"},{"taxonomy":"post_tag","embeddable":true,"href":"https:\/\/president-ksgov.net\/sr\/wp-json\/wp\/v2\/tags?post=76885"}],"curies":[{"name":"wp","href":"https:\/\/api.w.org\/{rel}","templated":true}]}}