{"id":76882,"date":"2016-04-14T11:19:07","date_gmt":"2016-04-14T11:19:07","guid":{"rendered":"https:\/\/dev.president-ksgov.net\/thaci-za-francuske-medije-ja-sam-predsednik-zemlje-koja-je-dala-majku-terezu\/"},"modified":"2016-04-14T11:19:07","modified_gmt":"2016-04-14T11:19:07","slug":"thaci-za-francuske-medije-ja-sam-predsednik-zemlje-koja-je-dala-majku-terezu","status":"publish","type":"post","link":"https:\/\/president-ksgov.net\/sr\/thaci-za-francuske-medije-ja-sam-predsednik-zemlje-koja-je-dala-majku-terezu\/","title":{"rendered":"Tha\u00e7i za francuske medije: Ja sam predsednik zemlje koja je dala &#147;Majku Terezu&#148;"},"content":{"rendered":"<p>Pariz, 14. april 2016, godine &#8211; Predsednik Kosova, Hashim Tha\u00e7i, prvi intervju za me\u0111unarodne medije je dao poznatom francuskom novinaru, Harold-u Hyman-u, koji je do kasno rukovodio jednom od najgledanijih emisija u Francuskoj, na BFM televiziji.<\/p>\n<p>U ovom ekskluzivnom intervjuu, Hyman je u po\u010detku napravio profil novog predsednika Kosova.<br \/>\n\u00a0<br \/>\n&#8220;Hashim Tha\u00e7i, \u010dovek koji je odmerenih re\u010di, upravlja najkomoleksnijom dr&#382;avom na Balkanu, Republikom Kosovo, koja je ro\u0111ena 2008. godine, samoprogla&#353;ena uz ameri\u010dki, francuski, britanski, nema\u010dki, kanadski i takore\u0107i uz blagoslov skoro svih dr&#382;ava \u010dlanica NATO-a&#8220;, pi&#353;e francuski novinar.<br \/>\n\u00a0<br \/>\nOn pi&#353;e da je predsednika Republike Kosova odabrala Skup&#353;tina, u dr&#382;avi sa polu- predsedni\u010dkim sistemom. &#8220;Hashim-a Tha\u00e7i-ja ve\u0107 dugo vreme odugovla\u010di optu&#382;ba za trgovinu organima srpskih zatvorenika tokom rata, ali nijedan tu&#382;ilac ga nije optu&#382;io i ova polemika je sada okon\u010dana&#8220;, pi&#353;e novinar Hyman.<\/p>\n<p>Hyman pi&#353;e da srpska dr&#382;ava minira pribli&#382;avanje napretka Kosova u me\u0111unarodnom okrugu, putem jedne duge i te&#353;ke borbe, koja ometa obe dr&#382;ave na njihovom putovanju prema EU. <\/p>\n<p>U intervjuu za poznatog francuskog novinara, predsednik\u00a0 Tha\u00e7i je govorio i o njegovim prioritetima kao predsednika Republike Kosova o odnosima sa EU, o verskom su&#382;ivotu i normalizaciji odnosa sa Srbijom. <\/p>\n<p>Govore\u0107i o njegovim prioritetima kao predsednika Kosova, Tha\u00e7i je naglasio da \u0107e slu&#382;iti u skladu sa Ustavom Republike Kosova, da \u0107e odigrati ulogu ujedinitelja na politi\u010dkoj i dru&#353;tvenoj sceni, radi dobrobiti svih gra\u0111ana Kosova. <\/p>\n<p>&#8222;Vr&#353;i\u0107u moje du&#382;nosti odgovorno. Predstavljaju\u0107i Kosovo u me\u0111unarodnoj areni, ohrabruju\u0107i socio- ekonomski razvoj i demokratske promene. Ovo \u0107e biti poglavlje mog anga&#382;ovanju kako bi Kosovo poslao u NATO i u EU&#8220;, rekao je Tha\u00e7i.<\/p>\n<p>Upitan o predrasudama koje postoje u Francuskoj o Albancima, Tha\u00e7i je naglasio da je francuski narod podr&#382;ao kosovske gra\u0111ane u razli\u010ditim periodima. Upravo je ovaj narod podr&#382;ao NATO bombardovanje i solidarisao se sa gra\u0111anima Kosova 1998- 1999. godine i podr&#382;ao je svoju Vladu da prizna nezavisnost Kosova&#8220;, dodao je on.<br \/>\n\u00a0<br \/>\nPredsednik Tha\u00e7i je rekao da \u0107e negovati ovu tradicionalnu i sjajnu saradnju, izme\u0111u kosovskog i francuskog naroda. &#8222;Na kraju krajeva, i Kosovo \u0107e biti deo ove velike politi\u010dke porodice i sigurnosti, kao &#353;to su Francuska i osniva\u010di NATO-a i Evropske unije&#8220;, dodao je on.<\/p>\n<p>Upitan je i o procesu normalizacije odnosa i pomirenju izme\u0111u Kosova i Srbije. Po njegovom mi&#353;ljenju, nema\u010dko- francuski model \u0107e biti te&#353;ko sprovodljiv. <\/p>\n<p>&#8222;Me\u0111unarodnici \u010desto uzimaju i u obzir franko- nema\u010dku pro&#353;lost i njihovo pomirenje, ali na &#382;alost ni Kosovari ni Srbi nemaju svetle misli kao Balzak i Gete. Ja poti\u010dem iz zemlja koja je poradila li\u010dnost kao &#353;to je Majka Tereza, koja je donela samo vrednosti, ljubav, po&#353;tovanje i razumevanje&#8220;, novinar Hyman je citirao predsednika Tha\u00e7i-ja.<br \/>\n\u00a0<br \/>\nRegion u\u00a0 NATO-u<br \/>\n\u00a0<br \/>\nPredsednik Tha\u00e7i je prokomentarisao i poziv NATO-a Crnoj Gori. Ocenio ga je kao sjajnu vest za region, jer predstavlja rasprostiranje evropskih vrednosti u na&#353;em turbulentnom regionu Balkana. <\/p>\n<p>&#8222;Dakle, Kosovo potpuno podr&#382;ava u\u010dlanjivanje Crne Gore u NATO, onako kako i mi radimo radi u\u010dlanjenja u NATO i EU, u bliskoj budu\u0107nosti. Stabilan mir i sigurnost na Balkanu \u0107e se uspostaviti onda kada sve dr&#382;ave regiona postanu \u010dlanice NATO-a&#8220;, dodao je on.<br \/>\n\u00a0<br \/>\nVerski su&#382;ivot na Kosovu<br \/>\n\u00a0<br \/>\nPredsednik Tha\u00e7i je u ovom intervjuu rekao da je Kosovo dr&#382;ava i otad&#382;bina svih njegovih gra\u0111ana, bez njihove etni\u010dke ili verske pripadnosti.<\/p>\n","protected":false},"excerpt":{"rendered":"<p>Pariz, 14. april 2016, godine &#8211; Predsednik Kosova, Hashim Tha\u00e7i, prvi intervju za me\u0111unarodne medije je dao poznatom francuskom novinaru, Harold-u Hyman-u, koji je do kasno rukovodio jednom od najgledanijih emisija u Francuskoj, na BFM televiziji.<\/p>\n","protected":false},"author":1,"featured_media":86338,"comment_status":"open","ping_status":"closed","sticky":false,"template":"","format":"standard","meta":{"_eb_attr":"","footnotes":""},"categories":[104],"tags":[],"class_list":["post-76882","post","type-post","status-publish","format-standard","has-post-thumbnail","hentry","category-intervjui"],"yoast_head":"<!-- This site is optimized with the Yoast SEO plugin v23.5 - https:\/\/yoast.com\/wordpress\/plugins\/seo\/ -->\n<title>Tha\u00e7i za francuske medije: Ja sam predsednik zemlje koja je dala &#147;Majku Terezu&#148; - Predsednik Republike Kosovo - DR. VJOSA OSMANI - SADRIU<\/title>\n<meta name=\"description\" content=\"Tha\u00e7i za francuske medije: Ja sam predsednik zemlje koja je dala &#147;Majku Terezu&#148; - Predsednik Republike Kosovo - DR. VJOSA OSMANI - SADRIU -\" \/>\n<meta name=\"robots\" content=\"index, follow, max-snippet:-1, max-image-preview:large, max-video-preview:-1\" \/>\n<link rel=\"canonical\" href=\"https:\/\/president-ksgov.net\/sr\/thaci-za-francuske-medije-ja-sam-predsednik-zemlje-koja-je-dala-majku-terezu\/\" \/>\n<meta property=\"og:locale\" content=\"sr_RS\" \/>\n<meta property=\"og:type\" content=\"article\" \/>\n<meta property=\"og:title\" content=\"Tha\u00e7i za francuske medije: Ja sam predsednik zemlje koja je dala &#147;Majku Terezu&#148; - Predsednik Republike Kosovo - DR. VJOSA OSMANI - SADRIU\" \/>\n<meta property=\"og:description\" content=\"Tha\u00e7i za francuske medije: Ja sam predsednik zemlje koja je dala &#147;Majku Terezu&#148; - Predsednik Republike Kosovo - DR. VJOSA OSMANI - SADRIU -\" \/>\n<meta property=\"og:url\" content=\"https:\/\/president-ksgov.net\/sr\/thaci-za-francuske-medije-ja-sam-predsednik-zemlje-koja-je-dala-majku-terezu\/\" \/>\n<meta property=\"og:site_name\" content=\"Predsednik Republike Kosovo - DR. VJOSA OSMANI - SADRIU\" \/>\n<meta property=\"article:published_time\" content=\"2016-04-14T11:19:07+00:00\" \/>\n<meta property=\"og:image\" content=\"https:\/\/president-ksgov.net\/wp-content\/uploads\/Zyra-e-Presidentes-Featured-Image1-e1678970937938.png\" \/>\n\t<meta property=\"og:image:width\" content=\"1024\" \/>\n\t<meta property=\"og:image:height\" content=\"716\" \/>\n\t<meta property=\"og:image:type\" content=\"image\/png\" \/>\n<meta name=\"author\" content=\"admin\" \/>\n<meta name=\"twitter:card\" content=\"summary_large_image\" \/>\n<meta name=\"twitter:label1\" content=\"\u041d\u0430\u043f\u0438\u0441\u0430\u043d\u043e \u043e\u0434\" \/>\n\t<meta name=\"twitter:data1\" content=\"admin\" \/>\n\t<meta name=\"twitter:label2\" content=\"\u041f\u0440\u043e\u0446\u0435\u045a\u0435\u043d\u043e \u0432\u0440\u0435\u043c\u0435 \u0447\u0438\u0442\u0430\u045a\u0430\" \/>\n\t<meta name=\"twitter:data2\" content=\"3 \u043c\u0438\u043d\u0443\u0442\u0430\" \/>\n<script type=\"application\/ld+json\" class=\"yoast-schema-graph\">{\"@context\":\"https:\/\/schema.org\",\"@graph\":[{\"@type\":\"WebPage\",\"@id\":\"https:\/\/president-ksgov.net\/sr\/thaci-za-francuske-medije-ja-sam-predsednik-zemlje-koja-je-dala-majku-terezu\/\",\"url\":\"https:\/\/president-ksgov.net\/sr\/thaci-za-francuske-medije-ja-sam-predsednik-zemlje-koja-je-dala-majku-terezu\/\",\"name\":\"Tha\u00e7i za francuske medije: Ja sam predsednik zemlje koja je dala &#147;Majku Terezu&#148; - Predsednik Republike Kosovo - DR. VJOSA OSMANI - SADRIU\",\"isPartOf\":{\"@id\":\"https:\/\/president-ksgov.net\/#website\"},\"primaryImageOfPage\":{\"@id\":\"https:\/\/president-ksgov.net\/sr\/thaci-za-francuske-medije-ja-sam-predsednik-zemlje-koja-je-dala-majku-terezu\/#primaryimage\"},\"image\":{\"@id\":\"https:\/\/president-ksgov.net\/sr\/thaci-za-francuske-medije-ja-sam-predsednik-zemlje-koja-je-dala-majku-terezu\/#primaryimage\"},\"thumbnailUrl\":\"https:\/\/president-ksgov.net\/wp-content\/uploads\/Zyra-e-Presidentes-Featured-Image1-e1678970937938.png\",\"datePublished\":\"2016-04-14T11:19:07+00:00\",\"dateModified\":\"2016-04-14T11:19:07+00:00\",\"author\":{\"@id\":\"https:\/\/president-ksgov.net\/#\/schema\/person\/bb4337a5fb147cb2046d80548172cbee\"},\"description\":\"Tha\u00e7i za francuske medije: Ja sam predsednik zemlje koja je dala &#147;Majku Terezu&#148; - Predsednik Republike Kosovo - DR. VJOSA OSMANI - SADRIU -\",\"breadcrumb\":{\"@id\":\"https:\/\/president-ksgov.net\/sr\/thaci-za-francuske-medije-ja-sam-predsednik-zemlje-koja-je-dala-majku-terezu\/#breadcrumb\"},\"inLanguage\":\"sr-RS\",\"potentialAction\":[{\"@type\":\"ReadAction\",\"target\":[\"https:\/\/president-ksgov.net\/sr\/thaci-za-francuske-medije-ja-sam-predsednik-zemlje-koja-je-dala-majku-terezu\/\"]}]},{\"@type\":\"ImageObject\",\"inLanguage\":\"sr-RS\",\"@id\":\"https:\/\/president-ksgov.net\/sr\/thaci-za-francuske-medije-ja-sam-predsednik-zemlje-koja-je-dala-majku-terezu\/#primaryimage\",\"url\":\"https:\/\/president-ksgov.net\/wp-content\/uploads\/Zyra-e-Presidentes-Featured-Image1-e1678970937938.png\",\"contentUrl\":\"https:\/\/president-ksgov.net\/wp-content\/uploads\/Zyra-e-Presidentes-Featured-Image1-e1678970937938.png\",\"width\":1024,\"height\":716},{\"@type\":\"BreadcrumbList\",\"@id\":\"https:\/\/president-ksgov.net\/sr\/thaci-za-francuske-medije-ja-sam-predsednik-zemlje-koja-je-dala-majku-terezu\/#breadcrumb\",\"itemListElement\":[{\"@type\":\"ListItem\",\"position\":1,\"name\":\"Home\",\"item\":\"https:\/\/president-ksgov.net\/sr\/\"},{\"@type\":\"ListItem\",\"position\":2,\"name\":\"Tha\u00e7i za francuske medije: Ja sam predsednik zemlje koja je dala &#147;Majku Terezu&#148;\"}]},{\"@type\":\"WebSite\",\"@id\":\"https:\/\/president-ksgov.net\/#website\",\"url\":\"https:\/\/president-ksgov.net\/\",\"name\":\"Presidente e Republik\u00ebs s\u00eb Kosov\u00ebs\",\"description\":\"Presidente e Republik\u00ebs s\u00eb Kosov\u00ebs\",\"alternateName\":\"DR. VJOSA OSMANI - SADRIU\",\"potentialAction\":[{\"@type\":\"SearchAction\",\"target\":{\"@type\":\"EntryPoint\",\"urlTemplate\":\"https:\/\/president-ksgov.net\/?s={search_term_string}\"},\"query-input\":{\"@type\":\"PropertyValueSpecification\",\"valueRequired\":true,\"valueName\":\"search_term_string\"}}],\"inLanguage\":\"sr-RS\"},{\"@type\":\"Person\",\"@id\":\"https:\/\/president-ksgov.net\/#\/schema\/person\/bb4337a5fb147cb2046d80548172cbee\",\"name\":\"admin\",\"image\":{\"@type\":\"ImageObject\",\"inLanguage\":\"sr-RS\",\"@id\":\"https:\/\/president-ksgov.net\/#\/schema\/person\/image\/\",\"url\":\"https:\/\/secure.gravatar.com\/avatar\/36156ca0fa3b8d9d25174f146e16beea0cf28f37adf1b9e19b6c9c279a7c9dd3?s=96&d=mm&r=g\",\"contentUrl\":\"https:\/\/secure.gravatar.com\/avatar\/36156ca0fa3b8d9d25174f146e16beea0cf28f37adf1b9e19b6c9c279a7c9dd3?s=96&d=mm&r=g\",\"caption\":\"admin\"},\"sameAs\":[\"https:\/\/president-ksgov.net\"]}]}<\/script>\n<!-- \/ Yoast SEO plugin. -->","yoast_head_json":{"title":"Tha\u00e7i za francuske medije: Ja sam predsednik zemlje koja je dala &#147;Majku Terezu&#148; - Predsednik Republike Kosovo - DR. VJOSA OSMANI - SADRIU","description":"Tha\u00e7i za francuske medije: Ja sam predsednik zemlje koja je dala &#147;Majku Terezu&#148; - Predsednik Republike Kosovo - DR. VJOSA OSMANI - SADRIU -","robots":{"index":"index","follow":"follow","max-snippet":"max-snippet:-1","max-image-preview":"max-image-preview:large","max-video-preview":"max-video-preview:-1"},"canonical":"https:\/\/president-ksgov.net\/sr\/thaci-za-francuske-medije-ja-sam-predsednik-zemlje-koja-je-dala-majku-terezu\/","og_locale":"sr_RS","og_type":"article","og_title":"Tha\u00e7i za francuske medije: Ja sam predsednik zemlje koja je dala &#147;Majku Terezu&#148; - Predsednik Republike Kosovo - DR. VJOSA OSMANI - SADRIU","og_description":"Tha\u00e7i za francuske medije: Ja sam predsednik zemlje koja je dala &#147;Majku Terezu&#148; - Predsednik Republike Kosovo - DR. VJOSA OSMANI - SADRIU -","og_url":"https:\/\/president-ksgov.net\/sr\/thaci-za-francuske-medije-ja-sam-predsednik-zemlje-koja-je-dala-majku-terezu\/","og_site_name":"Predsednik Republike Kosovo - DR. VJOSA OSMANI - SADRIU","article_published_time":"2016-04-14T11:19:07+00:00","og_image":[{"width":1024,"height":716,"url":"https:\/\/president-ksgov.net\/wp-content\/uploads\/Zyra-e-Presidentes-Featured-Image1-e1678970937938.png","type":"image\/png"}],"author":"admin","twitter_card":"summary_large_image","twitter_misc":{"\u041d\u0430\u043f\u0438\u0441\u0430\u043d\u043e \u043e\u0434":"admin","\u041f\u0440\u043e\u0446\u0435\u045a\u0435\u043d\u043e \u0432\u0440\u0435\u043c\u0435 \u0447\u0438\u0442\u0430\u045a\u0430":"3 \u043c\u0438\u043d\u0443\u0442\u0430"},"schema":{"@context":"https:\/\/schema.org","@graph":[{"@type":"WebPage","@id":"https:\/\/president-ksgov.net\/sr\/thaci-za-francuske-medije-ja-sam-predsednik-zemlje-koja-je-dala-majku-terezu\/","url":"https:\/\/president-ksgov.net\/sr\/thaci-za-francuske-medije-ja-sam-predsednik-zemlje-koja-je-dala-majku-terezu\/","name":"Tha\u00e7i za francuske medije: Ja sam predsednik zemlje koja je dala &#147;Majku Terezu&#148; - Predsednik Republike Kosovo - DR. VJOSA OSMANI - SADRIU","isPartOf":{"@id":"https:\/\/president-ksgov.net\/#website"},"primaryImageOfPage":{"@id":"https:\/\/president-ksgov.net\/sr\/thaci-za-francuske-medije-ja-sam-predsednik-zemlje-koja-je-dala-majku-terezu\/#primaryimage"},"image":{"@id":"https:\/\/president-ksgov.net\/sr\/thaci-za-francuske-medije-ja-sam-predsednik-zemlje-koja-je-dala-majku-terezu\/#primaryimage"},"thumbnailUrl":"https:\/\/president-ksgov.net\/wp-content\/uploads\/Zyra-e-Presidentes-Featured-Image1-e1678970937938.png","datePublished":"2016-04-14T11:19:07+00:00","dateModified":"2016-04-14T11:19:07+00:00","author":{"@id":"https:\/\/president-ksgov.net\/#\/schema\/person\/bb4337a5fb147cb2046d80548172cbee"},"description":"Tha\u00e7i za francuske medije: Ja sam predsednik zemlje koja je dala &#147;Majku Terezu&#148; - Predsednik Republike Kosovo - DR. VJOSA OSMANI - SADRIU -","breadcrumb":{"@id":"https:\/\/president-ksgov.net\/sr\/thaci-za-francuske-medije-ja-sam-predsednik-zemlje-koja-je-dala-majku-terezu\/#breadcrumb"},"inLanguage":"sr-RS","potentialAction":[{"@type":"ReadAction","target":["https:\/\/president-ksgov.net\/sr\/thaci-za-francuske-medije-ja-sam-predsednik-zemlje-koja-je-dala-majku-terezu\/"]}]},{"@type":"ImageObject","inLanguage":"sr-RS","@id":"https:\/\/president-ksgov.net\/sr\/thaci-za-francuske-medije-ja-sam-predsednik-zemlje-koja-je-dala-majku-terezu\/#primaryimage","url":"https:\/\/president-ksgov.net\/wp-content\/uploads\/Zyra-e-Presidentes-Featured-Image1-e1678970937938.png","contentUrl":"https:\/\/president-ksgov.net\/wp-content\/uploads\/Zyra-e-Presidentes-Featured-Image1-e1678970937938.png","width":1024,"height":716},{"@type":"BreadcrumbList","@id":"https:\/\/president-ksgov.net\/sr\/thaci-za-francuske-medije-ja-sam-predsednik-zemlje-koja-je-dala-majku-terezu\/#breadcrumb","itemListElement":[{"@type":"ListItem","position":1,"name":"Home","item":"https:\/\/president-ksgov.net\/sr\/"},{"@type":"ListItem","position":2,"name":"Tha\u00e7i za francuske medije: Ja sam predsednik zemlje koja je dala &#147;Majku Terezu&#148;"}]},{"@type":"WebSite","@id":"https:\/\/president-ksgov.net\/#website","url":"https:\/\/president-ksgov.net\/","name":"Presidente e Republik\u00ebs s\u00eb Kosov\u00ebs","description":"Presidente e Republik\u00ebs s\u00eb Kosov\u00ebs","alternateName":"DR. VJOSA OSMANI - SADRIU","potentialAction":[{"@type":"SearchAction","target":{"@type":"EntryPoint","urlTemplate":"https:\/\/president-ksgov.net\/?s={search_term_string}"},"query-input":{"@type":"PropertyValueSpecification","valueRequired":true,"valueName":"search_term_string"}}],"inLanguage":"sr-RS"},{"@type":"Person","@id":"https:\/\/president-ksgov.net\/#\/schema\/person\/bb4337a5fb147cb2046d80548172cbee","name":"admin","image":{"@type":"ImageObject","inLanguage":"sr-RS","@id":"https:\/\/president-ksgov.net\/#\/schema\/person\/image\/","url":"https:\/\/secure.gravatar.com\/avatar\/36156ca0fa3b8d9d25174f146e16beea0cf28f37adf1b9e19b6c9c279a7c9dd3?s=96&d=mm&r=g","contentUrl":"https:\/\/secure.gravatar.com\/avatar\/36156ca0fa3b8d9d25174f146e16beea0cf28f37adf1b9e19b6c9c279a7c9dd3?s=96&d=mm&r=g","caption":"admin"},"sameAs":["https:\/\/president-ksgov.net"]}]}},"_links":{"self":[{"href":"https:\/\/president-ksgov.net\/sr\/wp-json\/wp\/v2\/posts\/76882","targetHints":{"allow":["GET"]}}],"collection":[{"href":"https:\/\/president-ksgov.net\/sr\/wp-json\/wp\/v2\/posts"}],"about":[{"href":"https:\/\/president-ksgov.net\/sr\/wp-json\/wp\/v2\/types\/post"}],"author":[{"embeddable":true,"href":"https:\/\/president-ksgov.net\/sr\/wp-json\/wp\/v2\/users\/1"}],"replies":[{"embeddable":true,"href":"https:\/\/president-ksgov.net\/sr\/wp-json\/wp\/v2\/comments?post=76882"}],"version-history":[{"count":0,"href":"https:\/\/president-ksgov.net\/sr\/wp-json\/wp\/v2\/posts\/76882\/revisions"}],"wp:featuredmedia":[{"embeddable":true,"href":"https:\/\/president-ksgov.net\/sr\/wp-json\/wp\/v2\/media\/86338"}],"wp:attachment":[{"href":"https:\/\/president-ksgov.net\/sr\/wp-json\/wp\/v2\/media?parent=76882"}],"wp:term":[{"taxonomy":"category","embeddable":true,"href":"https:\/\/president-ksgov.net\/sr\/wp-json\/wp\/v2\/categories?post=76882"},{"taxonomy":"post_tag","embeddable":true,"href":"https:\/\/president-ksgov.net\/sr\/wp-json\/wp\/v2\/tags?post=76882"}],"curies":[{"name":"wp","href":"https:\/\/api.w.org\/{rel}","templated":true}]}}