{"id":76881,"date":"2016-04-15T11:20:28","date_gmt":"2016-04-15T11:20:28","guid":{"rendered":"https:\/\/dev.president-ksgov.net\/govor-predsednika-republike-kosova-hashim-a-thaci-ja-povodom-inauguracije-centra-za-promovisanje-prava-ena-u-glogovcu\/"},"modified":"2023-03-08T09:01:41","modified_gmt":"2023-03-08T09:01:41","slug":"govor-predsednika-republike-kosova-hashim-a-thaci-ja-povodom-inauguracije-centra-za-promovisanje-prava-ena-u-glogovcu","status":"publish","type":"post","link":"https:\/\/president-ksgov.net\/sr\/govor-predsednika-republike-kosova-hashim-a-thaci-ja-povodom-inauguracije-centra-za-promovisanje-prava-ena-u-glogovcu\/","title":{"rendered":"Govor predsednika Republike Kosova, Hashim-a Tha\u00e7i-ja  povodom inauguracije Centra za promovisanje prava &#158;ena u Glogovcu"},"content":{"rendered":"<p>Od kosovskih &#382;ena nau\u010dili smo koji su kvaliteti koji treba da svedo\u010de u vreme bola, kao &#353;to je bilo vreme rata. Razumevanje, solidarnost i briga su bile bitne karakteristike dru&#353;tva koje je dru&#353;tvo pokazalo u ratnim godinama. Ovu solidarnost su pokazale majke, \u0107erke i sestre.<\/p>\n<p>Glogovac, 15. april 2016. godine <\/p>\n<p>Po&#353;tovane dame i gospodo,<\/p>\n<p>Dozvolite mi da na po\u010detku \u010destitam centru za promovisanje prava &#382;ena ovde u Glogovcu, na inauguraciji novog objekta.<\/p>\n<p>&#381;elim vam da &#353;to bolje slu&#382;i Centru u njegovom radu koji je bitan za Kosovo i kosovsko dru&#353;tvo. <\/p>\n<p>Uspeh va&#353;eg rada je pre svega bitan za &#382;rtve kojima izlazite u pomo\u0107. <\/p>\n<p>Ali, uspeh va&#353;eg rada je bitan i za \u010ditavo dru&#353;tvo. Va&#353; rad osvetljava bitnu istinu za na&#353;e dru&#353;tvo koja od celog dru&#353;tva tra&#382;i da se suo\u010dimo sa njom.<\/p>\n<p>Od kosovskih &#382;ena nau\u010dili smo koji su kvaliteti koji treba da svedo\u010de u vreme bola, kao &#353;to je bilo vreme rata. Razumevanje, solidarnost i briga su bile bitne karakteristike dru&#353;tva koje je dru&#353;tvo pokazalo u ratnim godinama. Ovu solidarnost su pokazale majke, \u0107erke i sestre. <\/p>\n<p>Vreme je da svi poka&#382;u razumevanje, solidarnost i pa&#382;nju prema ovim &#382;enama &#382;rtvama, i koje imaju potrebe. <\/p>\n<p>Dakle, imperativ je da se podr&#382;i rad va&#353;eg Centra, i ostalih centara kao &#353;to je ovaj.<br \/>\nPodr&#353;ka koju pru&#382;ate svim &#382;enama kojima je potrebna, pomo\u0107i \u0107e im da se suo\u010de sa njihovim bolim, ali \u0107e pomo\u0107i i dru&#353;tvu da shvati njihovu patnju i na prona\u0111e na\u010din da ih podr&#382;i. <\/p>\n<p>Kosovsko dru&#353;tvo prolazi kroz nekoliko tranzicija, kao &#353;to je ekonomska, ali i kroz dru&#353;tvenu i kulturnu. Diskriminacija, represija i rat su ometali ove tranzicije. Sada je vreme da ih nastavimo. <\/p>\n<p>Obaveza dru&#353;tva jeste da se stvore uslovi da se &#382;ena edukuje, da se zaposli, da se razvija i da &#382;ivi neugro&#382;eno, jednaka sa drugim polom. <\/p>\n<p>Nema sumnje da je na&#353;e dru&#353;tvo na\u010dinilo velike korake napred. <\/p>\n<p>Mi smo prva zemlja u regionu koja je imala predsednicu. <\/p>\n<p>Imamo i &#382;ene koje rukovode Vladom, CIK-om, Ustavnim sudom, koje se suo\u010davaju sa njihovim zadacima, anga&#382;ovane u izgradnji dr&#382;ave Kosova. <\/p>\n<p>Imamo lekarske, novinarke, nau\u010dnice, u\u010diteljice i nastavnice, profesorke i umetnice.<br \/>\nNjihovim radom i njihovima uspesima se ponosima svi. Emancipacija i ja\u010danje\u00a0 &#382;ene, priznavanje i podr&#353;ka &#382;eninim potrebama, podr&#353;ka &#382;ena &#382;rtava i svih ugro&#382;enih kategorija, bi\u0107e centar mog anga&#382;ovanja kao predsednika. <\/p>\n<p>Na&#353;e dru&#353;tvo \u0107e zaista biti slobodno, jednako i pravilno samo onda kada kosovska &#382;ena bude bila jednaka i kada je pravi\u010dno budu tretirali svi na Kosovu. <\/p>\n<p>Hvala vam.<br \/>\n\u00a0<\/p>\n","protected":false},"excerpt":{"rendered":"<p>Od kosovskih &#382;ena nau\u010dili smo koji su kvaliteti koji treba da svedo\u010de u vreme bola, kao &#353;to je bilo vreme rata. Razumevanje, solidarnost i briga su bile bitne karakteristike dru&#353;tva koje je dru&#353;tvo pokazalo u ratnim godinama. Ovu solidarnost su pokazale majke, \u0107erke i sestre.<\/p>\n","protected":false},"author":1,"featured_media":34618,"comment_status":"open","ping_status":"closed","sticky":false,"template":"","format":"standard","meta":{"_eb_attr":"","footnotes":""},"categories":[106],"tags":[],"class_list":["post-76881","post","type-post","status-publish","format-standard","has-post-thumbnail","hentry","category-govori"],"yoast_head":"<!-- This site is optimized with the Yoast SEO plugin v23.5 - https:\/\/yoast.com\/wordpress\/plugins\/seo\/ -->\n<title>Govor predsednika Republike Kosova, Hashim-a Tha\u00e7i-ja povodom inauguracije Centra za promovisanje prava &#158;ena u Glogovcu - Predsednik Republike Kosovo - DR. VJOSA OSMANI - SADRIU<\/title>\n<meta name=\"description\" content=\"Govor predsednika Republike Kosova, Hashim-a Tha\u00e7i-ja povodom inauguracije Centra za promovisanje prava &#158;ena u Glogovcu - Predsednik Republike Kosovo - DR. VJOSA OSMANI - SADRIU -\" \/>\n<meta name=\"robots\" content=\"index, follow, max-snippet:-1, max-image-preview:large, max-video-preview:-1\" \/>\n<link rel=\"canonical\" href=\"https:\/\/president-ksgov.net\/sr\/govor-predsednika-republike-kosova-hashim-a-thaci-ja-povodom-inauguracije-centra-za-promovisanje-prava-ena-u-glogovcu\/\" \/>\n<meta property=\"og:locale\" content=\"sr_RS\" \/>\n<meta property=\"og:type\" content=\"article\" \/>\n<meta property=\"og:title\" content=\"Govor predsednika Republike Kosova, Hashim-a Tha\u00e7i-ja povodom inauguracije Centra za promovisanje prava &#158;ena u Glogovcu - Predsednik Republike Kosovo - DR. VJOSA OSMANI - SADRIU\" \/>\n<meta property=\"og:description\" content=\"Govor predsednika Republike Kosova, Hashim-a Tha\u00e7i-ja povodom inauguracije Centra za promovisanje prava &#158;ena u Glogovcu - Predsednik Republike Kosovo - DR. VJOSA OSMANI - SADRIU -\" \/>\n<meta property=\"og:url\" content=\"https:\/\/president-ksgov.net\/sr\/govor-predsednika-republike-kosova-hashim-a-thaci-ja-povodom-inauguracije-centra-za-promovisanje-prava-ena-u-glogovcu\/\" \/>\n<meta property=\"og:site_name\" content=\"Predsednik Republike Kosovo - DR. VJOSA OSMANI - SADRIU\" \/>\n<meta property=\"article:published_time\" content=\"2016-04-15T11:20:28+00:00\" \/>\n<meta property=\"article:modified_time\" content=\"2023-03-08T09:01:41+00:00\" \/>\n<meta property=\"og:image\" content=\"https:\/\/president-ksgov.net\/wp-content\/uploads\/19_04_2016_1384257_drenas___07.jpg\" \/>\n\t<meta property=\"og:image:width\" content=\"2400\" \/>\n\t<meta property=\"og:image:height\" content=\"1600\" \/>\n\t<meta property=\"og:image:type\" content=\"image\/jpeg\" \/>\n<meta name=\"author\" content=\"admin\" \/>\n<meta name=\"twitter:card\" content=\"summary_large_image\" \/>\n<meta name=\"twitter:label1\" content=\"\u041d\u0430\u043f\u0438\u0441\u0430\u043d\u043e \u043e\u0434\" \/>\n\t<meta name=\"twitter:data1\" content=\"admin\" \/>\n\t<meta name=\"twitter:label2\" content=\"\u041f\u0440\u043e\u0446\u0435\u045a\u0435\u043d\u043e \u0432\u0440\u0435\u043c\u0435 \u0447\u0438\u0442\u0430\u045a\u0430\" \/>\n\t<meta name=\"twitter:data2\" content=\"2 \u043c\u0438\u043d\u0443\u0442\u0430\" \/>\n<script type=\"application\/ld+json\" class=\"yoast-schema-graph\">{\"@context\":\"https:\/\/schema.org\",\"@graph\":[{\"@type\":\"WebPage\",\"@id\":\"https:\/\/president-ksgov.net\/sr\/govor-predsednika-republike-kosova-hashim-a-thaci-ja-povodom-inauguracije-centra-za-promovisanje-prava-ena-u-glogovcu\/\",\"url\":\"https:\/\/president-ksgov.net\/sr\/govor-predsednika-republike-kosova-hashim-a-thaci-ja-povodom-inauguracije-centra-za-promovisanje-prava-ena-u-glogovcu\/\",\"name\":\"Govor predsednika Republike Kosova, Hashim-a Tha\u00e7i-ja povodom inauguracije Centra za promovisanje prava &#158;ena u Glogovcu - Predsednik Republike Kosovo - DR. VJOSA OSMANI - SADRIU\",\"isPartOf\":{\"@id\":\"https:\/\/president-ksgov.net\/#website\"},\"primaryImageOfPage\":{\"@id\":\"https:\/\/president-ksgov.net\/sr\/govor-predsednika-republike-kosova-hashim-a-thaci-ja-povodom-inauguracije-centra-za-promovisanje-prava-ena-u-glogovcu\/#primaryimage\"},\"image\":{\"@id\":\"https:\/\/president-ksgov.net\/sr\/govor-predsednika-republike-kosova-hashim-a-thaci-ja-povodom-inauguracije-centra-za-promovisanje-prava-ena-u-glogovcu\/#primaryimage\"},\"thumbnailUrl\":\"https:\/\/president-ksgov.net\/wp-content\/uploads\/19_04_2016_1384257_drenas___07.jpg\",\"datePublished\":\"2016-04-15T11:20:28+00:00\",\"dateModified\":\"2023-03-08T09:01:41+00:00\",\"author\":{\"@id\":\"https:\/\/president-ksgov.net\/#\/schema\/person\/bb4337a5fb147cb2046d80548172cbee\"},\"description\":\"Govor predsednika Republike Kosova, Hashim-a Tha\u00e7i-ja povodom inauguracije Centra za promovisanje prava &#158;ena u Glogovcu - Predsednik Republike Kosovo - DR. VJOSA OSMANI - SADRIU -\",\"breadcrumb\":{\"@id\":\"https:\/\/president-ksgov.net\/sr\/govor-predsednika-republike-kosova-hashim-a-thaci-ja-povodom-inauguracije-centra-za-promovisanje-prava-ena-u-glogovcu\/#breadcrumb\"},\"inLanguage\":\"sr-RS\",\"potentialAction\":[{\"@type\":\"ReadAction\",\"target\":[\"https:\/\/president-ksgov.net\/sr\/govor-predsednika-republike-kosova-hashim-a-thaci-ja-povodom-inauguracije-centra-za-promovisanje-prava-ena-u-glogovcu\/\"]}]},{\"@type\":\"ImageObject\",\"inLanguage\":\"sr-RS\",\"@id\":\"https:\/\/president-ksgov.net\/sr\/govor-predsednika-republike-kosova-hashim-a-thaci-ja-povodom-inauguracije-centra-za-promovisanje-prava-ena-u-glogovcu\/#primaryimage\",\"url\":\"https:\/\/president-ksgov.net\/wp-content\/uploads\/19_04_2016_1384257_drenas___07.jpg\",\"contentUrl\":\"https:\/\/president-ksgov.net\/wp-content\/uploads\/19_04_2016_1384257_drenas___07.jpg\",\"width\":2400,\"height\":1600},{\"@type\":\"BreadcrumbList\",\"@id\":\"https:\/\/president-ksgov.net\/sr\/govor-predsednika-republike-kosova-hashim-a-thaci-ja-povodom-inauguracije-centra-za-promovisanje-prava-ena-u-glogovcu\/#breadcrumb\",\"itemListElement\":[{\"@type\":\"ListItem\",\"position\":1,\"name\":\"Home\",\"item\":\"https:\/\/president-ksgov.net\/sr\/\"},{\"@type\":\"ListItem\",\"position\":2,\"name\":\"Govor predsednika Republike Kosova, Hashim-a Tha\u00e7i-ja povodom inauguracije Centra za promovisanje prava &#158;ena u Glogovcu\"}]},{\"@type\":\"WebSite\",\"@id\":\"https:\/\/president-ksgov.net\/#website\",\"url\":\"https:\/\/president-ksgov.net\/\",\"name\":\"Presidente e Republik\u00ebs s\u00eb Kosov\u00ebs\",\"description\":\"Presidente e Republik\u00ebs s\u00eb Kosov\u00ebs\",\"alternateName\":\"DR. VJOSA OSMANI - SADRIU\",\"potentialAction\":[{\"@type\":\"SearchAction\",\"target\":{\"@type\":\"EntryPoint\",\"urlTemplate\":\"https:\/\/president-ksgov.net\/?s={search_term_string}\"},\"query-input\":{\"@type\":\"PropertyValueSpecification\",\"valueRequired\":true,\"valueName\":\"search_term_string\"}}],\"inLanguage\":\"sr-RS\"},{\"@type\":\"Person\",\"@id\":\"https:\/\/president-ksgov.net\/#\/schema\/person\/bb4337a5fb147cb2046d80548172cbee\",\"name\":\"admin\",\"image\":{\"@type\":\"ImageObject\",\"inLanguage\":\"sr-RS\",\"@id\":\"https:\/\/president-ksgov.net\/#\/schema\/person\/image\/\",\"url\":\"https:\/\/secure.gravatar.com\/avatar\/36156ca0fa3b8d9d25174f146e16beea0cf28f37adf1b9e19b6c9c279a7c9dd3?s=96&d=mm&r=g\",\"contentUrl\":\"https:\/\/secure.gravatar.com\/avatar\/36156ca0fa3b8d9d25174f146e16beea0cf28f37adf1b9e19b6c9c279a7c9dd3?s=96&d=mm&r=g\",\"caption\":\"admin\"},\"sameAs\":[\"https:\/\/president-ksgov.net\"]}]}<\/script>\n<!-- \/ Yoast SEO plugin. -->","yoast_head_json":{"title":"Govor predsednika Republike Kosova, Hashim-a Tha\u00e7i-ja povodom inauguracije Centra za promovisanje prava &#158;ena u Glogovcu - Predsednik Republike Kosovo - DR. VJOSA OSMANI - SADRIU","description":"Govor predsednika Republike Kosova, Hashim-a Tha\u00e7i-ja povodom inauguracije Centra za promovisanje prava &#158;ena u Glogovcu - Predsednik Republike Kosovo - DR. VJOSA OSMANI - SADRIU -","robots":{"index":"index","follow":"follow","max-snippet":"max-snippet:-1","max-image-preview":"max-image-preview:large","max-video-preview":"max-video-preview:-1"},"canonical":"https:\/\/president-ksgov.net\/sr\/govor-predsednika-republike-kosova-hashim-a-thaci-ja-povodom-inauguracije-centra-za-promovisanje-prava-ena-u-glogovcu\/","og_locale":"sr_RS","og_type":"article","og_title":"Govor predsednika Republike Kosova, Hashim-a Tha\u00e7i-ja povodom inauguracije Centra za promovisanje prava &#158;ena u Glogovcu - Predsednik Republike Kosovo - DR. VJOSA OSMANI - SADRIU","og_description":"Govor predsednika Republike Kosova, Hashim-a Tha\u00e7i-ja povodom inauguracije Centra za promovisanje prava &#158;ena u Glogovcu - Predsednik Republike Kosovo - DR. VJOSA OSMANI - SADRIU -","og_url":"https:\/\/president-ksgov.net\/sr\/govor-predsednika-republike-kosova-hashim-a-thaci-ja-povodom-inauguracije-centra-za-promovisanje-prava-ena-u-glogovcu\/","og_site_name":"Predsednik Republike Kosovo - DR. VJOSA OSMANI - SADRIU","article_published_time":"2016-04-15T11:20:28+00:00","article_modified_time":"2023-03-08T09:01:41+00:00","og_image":[{"width":2400,"height":1600,"url":"https:\/\/president-ksgov.net\/wp-content\/uploads\/19_04_2016_1384257_drenas___07.jpg","type":"image\/jpeg"}],"author":"admin","twitter_card":"summary_large_image","twitter_misc":{"\u041d\u0430\u043f\u0438\u0441\u0430\u043d\u043e \u043e\u0434":"admin","\u041f\u0440\u043e\u0446\u0435\u045a\u0435\u043d\u043e \u0432\u0440\u0435\u043c\u0435 \u0447\u0438\u0442\u0430\u045a\u0430":"2 \u043c\u0438\u043d\u0443\u0442\u0430"},"schema":{"@context":"https:\/\/schema.org","@graph":[{"@type":"WebPage","@id":"https:\/\/president-ksgov.net\/sr\/govor-predsednika-republike-kosova-hashim-a-thaci-ja-povodom-inauguracije-centra-za-promovisanje-prava-ena-u-glogovcu\/","url":"https:\/\/president-ksgov.net\/sr\/govor-predsednika-republike-kosova-hashim-a-thaci-ja-povodom-inauguracije-centra-za-promovisanje-prava-ena-u-glogovcu\/","name":"Govor predsednika Republike Kosova, Hashim-a Tha\u00e7i-ja povodom inauguracije Centra za promovisanje prava &#158;ena u Glogovcu - Predsednik Republike Kosovo - DR. VJOSA OSMANI - SADRIU","isPartOf":{"@id":"https:\/\/president-ksgov.net\/#website"},"primaryImageOfPage":{"@id":"https:\/\/president-ksgov.net\/sr\/govor-predsednika-republike-kosova-hashim-a-thaci-ja-povodom-inauguracije-centra-za-promovisanje-prava-ena-u-glogovcu\/#primaryimage"},"image":{"@id":"https:\/\/president-ksgov.net\/sr\/govor-predsednika-republike-kosova-hashim-a-thaci-ja-povodom-inauguracije-centra-za-promovisanje-prava-ena-u-glogovcu\/#primaryimage"},"thumbnailUrl":"https:\/\/president-ksgov.net\/wp-content\/uploads\/19_04_2016_1384257_drenas___07.jpg","datePublished":"2016-04-15T11:20:28+00:00","dateModified":"2023-03-08T09:01:41+00:00","author":{"@id":"https:\/\/president-ksgov.net\/#\/schema\/person\/bb4337a5fb147cb2046d80548172cbee"},"description":"Govor predsednika Republike Kosova, Hashim-a Tha\u00e7i-ja povodom inauguracije Centra za promovisanje prava &#158;ena u Glogovcu - Predsednik Republike Kosovo - DR. VJOSA OSMANI - SADRIU -","breadcrumb":{"@id":"https:\/\/president-ksgov.net\/sr\/govor-predsednika-republike-kosova-hashim-a-thaci-ja-povodom-inauguracije-centra-za-promovisanje-prava-ena-u-glogovcu\/#breadcrumb"},"inLanguage":"sr-RS","potentialAction":[{"@type":"ReadAction","target":["https:\/\/president-ksgov.net\/sr\/govor-predsednika-republike-kosova-hashim-a-thaci-ja-povodom-inauguracije-centra-za-promovisanje-prava-ena-u-glogovcu\/"]}]},{"@type":"ImageObject","inLanguage":"sr-RS","@id":"https:\/\/president-ksgov.net\/sr\/govor-predsednika-republike-kosova-hashim-a-thaci-ja-povodom-inauguracije-centra-za-promovisanje-prava-ena-u-glogovcu\/#primaryimage","url":"https:\/\/president-ksgov.net\/wp-content\/uploads\/19_04_2016_1384257_drenas___07.jpg","contentUrl":"https:\/\/president-ksgov.net\/wp-content\/uploads\/19_04_2016_1384257_drenas___07.jpg","width":2400,"height":1600},{"@type":"BreadcrumbList","@id":"https:\/\/president-ksgov.net\/sr\/govor-predsednika-republike-kosova-hashim-a-thaci-ja-povodom-inauguracije-centra-za-promovisanje-prava-ena-u-glogovcu\/#breadcrumb","itemListElement":[{"@type":"ListItem","position":1,"name":"Home","item":"https:\/\/president-ksgov.net\/sr\/"},{"@type":"ListItem","position":2,"name":"Govor predsednika Republike Kosova, Hashim-a Tha\u00e7i-ja povodom inauguracije Centra za promovisanje prava &#158;ena u Glogovcu"}]},{"@type":"WebSite","@id":"https:\/\/president-ksgov.net\/#website","url":"https:\/\/president-ksgov.net\/","name":"Presidente e Republik\u00ebs s\u00eb Kosov\u00ebs","description":"Presidente e Republik\u00ebs s\u00eb Kosov\u00ebs","alternateName":"DR. VJOSA OSMANI - SADRIU","potentialAction":[{"@type":"SearchAction","target":{"@type":"EntryPoint","urlTemplate":"https:\/\/president-ksgov.net\/?s={search_term_string}"},"query-input":{"@type":"PropertyValueSpecification","valueRequired":true,"valueName":"search_term_string"}}],"inLanguage":"sr-RS"},{"@type":"Person","@id":"https:\/\/president-ksgov.net\/#\/schema\/person\/bb4337a5fb147cb2046d80548172cbee","name":"admin","image":{"@type":"ImageObject","inLanguage":"sr-RS","@id":"https:\/\/president-ksgov.net\/#\/schema\/person\/image\/","url":"https:\/\/secure.gravatar.com\/avatar\/36156ca0fa3b8d9d25174f146e16beea0cf28f37adf1b9e19b6c9c279a7c9dd3?s=96&d=mm&r=g","contentUrl":"https:\/\/secure.gravatar.com\/avatar\/36156ca0fa3b8d9d25174f146e16beea0cf28f37adf1b9e19b6c9c279a7c9dd3?s=96&d=mm&r=g","caption":"admin"},"sameAs":["https:\/\/president-ksgov.net"]}]}},"_links":{"self":[{"href":"https:\/\/president-ksgov.net\/sr\/wp-json\/wp\/v2\/posts\/76881","targetHints":{"allow":["GET"]}}],"collection":[{"href":"https:\/\/president-ksgov.net\/sr\/wp-json\/wp\/v2\/posts"}],"about":[{"href":"https:\/\/president-ksgov.net\/sr\/wp-json\/wp\/v2\/types\/post"}],"author":[{"embeddable":true,"href":"https:\/\/president-ksgov.net\/sr\/wp-json\/wp\/v2\/users\/1"}],"replies":[{"embeddable":true,"href":"https:\/\/president-ksgov.net\/sr\/wp-json\/wp\/v2\/comments?post=76881"}],"version-history":[{"count":1,"href":"https:\/\/president-ksgov.net\/sr\/wp-json\/wp\/v2\/posts\/76881\/revisions"}],"predecessor-version":[{"id":81564,"href":"https:\/\/president-ksgov.net\/sr\/wp-json\/wp\/v2\/posts\/76881\/revisions\/81564"}],"wp:featuredmedia":[{"embeddable":true,"href":"https:\/\/president-ksgov.net\/sr\/wp-json\/wp\/v2\/media\/34618"}],"wp:attachment":[{"href":"https:\/\/president-ksgov.net\/sr\/wp-json\/wp\/v2\/media?parent=76881"}],"wp:term":[{"taxonomy":"category","embeddable":true,"href":"https:\/\/president-ksgov.net\/sr\/wp-json\/wp\/v2\/categories?post=76881"},{"taxonomy":"post_tag","embeddable":true,"href":"https:\/\/president-ksgov.net\/sr\/wp-json\/wp\/v2\/tags?post=76881"}],"curies":[{"name":"wp","href":"https:\/\/api.w.org\/{rel}","templated":true}]}}