{"id":76875,"date":"2016-04-19T09:11:17","date_gmt":"2016-04-19T09:11:17","guid":{"rendered":"https:\/\/dev.president-ksgov.net\/predsednica-malte-cestitala-predsedniku-thaci-ju-srdacno-ocekuje-saradnju-radi-dobrobiti-dva-naroda\/"},"modified":"2016-04-19T09:11:17","modified_gmt":"2016-04-19T09:11:17","slug":"predsednica-malte-cestitala-predsedniku-thaci-ju-srdacno-ocekuje-saradnju-radi-dobrobiti-dva-naroda","status":"publish","type":"post","link":"https:\/\/president-ksgov.net\/sr\/predsednica-malte-cestitala-predsedniku-thaci-ju-srdacno-ocekuje-saradnju-radi-dobrobiti-dva-naroda\/","title":{"rendered":"Predsednica Malte \u010destitala predsedniku  Tha\u00e7i-ju, srda\u010dno o\u010dekuje saradnju radi dobrobiti dva naroda"},"content":{"rendered":"<p>Predsednica Republike Malte, Marie-Louise Coleiro Preca, poslala je pismo \u010destitke predsedniku Republike Kosova, Hashim-u Tha\u00e7i-ju, nakon preuzimanja du&#382;nosti &#353;efa dr&#382;ave, u kojem je rekla da o\u010dekuje saradnju sa predsednikom Tha\u00e7i-em, kako bi se postoje\u0107a bilateralna saradnja pove\u0107ala i kako bi se intenzivirale veze izme\u0111u dve dr&#382;ave, radi dobrobiti odre\u0111enih naroda.<\/p>\n<p>NJ.E.\u00a0 Hashim Tha\u00e7i<br \/>\nPredsednik Republike Kosova <\/p>\n<p>Va&#353;a ekselencijo,<\/p>\n<p>Dozvolite mi da vam po&#353;aljem moje najsrda\u010dnije \u010destitke na va&#353;em izboru za predsednika Republike Kosova. <\/p>\n<p>Sa zadovoljstvom se se\u0107am na&#353;eg sastanka ovde na Malti tokom va&#353;eg mandata kao zamenika premijera. Koristim priliku da izrazim zadovoljstvo u vezi sa na\u010dinom razvoja odnosa izme\u0111u Malte i Kosova. &#381;elim da se ovi sjajni odnosi oja\u010daju i dalje pod va&#353;im upravljanjem. <\/p>\n<p>&#381;ele\u0107i vam uspeha u vr&#353;enju va&#353;ih odgovornosti, srda\u010dno o\u010dekujem saradnju sa vama kako bismo jo&#353; vi&#353;e pove\u0107ali postoje\u0107u bilateralnu saradnju i kako bismo intenzivirali prijateljske veze izme\u0111u na&#353;e dve dr&#382;ave, a za dobrobit na&#353;ih naroda.<\/p>\n<p>Molim vas, ekselencijo, da prihvatite moje najdublje po&#353;tovanje. <\/p>\n<p>Marie-Louise Coleiro Preca<br \/>\nPredsednica Republike Malte<br \/>\n\u00a0<\/p>\n","protected":false},"excerpt":{"rendered":"<p>Predsednica Republike Malte, Marie-Louise Coleiro Preca, poslala je pismo \u010destitke predsedniku Republike Kosova, Hashim-u Tha\u00e7i-ju, nakon preuzimanja du&#382;nosti &#353;efa dr&#382;ave, u kojem je rekla da o\u010dekuje saradnju sa predsednikom Tha\u00e7i-em, kako bi se postoje\u0107a bilateralna saradnja pove\u0107ala i kako bi se intenzivirale veze izme\u0111u dve dr&#382;ave, radi dobrobiti odre\u0111enih naroda.<\/p>\n","protected":false},"author":1,"featured_media":34600,"comment_status":"open","ping_status":"closed","sticky":false,"template":"","format":"standard","meta":{"_eb_attr":"","footnotes":""},"categories":[101],"tags":[],"class_list":["post-76875","post","type-post","status-publish","format-standard","has-post-thumbnail","hentry","category-vesti"],"yoast_head":"<!-- This site is optimized with the Yoast SEO plugin v23.5 - https:\/\/yoast.com\/wordpress\/plugins\/seo\/ -->\n<title>Predsednica Malte \u010destitala predsedniku Tha\u00e7i-ju, srda\u010dno o\u010dekuje saradnju radi dobrobiti dva naroda - Predsednik Republike Kosovo - DR. VJOSA OSMANI - SADRIU<\/title>\n<meta name=\"description\" content=\"Predsednica Malte \u010destitala predsedniku Tha\u00e7i-ju, srda\u010dno o\u010dekuje saradnju radi dobrobiti dva naroda - Predsednik Republike Kosovo - DR. VJOSA OSMANI - SADRIU -\" \/>\n<meta name=\"robots\" content=\"index, follow, max-snippet:-1, max-image-preview:large, max-video-preview:-1\" \/>\n<link rel=\"canonical\" href=\"https:\/\/president-ksgov.net\/presidentja-e-maltes-uron-presidentin-thaci-mirepret-bashkepunimin-ne-te-mire-te-dy-popujve\/\" \/>\n<meta property=\"og:locale\" content=\"sr_RS\" \/>\n<meta property=\"og:type\" content=\"article\" \/>\n<meta property=\"og:title\" content=\"Predsednica Malte \u010destitala predsedniku Tha\u00e7i-ju, srda\u010dno o\u010dekuje saradnju radi dobrobiti dva naroda - Predsednik Republike Kosovo - DR. VJOSA OSMANI - SADRIU\" \/>\n<meta property=\"og:description\" content=\"Predsednica Malte \u010destitala predsedniku Tha\u00e7i-ju, srda\u010dno o\u010dekuje saradnju radi dobrobiti dva naroda - Predsednik Republike Kosovo - DR. VJOSA OSMANI - SADRIU -\" \/>\n<meta property=\"og:url\" content=\"https:\/\/president-ksgov.net\/presidentja-e-maltes-uron-presidentin-thaci-mirepret-bashkepunimin-ne-te-mire-te-dy-popujve\/\" \/>\n<meta property=\"og:site_name\" content=\"Predsednik Republike Kosovo - DR. VJOSA OSMANI - SADRIU\" \/>\n<meta property=\"article:published_time\" content=\"2016-04-19T09:11:17+00:00\" \/>\n<meta property=\"og:image\" content=\"https:\/\/president-ksgov.net\/wp-content\/uploads\/19_04_2016_688625_08_04_2016_5525201_photo_Astrit_Ibrahimi__P_Inaugurimi_2.jpg\" \/>\n\t<meta property=\"og:image:width\" content=\"1000\" \/>\n\t<meta property=\"og:image:height\" content=\"1501\" \/>\n\t<meta property=\"og:image:type\" content=\"image\/jpeg\" \/>\n<meta name=\"author\" content=\"admin\" \/>\n<meta name=\"twitter:card\" content=\"summary_large_image\" \/>\n<meta name=\"twitter:label1\" content=\"\u041d\u0430\u043f\u0438\u0441\u0430\u043d\u043e \u043e\u0434\" \/>\n\t<meta name=\"twitter:data1\" content=\"admin\" \/>\n\t<meta name=\"twitter:label2\" content=\"\u041f\u0440\u043e\u0446\u0435\u045a\u0435\u043d\u043e \u0432\u0440\u0435\u043c\u0435 \u0447\u0438\u0442\u0430\u045a\u0430\" \/>\n\t<meta name=\"twitter:data2\" content=\"1 \u043c\u0438\u043d\u0443\u0442\" \/>\n<script type=\"application\/ld+json\" class=\"yoast-schema-graph\">{\"@context\":\"https:\/\/schema.org\",\"@graph\":[{\"@type\":\"WebPage\",\"@id\":\"https:\/\/president-ksgov.net\/presidentja-e-maltes-uron-presidentin-thaci-mirepret-bashkepunimin-ne-te-mire-te-dy-popujve\/\",\"url\":\"https:\/\/president-ksgov.net\/presidentja-e-maltes-uron-presidentin-thaci-mirepret-bashkepunimin-ne-te-mire-te-dy-popujve\/\",\"name\":\"Predsednica Malte \u010destitala predsedniku Tha\u00e7i-ju, srda\u010dno o\u010dekuje saradnju radi dobrobiti dva naroda - Predsednik Republike Kosovo - DR. VJOSA OSMANI - SADRIU\",\"isPartOf\":{\"@id\":\"https:\/\/president-ksgov.net\/#website\"},\"primaryImageOfPage\":{\"@id\":\"https:\/\/president-ksgov.net\/presidentja-e-maltes-uron-presidentin-thaci-mirepret-bashkepunimin-ne-te-mire-te-dy-popujve\/#primaryimage\"},\"image\":{\"@id\":\"https:\/\/president-ksgov.net\/presidentja-e-maltes-uron-presidentin-thaci-mirepret-bashkepunimin-ne-te-mire-te-dy-popujve\/#primaryimage\"},\"thumbnailUrl\":\"https:\/\/president-ksgov.net\/wp-content\/uploads\/19_04_2016_688625_08_04_2016_5525201_photo_Astrit_Ibrahimi__P_Inaugurimi_2.jpg\",\"datePublished\":\"2016-04-19T09:11:17+00:00\",\"dateModified\":\"2016-04-19T09:11:17+00:00\",\"author\":{\"@id\":\"https:\/\/president-ksgov.net\/#\/schema\/person\/bb4337a5fb147cb2046d80548172cbee\"},\"description\":\"Predsednica Malte \u010destitala predsedniku Tha\u00e7i-ju, srda\u010dno o\u010dekuje saradnju radi dobrobiti dva naroda - Predsednik Republike Kosovo - DR. VJOSA OSMANI - SADRIU -\",\"breadcrumb\":{\"@id\":\"https:\/\/president-ksgov.net\/presidentja-e-maltes-uron-presidentin-thaci-mirepret-bashkepunimin-ne-te-mire-te-dy-popujve\/#breadcrumb\"},\"inLanguage\":\"sr-RS\",\"potentialAction\":[{\"@type\":\"ReadAction\",\"target\":[\"https:\/\/president-ksgov.net\/presidentja-e-maltes-uron-presidentin-thaci-mirepret-bashkepunimin-ne-te-mire-te-dy-popujve\/\"]}]},{\"@type\":\"ImageObject\",\"inLanguage\":\"sr-RS\",\"@id\":\"https:\/\/president-ksgov.net\/presidentja-e-maltes-uron-presidentin-thaci-mirepret-bashkepunimin-ne-te-mire-te-dy-popujve\/#primaryimage\",\"url\":\"https:\/\/president-ksgov.net\/wp-content\/uploads\/19_04_2016_688625_08_04_2016_5525201_photo_Astrit_Ibrahimi__P_Inaugurimi_2.jpg\",\"contentUrl\":\"https:\/\/president-ksgov.net\/wp-content\/uploads\/19_04_2016_688625_08_04_2016_5525201_photo_Astrit_Ibrahimi__P_Inaugurimi_2.jpg\",\"width\":1000,\"height\":1501},{\"@type\":\"BreadcrumbList\",\"@id\":\"https:\/\/president-ksgov.net\/presidentja-e-maltes-uron-presidentin-thaci-mirepret-bashkepunimin-ne-te-mire-te-dy-popujve\/#breadcrumb\",\"itemListElement\":[{\"@type\":\"ListItem\",\"position\":1,\"name\":\"Home\",\"item\":\"https:\/\/president-ksgov.net\/sr\/\"},{\"@type\":\"ListItem\",\"position\":2,\"name\":\"Predsednica Malte \u010destitala predsedniku Tha\u00e7i-ju, srda\u010dno o\u010dekuje saradnju radi dobrobiti dva naroda\"}]},{\"@type\":\"WebSite\",\"@id\":\"https:\/\/president-ksgov.net\/#website\",\"url\":\"https:\/\/president-ksgov.net\/\",\"name\":\"Presidente e Republik\u00ebs s\u00eb Kosov\u00ebs\",\"description\":\"Presidente e Republik\u00ebs s\u00eb Kosov\u00ebs\",\"alternateName\":\"DR. VJOSA OSMANI - SADRIU\",\"potentialAction\":[{\"@type\":\"SearchAction\",\"target\":{\"@type\":\"EntryPoint\",\"urlTemplate\":\"https:\/\/president-ksgov.net\/?s={search_term_string}\"},\"query-input\":{\"@type\":\"PropertyValueSpecification\",\"valueRequired\":true,\"valueName\":\"search_term_string\"}}],\"inLanguage\":\"sr-RS\"},{\"@type\":\"Person\",\"@id\":\"https:\/\/president-ksgov.net\/#\/schema\/person\/bb4337a5fb147cb2046d80548172cbee\",\"name\":\"admin\",\"image\":{\"@type\":\"ImageObject\",\"inLanguage\":\"sr-RS\",\"@id\":\"https:\/\/president-ksgov.net\/#\/schema\/person\/image\/\",\"url\":\"https:\/\/secure.gravatar.com\/avatar\/36156ca0fa3b8d9d25174f146e16beea0cf28f37adf1b9e19b6c9c279a7c9dd3?s=96&d=mm&r=g\",\"contentUrl\":\"https:\/\/secure.gravatar.com\/avatar\/36156ca0fa3b8d9d25174f146e16beea0cf28f37adf1b9e19b6c9c279a7c9dd3?s=96&d=mm&r=g\",\"caption\":\"admin\"},\"sameAs\":[\"https:\/\/president-ksgov.net\"]}]}<\/script>\n<!-- \/ Yoast SEO plugin. -->","yoast_head_json":{"title":"Predsednica Malte \u010destitala predsedniku Tha\u00e7i-ju, srda\u010dno o\u010dekuje saradnju radi dobrobiti dva naroda - Predsednik Republike Kosovo - DR. VJOSA OSMANI - SADRIU","description":"Predsednica Malte \u010destitala predsedniku Tha\u00e7i-ju, srda\u010dno o\u010dekuje saradnju radi dobrobiti dva naroda - Predsednik Republike Kosovo - DR. VJOSA OSMANI - SADRIU -","robots":{"index":"index","follow":"follow","max-snippet":"max-snippet:-1","max-image-preview":"max-image-preview:large","max-video-preview":"max-video-preview:-1"},"canonical":"https:\/\/president-ksgov.net\/presidentja-e-maltes-uron-presidentin-thaci-mirepret-bashkepunimin-ne-te-mire-te-dy-popujve\/","og_locale":"sr_RS","og_type":"article","og_title":"Predsednica Malte \u010destitala predsedniku Tha\u00e7i-ju, srda\u010dno o\u010dekuje saradnju radi dobrobiti dva naroda - Predsednik Republike Kosovo - DR. VJOSA OSMANI - SADRIU","og_description":"Predsednica Malte \u010destitala predsedniku Tha\u00e7i-ju, srda\u010dno o\u010dekuje saradnju radi dobrobiti dva naroda - Predsednik Republike Kosovo - DR. VJOSA OSMANI - SADRIU -","og_url":"https:\/\/president-ksgov.net\/presidentja-e-maltes-uron-presidentin-thaci-mirepret-bashkepunimin-ne-te-mire-te-dy-popujve\/","og_site_name":"Predsednik Republike Kosovo - DR. VJOSA OSMANI - SADRIU","article_published_time":"2016-04-19T09:11:17+00:00","og_image":[{"width":1000,"height":1501,"url":"https:\/\/president-ksgov.net\/wp-content\/uploads\/19_04_2016_688625_08_04_2016_5525201_photo_Astrit_Ibrahimi__P_Inaugurimi_2.jpg","type":"image\/jpeg"}],"author":"admin","twitter_card":"summary_large_image","twitter_misc":{"\u041d\u0430\u043f\u0438\u0441\u0430\u043d\u043e \u043e\u0434":"admin","\u041f\u0440\u043e\u0446\u0435\u045a\u0435\u043d\u043e \u0432\u0440\u0435\u043c\u0435 \u0447\u0438\u0442\u0430\u045a\u0430":"1 \u043c\u0438\u043d\u0443\u0442"},"schema":{"@context":"https:\/\/schema.org","@graph":[{"@type":"WebPage","@id":"https:\/\/president-ksgov.net\/presidentja-e-maltes-uron-presidentin-thaci-mirepret-bashkepunimin-ne-te-mire-te-dy-popujve\/","url":"https:\/\/president-ksgov.net\/presidentja-e-maltes-uron-presidentin-thaci-mirepret-bashkepunimin-ne-te-mire-te-dy-popujve\/","name":"Predsednica Malte \u010destitala predsedniku Tha\u00e7i-ju, srda\u010dno o\u010dekuje saradnju radi dobrobiti dva naroda - Predsednik Republike Kosovo - DR. VJOSA OSMANI - SADRIU","isPartOf":{"@id":"https:\/\/president-ksgov.net\/#website"},"primaryImageOfPage":{"@id":"https:\/\/president-ksgov.net\/presidentja-e-maltes-uron-presidentin-thaci-mirepret-bashkepunimin-ne-te-mire-te-dy-popujve\/#primaryimage"},"image":{"@id":"https:\/\/president-ksgov.net\/presidentja-e-maltes-uron-presidentin-thaci-mirepret-bashkepunimin-ne-te-mire-te-dy-popujve\/#primaryimage"},"thumbnailUrl":"https:\/\/president-ksgov.net\/wp-content\/uploads\/19_04_2016_688625_08_04_2016_5525201_photo_Astrit_Ibrahimi__P_Inaugurimi_2.jpg","datePublished":"2016-04-19T09:11:17+00:00","dateModified":"2016-04-19T09:11:17+00:00","author":{"@id":"https:\/\/president-ksgov.net\/#\/schema\/person\/bb4337a5fb147cb2046d80548172cbee"},"description":"Predsednica Malte \u010destitala predsedniku Tha\u00e7i-ju, srda\u010dno o\u010dekuje saradnju radi dobrobiti dva naroda - Predsednik Republike Kosovo - DR. VJOSA OSMANI - SADRIU -","breadcrumb":{"@id":"https:\/\/president-ksgov.net\/presidentja-e-maltes-uron-presidentin-thaci-mirepret-bashkepunimin-ne-te-mire-te-dy-popujve\/#breadcrumb"},"inLanguage":"sr-RS","potentialAction":[{"@type":"ReadAction","target":["https:\/\/president-ksgov.net\/presidentja-e-maltes-uron-presidentin-thaci-mirepret-bashkepunimin-ne-te-mire-te-dy-popujve\/"]}]},{"@type":"ImageObject","inLanguage":"sr-RS","@id":"https:\/\/president-ksgov.net\/presidentja-e-maltes-uron-presidentin-thaci-mirepret-bashkepunimin-ne-te-mire-te-dy-popujve\/#primaryimage","url":"https:\/\/president-ksgov.net\/wp-content\/uploads\/19_04_2016_688625_08_04_2016_5525201_photo_Astrit_Ibrahimi__P_Inaugurimi_2.jpg","contentUrl":"https:\/\/president-ksgov.net\/wp-content\/uploads\/19_04_2016_688625_08_04_2016_5525201_photo_Astrit_Ibrahimi__P_Inaugurimi_2.jpg","width":1000,"height":1501},{"@type":"BreadcrumbList","@id":"https:\/\/president-ksgov.net\/presidentja-e-maltes-uron-presidentin-thaci-mirepret-bashkepunimin-ne-te-mire-te-dy-popujve\/#breadcrumb","itemListElement":[{"@type":"ListItem","position":1,"name":"Home","item":"https:\/\/president-ksgov.net\/sr\/"},{"@type":"ListItem","position":2,"name":"Predsednica Malte \u010destitala predsedniku Tha\u00e7i-ju, srda\u010dno o\u010dekuje saradnju radi dobrobiti dva naroda"}]},{"@type":"WebSite","@id":"https:\/\/president-ksgov.net\/#website","url":"https:\/\/president-ksgov.net\/","name":"Presidente e Republik\u00ebs s\u00eb Kosov\u00ebs","description":"Presidente e Republik\u00ebs s\u00eb Kosov\u00ebs","alternateName":"DR. VJOSA OSMANI - SADRIU","potentialAction":[{"@type":"SearchAction","target":{"@type":"EntryPoint","urlTemplate":"https:\/\/president-ksgov.net\/?s={search_term_string}"},"query-input":{"@type":"PropertyValueSpecification","valueRequired":true,"valueName":"search_term_string"}}],"inLanguage":"sr-RS"},{"@type":"Person","@id":"https:\/\/president-ksgov.net\/#\/schema\/person\/bb4337a5fb147cb2046d80548172cbee","name":"admin","image":{"@type":"ImageObject","inLanguage":"sr-RS","@id":"https:\/\/president-ksgov.net\/#\/schema\/person\/image\/","url":"https:\/\/secure.gravatar.com\/avatar\/36156ca0fa3b8d9d25174f146e16beea0cf28f37adf1b9e19b6c9c279a7c9dd3?s=96&d=mm&r=g","contentUrl":"https:\/\/secure.gravatar.com\/avatar\/36156ca0fa3b8d9d25174f146e16beea0cf28f37adf1b9e19b6c9c279a7c9dd3?s=96&d=mm&r=g","caption":"admin"},"sameAs":["https:\/\/president-ksgov.net"]}]}},"_links":{"self":[{"href":"https:\/\/president-ksgov.net\/sr\/wp-json\/wp\/v2\/posts\/76875","targetHints":{"allow":["GET"]}}],"collection":[{"href":"https:\/\/president-ksgov.net\/sr\/wp-json\/wp\/v2\/posts"}],"about":[{"href":"https:\/\/president-ksgov.net\/sr\/wp-json\/wp\/v2\/types\/post"}],"author":[{"embeddable":true,"href":"https:\/\/president-ksgov.net\/sr\/wp-json\/wp\/v2\/users\/1"}],"replies":[{"embeddable":true,"href":"https:\/\/president-ksgov.net\/sr\/wp-json\/wp\/v2\/comments?post=76875"}],"version-history":[{"count":0,"href":"https:\/\/president-ksgov.net\/sr\/wp-json\/wp\/v2\/posts\/76875\/revisions"}],"wp:featuredmedia":[{"embeddable":true,"href":"https:\/\/president-ksgov.net\/sr\/wp-json\/wp\/v2\/media\/34600"}],"wp:attachment":[{"href":"https:\/\/president-ksgov.net\/sr\/wp-json\/wp\/v2\/media?parent=76875"}],"wp:term":[{"taxonomy":"category","embeddable":true,"href":"https:\/\/president-ksgov.net\/sr\/wp-json\/wp\/v2\/categories?post=76875"},{"taxonomy":"post_tag","embeddable":true,"href":"https:\/\/president-ksgov.net\/sr\/wp-json\/wp\/v2\/tags?post=76875"}],"curies":[{"name":"wp","href":"https:\/\/api.w.org\/{rel}","templated":true}]}}