{"id":76854,"date":"2016-04-25T13:39:52","date_gmt":"2016-04-25T13:39:52","guid":{"rendered":"https:\/\/dev.president-ksgov.net\/predsednik-thaci-docekao-je-predsednika-pkk-a-i-nekoliko-uspenih-kosovskih-biznismena\/"},"modified":"2016-04-25T13:39:52","modified_gmt":"2016-04-25T13:39:52","slug":"predsednik-thaci-docekao-je-predsednika-pkk-a-i-nekoliko-uspenih-kosovskih-biznismena","status":"publish","type":"post","link":"https:\/\/president-ksgov.net\/sr\/predsednik-thaci-docekao-je-predsednika-pkk-a-i-nekoliko-uspenih-kosovskih-biznismena\/","title":{"rendered":"Predsednik Tha\u00e7i do\u010dekao je predsednika PKK-a i nekoliko uspe&#154;nih kosovskih biznismena"},"content":{"rendered":"<p>Predsednik Republike Kosova, Hashim Tha\u00e7i, do\u010dekao je danas na sastanku predsednika Privredne komore Kosova, Safet-a G\u00ebrxhaliu, zajedno sa nekoliko uspe&#353;nih kosovskih biznismena.<\/p>\n<p>Predsednik Tha\u00e7i im se zahvalio na anga&#382;ovanju i na njihovom radu u privatnom sektoru, pru&#382;aju\u0107i im punu podr&#353;ku i saradnju kao predsednik zemlje. <\/p>\n<p>&#8220;Mi smo zajedno sara\u0111ivali dugo vremena i ima\u0107ete i dalje moju punu podr&#353;ku i kao predsednika zemlje. Vi ste ovde sa ljudima koji su o&#382;iveli i oja\u010dali privredni razvoj Kosova, koji su stvorili na hiljade radnih mesta i pove\u0107ali blagostanje gra\u0111ana zemlje. Ono &#353;to nas danas \u010dini da se dobro ose\u0107amo na Kosovu je to &#353;to se stvara dobra klima za poslovanje, atraktivnost i verujem da institucije treba da budu uz firme u smislu sna&#382;nog partnerstva, kako bismo &#353;to bolje, br&#382;e i kvalitetnije izgradili na&#353;u dr&#382;avu&#8221;, rekao je predsednik Tha\u00e7i.<\/p>\n<p>Predsednik Privredne komore Kosova , Safet G\u00ebrxhaliu, nakon &#353;to se zahvalio predsedniku\u00a0 Tha\u00e7i -ju na njegovom prisustvu na otvaranju sajma &#8222;Pri&#353;tina2016&#8243;, rekao je da je ovo bio dokaz za poslovnu zajednicu da \u0107e prioritet u va&#353;oj agendi zaista biti privredni razvoj i pobolj&#353;anje slike Kosova. <\/p>\n<p>&#8220;Ovde smo da vam pru&#382;imo partnerstvo, kao &#353;to smo to \u010dinili i u pro&#353;losti i verujemo da je va&#353; cilj bila ekonomska diplomatija i u tom pravcu \u0107emo zajedno uraditi mnogo toga. Nama treba organ i va&#353;a slika kao lidera, koju ste stvorili ne samo na Kosovu, ve\u0107 i &#353;ire i definitivno je vreme da na ovaj na\u010din objavimo rat na&#353;em zajedni\u010dkom neprijatelju, a to je nezaposlenost, koja se stvorila zbog nedostatka direktnih stranih investicija&#8221;, rekao je G\u00ebrxhaliu, dodaju\u0107i da je ovakva podr&#353;ka i dijalog sa privatnim sektorom garancija budu\u0107nosti i perspektive Kosova.\u00a0 <\/p>\n<p>Predsednik Tha\u00e7i naglasio je da je uloga poslovne zajednice nezamenjiva za otvaranje perspektive i novih mogu\u0107nosti na Kosovu, posebno sada nakon potpisivanja SPP-a.\u00a0<\/p>\n","protected":false},"excerpt":{"rendered":"<p>Predsednik Republike Kosova, Hashim Tha\u00e7i, do\u010dekao je danas na sastanku predsednika Privredne komore Kosova, Safet-a G\u00ebrxhaliu, zajedno sa nekoliko uspe&#353;nih kosovskih biznismena.<\/p>\n","protected":false},"author":1,"featured_media":69244,"comment_status":"open","ping_status":"closed","sticky":false,"template":"","format":"standard","meta":{"_eb_attr":"","footnotes":""},"categories":[101],"tags":[],"class_list":["post-76854","post","type-post","status-publish","format-standard","has-post-thumbnail","hentry","category-vesti"],"yoast_head":"<!-- This site is optimized with the Yoast SEO plugin v23.5 - https:\/\/yoast.com\/wordpress\/plugins\/seo\/ -->\n<title>Predsednik Tha\u00e7i do\u010dekao je predsednika PKK-a i nekoliko uspe&#154;nih kosovskih biznismena - Predsednik Republike Kosovo - DR. VJOSA OSMANI - SADRIU<\/title>\n<meta name=\"description\" content=\"Predsednik Tha\u00e7i do\u010dekao je predsednika PKK-a i nekoliko uspe&#154;nih kosovskih biznismena - Predsednik Republike Kosovo - DR. VJOSA OSMANI - SADRIU -\" \/>\n<meta name=\"robots\" content=\"index, follow, max-snippet:-1, max-image-preview:large, max-video-preview:-1\" \/>\n<link rel=\"canonical\" href=\"https:\/\/president-ksgov.net\/sr\/predsednik-thaci-docekao-je-predsednika-pkk-a-i-nekoliko-uspenih-kosovskih-biznismena\/\" \/>\n<meta property=\"og:locale\" content=\"sr_RS\" \/>\n<meta property=\"og:type\" content=\"article\" \/>\n<meta property=\"og:title\" content=\"Predsednik Tha\u00e7i do\u010dekao je predsednika PKK-a i nekoliko uspe&#154;nih kosovskih biznismena - Predsednik Republike Kosovo - DR. VJOSA OSMANI - SADRIU\" \/>\n<meta property=\"og:description\" content=\"Predsednik Tha\u00e7i do\u010dekao je predsednika PKK-a i nekoliko uspe&#154;nih kosovskih biznismena - Predsednik Republike Kosovo - DR. VJOSA OSMANI - SADRIU -\" \/>\n<meta property=\"og:url\" content=\"https:\/\/president-ksgov.net\/sr\/predsednik-thaci-docekao-je-predsednika-pkk-a-i-nekoliko-uspenih-kosovskih-biznismena\/\" \/>\n<meta property=\"og:site_name\" content=\"Predsednik Republike Kosovo - DR. VJOSA OSMANI - SADRIU\" \/>\n<meta property=\"article:published_time\" content=\"2016-04-25T13:39:52+00:00\" \/>\n<meta property=\"og:image\" content=\"https:\/\/president-ksgov.net\/wp-content\/uploads\/25_04_2016_8647664_OEK_01.jpg\" \/>\n\t<meta property=\"og:image:width\" content=\"2208\" \/>\n\t<meta property=\"og:image:height\" content=\"1472\" \/>\n\t<meta property=\"og:image:type\" content=\"image\/jpeg\" \/>\n<meta name=\"author\" content=\"admin\" \/>\n<meta name=\"twitter:card\" content=\"summary_large_image\" \/>\n<meta name=\"twitter:label1\" content=\"\u041d\u0430\u043f\u0438\u0441\u0430\u043d\u043e \u043e\u0434\" \/>\n\t<meta name=\"twitter:data1\" content=\"admin\" \/>\n\t<meta name=\"twitter:label2\" content=\"\u041f\u0440\u043e\u0446\u0435\u045a\u0435\u043d\u043e \u0432\u0440\u0435\u043c\u0435 \u0447\u0438\u0442\u0430\u045a\u0430\" \/>\n\t<meta name=\"twitter:data2\" content=\"2 \u043c\u0438\u043d\u0443\u0442\u0430\" \/>\n<script type=\"application\/ld+json\" class=\"yoast-schema-graph\">{\"@context\":\"https:\/\/schema.org\",\"@graph\":[{\"@type\":\"WebPage\",\"@id\":\"https:\/\/president-ksgov.net\/sr\/predsednik-thaci-docekao-je-predsednika-pkk-a-i-nekoliko-uspenih-kosovskih-biznismena\/\",\"url\":\"https:\/\/president-ksgov.net\/sr\/predsednik-thaci-docekao-je-predsednika-pkk-a-i-nekoliko-uspenih-kosovskih-biznismena\/\",\"name\":\"Predsednik Tha\u00e7i do\u010dekao je predsednika PKK-a i nekoliko uspe&#154;nih kosovskih biznismena - Predsednik Republike Kosovo - DR. VJOSA OSMANI - SADRIU\",\"isPartOf\":{\"@id\":\"https:\/\/president-ksgov.net\/#website\"},\"primaryImageOfPage\":{\"@id\":\"https:\/\/president-ksgov.net\/sr\/predsednik-thaci-docekao-je-predsednika-pkk-a-i-nekoliko-uspenih-kosovskih-biznismena\/#primaryimage\"},\"image\":{\"@id\":\"https:\/\/president-ksgov.net\/sr\/predsednik-thaci-docekao-je-predsednika-pkk-a-i-nekoliko-uspenih-kosovskih-biznismena\/#primaryimage\"},\"thumbnailUrl\":\"https:\/\/president-ksgov.net\/wp-content\/uploads\/25_04_2016_8647664_OEK_01.jpg\",\"datePublished\":\"2016-04-25T13:39:52+00:00\",\"dateModified\":\"2016-04-25T13:39:52+00:00\",\"author\":{\"@id\":\"https:\/\/president-ksgov.net\/#\/schema\/person\/bb4337a5fb147cb2046d80548172cbee\"},\"description\":\"Predsednik Tha\u00e7i do\u010dekao je predsednika PKK-a i nekoliko uspe&#154;nih kosovskih biznismena - Predsednik Republike Kosovo - DR. VJOSA OSMANI - SADRIU -\",\"breadcrumb\":{\"@id\":\"https:\/\/president-ksgov.net\/sr\/predsednik-thaci-docekao-je-predsednika-pkk-a-i-nekoliko-uspenih-kosovskih-biznismena\/#breadcrumb\"},\"inLanguage\":\"sr-RS\",\"potentialAction\":[{\"@type\":\"ReadAction\",\"target\":[\"https:\/\/president-ksgov.net\/sr\/predsednik-thaci-docekao-je-predsednika-pkk-a-i-nekoliko-uspenih-kosovskih-biznismena\/\"]}]},{\"@type\":\"ImageObject\",\"inLanguage\":\"sr-RS\",\"@id\":\"https:\/\/president-ksgov.net\/sr\/predsednik-thaci-docekao-je-predsednika-pkk-a-i-nekoliko-uspenih-kosovskih-biznismena\/#primaryimage\",\"url\":\"https:\/\/president-ksgov.net\/wp-content\/uploads\/25_04_2016_8647664_OEK_01.jpg\",\"contentUrl\":\"https:\/\/president-ksgov.net\/wp-content\/uploads\/25_04_2016_8647664_OEK_01.jpg\",\"width\":2208,\"height\":1472},{\"@type\":\"BreadcrumbList\",\"@id\":\"https:\/\/president-ksgov.net\/sr\/predsednik-thaci-docekao-je-predsednika-pkk-a-i-nekoliko-uspenih-kosovskih-biznismena\/#breadcrumb\",\"itemListElement\":[{\"@type\":\"ListItem\",\"position\":1,\"name\":\"Home\",\"item\":\"https:\/\/president-ksgov.net\/sr\/\"},{\"@type\":\"ListItem\",\"position\":2,\"name\":\"Predsednik Tha\u00e7i do\u010dekao je predsednika PKK-a i nekoliko uspe&#154;nih kosovskih biznismena\"}]},{\"@type\":\"WebSite\",\"@id\":\"https:\/\/president-ksgov.net\/#website\",\"url\":\"https:\/\/president-ksgov.net\/\",\"name\":\"Presidente e Republik\u00ebs s\u00eb Kosov\u00ebs\",\"description\":\"Presidente e Republik\u00ebs s\u00eb Kosov\u00ebs\",\"alternateName\":\"DR. VJOSA OSMANI - SADRIU\",\"potentialAction\":[{\"@type\":\"SearchAction\",\"target\":{\"@type\":\"EntryPoint\",\"urlTemplate\":\"https:\/\/president-ksgov.net\/?s={search_term_string}\"},\"query-input\":{\"@type\":\"PropertyValueSpecification\",\"valueRequired\":true,\"valueName\":\"search_term_string\"}}],\"inLanguage\":\"sr-RS\"},{\"@type\":\"Person\",\"@id\":\"https:\/\/president-ksgov.net\/#\/schema\/person\/bb4337a5fb147cb2046d80548172cbee\",\"name\":\"admin\",\"image\":{\"@type\":\"ImageObject\",\"inLanguage\":\"sr-RS\",\"@id\":\"https:\/\/president-ksgov.net\/#\/schema\/person\/image\/\",\"url\":\"https:\/\/secure.gravatar.com\/avatar\/36156ca0fa3b8d9d25174f146e16beea0cf28f37adf1b9e19b6c9c279a7c9dd3?s=96&d=mm&r=g\",\"contentUrl\":\"https:\/\/secure.gravatar.com\/avatar\/36156ca0fa3b8d9d25174f146e16beea0cf28f37adf1b9e19b6c9c279a7c9dd3?s=96&d=mm&r=g\",\"caption\":\"admin\"},\"sameAs\":[\"https:\/\/president-ksgov.net\"]}]}<\/script>\n<!-- \/ Yoast SEO plugin. -->","yoast_head_json":{"title":"Predsednik Tha\u00e7i do\u010dekao je predsednika PKK-a i nekoliko uspe&#154;nih kosovskih biznismena - Predsednik Republike Kosovo - DR. VJOSA OSMANI - SADRIU","description":"Predsednik Tha\u00e7i do\u010dekao je predsednika PKK-a i nekoliko uspe&#154;nih kosovskih biznismena - Predsednik Republike Kosovo - DR. VJOSA OSMANI - SADRIU -","robots":{"index":"index","follow":"follow","max-snippet":"max-snippet:-1","max-image-preview":"max-image-preview:large","max-video-preview":"max-video-preview:-1"},"canonical":"https:\/\/president-ksgov.net\/sr\/predsednik-thaci-docekao-je-predsednika-pkk-a-i-nekoliko-uspenih-kosovskih-biznismena\/","og_locale":"sr_RS","og_type":"article","og_title":"Predsednik Tha\u00e7i do\u010dekao je predsednika PKK-a i nekoliko uspe&#154;nih kosovskih biznismena - Predsednik Republike Kosovo - DR. VJOSA OSMANI - SADRIU","og_description":"Predsednik Tha\u00e7i do\u010dekao je predsednika PKK-a i nekoliko uspe&#154;nih kosovskih biznismena - Predsednik Republike Kosovo - DR. VJOSA OSMANI - SADRIU -","og_url":"https:\/\/president-ksgov.net\/sr\/predsednik-thaci-docekao-je-predsednika-pkk-a-i-nekoliko-uspenih-kosovskih-biznismena\/","og_site_name":"Predsednik Republike Kosovo - DR. VJOSA OSMANI - SADRIU","article_published_time":"2016-04-25T13:39:52+00:00","og_image":[{"width":2208,"height":1472,"url":"https:\/\/president-ksgov.net\/wp-content\/uploads\/25_04_2016_8647664_OEK_01.jpg","type":"image\/jpeg"}],"author":"admin","twitter_card":"summary_large_image","twitter_misc":{"\u041d\u0430\u043f\u0438\u0441\u0430\u043d\u043e \u043e\u0434":"admin","\u041f\u0440\u043e\u0446\u0435\u045a\u0435\u043d\u043e \u0432\u0440\u0435\u043c\u0435 \u0447\u0438\u0442\u0430\u045a\u0430":"2 \u043c\u0438\u043d\u0443\u0442\u0430"},"schema":{"@context":"https:\/\/schema.org","@graph":[{"@type":"WebPage","@id":"https:\/\/president-ksgov.net\/sr\/predsednik-thaci-docekao-je-predsednika-pkk-a-i-nekoliko-uspenih-kosovskih-biznismena\/","url":"https:\/\/president-ksgov.net\/sr\/predsednik-thaci-docekao-je-predsednika-pkk-a-i-nekoliko-uspenih-kosovskih-biznismena\/","name":"Predsednik Tha\u00e7i do\u010dekao je predsednika PKK-a i nekoliko uspe&#154;nih kosovskih biznismena - Predsednik Republike Kosovo - DR. VJOSA OSMANI - SADRIU","isPartOf":{"@id":"https:\/\/president-ksgov.net\/#website"},"primaryImageOfPage":{"@id":"https:\/\/president-ksgov.net\/sr\/predsednik-thaci-docekao-je-predsednika-pkk-a-i-nekoliko-uspenih-kosovskih-biznismena\/#primaryimage"},"image":{"@id":"https:\/\/president-ksgov.net\/sr\/predsednik-thaci-docekao-je-predsednika-pkk-a-i-nekoliko-uspenih-kosovskih-biznismena\/#primaryimage"},"thumbnailUrl":"https:\/\/president-ksgov.net\/wp-content\/uploads\/25_04_2016_8647664_OEK_01.jpg","datePublished":"2016-04-25T13:39:52+00:00","dateModified":"2016-04-25T13:39:52+00:00","author":{"@id":"https:\/\/president-ksgov.net\/#\/schema\/person\/bb4337a5fb147cb2046d80548172cbee"},"description":"Predsednik Tha\u00e7i do\u010dekao je predsednika PKK-a i nekoliko uspe&#154;nih kosovskih biznismena - Predsednik Republike Kosovo - DR. VJOSA OSMANI - SADRIU -","breadcrumb":{"@id":"https:\/\/president-ksgov.net\/sr\/predsednik-thaci-docekao-je-predsednika-pkk-a-i-nekoliko-uspenih-kosovskih-biznismena\/#breadcrumb"},"inLanguage":"sr-RS","potentialAction":[{"@type":"ReadAction","target":["https:\/\/president-ksgov.net\/sr\/predsednik-thaci-docekao-je-predsednika-pkk-a-i-nekoliko-uspenih-kosovskih-biznismena\/"]}]},{"@type":"ImageObject","inLanguage":"sr-RS","@id":"https:\/\/president-ksgov.net\/sr\/predsednik-thaci-docekao-je-predsednika-pkk-a-i-nekoliko-uspenih-kosovskih-biznismena\/#primaryimage","url":"https:\/\/president-ksgov.net\/wp-content\/uploads\/25_04_2016_8647664_OEK_01.jpg","contentUrl":"https:\/\/president-ksgov.net\/wp-content\/uploads\/25_04_2016_8647664_OEK_01.jpg","width":2208,"height":1472},{"@type":"BreadcrumbList","@id":"https:\/\/president-ksgov.net\/sr\/predsednik-thaci-docekao-je-predsednika-pkk-a-i-nekoliko-uspenih-kosovskih-biznismena\/#breadcrumb","itemListElement":[{"@type":"ListItem","position":1,"name":"Home","item":"https:\/\/president-ksgov.net\/sr\/"},{"@type":"ListItem","position":2,"name":"Predsednik Tha\u00e7i do\u010dekao je predsednika PKK-a i nekoliko uspe&#154;nih kosovskih biznismena"}]},{"@type":"WebSite","@id":"https:\/\/president-ksgov.net\/#website","url":"https:\/\/president-ksgov.net\/","name":"Presidente e Republik\u00ebs s\u00eb Kosov\u00ebs","description":"Presidente e Republik\u00ebs s\u00eb Kosov\u00ebs","alternateName":"DR. VJOSA OSMANI - SADRIU","potentialAction":[{"@type":"SearchAction","target":{"@type":"EntryPoint","urlTemplate":"https:\/\/president-ksgov.net\/?s={search_term_string}"},"query-input":{"@type":"PropertyValueSpecification","valueRequired":true,"valueName":"search_term_string"}}],"inLanguage":"sr-RS"},{"@type":"Person","@id":"https:\/\/president-ksgov.net\/#\/schema\/person\/bb4337a5fb147cb2046d80548172cbee","name":"admin","image":{"@type":"ImageObject","inLanguage":"sr-RS","@id":"https:\/\/president-ksgov.net\/#\/schema\/person\/image\/","url":"https:\/\/secure.gravatar.com\/avatar\/36156ca0fa3b8d9d25174f146e16beea0cf28f37adf1b9e19b6c9c279a7c9dd3?s=96&d=mm&r=g","contentUrl":"https:\/\/secure.gravatar.com\/avatar\/36156ca0fa3b8d9d25174f146e16beea0cf28f37adf1b9e19b6c9c279a7c9dd3?s=96&d=mm&r=g","caption":"admin"},"sameAs":["https:\/\/president-ksgov.net"]}]}},"_links":{"self":[{"href":"https:\/\/president-ksgov.net\/sr\/wp-json\/wp\/v2\/posts\/76854","targetHints":{"allow":["GET"]}}],"collection":[{"href":"https:\/\/president-ksgov.net\/sr\/wp-json\/wp\/v2\/posts"}],"about":[{"href":"https:\/\/president-ksgov.net\/sr\/wp-json\/wp\/v2\/types\/post"}],"author":[{"embeddable":true,"href":"https:\/\/president-ksgov.net\/sr\/wp-json\/wp\/v2\/users\/1"}],"replies":[{"embeddable":true,"href":"https:\/\/president-ksgov.net\/sr\/wp-json\/wp\/v2\/comments?post=76854"}],"version-history":[{"count":0,"href":"https:\/\/president-ksgov.net\/sr\/wp-json\/wp\/v2\/posts\/76854\/revisions"}],"wp:featuredmedia":[{"embeddable":true,"href":"https:\/\/president-ksgov.net\/sr\/wp-json\/wp\/v2\/media\/69244"}],"wp:attachment":[{"href":"https:\/\/president-ksgov.net\/sr\/wp-json\/wp\/v2\/media?parent=76854"}],"wp:term":[{"taxonomy":"category","embeddable":true,"href":"https:\/\/president-ksgov.net\/sr\/wp-json\/wp\/v2\/categories?post=76854"},{"taxonomy":"post_tag","embeddable":true,"href":"https:\/\/president-ksgov.net\/sr\/wp-json\/wp\/v2\/tags?post=76854"}],"curies":[{"name":"wp","href":"https:\/\/api.w.org\/{rel}","templated":true}]}}