{"id":76844,"date":"2016-04-21T14:11:20","date_gmt":"2016-04-21T14:11:20","guid":{"rendered":"https:\/\/dev.president-ksgov.net\/predsednik-portugalije-cestitao-predsedniku-thaci-ju-kae-da-je-njegov-izbor-bitan-korak-i-ohrabrujuci-znak-za-napredak-zemlje\/"},"modified":"2016-04-21T14:11:20","modified_gmt":"2016-04-21T14:11:20","slug":"predsednik-portugalije-cestitao-predsedniku-thaci-ju-kae-da-je-njegov-izbor-bitan-korak-i-ohrabrujuci-znak-za-napredak-zemlje","status":"publish","type":"post","link":"https:\/\/president-ksgov.net\/sr\/predsednik-portugalije-cestitao-predsedniku-thaci-ju-kae-da-je-njegov-izbor-bitan-korak-i-ohrabrujuci-znak-za-napredak-zemlje\/","title":{"rendered":"Predsednik Portugalije \u010destitao predsedniku Tha\u00e7i-ju, ka&#158;e da je njegov izbor bitan korak i ohrabruju\u0107i znak za napredak zemlje"},"content":{"rendered":"<p>Predsednik Republike Portugalije, Marcelo Rebelo de Sousa, poslao je pismo \u010destitke predsedniku Republike Kosova, Hashim-u Tha\u00e7i-ju, u kojem je napisao da je izbor Tha\u00e7i-ja za predsednika bitan korak i ohrabruju\u0107i znak za Republiku Kosovo na njenom putu prema miru, stabilnosti, integritetu i socijalnom i ekonomskom napretku.<\/p>\n<p>Ovo je pismo \u010destitke koje je predsednik Republike Portugalije, Marcelo Rebelo de Sousa, poslao predsedniku\u00a0 Hashim &#8211;u Tha\u00e7i-ju:<\/p>\n<p>Njegovoj ekselenciji<br \/>\nG. Hashim-u Tha\u00e7i-ju<br \/>\nPredsedniku Republike Kosova<br \/>\nPRI&#352;TINA<\/p>\n<p>G. predsedni\u010de,<\/p>\n<p>Povodom inauguracije Va&#353;e ekselencije za predsednika Republike Kosova, &#382;elim da vam izrazim Va&#353;a ekselencijo, u ime portugalskog naroda i u moje li\u010dno ime, srda\u010dne \u010destitke i &#382;elje za uspehom. <\/p>\n<p>Izbor Va&#353;e ekselencije je jedan bitan korak i ohrabruju\u0107i znak za Republiku Kosovo na putu prema miru, stabilnosti i socijalnom i ekonomskom napretku. Nadam se da \u0107e se tokom mandata va&#353;e ekselencije prona\u0107i nove mogu\u0107nosti za razvoj i produbljenje prijateljskih odnosa i saradnje koje povezuju na&#353;e dve dr&#382;ave. <\/p>\n<p>Ponovo nagla&#353;avaju\u0107i moje iskrene \u010destitke, molim vas g. predsedni\u010de da primite i moje &#382;elje za blagostanje Va&#353;e ekselencije, kao i &#382;elje za napretkom i prosperitetom Republike Kosova. <\/p>\n<p>Marcelo Rebelo de Sousa<br \/>\nPredsednik Republike Portugalije<\/p>\n","protected":false},"excerpt":{"rendered":"<p>Predsednik Republike Portugalije, Marcelo Rebelo de Sousa, poslao je pismo \u010destitke predsedniku Republike Kosova, Hashim-u Tha\u00e7i-ju, u kojem je napisao da je izbor Tha\u00e7i-ja za predsednika bitan korak i ohrabruju\u0107i znak za Republiku Kosovo na njenom putu prema miru, stabilnosti, integritetu i socijalnom i ekonomskom napretku.<\/p>\n","protected":false},"author":1,"featured_media":86338,"comment_status":"open","ping_status":"closed","sticky":false,"template":"","format":"standard","meta":{"_eb_attr":"","footnotes":""},"categories":[101],"tags":[],"class_list":["post-76844","post","type-post","status-publish","format-standard","has-post-thumbnail","hentry","category-vesti"],"yoast_head":"<!-- This site is optimized with the Yoast SEO plugin v23.5 - https:\/\/yoast.com\/wordpress\/plugins\/seo\/ -->\n<title>Predsednik Portugalije \u010destitao predsedniku Tha\u00e7i-ju, ka&#158;e da je njegov izbor bitan korak i ohrabruju\u0107i znak za napredak zemlje - Predsednik Republike Kosovo - DR. VJOSA OSMANI - SADRIU<\/title>\n<meta name=\"description\" content=\"Predsednik Portugalije \u010destitao predsedniku Tha\u00e7i-ju, ka&#158;e da je njegov izbor bitan korak i ohrabruju\u0107i znak za napredak zemlje - Predsednik Republike Kosovo - DR. VJOSA OSMANI - SADRIU -\" \/>\n<meta name=\"robots\" content=\"index, follow, max-snippet:-1, max-image-preview:large, max-video-preview:-1\" \/>\n<link rel=\"canonical\" href=\"https:\/\/president-ksgov.net\/sr\/predsednik-portugalije-cestitao-predsedniku-thaci-ju-kae-da-je-njegov-izbor-bitan-korak-i-ohrabrujuci-znak-za-napredak-zemlje\/\" \/>\n<meta property=\"og:locale\" content=\"sr_RS\" \/>\n<meta property=\"og:type\" content=\"article\" \/>\n<meta property=\"og:title\" content=\"Predsednik Portugalije \u010destitao predsedniku Tha\u00e7i-ju, ka&#158;e da je njegov izbor bitan korak i ohrabruju\u0107i znak za napredak zemlje - Predsednik Republike Kosovo - DR. VJOSA OSMANI - SADRIU\" \/>\n<meta property=\"og:description\" content=\"Predsednik Portugalije \u010destitao predsedniku Tha\u00e7i-ju, ka&#158;e da je njegov izbor bitan korak i ohrabruju\u0107i znak za napredak zemlje - Predsednik Republike Kosovo - DR. VJOSA OSMANI - SADRIU -\" \/>\n<meta property=\"og:url\" content=\"https:\/\/president-ksgov.net\/sr\/predsednik-portugalije-cestitao-predsedniku-thaci-ju-kae-da-je-njegov-izbor-bitan-korak-i-ohrabrujuci-znak-za-napredak-zemlje\/\" \/>\n<meta property=\"og:site_name\" content=\"Predsednik Republike Kosovo - DR. VJOSA OSMANI - SADRIU\" \/>\n<meta property=\"article:published_time\" content=\"2016-04-21T14:11:20+00:00\" \/>\n<meta property=\"og:image\" content=\"https:\/\/president-ksgov.net\/wp-content\/uploads\/Zyra-e-Presidentes-Featured-Image1-e1678970937938.png\" \/>\n\t<meta property=\"og:image:width\" content=\"1024\" \/>\n\t<meta property=\"og:image:height\" content=\"716\" \/>\n\t<meta property=\"og:image:type\" content=\"image\/png\" \/>\n<meta name=\"author\" content=\"admin\" \/>\n<meta name=\"twitter:card\" content=\"summary_large_image\" \/>\n<meta name=\"twitter:label1\" content=\"\u041d\u0430\u043f\u0438\u0441\u0430\u043d\u043e \u043e\u0434\" \/>\n\t<meta name=\"twitter:data1\" content=\"admin\" \/>\n\t<meta name=\"twitter:label2\" content=\"\u041f\u0440\u043e\u0446\u0435\u045a\u0435\u043d\u043e \u0432\u0440\u0435\u043c\u0435 \u0447\u0438\u0442\u0430\u045a\u0430\" \/>\n\t<meta name=\"twitter:data2\" content=\"1 \u043c\u0438\u043d\u0443\u0442\" \/>\n<script type=\"application\/ld+json\" class=\"yoast-schema-graph\">{\"@context\":\"https:\/\/schema.org\",\"@graph\":[{\"@type\":\"WebPage\",\"@id\":\"https:\/\/president-ksgov.net\/sr\/predsednik-portugalije-cestitao-predsedniku-thaci-ju-kae-da-je-njegov-izbor-bitan-korak-i-ohrabrujuci-znak-za-napredak-zemlje\/\",\"url\":\"https:\/\/president-ksgov.net\/sr\/predsednik-portugalije-cestitao-predsedniku-thaci-ju-kae-da-je-njegov-izbor-bitan-korak-i-ohrabrujuci-znak-za-napredak-zemlje\/\",\"name\":\"Predsednik Portugalije \u010destitao predsedniku Tha\u00e7i-ju, ka&#158;e da je njegov izbor bitan korak i ohrabruju\u0107i znak za napredak zemlje - Predsednik Republike Kosovo - DR. VJOSA OSMANI - SADRIU\",\"isPartOf\":{\"@id\":\"https:\/\/president-ksgov.net\/#website\"},\"primaryImageOfPage\":{\"@id\":\"https:\/\/president-ksgov.net\/sr\/predsednik-portugalije-cestitao-predsedniku-thaci-ju-kae-da-je-njegov-izbor-bitan-korak-i-ohrabrujuci-znak-za-napredak-zemlje\/#primaryimage\"},\"image\":{\"@id\":\"https:\/\/president-ksgov.net\/sr\/predsednik-portugalije-cestitao-predsedniku-thaci-ju-kae-da-je-njegov-izbor-bitan-korak-i-ohrabrujuci-znak-za-napredak-zemlje\/#primaryimage\"},\"thumbnailUrl\":\"https:\/\/president-ksgov.net\/wp-content\/uploads\/Zyra-e-Presidentes-Featured-Image1-e1678970937938.png\",\"datePublished\":\"2016-04-21T14:11:20+00:00\",\"dateModified\":\"2016-04-21T14:11:20+00:00\",\"author\":{\"@id\":\"https:\/\/president-ksgov.net\/#\/schema\/person\/bb4337a5fb147cb2046d80548172cbee\"},\"description\":\"Predsednik Portugalije \u010destitao predsedniku Tha\u00e7i-ju, ka&#158;e da je njegov izbor bitan korak i ohrabruju\u0107i znak za napredak zemlje - Predsednik Republike Kosovo - DR. VJOSA OSMANI - SADRIU -\",\"breadcrumb\":{\"@id\":\"https:\/\/president-ksgov.net\/sr\/predsednik-portugalije-cestitao-predsedniku-thaci-ju-kae-da-je-njegov-izbor-bitan-korak-i-ohrabrujuci-znak-za-napredak-zemlje\/#breadcrumb\"},\"inLanguage\":\"sr-RS\",\"potentialAction\":[{\"@type\":\"ReadAction\",\"target\":[\"https:\/\/president-ksgov.net\/sr\/predsednik-portugalije-cestitao-predsedniku-thaci-ju-kae-da-je-njegov-izbor-bitan-korak-i-ohrabrujuci-znak-za-napredak-zemlje\/\"]}]},{\"@type\":\"ImageObject\",\"inLanguage\":\"sr-RS\",\"@id\":\"https:\/\/president-ksgov.net\/sr\/predsednik-portugalije-cestitao-predsedniku-thaci-ju-kae-da-je-njegov-izbor-bitan-korak-i-ohrabrujuci-znak-za-napredak-zemlje\/#primaryimage\",\"url\":\"https:\/\/president-ksgov.net\/wp-content\/uploads\/Zyra-e-Presidentes-Featured-Image1-e1678970937938.png\",\"contentUrl\":\"https:\/\/president-ksgov.net\/wp-content\/uploads\/Zyra-e-Presidentes-Featured-Image1-e1678970937938.png\",\"width\":1024,\"height\":716},{\"@type\":\"BreadcrumbList\",\"@id\":\"https:\/\/president-ksgov.net\/sr\/predsednik-portugalije-cestitao-predsedniku-thaci-ju-kae-da-je-njegov-izbor-bitan-korak-i-ohrabrujuci-znak-za-napredak-zemlje\/#breadcrumb\",\"itemListElement\":[{\"@type\":\"ListItem\",\"position\":1,\"name\":\"Home\",\"item\":\"https:\/\/president-ksgov.net\/sr\/\"},{\"@type\":\"ListItem\",\"position\":2,\"name\":\"Predsednik Portugalije \u010destitao predsedniku Tha\u00e7i-ju, ka&#158;e da je njegov izbor bitan korak i ohrabruju\u0107i znak za napredak zemlje\"}]},{\"@type\":\"WebSite\",\"@id\":\"https:\/\/president-ksgov.net\/#website\",\"url\":\"https:\/\/president-ksgov.net\/\",\"name\":\"Presidente e Republik\u00ebs s\u00eb Kosov\u00ebs\",\"description\":\"Presidente e Republik\u00ebs s\u00eb Kosov\u00ebs\",\"alternateName\":\"DR. VJOSA OSMANI - SADRIU\",\"potentialAction\":[{\"@type\":\"SearchAction\",\"target\":{\"@type\":\"EntryPoint\",\"urlTemplate\":\"https:\/\/president-ksgov.net\/?s={search_term_string}\"},\"query-input\":{\"@type\":\"PropertyValueSpecification\",\"valueRequired\":true,\"valueName\":\"search_term_string\"}}],\"inLanguage\":\"sr-RS\"},{\"@type\":\"Person\",\"@id\":\"https:\/\/president-ksgov.net\/#\/schema\/person\/bb4337a5fb147cb2046d80548172cbee\",\"name\":\"admin\",\"image\":{\"@type\":\"ImageObject\",\"inLanguage\":\"sr-RS\",\"@id\":\"https:\/\/president-ksgov.net\/#\/schema\/person\/image\/\",\"url\":\"https:\/\/secure.gravatar.com\/avatar\/36156ca0fa3b8d9d25174f146e16beea0cf28f37adf1b9e19b6c9c279a7c9dd3?s=96&d=mm&r=g\",\"contentUrl\":\"https:\/\/secure.gravatar.com\/avatar\/36156ca0fa3b8d9d25174f146e16beea0cf28f37adf1b9e19b6c9c279a7c9dd3?s=96&d=mm&r=g\",\"caption\":\"admin\"},\"sameAs\":[\"https:\/\/president-ksgov.net\"]}]}<\/script>\n<!-- \/ Yoast SEO plugin. -->","yoast_head_json":{"title":"Predsednik Portugalije \u010destitao predsedniku Tha\u00e7i-ju, ka&#158;e da je njegov izbor bitan korak i ohrabruju\u0107i znak za napredak zemlje - Predsednik Republike Kosovo - DR. VJOSA OSMANI - SADRIU","description":"Predsednik Portugalije \u010destitao predsedniku Tha\u00e7i-ju, ka&#158;e da je njegov izbor bitan korak i ohrabruju\u0107i znak za napredak zemlje - Predsednik Republike Kosovo - DR. VJOSA OSMANI - SADRIU -","robots":{"index":"index","follow":"follow","max-snippet":"max-snippet:-1","max-image-preview":"max-image-preview:large","max-video-preview":"max-video-preview:-1"},"canonical":"https:\/\/president-ksgov.net\/sr\/predsednik-portugalije-cestitao-predsedniku-thaci-ju-kae-da-je-njegov-izbor-bitan-korak-i-ohrabrujuci-znak-za-napredak-zemlje\/","og_locale":"sr_RS","og_type":"article","og_title":"Predsednik Portugalije \u010destitao predsedniku Tha\u00e7i-ju, ka&#158;e da je njegov izbor bitan korak i ohrabruju\u0107i znak za napredak zemlje - Predsednik Republike Kosovo - DR. VJOSA OSMANI - SADRIU","og_description":"Predsednik Portugalije \u010destitao predsedniku Tha\u00e7i-ju, ka&#158;e da je njegov izbor bitan korak i ohrabruju\u0107i znak za napredak zemlje - Predsednik Republike Kosovo - DR. VJOSA OSMANI - SADRIU -","og_url":"https:\/\/president-ksgov.net\/sr\/predsednik-portugalije-cestitao-predsedniku-thaci-ju-kae-da-je-njegov-izbor-bitan-korak-i-ohrabrujuci-znak-za-napredak-zemlje\/","og_site_name":"Predsednik Republike Kosovo - DR. VJOSA OSMANI - SADRIU","article_published_time":"2016-04-21T14:11:20+00:00","og_image":[{"width":1024,"height":716,"url":"https:\/\/president-ksgov.net\/wp-content\/uploads\/Zyra-e-Presidentes-Featured-Image1-e1678970937938.png","type":"image\/png"}],"author":"admin","twitter_card":"summary_large_image","twitter_misc":{"\u041d\u0430\u043f\u0438\u0441\u0430\u043d\u043e \u043e\u0434":"admin","\u041f\u0440\u043e\u0446\u0435\u045a\u0435\u043d\u043e \u0432\u0440\u0435\u043c\u0435 \u0447\u0438\u0442\u0430\u045a\u0430":"1 \u043c\u0438\u043d\u0443\u0442"},"schema":{"@context":"https:\/\/schema.org","@graph":[{"@type":"WebPage","@id":"https:\/\/president-ksgov.net\/sr\/predsednik-portugalije-cestitao-predsedniku-thaci-ju-kae-da-je-njegov-izbor-bitan-korak-i-ohrabrujuci-znak-za-napredak-zemlje\/","url":"https:\/\/president-ksgov.net\/sr\/predsednik-portugalije-cestitao-predsedniku-thaci-ju-kae-da-je-njegov-izbor-bitan-korak-i-ohrabrujuci-znak-za-napredak-zemlje\/","name":"Predsednik Portugalije \u010destitao predsedniku Tha\u00e7i-ju, ka&#158;e da je njegov izbor bitan korak i ohrabruju\u0107i znak za napredak zemlje - Predsednik Republike Kosovo - DR. VJOSA OSMANI - SADRIU","isPartOf":{"@id":"https:\/\/president-ksgov.net\/#website"},"primaryImageOfPage":{"@id":"https:\/\/president-ksgov.net\/sr\/predsednik-portugalije-cestitao-predsedniku-thaci-ju-kae-da-je-njegov-izbor-bitan-korak-i-ohrabrujuci-znak-za-napredak-zemlje\/#primaryimage"},"image":{"@id":"https:\/\/president-ksgov.net\/sr\/predsednik-portugalije-cestitao-predsedniku-thaci-ju-kae-da-je-njegov-izbor-bitan-korak-i-ohrabrujuci-znak-za-napredak-zemlje\/#primaryimage"},"thumbnailUrl":"https:\/\/president-ksgov.net\/wp-content\/uploads\/Zyra-e-Presidentes-Featured-Image1-e1678970937938.png","datePublished":"2016-04-21T14:11:20+00:00","dateModified":"2016-04-21T14:11:20+00:00","author":{"@id":"https:\/\/president-ksgov.net\/#\/schema\/person\/bb4337a5fb147cb2046d80548172cbee"},"description":"Predsednik Portugalije \u010destitao predsedniku Tha\u00e7i-ju, ka&#158;e da je njegov izbor bitan korak i ohrabruju\u0107i znak za napredak zemlje - Predsednik Republike Kosovo - DR. VJOSA OSMANI - SADRIU -","breadcrumb":{"@id":"https:\/\/president-ksgov.net\/sr\/predsednik-portugalije-cestitao-predsedniku-thaci-ju-kae-da-je-njegov-izbor-bitan-korak-i-ohrabrujuci-znak-za-napredak-zemlje\/#breadcrumb"},"inLanguage":"sr-RS","potentialAction":[{"@type":"ReadAction","target":["https:\/\/president-ksgov.net\/sr\/predsednik-portugalije-cestitao-predsedniku-thaci-ju-kae-da-je-njegov-izbor-bitan-korak-i-ohrabrujuci-znak-za-napredak-zemlje\/"]}]},{"@type":"ImageObject","inLanguage":"sr-RS","@id":"https:\/\/president-ksgov.net\/sr\/predsednik-portugalije-cestitao-predsedniku-thaci-ju-kae-da-je-njegov-izbor-bitan-korak-i-ohrabrujuci-znak-za-napredak-zemlje\/#primaryimage","url":"https:\/\/president-ksgov.net\/wp-content\/uploads\/Zyra-e-Presidentes-Featured-Image1-e1678970937938.png","contentUrl":"https:\/\/president-ksgov.net\/wp-content\/uploads\/Zyra-e-Presidentes-Featured-Image1-e1678970937938.png","width":1024,"height":716},{"@type":"BreadcrumbList","@id":"https:\/\/president-ksgov.net\/sr\/predsednik-portugalije-cestitao-predsedniku-thaci-ju-kae-da-je-njegov-izbor-bitan-korak-i-ohrabrujuci-znak-za-napredak-zemlje\/#breadcrumb","itemListElement":[{"@type":"ListItem","position":1,"name":"Home","item":"https:\/\/president-ksgov.net\/sr\/"},{"@type":"ListItem","position":2,"name":"Predsednik Portugalije \u010destitao predsedniku Tha\u00e7i-ju, ka&#158;e da je njegov izbor bitan korak i ohrabruju\u0107i znak za napredak zemlje"}]},{"@type":"WebSite","@id":"https:\/\/president-ksgov.net\/#website","url":"https:\/\/president-ksgov.net\/","name":"Presidente e Republik\u00ebs s\u00eb Kosov\u00ebs","description":"Presidente e Republik\u00ebs s\u00eb Kosov\u00ebs","alternateName":"DR. VJOSA OSMANI - SADRIU","potentialAction":[{"@type":"SearchAction","target":{"@type":"EntryPoint","urlTemplate":"https:\/\/president-ksgov.net\/?s={search_term_string}"},"query-input":{"@type":"PropertyValueSpecification","valueRequired":true,"valueName":"search_term_string"}}],"inLanguage":"sr-RS"},{"@type":"Person","@id":"https:\/\/president-ksgov.net\/#\/schema\/person\/bb4337a5fb147cb2046d80548172cbee","name":"admin","image":{"@type":"ImageObject","inLanguage":"sr-RS","@id":"https:\/\/president-ksgov.net\/#\/schema\/person\/image\/","url":"https:\/\/secure.gravatar.com\/avatar\/36156ca0fa3b8d9d25174f146e16beea0cf28f37adf1b9e19b6c9c279a7c9dd3?s=96&d=mm&r=g","contentUrl":"https:\/\/secure.gravatar.com\/avatar\/36156ca0fa3b8d9d25174f146e16beea0cf28f37adf1b9e19b6c9c279a7c9dd3?s=96&d=mm&r=g","caption":"admin"},"sameAs":["https:\/\/president-ksgov.net"]}]}},"_links":{"self":[{"href":"https:\/\/president-ksgov.net\/sr\/wp-json\/wp\/v2\/posts\/76844","targetHints":{"allow":["GET"]}}],"collection":[{"href":"https:\/\/president-ksgov.net\/sr\/wp-json\/wp\/v2\/posts"}],"about":[{"href":"https:\/\/president-ksgov.net\/sr\/wp-json\/wp\/v2\/types\/post"}],"author":[{"embeddable":true,"href":"https:\/\/president-ksgov.net\/sr\/wp-json\/wp\/v2\/users\/1"}],"replies":[{"embeddable":true,"href":"https:\/\/president-ksgov.net\/sr\/wp-json\/wp\/v2\/comments?post=76844"}],"version-history":[{"count":0,"href":"https:\/\/president-ksgov.net\/sr\/wp-json\/wp\/v2\/posts\/76844\/revisions"}],"wp:featuredmedia":[{"embeddable":true,"href":"https:\/\/president-ksgov.net\/sr\/wp-json\/wp\/v2\/media\/86338"}],"wp:attachment":[{"href":"https:\/\/president-ksgov.net\/sr\/wp-json\/wp\/v2\/media?parent=76844"}],"wp:term":[{"taxonomy":"category","embeddable":true,"href":"https:\/\/president-ksgov.net\/sr\/wp-json\/wp\/v2\/categories?post=76844"},{"taxonomy":"post_tag","embeddable":true,"href":"https:\/\/president-ksgov.net\/sr\/wp-json\/wp\/v2\/tags?post=76844"}],"curies":[{"name":"wp","href":"https:\/\/api.w.org\/{rel}","templated":true}]}}