{"id":76833,"date":"2016-04-29T17:08:35","date_gmt":"2016-04-29T17:08:35","guid":{"rendered":"https:\/\/dev.president-ksgov.net\/predsednik-thaci-ilaz-kodra-se-borio-za-slobodu-kosova-sada-smo-svi-ujedinjeni-za-integraciju-drave\/"},"modified":"2016-04-29T17:08:35","modified_gmt":"2016-04-29T17:08:35","slug":"predsednik-thaci-ilaz-kodra-se-borio-za-slobodu-kosova-sada-smo-svi-ujedinjeni-za-integraciju-drave","status":"publish","type":"post","link":"https:\/\/president-ksgov.net\/sr\/predsednik-thaci-ilaz-kodra-se-borio-za-slobodu-kosova-sada-smo-svi-ujedinjeni-za-integraciju-drave\/","title":{"rendered":"Predsednik Tha\u00e7i: Ilaz Kodra se borio za slobodu Kosova, sada smo svi ujedinjeni za integraciju dr&#158;ave"},"content":{"rendered":"<p>Predsednik Republike Kosova, Hashim Tha\u00e7i, danas je u\u010destvovao na spomen akademiji povodom 17. godi&#353;njice od pada komandanta 114. brigade, Ilaz-a Kodre.<\/p>\n<p>Na ovoj spomen akademiji predsednik Tha\u00e7i je rekao da je 114. brigada Fehmi-ja Lladrovci-ja i Ilaz-a Kodre istakla dve osnovne karakteristike Oslobodila\u010dke vojske Kosova, koja je proizi&#353;la iz volje, ideala i sna gra\u0111ana za slobodom i nezavisno&#353;\u0107u.<\/p>\n<p>Prvo, predsednik Tha\u00e7i je rekao da su njeni prethodnici bili kako vojnici tako i komandanti, i kako komandanti tako i vojnici, upravnici i organizatori borbe za slobodu.<\/p>\n<p>Pod dva, prethodnici Oslobodila\u010dke vojske Kosova, isto kao i legendarni komandant Adem Jashari, pali su na \u010delu bitaka.<\/p>\n<p>&#8220;Oslobodila\u010dka vojska Kosova se spravom smatra najuspe&#353;nijom gerilom dvadesetog veka&#8220;, rekao je predsednik Tha\u00e7i.<\/p>\n<p>Danas, kada se prise\u0107amo heroja Kosova, Ilaz-a Kodre, predsednik Tha\u00e7i je rekao da odajemo najvi&#353;e dr&#382;avne i institucionalne po\u010dasti jednom od najranijih boraca. &#8222;Odajemo po\u010dast svima onima koji su njihovom vizijom, uporno&#353;\u0107u, odlu\u010dno&#353;\u0107u i posve\u0107eno&#353;\u0107u\u00a0 &#382;rtvovali njihov &#382;ivot za slobodu Kosova. Po&#353;tujemo one koji su filozofijom i pravi\u010dnom orijentacijom zadobili podr&#353;ku demokratskog sveta, Sjedinjenih Ameri\u010dkih Dr&#382;ava, EU i NATO-a, kako bi Kosovo jednom zasvagda bilo slobodno, demokratsko i nezavisno&#8220;, rekao je on.<\/p>\n<p>Predsednik Tha\u00e7i je rekao da je imao \u010dast da upozna i da blisko radi sa komandantom Ilaz-om Kodra, da upozna visoke kvalitete jednog tihog i skromnog aktiviste u pona&#353;anju, ali odlu\u010dnog, neumornog i nesalomivog na putu prema slobodi.<\/p>\n<p>Tako\u0111e, predsedik Tha\u00e7i je rekao da se u mesecu koji sledi o\u010dekuju dobre vesti za Kosovo i njene gra\u0111ane, da ne mo&#382;emo, a da se ne prise\u0107amo boraca, kada objavimo svaku dobru vest za Kosovo.<\/p>\n<p>&#8222;Pre svega, o\u010dekujemo da Evropska komisija objavi datum kada \u0107emo se slobodno kretati na na&#353;em starom kontinentu. Ovo je jedno zakasnelo dostignu\u0107e, ali ka&#353;njenje ne smanjuje dostignu\u0107e. Ilaz-eva deca i na&#353;a deca vi&#353;e ne\u0107e biti odvojena evropskim granicama&#8220;, rekao je predsednik Tha\u00e7i.<\/p>\n<p>Pod dva predsednik Tha\u00e7i je rekao da je jo&#353; jedna dobra vest ta &#353;to \u0107emo idu\u0107e godine poslati na fakultet prve osamnaesto godi&#353;njake koji su ro\u0111eni, a da nisu do&#382;iveli rat, bez njegovog te&#353;kog i tragi\u010dnog iskustva. &#8222;Zamislite drage porodice i prijatelji Ilaz-a, Fehmi-je i Xheve, koliko je puno vremena pro&#353;lo od njihove &#382;rtve, ali koliko je duboka njihova pobeda u ratu. Dakle, sada imamo prve generacije koje nisu do&#382;ivele zlo, koje su slobodne od mr&#382;nje i njihova vrata se otvaraju u Evropi, kao ni za jednu drugu generaciju u na&#353;oj istoriji&#8220;; rekao je predsednik Tha\u00e7i.<\/p>\n<p>Na kraju je predsednik Tha\u00e7i pozvao sve da se zajedno radi kako bi se pove\u0107ala vrednost dr&#382;ave i ponos gra\u0111ana na na&#353;u dr&#382;avu.<\/p>\n<p>&#8222;Da radimo svakoga dana na ja\u010danju vladavine zakona, kako bi dr&#382;ava za koju su se &#382;rtvovali Ilaz, Fehmi i Xheva bila dr&#382;ava jednaka za sve&#8220;, rekao je predsednik Tha\u00e7i.<\/p>\n<p>Deo spomen akademije povodom 17. godi&#353;njice od pada komandanta Ilaz-a kodra bili su i predsednik Skup&#353;tine Kosova, Kadri Veseli, kao i premijer Kosova, Isa Mustafa, pod \u010dijim se pokroviteljstvom i organizovala ova spomen akademija.<\/p>\n","protected":false},"excerpt":{"rendered":"<p>Predsednik Republike Kosova, Hashim Tha\u00e7i, danas je u\u010destvovao na spomen akademiji povodom 17. godi&#353;njice od pada komandanta 114. brigade, Ilaz-a Kodre.<\/p>\n","protected":false},"author":1,"featured_media":34381,"comment_status":"open","ping_status":"closed","sticky":false,"template":"","format":"standard","meta":{"_eb_attr":"","footnotes":""},"categories":[101],"tags":[],"class_list":["post-76833","post","type-post","status-publish","format-standard","has-post-thumbnail","hentry","category-vesti"],"yoast_head":"<!-- This site is optimized with the Yoast SEO plugin v23.5 - https:\/\/yoast.com\/wordpress\/plugins\/seo\/ -->\n<title>Predsednik Tha\u00e7i: Ilaz Kodra se borio za slobodu Kosova, sada smo svi ujedinjeni za integraciju dr&#158;ave - Predsednik Republike Kosovo - DR. VJOSA OSMANI - SADRIU<\/title>\n<meta name=\"description\" content=\"Predsednik Tha\u00e7i: Ilaz Kodra se borio za slobodu Kosova, sada smo svi ujedinjeni za integraciju dr&#158;ave - Predsednik Republike Kosovo - DR. VJOSA OSMANI - SADRIU -\" \/>\n<meta name=\"robots\" content=\"index, follow, max-snippet:-1, max-image-preview:large, max-video-preview:-1\" \/>\n<link rel=\"canonical\" href=\"https:\/\/president-ksgov.net\/sr\/predsednik-thaci-ilaz-kodra-se-borio-za-slobodu-kosova-sada-smo-svi-ujedinjeni-za-integraciju-drave\/\" \/>\n<meta property=\"og:locale\" content=\"sr_RS\" \/>\n<meta property=\"og:type\" content=\"article\" \/>\n<meta property=\"og:title\" content=\"Predsednik Tha\u00e7i: Ilaz Kodra se borio za slobodu Kosova, sada smo svi ujedinjeni za integraciju dr&#158;ave - Predsednik Republike Kosovo - DR. VJOSA OSMANI - SADRIU\" \/>\n<meta property=\"og:description\" content=\"Predsednik Tha\u00e7i: Ilaz Kodra se borio za slobodu Kosova, sada smo svi ujedinjeni za integraciju dr&#158;ave - Predsednik Republike Kosovo - DR. VJOSA OSMANI - SADRIU -\" \/>\n<meta property=\"og:url\" content=\"https:\/\/president-ksgov.net\/sr\/predsednik-thaci-ilaz-kodra-se-borio-za-slobodu-kosova-sada-smo-svi-ujedinjeni-za-integraciju-drave\/\" \/>\n<meta property=\"og:site_name\" content=\"Predsednik Republike Kosovo - DR. VJOSA OSMANI - SADRIU\" \/>\n<meta property=\"article:published_time\" content=\"2016-04-29T17:08:35+00:00\" \/>\n<meta property=\"og:image\" content=\"https:\/\/president-ksgov.net\/wp-content\/uploads\/29_04_2016_8866402_1.jpg\" \/>\n\t<meta property=\"og:image:width\" content=\"2403\" \/>\n\t<meta property=\"og:image:height\" content=\"1600\" \/>\n\t<meta property=\"og:image:type\" content=\"image\/jpeg\" \/>\n<meta name=\"author\" content=\"admin\" \/>\n<meta name=\"twitter:card\" content=\"summary_large_image\" \/>\n<meta name=\"twitter:label1\" content=\"\u041d\u0430\u043f\u0438\u0441\u0430\u043d\u043e \u043e\u0434\" \/>\n\t<meta name=\"twitter:data1\" content=\"admin\" \/>\n\t<meta name=\"twitter:label2\" content=\"\u041f\u0440\u043e\u0446\u0435\u045a\u0435\u043d\u043e \u0432\u0440\u0435\u043c\u0435 \u0447\u0438\u0442\u0430\u045a\u0430\" \/>\n\t<meta name=\"twitter:data2\" content=\"3 \u043c\u0438\u043d\u0443\u0442\u0430\" \/>\n<script type=\"application\/ld+json\" class=\"yoast-schema-graph\">{\"@context\":\"https:\/\/schema.org\",\"@graph\":[{\"@type\":\"WebPage\",\"@id\":\"https:\/\/president-ksgov.net\/sr\/predsednik-thaci-ilaz-kodra-se-borio-za-slobodu-kosova-sada-smo-svi-ujedinjeni-za-integraciju-drave\/\",\"url\":\"https:\/\/president-ksgov.net\/sr\/predsednik-thaci-ilaz-kodra-se-borio-za-slobodu-kosova-sada-smo-svi-ujedinjeni-za-integraciju-drave\/\",\"name\":\"Predsednik Tha\u00e7i: Ilaz Kodra se borio za slobodu Kosova, sada smo svi ujedinjeni za integraciju dr&#158;ave - Predsednik Republike Kosovo - DR. VJOSA OSMANI - SADRIU\",\"isPartOf\":{\"@id\":\"https:\/\/president-ksgov.net\/#website\"},\"primaryImageOfPage\":{\"@id\":\"https:\/\/president-ksgov.net\/sr\/predsednik-thaci-ilaz-kodra-se-borio-za-slobodu-kosova-sada-smo-svi-ujedinjeni-za-integraciju-drave\/#primaryimage\"},\"image\":{\"@id\":\"https:\/\/president-ksgov.net\/sr\/predsednik-thaci-ilaz-kodra-se-borio-za-slobodu-kosova-sada-smo-svi-ujedinjeni-za-integraciju-drave\/#primaryimage\"},\"thumbnailUrl\":\"https:\/\/president-ksgov.net\/wp-content\/uploads\/29_04_2016_8866402_1.jpg\",\"datePublished\":\"2016-04-29T17:08:35+00:00\",\"dateModified\":\"2016-04-29T17:08:35+00:00\",\"author\":{\"@id\":\"https:\/\/president-ksgov.net\/#\/schema\/person\/bb4337a5fb147cb2046d80548172cbee\"},\"description\":\"Predsednik Tha\u00e7i: Ilaz Kodra se borio za slobodu Kosova, sada smo svi ujedinjeni za integraciju dr&#158;ave - Predsednik Republike Kosovo - DR. VJOSA OSMANI - SADRIU -\",\"breadcrumb\":{\"@id\":\"https:\/\/president-ksgov.net\/sr\/predsednik-thaci-ilaz-kodra-se-borio-za-slobodu-kosova-sada-smo-svi-ujedinjeni-za-integraciju-drave\/#breadcrumb\"},\"inLanguage\":\"sr-RS\",\"potentialAction\":[{\"@type\":\"ReadAction\",\"target\":[\"https:\/\/president-ksgov.net\/sr\/predsednik-thaci-ilaz-kodra-se-borio-za-slobodu-kosova-sada-smo-svi-ujedinjeni-za-integraciju-drave\/\"]}]},{\"@type\":\"ImageObject\",\"inLanguage\":\"sr-RS\",\"@id\":\"https:\/\/president-ksgov.net\/sr\/predsednik-thaci-ilaz-kodra-se-borio-za-slobodu-kosova-sada-smo-svi-ujedinjeni-za-integraciju-drave\/#primaryimage\",\"url\":\"https:\/\/president-ksgov.net\/wp-content\/uploads\/29_04_2016_8866402_1.jpg\",\"contentUrl\":\"https:\/\/president-ksgov.net\/wp-content\/uploads\/29_04_2016_8866402_1.jpg\",\"width\":2403,\"height\":1600},{\"@type\":\"BreadcrumbList\",\"@id\":\"https:\/\/president-ksgov.net\/sr\/predsednik-thaci-ilaz-kodra-se-borio-za-slobodu-kosova-sada-smo-svi-ujedinjeni-za-integraciju-drave\/#breadcrumb\",\"itemListElement\":[{\"@type\":\"ListItem\",\"position\":1,\"name\":\"Home\",\"item\":\"https:\/\/president-ksgov.net\/sr\/\"},{\"@type\":\"ListItem\",\"position\":2,\"name\":\"Predsednik Tha\u00e7i: Ilaz Kodra se borio za slobodu Kosova, sada smo svi ujedinjeni za integraciju dr&#158;ave\"}]},{\"@type\":\"WebSite\",\"@id\":\"https:\/\/president-ksgov.net\/#website\",\"url\":\"https:\/\/president-ksgov.net\/\",\"name\":\"Presidente e Republik\u00ebs s\u00eb Kosov\u00ebs\",\"description\":\"Presidente e Republik\u00ebs s\u00eb Kosov\u00ebs\",\"alternateName\":\"DR. VJOSA OSMANI - SADRIU\",\"potentialAction\":[{\"@type\":\"SearchAction\",\"target\":{\"@type\":\"EntryPoint\",\"urlTemplate\":\"https:\/\/president-ksgov.net\/?s={search_term_string}\"},\"query-input\":{\"@type\":\"PropertyValueSpecification\",\"valueRequired\":true,\"valueName\":\"search_term_string\"}}],\"inLanguage\":\"sr-RS\"},{\"@type\":\"Person\",\"@id\":\"https:\/\/president-ksgov.net\/#\/schema\/person\/bb4337a5fb147cb2046d80548172cbee\",\"name\":\"admin\",\"image\":{\"@type\":\"ImageObject\",\"inLanguage\":\"sr-RS\",\"@id\":\"https:\/\/president-ksgov.net\/#\/schema\/person\/image\/\",\"url\":\"https:\/\/secure.gravatar.com\/avatar\/36156ca0fa3b8d9d25174f146e16beea0cf28f37adf1b9e19b6c9c279a7c9dd3?s=96&d=mm&r=g\",\"contentUrl\":\"https:\/\/secure.gravatar.com\/avatar\/36156ca0fa3b8d9d25174f146e16beea0cf28f37adf1b9e19b6c9c279a7c9dd3?s=96&d=mm&r=g\",\"caption\":\"admin\"},\"sameAs\":[\"https:\/\/president-ksgov.net\"]}]}<\/script>\n<!-- \/ Yoast SEO plugin. -->","yoast_head_json":{"title":"Predsednik Tha\u00e7i: Ilaz Kodra se borio za slobodu Kosova, sada smo svi ujedinjeni za integraciju dr&#158;ave - Predsednik Republike Kosovo - DR. VJOSA OSMANI - SADRIU","description":"Predsednik Tha\u00e7i: Ilaz Kodra se borio za slobodu Kosova, sada smo svi ujedinjeni za integraciju dr&#158;ave - Predsednik Republike Kosovo - DR. VJOSA OSMANI - SADRIU -","robots":{"index":"index","follow":"follow","max-snippet":"max-snippet:-1","max-image-preview":"max-image-preview:large","max-video-preview":"max-video-preview:-1"},"canonical":"https:\/\/president-ksgov.net\/sr\/predsednik-thaci-ilaz-kodra-se-borio-za-slobodu-kosova-sada-smo-svi-ujedinjeni-za-integraciju-drave\/","og_locale":"sr_RS","og_type":"article","og_title":"Predsednik Tha\u00e7i: Ilaz Kodra se borio za slobodu Kosova, sada smo svi ujedinjeni za integraciju dr&#158;ave - Predsednik Republike Kosovo - DR. VJOSA OSMANI - SADRIU","og_description":"Predsednik Tha\u00e7i: Ilaz Kodra se borio za slobodu Kosova, sada smo svi ujedinjeni za integraciju dr&#158;ave - Predsednik Republike Kosovo - DR. VJOSA OSMANI - SADRIU -","og_url":"https:\/\/president-ksgov.net\/sr\/predsednik-thaci-ilaz-kodra-se-borio-za-slobodu-kosova-sada-smo-svi-ujedinjeni-za-integraciju-drave\/","og_site_name":"Predsednik Republike Kosovo - DR. VJOSA OSMANI - SADRIU","article_published_time":"2016-04-29T17:08:35+00:00","og_image":[{"width":2403,"height":1600,"url":"https:\/\/president-ksgov.net\/wp-content\/uploads\/29_04_2016_8866402_1.jpg","type":"image\/jpeg"}],"author":"admin","twitter_card":"summary_large_image","twitter_misc":{"\u041d\u0430\u043f\u0438\u0441\u0430\u043d\u043e \u043e\u0434":"admin","\u041f\u0440\u043e\u0446\u0435\u045a\u0435\u043d\u043e \u0432\u0440\u0435\u043c\u0435 \u0447\u0438\u0442\u0430\u045a\u0430":"3 \u043c\u0438\u043d\u0443\u0442\u0430"},"schema":{"@context":"https:\/\/schema.org","@graph":[{"@type":"WebPage","@id":"https:\/\/president-ksgov.net\/sr\/predsednik-thaci-ilaz-kodra-se-borio-za-slobodu-kosova-sada-smo-svi-ujedinjeni-za-integraciju-drave\/","url":"https:\/\/president-ksgov.net\/sr\/predsednik-thaci-ilaz-kodra-se-borio-za-slobodu-kosova-sada-smo-svi-ujedinjeni-za-integraciju-drave\/","name":"Predsednik Tha\u00e7i: Ilaz Kodra se borio za slobodu Kosova, sada smo svi ujedinjeni za integraciju dr&#158;ave - Predsednik Republike Kosovo - DR. VJOSA OSMANI - SADRIU","isPartOf":{"@id":"https:\/\/president-ksgov.net\/#website"},"primaryImageOfPage":{"@id":"https:\/\/president-ksgov.net\/sr\/predsednik-thaci-ilaz-kodra-se-borio-za-slobodu-kosova-sada-smo-svi-ujedinjeni-za-integraciju-drave\/#primaryimage"},"image":{"@id":"https:\/\/president-ksgov.net\/sr\/predsednik-thaci-ilaz-kodra-se-borio-za-slobodu-kosova-sada-smo-svi-ujedinjeni-za-integraciju-drave\/#primaryimage"},"thumbnailUrl":"https:\/\/president-ksgov.net\/wp-content\/uploads\/29_04_2016_8866402_1.jpg","datePublished":"2016-04-29T17:08:35+00:00","dateModified":"2016-04-29T17:08:35+00:00","author":{"@id":"https:\/\/president-ksgov.net\/#\/schema\/person\/bb4337a5fb147cb2046d80548172cbee"},"description":"Predsednik Tha\u00e7i: Ilaz Kodra se borio za slobodu Kosova, sada smo svi ujedinjeni za integraciju dr&#158;ave - Predsednik Republike Kosovo - DR. VJOSA OSMANI - SADRIU -","breadcrumb":{"@id":"https:\/\/president-ksgov.net\/sr\/predsednik-thaci-ilaz-kodra-se-borio-za-slobodu-kosova-sada-smo-svi-ujedinjeni-za-integraciju-drave\/#breadcrumb"},"inLanguage":"sr-RS","potentialAction":[{"@type":"ReadAction","target":["https:\/\/president-ksgov.net\/sr\/predsednik-thaci-ilaz-kodra-se-borio-za-slobodu-kosova-sada-smo-svi-ujedinjeni-za-integraciju-drave\/"]}]},{"@type":"ImageObject","inLanguage":"sr-RS","@id":"https:\/\/president-ksgov.net\/sr\/predsednik-thaci-ilaz-kodra-se-borio-za-slobodu-kosova-sada-smo-svi-ujedinjeni-za-integraciju-drave\/#primaryimage","url":"https:\/\/president-ksgov.net\/wp-content\/uploads\/29_04_2016_8866402_1.jpg","contentUrl":"https:\/\/president-ksgov.net\/wp-content\/uploads\/29_04_2016_8866402_1.jpg","width":2403,"height":1600},{"@type":"BreadcrumbList","@id":"https:\/\/president-ksgov.net\/sr\/predsednik-thaci-ilaz-kodra-se-borio-za-slobodu-kosova-sada-smo-svi-ujedinjeni-za-integraciju-drave\/#breadcrumb","itemListElement":[{"@type":"ListItem","position":1,"name":"Home","item":"https:\/\/president-ksgov.net\/sr\/"},{"@type":"ListItem","position":2,"name":"Predsednik Tha\u00e7i: Ilaz Kodra se borio za slobodu Kosova, sada smo svi ujedinjeni za integraciju dr&#158;ave"}]},{"@type":"WebSite","@id":"https:\/\/president-ksgov.net\/#website","url":"https:\/\/president-ksgov.net\/","name":"Presidente e Republik\u00ebs s\u00eb Kosov\u00ebs","description":"Presidente e Republik\u00ebs s\u00eb Kosov\u00ebs","alternateName":"DR. VJOSA OSMANI - SADRIU","potentialAction":[{"@type":"SearchAction","target":{"@type":"EntryPoint","urlTemplate":"https:\/\/president-ksgov.net\/?s={search_term_string}"},"query-input":{"@type":"PropertyValueSpecification","valueRequired":true,"valueName":"search_term_string"}}],"inLanguage":"sr-RS"},{"@type":"Person","@id":"https:\/\/president-ksgov.net\/#\/schema\/person\/bb4337a5fb147cb2046d80548172cbee","name":"admin","image":{"@type":"ImageObject","inLanguage":"sr-RS","@id":"https:\/\/president-ksgov.net\/#\/schema\/person\/image\/","url":"https:\/\/secure.gravatar.com\/avatar\/36156ca0fa3b8d9d25174f146e16beea0cf28f37adf1b9e19b6c9c279a7c9dd3?s=96&d=mm&r=g","contentUrl":"https:\/\/secure.gravatar.com\/avatar\/36156ca0fa3b8d9d25174f146e16beea0cf28f37adf1b9e19b6c9c279a7c9dd3?s=96&d=mm&r=g","caption":"admin"},"sameAs":["https:\/\/president-ksgov.net"]}]}},"_links":{"self":[{"href":"https:\/\/president-ksgov.net\/sr\/wp-json\/wp\/v2\/posts\/76833","targetHints":{"allow":["GET"]}}],"collection":[{"href":"https:\/\/president-ksgov.net\/sr\/wp-json\/wp\/v2\/posts"}],"about":[{"href":"https:\/\/president-ksgov.net\/sr\/wp-json\/wp\/v2\/types\/post"}],"author":[{"embeddable":true,"href":"https:\/\/president-ksgov.net\/sr\/wp-json\/wp\/v2\/users\/1"}],"replies":[{"embeddable":true,"href":"https:\/\/president-ksgov.net\/sr\/wp-json\/wp\/v2\/comments?post=76833"}],"version-history":[{"count":0,"href":"https:\/\/president-ksgov.net\/sr\/wp-json\/wp\/v2\/posts\/76833\/revisions"}],"wp:featuredmedia":[{"embeddable":true,"href":"https:\/\/president-ksgov.net\/sr\/wp-json\/wp\/v2\/media\/34381"}],"wp:attachment":[{"href":"https:\/\/president-ksgov.net\/sr\/wp-json\/wp\/v2\/media?parent=76833"}],"wp:term":[{"taxonomy":"category","embeddable":true,"href":"https:\/\/president-ksgov.net\/sr\/wp-json\/wp\/v2\/categories?post=76833"},{"taxonomy":"post_tag","embeddable":true,"href":"https:\/\/president-ksgov.net\/sr\/wp-json\/wp\/v2\/tags?post=76833"}],"curies":[{"name":"wp","href":"https:\/\/api.w.org\/{rel}","templated":true}]}}