{"id":76832,"date":"2016-05-02T12:59:52","date_gmt":"2016-05-02T12:59:52","guid":{"rendered":"https:\/\/dev.president-ksgov.net\/predsednik-thaci-docekao-je-predsednika-fsk-a-fadil-a-vokrri-cestitao-mu-je-na-primanju-kosova-u-uefa-u\/"},"modified":"2016-05-02T12:59:52","modified_gmt":"2016-05-02T12:59:52","slug":"predsednik-thaci-docekao-je-predsednika-fsk-a-fadil-a-vokrri-cestitao-mu-je-na-primanju-kosova-u-uefa-u","status":"publish","type":"post","link":"https:\/\/president-ksgov.net\/sr\/predsednik-thaci-docekao-je-predsednika-fsk-a-fadil-a-vokrri-cestitao-mu-je-na-primanju-kosova-u-uefa-u\/","title":{"rendered":"Predsednik Tha\u00e7i do\u010dekao je predsednika FSK-a, Fadil-a Vokrri, \u010destitao mu je na primanju Kosova u UEFA-u"},"content":{"rendered":"<p>Predsednik Republike Kosova, Hashim Tha\u00e7i, do\u010dekao je danas na sastanku predsednika Fudbalskog saveza Kosova, Fadil-a Vokrri, kojem je po&#382;eleo sre\u0107u na pragu sutra&#353;njeg Kongresa UEFA-e, na kojem se o\u010dekuje da \u0107e se glasati za u\u010dlanjenje Kosova u veliku porodicu evropskog fudbala.<\/p>\n<p>Predsednik Tha\u00e7i \u010destitao je Fudbalskom savezu Kosova na sjajnom radu i veli\u010danstvenom anga&#382;ovanju na integraciji sporta u me\u0111unarodnu arenu.<br \/>\n\u00a0<br \/>\n&#8220;Zahvaljuju\u0107i va&#353;oj posve\u0107enosti, osoblja i va&#353;ih stru\u010dnjaka, kao i va&#353;im maksimalnim naporima, stekli smo pravo od strane UEFA-e da reprezentacija Kosova igra prijateljske utakmice sa drugim dr&#382;avama&#8220;, rekao je predsednik Tha\u00e7i, koji je dodao da je ovim dokazano da Kosovo postepeno ispunjava uslove, neophodne standarde za u\u010destvovanje u evropskim ligama, ali i na svetskim fudbalskim takmi\u010denjima.<br \/>\n\u00a0<br \/>\n&#352;ef dr&#382;ave je rekao da je Kosovo sredina sa puno talenata koji su uz to i izvanredni i na nivou evropskog fudbala, ali je naglasio da \u0107e na&#353;a zemlja jo&#353; vi&#353;e investirati u infrastrukturu.<br \/>\n\u00a0<br \/>\n&#8222;Ono &#353;to je bitno jeste da &#382;elim da vam se puno zahvalim sada kada smo na pragu odr&#382;avanju Kongresa UEFA-e, sutra u Budimpe&#353;ti. Vi \u0107ete tamo biti sa optimisti\u010dnom porukom i sa sna&#382;nim verovanjem i potpunim ube\u0111enjem da \u0107e se ste\u0107i potrebna ve\u0107ina za podr&#382;avanje FSK-a da postane deo UEFA-e i odmah nakon toga i deo FIFA-e&#8220;, rekao je Tha\u00e7i.<br \/>\n\u00a0<br \/>\nPredsednik Tha\u00e7i rekao je da \u0107e u\u010dlanjenje Kosova u UEFA-u i FIFA-u biti veliki i amblemski uspeh za kosovski fudbal i sport, za izgradnju dr&#382;ave i za ja\u010danje subjektivnosti kosovske dr&#382;ave u svetu, dodaju\u0107i da \u0107e na&#353;a omladina nakon 25 godina izolacije,\u00a0 pokazati svoje vrednosti, brane\u0107i boje Kosova, kako na nivou klubova, tako i u reprezentaciji.<br \/>\n\u00a0<br \/>\nS druge strane, predsednik Fudbalskog saveza Kosova, Fadil Vokrri, zahvalio se predsedniku Tha\u00e7i-ju na konstantnoj podr&#353;ci koju je pru&#382;ao FSK-u, a posebno uo\u010di putovanja rukovodstva FSK-a u Budimpe&#353;tu, gde se o\u010dekuje da se Kosovo u\u010dlani u UEFA-u.<br \/>\n\u00a0<br \/>\n&#8222;Mi se nadamo da \u0107emo imati ve\u0107inu na kongresu i da \u0107emo otvoriti nove staze za na&#353;e momke i devojke, s obzirom na to da imamo i &#382;enski fudbal&#8220;, rekao je Vokrri koji je naglasio i pravne prepreke na koje je nailazio FSK do septembra pro&#353;le godine na Malti, gde je doneta odluka da se prijava Kosova za u\u010dlanjenje u UEFA-u po&#353;alje kongresu na glasanje.<br \/>\n\u00a0<br \/>\nVokrri se zahvalio relevantnim kosovskim institucijama na neposrednim koracima koji su preduzeti radi renoviranja stadiona u Kosovskoj Mitrovici, koji je prema njegovom mi&#353;ljenju, najbli&#382;i tome da ispuni uslove za odr&#382;avanje me\u0111unarodnih utakmica.<\/p>\n<p>Predsednik Tha\u00e7i je naglasio da se anga&#382;ovanje Kosova radi u\u010dlanjenja u UEFA-u i liberalizacija viza podudaraju u gotovo isto vreme, nazivaju\u0107i to pozitivnom slu\u010dajno&#353;\u0107u za na&#353;u zemlju.<\/p>\n","protected":false},"excerpt":{"rendered":"<p>Predsednik Republike Kosova, Hashim Tha\u00e7i, do\u010dekao je danas na sastanku predsednika Fudbalskog saveza Kosova, Fadil-a Vokrri, kojem je po&#382;eleo sre\u0107u na pragu sutra&#353;njeg Kongresa UEFA-e, na kojem se o\u010dekuje da \u0107e se glasati za u\u010dlanjenje Kosova u veliku porodicu evropskog fudbala.<\/p>\n","protected":false},"author":1,"featured_media":34374,"comment_status":"open","ping_status":"closed","sticky":false,"template":"","format":"standard","meta":{"_eb_attr":"","footnotes":""},"categories":[101],"tags":[],"class_list":["post-76832","post","type-post","status-publish","format-standard","has-post-thumbnail","hentry","category-vesti"],"yoast_head":"<!-- This site is optimized with the Yoast SEO plugin v23.5 - https:\/\/yoast.com\/wordpress\/plugins\/seo\/ -->\n<title>Predsednik Tha\u00e7i do\u010dekao je predsednika FSK-a, Fadil-a Vokrri, \u010destitao mu je na primanju Kosova u UEFA-u - Predsednik Republike Kosovo - DR. VJOSA OSMANI - SADRIU<\/title>\n<meta name=\"description\" content=\"Predsednik Tha\u00e7i do\u010dekao je predsednika FSK-a, Fadil-a Vokrri, \u010destitao mu je na primanju Kosova u UEFA-u - Predsednik Republike Kosovo - DR. VJOSA OSMANI - SADRIU -\" \/>\n<meta name=\"robots\" content=\"index, follow, max-snippet:-1, max-image-preview:large, max-video-preview:-1\" \/>\n<link rel=\"canonical\" href=\"https:\/\/president-ksgov.net\/sr\/predsednik-thaci-docekao-je-predsednika-fsk-a-fadil-a-vokrri-cestitao-mu-je-na-primanju-kosova-u-uefa-u\/\" \/>\n<meta property=\"og:locale\" content=\"sr_RS\" \/>\n<meta property=\"og:type\" content=\"article\" \/>\n<meta property=\"og:title\" content=\"Predsednik Tha\u00e7i do\u010dekao je predsednika FSK-a, Fadil-a Vokrri, \u010destitao mu je na primanju Kosova u UEFA-u - Predsednik Republike Kosovo - DR. VJOSA OSMANI - SADRIU\" \/>\n<meta property=\"og:description\" content=\"Predsednik Tha\u00e7i do\u010dekao je predsednika FSK-a, Fadil-a Vokrri, \u010destitao mu je na primanju Kosova u UEFA-u - Predsednik Republike Kosovo - DR. VJOSA OSMANI - SADRIU -\" \/>\n<meta property=\"og:url\" content=\"https:\/\/president-ksgov.net\/sr\/predsednik-thaci-docekao-je-predsednika-fsk-a-fadil-a-vokrri-cestitao-mu-je-na-primanju-kosova-u-uefa-u\/\" \/>\n<meta property=\"og:site_name\" content=\"Predsednik Republike Kosovo - DR. VJOSA OSMANI - SADRIU\" \/>\n<meta property=\"article:published_time\" content=\"2016-05-02T12:59:52+00:00\" \/>\n<meta property=\"og:image\" content=\"https:\/\/president-ksgov.net\/wp-content\/uploads\/02_05_2016_921184_v_06.jpg\" \/>\n\t<meta property=\"og:image:width\" content=\"2400\" \/>\n\t<meta property=\"og:image:height\" content=\"1600\" \/>\n\t<meta property=\"og:image:type\" content=\"image\/jpeg\" \/>\n<meta name=\"author\" content=\"admin\" \/>\n<meta name=\"twitter:card\" content=\"summary_large_image\" \/>\n<meta name=\"twitter:label1\" content=\"\u041d\u0430\u043f\u0438\u0441\u0430\u043d\u043e \u043e\u0434\" \/>\n\t<meta name=\"twitter:data1\" content=\"admin\" \/>\n\t<meta name=\"twitter:label2\" content=\"\u041f\u0440\u043e\u0446\u0435\u045a\u0435\u043d\u043e \u0432\u0440\u0435\u043c\u0435 \u0447\u0438\u0442\u0430\u045a\u0430\" \/>\n\t<meta name=\"twitter:data2\" content=\"2 \u043c\u0438\u043d\u0443\u0442\u0430\" \/>\n<script type=\"application\/ld+json\" class=\"yoast-schema-graph\">{\"@context\":\"https:\/\/schema.org\",\"@graph\":[{\"@type\":\"WebPage\",\"@id\":\"https:\/\/president-ksgov.net\/sr\/predsednik-thaci-docekao-je-predsednika-fsk-a-fadil-a-vokrri-cestitao-mu-je-na-primanju-kosova-u-uefa-u\/\",\"url\":\"https:\/\/president-ksgov.net\/sr\/predsednik-thaci-docekao-je-predsednika-fsk-a-fadil-a-vokrri-cestitao-mu-je-na-primanju-kosova-u-uefa-u\/\",\"name\":\"Predsednik Tha\u00e7i do\u010dekao je predsednika FSK-a, Fadil-a Vokrri, \u010destitao mu je na primanju Kosova u UEFA-u - Predsednik Republike Kosovo - DR. VJOSA OSMANI - SADRIU\",\"isPartOf\":{\"@id\":\"https:\/\/president-ksgov.net\/#website\"},\"primaryImageOfPage\":{\"@id\":\"https:\/\/president-ksgov.net\/sr\/predsednik-thaci-docekao-je-predsednika-fsk-a-fadil-a-vokrri-cestitao-mu-je-na-primanju-kosova-u-uefa-u\/#primaryimage\"},\"image\":{\"@id\":\"https:\/\/president-ksgov.net\/sr\/predsednik-thaci-docekao-je-predsednika-fsk-a-fadil-a-vokrri-cestitao-mu-je-na-primanju-kosova-u-uefa-u\/#primaryimage\"},\"thumbnailUrl\":\"https:\/\/president-ksgov.net\/wp-content\/uploads\/02_05_2016_921184_v_06.jpg\",\"datePublished\":\"2016-05-02T12:59:52+00:00\",\"dateModified\":\"2016-05-02T12:59:52+00:00\",\"author\":{\"@id\":\"https:\/\/president-ksgov.net\/#\/schema\/person\/bb4337a5fb147cb2046d80548172cbee\"},\"description\":\"Predsednik Tha\u00e7i do\u010dekao je predsednika FSK-a, Fadil-a Vokrri, \u010destitao mu je na primanju Kosova u UEFA-u - Predsednik Republike Kosovo - DR. VJOSA OSMANI - SADRIU -\",\"breadcrumb\":{\"@id\":\"https:\/\/president-ksgov.net\/sr\/predsednik-thaci-docekao-je-predsednika-fsk-a-fadil-a-vokrri-cestitao-mu-je-na-primanju-kosova-u-uefa-u\/#breadcrumb\"},\"inLanguage\":\"sr-RS\",\"potentialAction\":[{\"@type\":\"ReadAction\",\"target\":[\"https:\/\/president-ksgov.net\/sr\/predsednik-thaci-docekao-je-predsednika-fsk-a-fadil-a-vokrri-cestitao-mu-je-na-primanju-kosova-u-uefa-u\/\"]}]},{\"@type\":\"ImageObject\",\"inLanguage\":\"sr-RS\",\"@id\":\"https:\/\/president-ksgov.net\/sr\/predsednik-thaci-docekao-je-predsednika-fsk-a-fadil-a-vokrri-cestitao-mu-je-na-primanju-kosova-u-uefa-u\/#primaryimage\",\"url\":\"https:\/\/president-ksgov.net\/wp-content\/uploads\/02_05_2016_921184_v_06.jpg\",\"contentUrl\":\"https:\/\/president-ksgov.net\/wp-content\/uploads\/02_05_2016_921184_v_06.jpg\",\"width\":2400,\"height\":1600},{\"@type\":\"BreadcrumbList\",\"@id\":\"https:\/\/president-ksgov.net\/sr\/predsednik-thaci-docekao-je-predsednika-fsk-a-fadil-a-vokrri-cestitao-mu-je-na-primanju-kosova-u-uefa-u\/#breadcrumb\",\"itemListElement\":[{\"@type\":\"ListItem\",\"position\":1,\"name\":\"Home\",\"item\":\"https:\/\/president-ksgov.net\/sr\/\"},{\"@type\":\"ListItem\",\"position\":2,\"name\":\"Predsednik Tha\u00e7i do\u010dekao je predsednika FSK-a, Fadil-a Vokrri, \u010destitao mu je na primanju Kosova u UEFA-u\"}]},{\"@type\":\"WebSite\",\"@id\":\"https:\/\/president-ksgov.net\/#website\",\"url\":\"https:\/\/president-ksgov.net\/\",\"name\":\"Presidente e Republik\u00ebs s\u00eb Kosov\u00ebs\",\"description\":\"Presidente e Republik\u00ebs s\u00eb Kosov\u00ebs\",\"alternateName\":\"DR. VJOSA OSMANI - SADRIU\",\"potentialAction\":[{\"@type\":\"SearchAction\",\"target\":{\"@type\":\"EntryPoint\",\"urlTemplate\":\"https:\/\/president-ksgov.net\/?s={search_term_string}\"},\"query-input\":{\"@type\":\"PropertyValueSpecification\",\"valueRequired\":true,\"valueName\":\"search_term_string\"}}],\"inLanguage\":\"sr-RS\"},{\"@type\":\"Person\",\"@id\":\"https:\/\/president-ksgov.net\/#\/schema\/person\/bb4337a5fb147cb2046d80548172cbee\",\"name\":\"admin\",\"image\":{\"@type\":\"ImageObject\",\"inLanguage\":\"sr-RS\",\"@id\":\"https:\/\/president-ksgov.net\/#\/schema\/person\/image\/\",\"url\":\"https:\/\/secure.gravatar.com\/avatar\/36156ca0fa3b8d9d25174f146e16beea0cf28f37adf1b9e19b6c9c279a7c9dd3?s=96&d=mm&r=g\",\"contentUrl\":\"https:\/\/secure.gravatar.com\/avatar\/36156ca0fa3b8d9d25174f146e16beea0cf28f37adf1b9e19b6c9c279a7c9dd3?s=96&d=mm&r=g\",\"caption\":\"admin\"},\"sameAs\":[\"https:\/\/president-ksgov.net\"]}]}<\/script>\n<!-- \/ Yoast SEO plugin. -->","yoast_head_json":{"title":"Predsednik Tha\u00e7i do\u010dekao je predsednika FSK-a, Fadil-a Vokrri, \u010destitao mu je na primanju Kosova u UEFA-u - Predsednik Republike Kosovo - DR. VJOSA OSMANI - SADRIU","description":"Predsednik Tha\u00e7i do\u010dekao je predsednika FSK-a, Fadil-a Vokrri, \u010destitao mu je na primanju Kosova u UEFA-u - Predsednik Republike Kosovo - DR. VJOSA OSMANI - SADRIU -","robots":{"index":"index","follow":"follow","max-snippet":"max-snippet:-1","max-image-preview":"max-image-preview:large","max-video-preview":"max-video-preview:-1"},"canonical":"https:\/\/president-ksgov.net\/sr\/predsednik-thaci-docekao-je-predsednika-fsk-a-fadil-a-vokrri-cestitao-mu-je-na-primanju-kosova-u-uefa-u\/","og_locale":"sr_RS","og_type":"article","og_title":"Predsednik Tha\u00e7i do\u010dekao je predsednika FSK-a, Fadil-a Vokrri, \u010destitao mu je na primanju Kosova u UEFA-u - Predsednik Republike Kosovo - DR. VJOSA OSMANI - SADRIU","og_description":"Predsednik Tha\u00e7i do\u010dekao je predsednika FSK-a, Fadil-a Vokrri, \u010destitao mu je na primanju Kosova u UEFA-u - Predsednik Republike Kosovo - DR. VJOSA OSMANI - SADRIU -","og_url":"https:\/\/president-ksgov.net\/sr\/predsednik-thaci-docekao-je-predsednika-fsk-a-fadil-a-vokrri-cestitao-mu-je-na-primanju-kosova-u-uefa-u\/","og_site_name":"Predsednik Republike Kosovo - DR. VJOSA OSMANI - SADRIU","article_published_time":"2016-05-02T12:59:52+00:00","og_image":[{"width":2400,"height":1600,"url":"https:\/\/president-ksgov.net\/wp-content\/uploads\/02_05_2016_921184_v_06.jpg","type":"image\/jpeg"}],"author":"admin","twitter_card":"summary_large_image","twitter_misc":{"\u041d\u0430\u043f\u0438\u0441\u0430\u043d\u043e \u043e\u0434":"admin","\u041f\u0440\u043e\u0446\u0435\u045a\u0435\u043d\u043e \u0432\u0440\u0435\u043c\u0435 \u0447\u0438\u0442\u0430\u045a\u0430":"2 \u043c\u0438\u043d\u0443\u0442\u0430"},"schema":{"@context":"https:\/\/schema.org","@graph":[{"@type":"WebPage","@id":"https:\/\/president-ksgov.net\/sr\/predsednik-thaci-docekao-je-predsednika-fsk-a-fadil-a-vokrri-cestitao-mu-je-na-primanju-kosova-u-uefa-u\/","url":"https:\/\/president-ksgov.net\/sr\/predsednik-thaci-docekao-je-predsednika-fsk-a-fadil-a-vokrri-cestitao-mu-je-na-primanju-kosova-u-uefa-u\/","name":"Predsednik Tha\u00e7i do\u010dekao je predsednika FSK-a, Fadil-a Vokrri, \u010destitao mu je na primanju Kosova u UEFA-u - Predsednik Republike Kosovo - DR. VJOSA OSMANI - SADRIU","isPartOf":{"@id":"https:\/\/president-ksgov.net\/#website"},"primaryImageOfPage":{"@id":"https:\/\/president-ksgov.net\/sr\/predsednik-thaci-docekao-je-predsednika-fsk-a-fadil-a-vokrri-cestitao-mu-je-na-primanju-kosova-u-uefa-u\/#primaryimage"},"image":{"@id":"https:\/\/president-ksgov.net\/sr\/predsednik-thaci-docekao-je-predsednika-fsk-a-fadil-a-vokrri-cestitao-mu-je-na-primanju-kosova-u-uefa-u\/#primaryimage"},"thumbnailUrl":"https:\/\/president-ksgov.net\/wp-content\/uploads\/02_05_2016_921184_v_06.jpg","datePublished":"2016-05-02T12:59:52+00:00","dateModified":"2016-05-02T12:59:52+00:00","author":{"@id":"https:\/\/president-ksgov.net\/#\/schema\/person\/bb4337a5fb147cb2046d80548172cbee"},"description":"Predsednik Tha\u00e7i do\u010dekao je predsednika FSK-a, Fadil-a Vokrri, \u010destitao mu je na primanju Kosova u UEFA-u - Predsednik Republike Kosovo - DR. VJOSA OSMANI - SADRIU -","breadcrumb":{"@id":"https:\/\/president-ksgov.net\/sr\/predsednik-thaci-docekao-je-predsednika-fsk-a-fadil-a-vokrri-cestitao-mu-je-na-primanju-kosova-u-uefa-u\/#breadcrumb"},"inLanguage":"sr-RS","potentialAction":[{"@type":"ReadAction","target":["https:\/\/president-ksgov.net\/sr\/predsednik-thaci-docekao-je-predsednika-fsk-a-fadil-a-vokrri-cestitao-mu-je-na-primanju-kosova-u-uefa-u\/"]}]},{"@type":"ImageObject","inLanguage":"sr-RS","@id":"https:\/\/president-ksgov.net\/sr\/predsednik-thaci-docekao-je-predsednika-fsk-a-fadil-a-vokrri-cestitao-mu-je-na-primanju-kosova-u-uefa-u\/#primaryimage","url":"https:\/\/president-ksgov.net\/wp-content\/uploads\/02_05_2016_921184_v_06.jpg","contentUrl":"https:\/\/president-ksgov.net\/wp-content\/uploads\/02_05_2016_921184_v_06.jpg","width":2400,"height":1600},{"@type":"BreadcrumbList","@id":"https:\/\/president-ksgov.net\/sr\/predsednik-thaci-docekao-je-predsednika-fsk-a-fadil-a-vokrri-cestitao-mu-je-na-primanju-kosova-u-uefa-u\/#breadcrumb","itemListElement":[{"@type":"ListItem","position":1,"name":"Home","item":"https:\/\/president-ksgov.net\/sr\/"},{"@type":"ListItem","position":2,"name":"Predsednik Tha\u00e7i do\u010dekao je predsednika FSK-a, Fadil-a Vokrri, \u010destitao mu je na primanju Kosova u UEFA-u"}]},{"@type":"WebSite","@id":"https:\/\/president-ksgov.net\/#website","url":"https:\/\/president-ksgov.net\/","name":"Presidente e Republik\u00ebs s\u00eb Kosov\u00ebs","description":"Presidente e Republik\u00ebs s\u00eb Kosov\u00ebs","alternateName":"DR. VJOSA OSMANI - SADRIU","potentialAction":[{"@type":"SearchAction","target":{"@type":"EntryPoint","urlTemplate":"https:\/\/president-ksgov.net\/?s={search_term_string}"},"query-input":{"@type":"PropertyValueSpecification","valueRequired":true,"valueName":"search_term_string"}}],"inLanguage":"sr-RS"},{"@type":"Person","@id":"https:\/\/president-ksgov.net\/#\/schema\/person\/bb4337a5fb147cb2046d80548172cbee","name":"admin","image":{"@type":"ImageObject","inLanguage":"sr-RS","@id":"https:\/\/president-ksgov.net\/#\/schema\/person\/image\/","url":"https:\/\/secure.gravatar.com\/avatar\/36156ca0fa3b8d9d25174f146e16beea0cf28f37adf1b9e19b6c9c279a7c9dd3?s=96&d=mm&r=g","contentUrl":"https:\/\/secure.gravatar.com\/avatar\/36156ca0fa3b8d9d25174f146e16beea0cf28f37adf1b9e19b6c9c279a7c9dd3?s=96&d=mm&r=g","caption":"admin"},"sameAs":["https:\/\/president-ksgov.net"]}]}},"_links":{"self":[{"href":"https:\/\/president-ksgov.net\/sr\/wp-json\/wp\/v2\/posts\/76832","targetHints":{"allow":["GET"]}}],"collection":[{"href":"https:\/\/president-ksgov.net\/sr\/wp-json\/wp\/v2\/posts"}],"about":[{"href":"https:\/\/president-ksgov.net\/sr\/wp-json\/wp\/v2\/types\/post"}],"author":[{"embeddable":true,"href":"https:\/\/president-ksgov.net\/sr\/wp-json\/wp\/v2\/users\/1"}],"replies":[{"embeddable":true,"href":"https:\/\/president-ksgov.net\/sr\/wp-json\/wp\/v2\/comments?post=76832"}],"version-history":[{"count":0,"href":"https:\/\/president-ksgov.net\/sr\/wp-json\/wp\/v2\/posts\/76832\/revisions"}],"wp:featuredmedia":[{"embeddable":true,"href":"https:\/\/president-ksgov.net\/sr\/wp-json\/wp\/v2\/media\/34374"}],"wp:attachment":[{"href":"https:\/\/president-ksgov.net\/sr\/wp-json\/wp\/v2\/media?parent=76832"}],"wp:term":[{"taxonomy":"category","embeddable":true,"href":"https:\/\/president-ksgov.net\/sr\/wp-json\/wp\/v2\/categories?post=76832"},{"taxonomy":"post_tag","embeddable":true,"href":"https:\/\/president-ksgov.net\/sr\/wp-json\/wp\/v2\/tags?post=76832"}],"curies":[{"name":"wp","href":"https:\/\/api.w.org\/{rel}","templated":true}]}}