{"id":76831,"date":"2016-05-02T14:43:37","date_gmt":"2016-05-02T14:43:37","guid":{"rendered":"https:\/\/dev.president-ksgov.net\/predsednik-thaci-je-sa-prvom-damom-odao-pocast-kod-groblja-mucenika-u-studimlju-kod-vucitrna\/"},"modified":"2016-05-02T14:43:37","modified_gmt":"2016-05-02T14:43:37","slug":"predsednik-thaci-je-sa-prvom-damom-odao-pocast-kod-groblja-mucenika-u-studimlju-kod-vucitrna","status":"publish","type":"post","link":"https:\/\/president-ksgov.net\/sr\/predsednik-thaci-je-sa-prvom-damom-odao-pocast-kod-groblja-mucenika-u-studimlju-kod-vucitrna\/","title":{"rendered":"Predsednik Tha\u00e7i je sa prvom damom odao po\u010dast kod groblja mu\u010denika u Studimlju kod Vu\u010ditrna"},"content":{"rendered":"<p>Predsednik Republike Kosova, Hashim Tha\u00e7i, u\u010destvovao je na spomen akademiji koja je posve\u0107ena palim mu\u010denicima u selu Studimlje kod Vu\u010ditrna.<\/p>\n<p>Na ovoj spomen akademiji, predsednik Tha\u00e7i rekao je da je Kosovo u&#353;lo u 17. godinu od oslobo\u0111enja, u&#353;lo je u 9. godinu nezavisnosti, ali jo&#353; uvek nisu izle\u010dene duboke ratne rane.<br \/>\n\u00a0<br \/>\n&#8222;Ova naselja, pored herojskih bitaka Oslobodila\u010dke vojske Kosova i gra\u0111anskog otpora, uvek nas prise\u0107aju na cenu na&#353;e slobode i nezavisnosti. Pre 17 godina ovde u Studimlju, kod Vu\u010ditrna, civilno stanovni&#353;tvo ovih krajeva je do&#382;ivelo pravi u&#382;as&#8220;, rekao je predsednik Tha\u00e7i.<br \/>\n\u00a0<br \/>\nPredsednik Tha\u00e7i je rekao da institucije Republike Kosova nikada ne\u0107e zaustaviti glas i njihovo anga&#382;ovanje radi osvetljavanja zlo\u010dina i genocida koji je izvr&#353;en nad albanskim stanovni&#353;tvom u periodu od 1998-1999. godine.<br \/>\n\u00a0<br \/>\n&#8222;Mi se ne\u0107emo zaustaviti dok se ne rasvetli sudbina nestalih lica. Ne\u0107emo se zaustaviti dok ne iza\u0111u pred lice pravde izvr&#353;ioci zlo\u010dina. I od me\u0111unarodne zajednice \u0107emo konstantno tra&#382;iti da vr&#353;i uticaj i pritisak na zvani\u010dni Beograd&#8220;, rekao je predsednik Tha\u00e7i u selu Studimlje u\u00a0 Vu\u010ditrnu.<br \/>\n\u00a0<br \/>\nOn je dodao da je Kosovo ostvarilo dva velika sna, slobodu i nezavisnost, ali se sada sprema za ostvarenje tre\u0107eg sna: integracije u EU, NATO i UN.<br \/>\n\u00a0<br \/>\n&#8222;Ubrzo \u0107e se gra\u0111ani Kosova slobodno kretati u Evropi. Preporuka za liberalizaciju viza sada nije pitanje nedelja i meseci, ve\u0107 je pitanje sati&#8220;, rekao je predsednik Tha\u00e7i, dodaju\u0107i da se dugo radilo za ovo pravo.<br \/>\nNa kraju, predsednik Tha\u00e7i je zajedno sa prvom damom odao po\u010dast kod groblja mu\u010denika u selu Studimlje, kod Vu\u010ditrna.\u00a0<\/p>\n","protected":false},"excerpt":{"rendered":"<p>Predsednik Republike Kosova, Hashim Tha\u00e7i, u\u010destvovao je na spomen akademiji koja je posve\u0107ena palim mu\u010denicima u selu Studimlje kod Vu\u010ditrna.<\/p>\n","protected":false},"author":1,"featured_media":34349,"comment_status":"open","ping_status":"closed","sticky":false,"template":"","format":"standard","meta":{"_eb_attr":"","footnotes":""},"categories":[101],"tags":[],"class_list":["post-76831","post","type-post","status-publish","format-standard","has-post-thumbnail","hentry","category-vesti"],"yoast_head":"<!-- This site is optimized with the Yoast SEO plugin v23.5 - https:\/\/yoast.com\/wordpress\/plugins\/seo\/ -->\n<title>Predsednik Tha\u00e7i je sa prvom damom odao po\u010dast kod groblja mu\u010denika u Studimlju kod Vu\u010ditrna - Predsednik Republike Kosovo - DR. VJOSA OSMANI - SADRIU<\/title>\n<meta name=\"description\" content=\"Predsednik Tha\u00e7i je sa prvom damom odao po\u010dast kod groblja mu\u010denika u Studimlju kod Vu\u010ditrna - Predsednik Republike Kosovo - DR. VJOSA OSMANI - SADRIU -\" \/>\n<meta name=\"robots\" content=\"index, follow, max-snippet:-1, max-image-preview:large, max-video-preview:-1\" \/>\n<link rel=\"canonical\" href=\"https:\/\/president-ksgov.net\/sr\/predsednik-thaci-je-sa-prvom-damom-odao-pocast-kod-groblja-mucenika-u-studimlju-kod-vucitrna\/\" \/>\n<meta property=\"og:locale\" content=\"sr_RS\" \/>\n<meta property=\"og:type\" content=\"article\" \/>\n<meta property=\"og:title\" content=\"Predsednik Tha\u00e7i je sa prvom damom odao po\u010dast kod groblja mu\u010denika u Studimlju kod Vu\u010ditrna - Predsednik Republike Kosovo - DR. VJOSA OSMANI - SADRIU\" \/>\n<meta property=\"og:description\" content=\"Predsednik Tha\u00e7i je sa prvom damom odao po\u010dast kod groblja mu\u010denika u Studimlju kod Vu\u010ditrna - Predsednik Republike Kosovo - DR. VJOSA OSMANI - SADRIU -\" \/>\n<meta property=\"og:url\" content=\"https:\/\/president-ksgov.net\/sr\/predsednik-thaci-je-sa-prvom-damom-odao-pocast-kod-groblja-mucenika-u-studimlju-kod-vucitrna\/\" \/>\n<meta property=\"og:site_name\" content=\"Predsednik Republike Kosovo - DR. VJOSA OSMANI - SADRIU\" \/>\n<meta property=\"article:published_time\" content=\"2016-05-02T14:43:37+00:00\" \/>\n<meta property=\"og:image\" content=\"https:\/\/president-ksgov.net\/wp-content\/uploads\/02_05_2016_7549781__077.jpg\" \/>\n\t<meta property=\"og:image:width\" content=\"2400\" \/>\n\t<meta property=\"og:image:height\" content=\"1600\" \/>\n\t<meta property=\"og:image:type\" content=\"image\/jpeg\" \/>\n<meta name=\"author\" content=\"admin\" \/>\n<meta name=\"twitter:card\" content=\"summary_large_image\" \/>\n<meta name=\"twitter:label1\" content=\"\u041d\u0430\u043f\u0438\u0441\u0430\u043d\u043e \u043e\u0434\" \/>\n\t<meta name=\"twitter:data1\" content=\"admin\" \/>\n\t<meta name=\"twitter:label2\" content=\"\u041f\u0440\u043e\u0446\u0435\u045a\u0435\u043d\u043e \u0432\u0440\u0435\u043c\u0435 \u0447\u0438\u0442\u0430\u045a\u0430\" \/>\n\t<meta name=\"twitter:data2\" content=\"1 \u043c\u0438\u043d\u0443\u0442\" \/>\n<script type=\"application\/ld+json\" class=\"yoast-schema-graph\">{\"@context\":\"https:\/\/schema.org\",\"@graph\":[{\"@type\":\"WebPage\",\"@id\":\"https:\/\/president-ksgov.net\/sr\/predsednik-thaci-je-sa-prvom-damom-odao-pocast-kod-groblja-mucenika-u-studimlju-kod-vucitrna\/\",\"url\":\"https:\/\/president-ksgov.net\/sr\/predsednik-thaci-je-sa-prvom-damom-odao-pocast-kod-groblja-mucenika-u-studimlju-kod-vucitrna\/\",\"name\":\"Predsednik Tha\u00e7i je sa prvom damom odao po\u010dast kod groblja mu\u010denika u Studimlju kod Vu\u010ditrna - Predsednik Republike Kosovo - DR. VJOSA OSMANI - SADRIU\",\"isPartOf\":{\"@id\":\"https:\/\/president-ksgov.net\/#website\"},\"primaryImageOfPage\":{\"@id\":\"https:\/\/president-ksgov.net\/sr\/predsednik-thaci-je-sa-prvom-damom-odao-pocast-kod-groblja-mucenika-u-studimlju-kod-vucitrna\/#primaryimage\"},\"image\":{\"@id\":\"https:\/\/president-ksgov.net\/sr\/predsednik-thaci-je-sa-prvom-damom-odao-pocast-kod-groblja-mucenika-u-studimlju-kod-vucitrna\/#primaryimage\"},\"thumbnailUrl\":\"https:\/\/president-ksgov.net\/wp-content\/uploads\/02_05_2016_7549781__077.jpg\",\"datePublished\":\"2016-05-02T14:43:37+00:00\",\"dateModified\":\"2016-05-02T14:43:37+00:00\",\"author\":{\"@id\":\"https:\/\/president-ksgov.net\/#\/schema\/person\/bb4337a5fb147cb2046d80548172cbee\"},\"description\":\"Predsednik Tha\u00e7i je sa prvom damom odao po\u010dast kod groblja mu\u010denika u Studimlju kod Vu\u010ditrna - Predsednik Republike Kosovo - DR. VJOSA OSMANI - SADRIU -\",\"breadcrumb\":{\"@id\":\"https:\/\/president-ksgov.net\/sr\/predsednik-thaci-je-sa-prvom-damom-odao-pocast-kod-groblja-mucenika-u-studimlju-kod-vucitrna\/#breadcrumb\"},\"inLanguage\":\"sr-RS\",\"potentialAction\":[{\"@type\":\"ReadAction\",\"target\":[\"https:\/\/president-ksgov.net\/sr\/predsednik-thaci-je-sa-prvom-damom-odao-pocast-kod-groblja-mucenika-u-studimlju-kod-vucitrna\/\"]}]},{\"@type\":\"ImageObject\",\"inLanguage\":\"sr-RS\",\"@id\":\"https:\/\/president-ksgov.net\/sr\/predsednik-thaci-je-sa-prvom-damom-odao-pocast-kod-groblja-mucenika-u-studimlju-kod-vucitrna\/#primaryimage\",\"url\":\"https:\/\/president-ksgov.net\/wp-content\/uploads\/02_05_2016_7549781__077.jpg\",\"contentUrl\":\"https:\/\/president-ksgov.net\/wp-content\/uploads\/02_05_2016_7549781__077.jpg\",\"width\":2400,\"height\":1600},{\"@type\":\"BreadcrumbList\",\"@id\":\"https:\/\/president-ksgov.net\/sr\/predsednik-thaci-je-sa-prvom-damom-odao-pocast-kod-groblja-mucenika-u-studimlju-kod-vucitrna\/#breadcrumb\",\"itemListElement\":[{\"@type\":\"ListItem\",\"position\":1,\"name\":\"Home\",\"item\":\"https:\/\/president-ksgov.net\/sr\/\"},{\"@type\":\"ListItem\",\"position\":2,\"name\":\"Predsednik Tha\u00e7i je sa prvom damom odao po\u010dast kod groblja mu\u010denika u Studimlju kod Vu\u010ditrna\"}]},{\"@type\":\"WebSite\",\"@id\":\"https:\/\/president-ksgov.net\/#website\",\"url\":\"https:\/\/president-ksgov.net\/\",\"name\":\"Presidente e Republik\u00ebs s\u00eb Kosov\u00ebs\",\"description\":\"Presidente e Republik\u00ebs s\u00eb Kosov\u00ebs\",\"alternateName\":\"DR. VJOSA OSMANI - SADRIU\",\"potentialAction\":[{\"@type\":\"SearchAction\",\"target\":{\"@type\":\"EntryPoint\",\"urlTemplate\":\"https:\/\/president-ksgov.net\/?s={search_term_string}\"},\"query-input\":{\"@type\":\"PropertyValueSpecification\",\"valueRequired\":true,\"valueName\":\"search_term_string\"}}],\"inLanguage\":\"sr-RS\"},{\"@type\":\"Person\",\"@id\":\"https:\/\/president-ksgov.net\/#\/schema\/person\/bb4337a5fb147cb2046d80548172cbee\",\"name\":\"admin\",\"image\":{\"@type\":\"ImageObject\",\"inLanguage\":\"sr-RS\",\"@id\":\"https:\/\/president-ksgov.net\/#\/schema\/person\/image\/\",\"url\":\"https:\/\/secure.gravatar.com\/avatar\/36156ca0fa3b8d9d25174f146e16beea0cf28f37adf1b9e19b6c9c279a7c9dd3?s=96&d=mm&r=g\",\"contentUrl\":\"https:\/\/secure.gravatar.com\/avatar\/36156ca0fa3b8d9d25174f146e16beea0cf28f37adf1b9e19b6c9c279a7c9dd3?s=96&d=mm&r=g\",\"caption\":\"admin\"},\"sameAs\":[\"https:\/\/president-ksgov.net\"]}]}<\/script>\n<!-- \/ Yoast SEO plugin. -->","yoast_head_json":{"title":"Predsednik Tha\u00e7i je sa prvom damom odao po\u010dast kod groblja mu\u010denika u Studimlju kod Vu\u010ditrna - Predsednik Republike Kosovo - DR. VJOSA OSMANI - SADRIU","description":"Predsednik Tha\u00e7i je sa prvom damom odao po\u010dast kod groblja mu\u010denika u Studimlju kod Vu\u010ditrna - Predsednik Republike Kosovo - DR. VJOSA OSMANI - SADRIU -","robots":{"index":"index","follow":"follow","max-snippet":"max-snippet:-1","max-image-preview":"max-image-preview:large","max-video-preview":"max-video-preview:-1"},"canonical":"https:\/\/president-ksgov.net\/sr\/predsednik-thaci-je-sa-prvom-damom-odao-pocast-kod-groblja-mucenika-u-studimlju-kod-vucitrna\/","og_locale":"sr_RS","og_type":"article","og_title":"Predsednik Tha\u00e7i je sa prvom damom odao po\u010dast kod groblja mu\u010denika u Studimlju kod Vu\u010ditrna - Predsednik Republike Kosovo - DR. VJOSA OSMANI - SADRIU","og_description":"Predsednik Tha\u00e7i je sa prvom damom odao po\u010dast kod groblja mu\u010denika u Studimlju kod Vu\u010ditrna - Predsednik Republike Kosovo - DR. VJOSA OSMANI - SADRIU -","og_url":"https:\/\/president-ksgov.net\/sr\/predsednik-thaci-je-sa-prvom-damom-odao-pocast-kod-groblja-mucenika-u-studimlju-kod-vucitrna\/","og_site_name":"Predsednik Republike Kosovo - DR. VJOSA OSMANI - SADRIU","article_published_time":"2016-05-02T14:43:37+00:00","og_image":[{"width":2400,"height":1600,"url":"https:\/\/president-ksgov.net\/wp-content\/uploads\/02_05_2016_7549781__077.jpg","type":"image\/jpeg"}],"author":"admin","twitter_card":"summary_large_image","twitter_misc":{"\u041d\u0430\u043f\u0438\u0441\u0430\u043d\u043e \u043e\u0434":"admin","\u041f\u0440\u043e\u0446\u0435\u045a\u0435\u043d\u043e \u0432\u0440\u0435\u043c\u0435 \u0447\u0438\u0442\u0430\u045a\u0430":"1 \u043c\u0438\u043d\u0443\u0442"},"schema":{"@context":"https:\/\/schema.org","@graph":[{"@type":"WebPage","@id":"https:\/\/president-ksgov.net\/sr\/predsednik-thaci-je-sa-prvom-damom-odao-pocast-kod-groblja-mucenika-u-studimlju-kod-vucitrna\/","url":"https:\/\/president-ksgov.net\/sr\/predsednik-thaci-je-sa-prvom-damom-odao-pocast-kod-groblja-mucenika-u-studimlju-kod-vucitrna\/","name":"Predsednik Tha\u00e7i je sa prvom damom odao po\u010dast kod groblja mu\u010denika u Studimlju kod Vu\u010ditrna - Predsednik Republike Kosovo - DR. VJOSA OSMANI - SADRIU","isPartOf":{"@id":"https:\/\/president-ksgov.net\/#website"},"primaryImageOfPage":{"@id":"https:\/\/president-ksgov.net\/sr\/predsednik-thaci-je-sa-prvom-damom-odao-pocast-kod-groblja-mucenika-u-studimlju-kod-vucitrna\/#primaryimage"},"image":{"@id":"https:\/\/president-ksgov.net\/sr\/predsednik-thaci-je-sa-prvom-damom-odao-pocast-kod-groblja-mucenika-u-studimlju-kod-vucitrna\/#primaryimage"},"thumbnailUrl":"https:\/\/president-ksgov.net\/wp-content\/uploads\/02_05_2016_7549781__077.jpg","datePublished":"2016-05-02T14:43:37+00:00","dateModified":"2016-05-02T14:43:37+00:00","author":{"@id":"https:\/\/president-ksgov.net\/#\/schema\/person\/bb4337a5fb147cb2046d80548172cbee"},"description":"Predsednik Tha\u00e7i je sa prvom damom odao po\u010dast kod groblja mu\u010denika u Studimlju kod Vu\u010ditrna - Predsednik Republike Kosovo - DR. VJOSA OSMANI - SADRIU -","breadcrumb":{"@id":"https:\/\/president-ksgov.net\/sr\/predsednik-thaci-je-sa-prvom-damom-odao-pocast-kod-groblja-mucenika-u-studimlju-kod-vucitrna\/#breadcrumb"},"inLanguage":"sr-RS","potentialAction":[{"@type":"ReadAction","target":["https:\/\/president-ksgov.net\/sr\/predsednik-thaci-je-sa-prvom-damom-odao-pocast-kod-groblja-mucenika-u-studimlju-kod-vucitrna\/"]}]},{"@type":"ImageObject","inLanguage":"sr-RS","@id":"https:\/\/president-ksgov.net\/sr\/predsednik-thaci-je-sa-prvom-damom-odao-pocast-kod-groblja-mucenika-u-studimlju-kod-vucitrna\/#primaryimage","url":"https:\/\/president-ksgov.net\/wp-content\/uploads\/02_05_2016_7549781__077.jpg","contentUrl":"https:\/\/president-ksgov.net\/wp-content\/uploads\/02_05_2016_7549781__077.jpg","width":2400,"height":1600},{"@type":"BreadcrumbList","@id":"https:\/\/president-ksgov.net\/sr\/predsednik-thaci-je-sa-prvom-damom-odao-pocast-kod-groblja-mucenika-u-studimlju-kod-vucitrna\/#breadcrumb","itemListElement":[{"@type":"ListItem","position":1,"name":"Home","item":"https:\/\/president-ksgov.net\/sr\/"},{"@type":"ListItem","position":2,"name":"Predsednik Tha\u00e7i je sa prvom damom odao po\u010dast kod groblja mu\u010denika u Studimlju kod Vu\u010ditrna"}]},{"@type":"WebSite","@id":"https:\/\/president-ksgov.net\/#website","url":"https:\/\/president-ksgov.net\/","name":"Presidente e Republik\u00ebs s\u00eb Kosov\u00ebs","description":"Presidente e Republik\u00ebs s\u00eb Kosov\u00ebs","alternateName":"DR. VJOSA OSMANI - SADRIU","potentialAction":[{"@type":"SearchAction","target":{"@type":"EntryPoint","urlTemplate":"https:\/\/president-ksgov.net\/?s={search_term_string}"},"query-input":{"@type":"PropertyValueSpecification","valueRequired":true,"valueName":"search_term_string"}}],"inLanguage":"sr-RS"},{"@type":"Person","@id":"https:\/\/president-ksgov.net\/#\/schema\/person\/bb4337a5fb147cb2046d80548172cbee","name":"admin","image":{"@type":"ImageObject","inLanguage":"sr-RS","@id":"https:\/\/president-ksgov.net\/#\/schema\/person\/image\/","url":"https:\/\/secure.gravatar.com\/avatar\/36156ca0fa3b8d9d25174f146e16beea0cf28f37adf1b9e19b6c9c279a7c9dd3?s=96&d=mm&r=g","contentUrl":"https:\/\/secure.gravatar.com\/avatar\/36156ca0fa3b8d9d25174f146e16beea0cf28f37adf1b9e19b6c9c279a7c9dd3?s=96&d=mm&r=g","caption":"admin"},"sameAs":["https:\/\/president-ksgov.net"]}]}},"_links":{"self":[{"href":"https:\/\/president-ksgov.net\/sr\/wp-json\/wp\/v2\/posts\/76831","targetHints":{"allow":["GET"]}}],"collection":[{"href":"https:\/\/president-ksgov.net\/sr\/wp-json\/wp\/v2\/posts"}],"about":[{"href":"https:\/\/president-ksgov.net\/sr\/wp-json\/wp\/v2\/types\/post"}],"author":[{"embeddable":true,"href":"https:\/\/president-ksgov.net\/sr\/wp-json\/wp\/v2\/users\/1"}],"replies":[{"embeddable":true,"href":"https:\/\/president-ksgov.net\/sr\/wp-json\/wp\/v2\/comments?post=76831"}],"version-history":[{"count":0,"href":"https:\/\/president-ksgov.net\/sr\/wp-json\/wp\/v2\/posts\/76831\/revisions"}],"wp:featuredmedia":[{"embeddable":true,"href":"https:\/\/president-ksgov.net\/sr\/wp-json\/wp\/v2\/media\/34349"}],"wp:attachment":[{"href":"https:\/\/president-ksgov.net\/sr\/wp-json\/wp\/v2\/media?parent=76831"}],"wp:term":[{"taxonomy":"category","embeddable":true,"href":"https:\/\/president-ksgov.net\/sr\/wp-json\/wp\/v2\/categories?post=76831"},{"taxonomy":"post_tag","embeddable":true,"href":"https:\/\/president-ksgov.net\/sr\/wp-json\/wp\/v2\/tags?post=76831"}],"curies":[{"name":"wp","href":"https:\/\/api.w.org\/{rel}","templated":true}]}}