{"id":76830,"date":"2016-04-29T16:03:00","date_gmt":"2016-04-29T16:03:00","guid":{"rendered":"https:\/\/dev.president-ksgov.net\/govor-predsednika-thaci-ja-na-spomen-akademiji-za-komandanta-ilaz-a-kodra\/"},"modified":"2023-03-08T09:01:41","modified_gmt":"2023-03-08T09:01:41","slug":"govor-predsednika-thaci-ja-na-spomen-akademiji-za-komandanta-ilaz-a-kodra","status":"publish","type":"post","link":"https:\/\/president-ksgov.net\/sr\/govor-predsednika-thaci-ja-na-spomen-akademiji-za-komandanta-ilaz-a-kodra\/","title":{"rendered":"Govor predsednika Tha\u00e7i-ja na spomen akademiji za komandanta Ilaz-a Kodra"},"content":{"rendered":"<p>Sutra se puni 17 godina od herojskog pada Ilaz-a Kodra na \u010delu 114. brigade, jednog od najhvaljenijeg komandanta Oslobodila\u010dke vojske Kosova.<\/p>\n<p>Ilaz Kodra je hrabro pao, kao i komandant prethodnik, Fehmi Lladrovci, \u010dije je ime uz \u010dast i po&#353;tovanje nosila 114. brigada. <\/p>\n<p>Ova brigada je na videlo iznela dve osnovne karakteristike Oslobodila\u010dke vojske Kosova, koja je proizi&#353;la iz volje, ideala i sna na&#353;ih gra\u0111ana za slobodom i nezavisno&#353;\u0107u.<\/p>\n<p>Prvo, njeni prethodnici su bili borci koliko i komandanti i komandanti koliko i vojnici, rukovodioci i organizatori borbe za slobodu. <\/p>\n<p>Pod dva, prethodnici Oslobodila\u010dke vojske, prema modelu herojskog pada legendarnog komandanta Adem-a Jashari, koji je pao na \u010delu bitke, kao Fehmi Lladrvoci, Ilaz Koda, Abedin Rexha, Muj\u00eb Krasniqi, Sali \u00c7eku, Agim Ramadani i na stotine i stotine ostalih boraca. <\/p>\n<p>Dakle, analiti\u010dari s pravom smatraju Oslobodila\u010dku vojsku Kosova najuspe&#353;nijom gerilom dvadesetog veka. <\/p>\n<p>Jer je Oslobodila\u010dka vojska Kosova bila narod.<\/p>\n<p>Jer je na&#353; narod bio sama vojska. <\/p>\n<p>Dame i gospodo,<br \/>\n\u00a0\u00a0\u00a0<br \/>\nDanas kada se se\u0107amo heroja Kosova, Ilaz-a Kodra, mi odajemo najvi&#353;e dr&#382;avne i institucionalne po\u010dasti jednom od prvih suboraca komandanta Adem-a Jashari. <\/p>\n<p>Odajemo po\u010dast svima onima koji su vizijom, uporno&#353;\u0107u, odlu\u010dno&#353;\u0107u i posve\u0107eno&#353;\u0107u, &#382;rtvovali njihov &#382;ivot za slobodu Kosova. <\/p>\n<p>Po&#353;tujemo one koji su filozofijom i pravi\u010dnom orijentacijom uspeli da steknu podr&#353;ku demokratskog sveta, Sjedinjenih Ameri\u010dkih Dr&#382;ava, EU i NATO-a, kako bi Kosovo jednom za svagda bilo slobodno, demokratsko i nezavisno. <\/p>\n<p>Li\u010dno sam imao \u010dast da izbliza upoznam i da radim sa komandantom Ilaz-om Kodra. <\/p>\n<p>Da upoznam visoke kvalitete \u0107utljivog aktiviste, skormnog pona&#353;anja, ali odlu\u010dnog, neumornog i nesalomivog na putu prema slobodi. <\/p>\n<p>Imao sam \u010dast &#353;to sam poznavao i &#353;to sam sudelovao sa plejadom njegovih suboraca po\u010detnika, koji su bili deo brigade kojom je upravljao komandant Ilaz Kodra. <\/p>\n<p>Nije bilo lako upravljati jednom brigadom, koja je na \u010delu imala sna&#382;nog komandanta, pametnog, koji je svojim politi\u010dkim izjavama u ime Oslobodila\u010dke vojske Kosova i kosovskog naroda probudio svetsku savest, komandanta Fehmi-ju Lladrovci. <\/p>\n<p>Ilaz Kodra, kao retko ko, istakao se u podr&#353;ci i po&#353;tovanju koje je u&#382;ivao od strane vojnika i civilnog stanovni&#353;tva, tamo gde je delovala 114. brigada.<\/p>\n<p>Ilaz Kodra pripada generaciji aktivista pre 90-tih godina, ilegalnog pokreta za slobodu i nezavisnost Kosova. <\/p>\n<p>I pre po\u010detka rata, on je u\u010destvovao u ja\u010danju ratnih jedinica OVK-a, u mobilizaciji volontera i u poznatoj bici Rezall\u00ebs s\u00eb Re. <\/p>\n<p>On je u\u010destvovao u mnogim direktnim akcijama 1991, 1992, pa sve do 1996. godine. <\/p>\n<p>Ovo iskustvo je u\u010dinilo da on uz dosta uspeha upravlja 114. brigadom, u brigadi Fehmi-ja Lladrvoci i Xhev\u00eb Lladrovci.<\/p>\n<p>U svim suo\u010davanjima OVK-a, u ofanzivama u leto i jesen 1998. godine, u bitkama i na mestima borbi tokom 1999. godine, Ilaz Kodra se borio rame uz rame sa njegovim vojnicima. <\/p>\n<p>114. brigada, osim u bitkama sa neprijateljskim snagama, koje su se odvijale u ve\u0107ini mesta koje je pokrivala, dokaza\u0107e i visoku posve\u0107enost u odbrani civilnog stanovni&#353;tva u selima na obodu \u010ci\u010davice. <\/p>\n<p>Ova brigada je dala 167 palih boraca. <\/p>\n<p>U odbrani ovog stanovni&#353;tva, herojski je pao komandant Ilaz Kodra, 30. aprila 1999. godine. <\/p>\n<p>Na 17. godi&#353;njicu pada heroja Ilaz-a Kodra, odajemo po\u010dasti, uz po&#353;tovanje svim komandantima, suborcima, palim borcima i mu\u010denicima koji su pali za slobodu Kosova.<br \/>\n\u00a0<br \/>\nDame i gospodo,<\/p>\n<p>Svi smo zajedno mnogo radili kako bi dostigli slobodu, za koju su se borili Ilaz, Fehmi, Xheva i mnogi suborci, moji prijatelji iz najte&#382;ih dana. <\/p>\n<p>Dozvolite mi da pred vama\u00a0 ka&#382;em nekoliko re\u010di u kontekstu najnovijih doga\u0111aja koji se ti\u010du na&#353;ih d&#382;avnih interesa. <\/p>\n<p>Idu\u0107eg meseca o\u010dekujemo dobre vesti za Kosovo i sve na&#353;e gra\u0111ane. <\/p>\n<p>Ne mogu a da se ne setim njih, kada objavljujemo dobru vest za Kosovo, svaku novu pobedu\u00a0 na polju izgradnje dr&#382;ave. <\/p>\n<p>Ubrzo o\u010dekujemo tri zajedni\u010dka dostignu\u0107a: <\/p>\n<p>Prvo, o\u010dekujemo da Evropska komisija objavi dan kada \u0107emo se slobodno kretati na na&#353;em starom kontinentu. <\/p>\n<p>Ovo je zakasnelo dostignu\u0107e, ali zaka&#353;njenje ne smanjuje dostignu\u0107e. <\/p>\n<p>Na&#353;a deca vi&#353;e nikada ne\u0107e biti zaustavljanja na evropskim granicama. <\/p>\n<p>Mo\u0107i \u0107e da u&#382;ivaju u slobodnom kretanju, da upoznaju njihove evropske vr&#353;njake, da stvaraju nova prijateljstva i ja\u010da\u0107e veze sa porodicama u dijaspori. <\/p>\n<p>Pod dva, zamislite, mi \u0107emo idu\u0107e godine ispratiti na fakultet, prve osamnaesto godi&#353;njake koji su se rodili, a da nisu do&#382;iveli rat, bez njegovog te&#353;kog i tragi\u010dnog iskustva. <\/p>\n<p>Dakle, mi sad imamo i prve generacije koje nisu do&#382;ivele zlo, koje su slobodne od mr&#382;nje i njihova vrata se otvaraju u Evropi, kao ni za jednu drugu generaciju u na&#353;oj istoriji. <\/p>\n<p>Pod tri, pozivam vas da zajedno radimo kako bismo pove\u0107ali vrednost na&#353;e dr&#382;ave, da pove\u0107amo ponos gra\u0111ana u na&#353;u dr&#382;avu. <\/p>\n<p>Da svakoga dana radimo na ja\u010danju vladavine zakona, kako bi na&#353;a dr&#382;ava za koju su se &#382;rtvovali Ilaz, Fehmi i Xheva, bila dr&#382;ava jednaka za sve. <\/p>\n<p>Dame i gospodo,<\/p>\n<p>Svaki gra\u0111anin \u0107e imati jednaku &#353;ansu za sre\u0107u u na&#353;oj dr&#382;avi. <\/p>\n<p>Nije svaka bitka krvava bitka, ili bitka uzvi&#353;enog &#382;rtvovanja , ve\u0107 je tre\u0107a veli\u010danstvena borba. <\/p>\n<p>Nakon rata za slobodu i progla&#353;enja nezavisnosti, mi sad treba da obezbedimo da na&#353;a dr&#382;ava bude ukorenjena na evropskom tlu; <\/p>\n<p>Da prijateljstvo sa Amerikom bude \u010duvano kao o\u010di u glavi i da se zajedno integri&#353;emo u NATO i EU; <\/p>\n<p>Ovo zahteva nove politi\u010dke &#382;rtve, iskren dijalog, mir i pomirenje. <\/p>\n<p>Slava kosovskom heroju, Ilaz-u Kodra!<\/p>\n<p>Slava svim palim borcima!<br \/>\n\u00a0<\/p>\n","protected":false},"excerpt":{"rendered":"<p>Sutra se puni 17 godina od herojskog pada Ilaz-a Kodra na \u010delu 114. brigade, jednog od najhvaljenijeg komandanta Oslobodila\u010dke vojske Kosova.<\/p>\n","protected":false},"author":1,"featured_media":34345,"comment_status":"open","ping_status":"closed","sticky":false,"template":"","format":"standard","meta":{"_eb_attr":"","footnotes":""},"categories":[106],"tags":[],"class_list":["post-76830","post","type-post","status-publish","format-standard","has-post-thumbnail","hentry","category-govori"],"yoast_head":"<!-- This site is optimized with the Yoast SEO plugin v23.5 - https:\/\/yoast.com\/wordpress\/plugins\/seo\/ -->\n<title>Govor predsednika Tha\u00e7i-ja na spomen akademiji za komandanta Ilaz-a Kodra - Predsednik Republike Kosovo - DR. VJOSA OSMANI - SADRIU<\/title>\n<meta name=\"description\" content=\"Govor predsednika Tha\u00e7i-ja na spomen akademiji za komandanta Ilaz-a Kodra - Predsednik Republike Kosovo - DR. VJOSA OSMANI - SADRIU -\" \/>\n<meta name=\"robots\" content=\"index, follow, max-snippet:-1, max-image-preview:large, max-video-preview:-1\" \/>\n<link rel=\"canonical\" href=\"https:\/\/president-ksgov.net\/sr\/govor-predsednika-thaci-ja-na-spomen-akademiji-za-komandanta-ilaz-a-kodra\/\" \/>\n<meta property=\"og:locale\" content=\"sr_RS\" \/>\n<meta property=\"og:type\" content=\"article\" \/>\n<meta property=\"og:title\" content=\"Govor predsednika Tha\u00e7i-ja na spomen akademiji za komandanta Ilaz-a Kodra - Predsednik Republike Kosovo - DR. VJOSA OSMANI - SADRIU\" \/>\n<meta property=\"og:description\" content=\"Govor predsednika Tha\u00e7i-ja na spomen akademiji za komandanta Ilaz-a Kodra - Predsednik Republike Kosovo - DR. VJOSA OSMANI - SADRIU -\" \/>\n<meta property=\"og:url\" content=\"https:\/\/president-ksgov.net\/sr\/govor-predsednika-thaci-ja-na-spomen-akademiji-za-komandanta-ilaz-a-kodra\/\" \/>\n<meta property=\"og:site_name\" content=\"Predsednik Republike Kosovo - DR. VJOSA OSMANI - SADRIU\" \/>\n<meta property=\"article:published_time\" content=\"2016-04-29T16:03:00+00:00\" \/>\n<meta property=\"article:modified_time\" content=\"2023-03-08T09:01:41+00:00\" \/>\n<meta property=\"og:image\" content=\"https:\/\/president-ksgov.net\/wp-content\/uploads\/02_05_2016_4069720_2.jpg\" \/>\n\t<meta property=\"og:image:width\" content=\"2403\" \/>\n\t<meta property=\"og:image:height\" content=\"1600\" \/>\n\t<meta property=\"og:image:type\" content=\"image\/jpeg\" \/>\n<meta name=\"author\" content=\"admin\" \/>\n<meta name=\"twitter:card\" content=\"summary_large_image\" \/>\n<meta name=\"twitter:label1\" content=\"\u041d\u0430\u043f\u0438\u0441\u0430\u043d\u043e \u043e\u0434\" \/>\n\t<meta name=\"twitter:data1\" content=\"admin\" \/>\n\t<meta name=\"twitter:label2\" content=\"\u041f\u0440\u043e\u0446\u0435\u045a\u0435\u043d\u043e \u0432\u0440\u0435\u043c\u0435 \u0447\u0438\u0442\u0430\u045a\u0430\" \/>\n\t<meta name=\"twitter:data2\" content=\"5 \u043c\u0438\u043d\u0443\u0442\u0430\" \/>\n<script type=\"application\/ld+json\" class=\"yoast-schema-graph\">{\"@context\":\"https:\/\/schema.org\",\"@graph\":[{\"@type\":\"WebPage\",\"@id\":\"https:\/\/president-ksgov.net\/sr\/govor-predsednika-thaci-ja-na-spomen-akademiji-za-komandanta-ilaz-a-kodra\/\",\"url\":\"https:\/\/president-ksgov.net\/sr\/govor-predsednika-thaci-ja-na-spomen-akademiji-za-komandanta-ilaz-a-kodra\/\",\"name\":\"Govor predsednika Tha\u00e7i-ja na spomen akademiji za komandanta Ilaz-a Kodra - Predsednik Republike Kosovo - DR. VJOSA OSMANI - SADRIU\",\"isPartOf\":{\"@id\":\"https:\/\/president-ksgov.net\/#website\"},\"primaryImageOfPage\":{\"@id\":\"https:\/\/president-ksgov.net\/sr\/govor-predsednika-thaci-ja-na-spomen-akademiji-za-komandanta-ilaz-a-kodra\/#primaryimage\"},\"image\":{\"@id\":\"https:\/\/president-ksgov.net\/sr\/govor-predsednika-thaci-ja-na-spomen-akademiji-za-komandanta-ilaz-a-kodra\/#primaryimage\"},\"thumbnailUrl\":\"https:\/\/president-ksgov.net\/wp-content\/uploads\/02_05_2016_4069720_2.jpg\",\"datePublished\":\"2016-04-29T16:03:00+00:00\",\"dateModified\":\"2023-03-08T09:01:41+00:00\",\"author\":{\"@id\":\"https:\/\/president-ksgov.net\/#\/schema\/person\/bb4337a5fb147cb2046d80548172cbee\"},\"description\":\"Govor predsednika Tha\u00e7i-ja na spomen akademiji za komandanta Ilaz-a Kodra - Predsednik Republike Kosovo - DR. VJOSA OSMANI - SADRIU -\",\"breadcrumb\":{\"@id\":\"https:\/\/president-ksgov.net\/sr\/govor-predsednika-thaci-ja-na-spomen-akademiji-za-komandanta-ilaz-a-kodra\/#breadcrumb\"},\"inLanguage\":\"sr-RS\",\"potentialAction\":[{\"@type\":\"ReadAction\",\"target\":[\"https:\/\/president-ksgov.net\/sr\/govor-predsednika-thaci-ja-na-spomen-akademiji-za-komandanta-ilaz-a-kodra\/\"]}]},{\"@type\":\"ImageObject\",\"inLanguage\":\"sr-RS\",\"@id\":\"https:\/\/president-ksgov.net\/sr\/govor-predsednika-thaci-ja-na-spomen-akademiji-za-komandanta-ilaz-a-kodra\/#primaryimage\",\"url\":\"https:\/\/president-ksgov.net\/wp-content\/uploads\/02_05_2016_4069720_2.jpg\",\"contentUrl\":\"https:\/\/president-ksgov.net\/wp-content\/uploads\/02_05_2016_4069720_2.jpg\",\"width\":2403,\"height\":1600},{\"@type\":\"BreadcrumbList\",\"@id\":\"https:\/\/president-ksgov.net\/sr\/govor-predsednika-thaci-ja-na-spomen-akademiji-za-komandanta-ilaz-a-kodra\/#breadcrumb\",\"itemListElement\":[{\"@type\":\"ListItem\",\"position\":1,\"name\":\"Home\",\"item\":\"https:\/\/president-ksgov.net\/sr\/\"},{\"@type\":\"ListItem\",\"position\":2,\"name\":\"Govor predsednika Tha\u00e7i-ja na spomen akademiji za komandanta Ilaz-a Kodra\"}]},{\"@type\":\"WebSite\",\"@id\":\"https:\/\/president-ksgov.net\/#website\",\"url\":\"https:\/\/president-ksgov.net\/\",\"name\":\"Presidente e Republik\u00ebs s\u00eb Kosov\u00ebs\",\"description\":\"Presidente e Republik\u00ebs s\u00eb Kosov\u00ebs\",\"alternateName\":\"DR. VJOSA OSMANI - SADRIU\",\"potentialAction\":[{\"@type\":\"SearchAction\",\"target\":{\"@type\":\"EntryPoint\",\"urlTemplate\":\"https:\/\/president-ksgov.net\/?s={search_term_string}\"},\"query-input\":{\"@type\":\"PropertyValueSpecification\",\"valueRequired\":true,\"valueName\":\"search_term_string\"}}],\"inLanguage\":\"sr-RS\"},{\"@type\":\"Person\",\"@id\":\"https:\/\/president-ksgov.net\/#\/schema\/person\/bb4337a5fb147cb2046d80548172cbee\",\"name\":\"admin\",\"image\":{\"@type\":\"ImageObject\",\"inLanguage\":\"sr-RS\",\"@id\":\"https:\/\/president-ksgov.net\/#\/schema\/person\/image\/\",\"url\":\"https:\/\/secure.gravatar.com\/avatar\/36156ca0fa3b8d9d25174f146e16beea0cf28f37adf1b9e19b6c9c279a7c9dd3?s=96&d=mm&r=g\",\"contentUrl\":\"https:\/\/secure.gravatar.com\/avatar\/36156ca0fa3b8d9d25174f146e16beea0cf28f37adf1b9e19b6c9c279a7c9dd3?s=96&d=mm&r=g\",\"caption\":\"admin\"},\"sameAs\":[\"https:\/\/president-ksgov.net\"]}]}<\/script>\n<!-- \/ Yoast SEO plugin. -->","yoast_head_json":{"title":"Govor predsednika Tha\u00e7i-ja na spomen akademiji za komandanta Ilaz-a Kodra - Predsednik Republike Kosovo - DR. VJOSA OSMANI - SADRIU","description":"Govor predsednika Tha\u00e7i-ja na spomen akademiji za komandanta Ilaz-a Kodra - Predsednik Republike Kosovo - DR. VJOSA OSMANI - SADRIU -","robots":{"index":"index","follow":"follow","max-snippet":"max-snippet:-1","max-image-preview":"max-image-preview:large","max-video-preview":"max-video-preview:-1"},"canonical":"https:\/\/president-ksgov.net\/sr\/govor-predsednika-thaci-ja-na-spomen-akademiji-za-komandanta-ilaz-a-kodra\/","og_locale":"sr_RS","og_type":"article","og_title":"Govor predsednika Tha\u00e7i-ja na spomen akademiji za komandanta Ilaz-a Kodra - Predsednik Republike Kosovo - DR. VJOSA OSMANI - SADRIU","og_description":"Govor predsednika Tha\u00e7i-ja na spomen akademiji za komandanta Ilaz-a Kodra - Predsednik Republike Kosovo - DR. VJOSA OSMANI - SADRIU -","og_url":"https:\/\/president-ksgov.net\/sr\/govor-predsednika-thaci-ja-na-spomen-akademiji-za-komandanta-ilaz-a-kodra\/","og_site_name":"Predsednik Republike Kosovo - DR. VJOSA OSMANI - SADRIU","article_published_time":"2016-04-29T16:03:00+00:00","article_modified_time":"2023-03-08T09:01:41+00:00","og_image":[{"width":2403,"height":1600,"url":"https:\/\/president-ksgov.net\/wp-content\/uploads\/02_05_2016_4069720_2.jpg","type":"image\/jpeg"}],"author":"admin","twitter_card":"summary_large_image","twitter_misc":{"\u041d\u0430\u043f\u0438\u0441\u0430\u043d\u043e \u043e\u0434":"admin","\u041f\u0440\u043e\u0446\u0435\u045a\u0435\u043d\u043e \u0432\u0440\u0435\u043c\u0435 \u0447\u0438\u0442\u0430\u045a\u0430":"5 \u043c\u0438\u043d\u0443\u0442\u0430"},"schema":{"@context":"https:\/\/schema.org","@graph":[{"@type":"WebPage","@id":"https:\/\/president-ksgov.net\/sr\/govor-predsednika-thaci-ja-na-spomen-akademiji-za-komandanta-ilaz-a-kodra\/","url":"https:\/\/president-ksgov.net\/sr\/govor-predsednika-thaci-ja-na-spomen-akademiji-za-komandanta-ilaz-a-kodra\/","name":"Govor predsednika Tha\u00e7i-ja na spomen akademiji za komandanta Ilaz-a Kodra - Predsednik Republike Kosovo - DR. VJOSA OSMANI - SADRIU","isPartOf":{"@id":"https:\/\/president-ksgov.net\/#website"},"primaryImageOfPage":{"@id":"https:\/\/president-ksgov.net\/sr\/govor-predsednika-thaci-ja-na-spomen-akademiji-za-komandanta-ilaz-a-kodra\/#primaryimage"},"image":{"@id":"https:\/\/president-ksgov.net\/sr\/govor-predsednika-thaci-ja-na-spomen-akademiji-za-komandanta-ilaz-a-kodra\/#primaryimage"},"thumbnailUrl":"https:\/\/president-ksgov.net\/wp-content\/uploads\/02_05_2016_4069720_2.jpg","datePublished":"2016-04-29T16:03:00+00:00","dateModified":"2023-03-08T09:01:41+00:00","author":{"@id":"https:\/\/president-ksgov.net\/#\/schema\/person\/bb4337a5fb147cb2046d80548172cbee"},"description":"Govor predsednika Tha\u00e7i-ja na spomen akademiji za komandanta Ilaz-a Kodra - Predsednik Republike Kosovo - DR. VJOSA OSMANI - SADRIU -","breadcrumb":{"@id":"https:\/\/president-ksgov.net\/sr\/govor-predsednika-thaci-ja-na-spomen-akademiji-za-komandanta-ilaz-a-kodra\/#breadcrumb"},"inLanguage":"sr-RS","potentialAction":[{"@type":"ReadAction","target":["https:\/\/president-ksgov.net\/sr\/govor-predsednika-thaci-ja-na-spomen-akademiji-za-komandanta-ilaz-a-kodra\/"]}]},{"@type":"ImageObject","inLanguage":"sr-RS","@id":"https:\/\/president-ksgov.net\/sr\/govor-predsednika-thaci-ja-na-spomen-akademiji-za-komandanta-ilaz-a-kodra\/#primaryimage","url":"https:\/\/president-ksgov.net\/wp-content\/uploads\/02_05_2016_4069720_2.jpg","contentUrl":"https:\/\/president-ksgov.net\/wp-content\/uploads\/02_05_2016_4069720_2.jpg","width":2403,"height":1600},{"@type":"BreadcrumbList","@id":"https:\/\/president-ksgov.net\/sr\/govor-predsednika-thaci-ja-na-spomen-akademiji-za-komandanta-ilaz-a-kodra\/#breadcrumb","itemListElement":[{"@type":"ListItem","position":1,"name":"Home","item":"https:\/\/president-ksgov.net\/sr\/"},{"@type":"ListItem","position":2,"name":"Govor predsednika Tha\u00e7i-ja na spomen akademiji za komandanta Ilaz-a Kodra"}]},{"@type":"WebSite","@id":"https:\/\/president-ksgov.net\/#website","url":"https:\/\/president-ksgov.net\/","name":"Presidente e Republik\u00ebs s\u00eb Kosov\u00ebs","description":"Presidente e Republik\u00ebs s\u00eb Kosov\u00ebs","alternateName":"DR. VJOSA OSMANI - SADRIU","potentialAction":[{"@type":"SearchAction","target":{"@type":"EntryPoint","urlTemplate":"https:\/\/president-ksgov.net\/?s={search_term_string}"},"query-input":{"@type":"PropertyValueSpecification","valueRequired":true,"valueName":"search_term_string"}}],"inLanguage":"sr-RS"},{"@type":"Person","@id":"https:\/\/president-ksgov.net\/#\/schema\/person\/bb4337a5fb147cb2046d80548172cbee","name":"admin","image":{"@type":"ImageObject","inLanguage":"sr-RS","@id":"https:\/\/president-ksgov.net\/#\/schema\/person\/image\/","url":"https:\/\/secure.gravatar.com\/avatar\/36156ca0fa3b8d9d25174f146e16beea0cf28f37adf1b9e19b6c9c279a7c9dd3?s=96&d=mm&r=g","contentUrl":"https:\/\/secure.gravatar.com\/avatar\/36156ca0fa3b8d9d25174f146e16beea0cf28f37adf1b9e19b6c9c279a7c9dd3?s=96&d=mm&r=g","caption":"admin"},"sameAs":["https:\/\/president-ksgov.net"]}]}},"_links":{"self":[{"href":"https:\/\/president-ksgov.net\/sr\/wp-json\/wp\/v2\/posts\/76830","targetHints":{"allow":["GET"]}}],"collection":[{"href":"https:\/\/president-ksgov.net\/sr\/wp-json\/wp\/v2\/posts"}],"about":[{"href":"https:\/\/president-ksgov.net\/sr\/wp-json\/wp\/v2\/types\/post"}],"author":[{"embeddable":true,"href":"https:\/\/president-ksgov.net\/sr\/wp-json\/wp\/v2\/users\/1"}],"replies":[{"embeddable":true,"href":"https:\/\/president-ksgov.net\/sr\/wp-json\/wp\/v2\/comments?post=76830"}],"version-history":[{"count":1,"href":"https:\/\/president-ksgov.net\/sr\/wp-json\/wp\/v2\/posts\/76830\/revisions"}],"predecessor-version":[{"id":81563,"href":"https:\/\/president-ksgov.net\/sr\/wp-json\/wp\/v2\/posts\/76830\/revisions\/81563"}],"wp:featuredmedia":[{"embeddable":true,"href":"https:\/\/president-ksgov.net\/sr\/wp-json\/wp\/v2\/media\/34345"}],"wp:attachment":[{"href":"https:\/\/president-ksgov.net\/sr\/wp-json\/wp\/v2\/media?parent=76830"}],"wp:term":[{"taxonomy":"category","embeddable":true,"href":"https:\/\/president-ksgov.net\/sr\/wp-json\/wp\/v2\/categories?post=76830"},{"taxonomy":"post_tag","embeddable":true,"href":"https:\/\/president-ksgov.net\/sr\/wp-json\/wp\/v2\/tags?post=76830"}],"curies":[{"name":"wp","href":"https:\/\/api.w.org\/{rel}","templated":true}]}}