{"id":76824,"date":"2016-05-04T13:32:11","date_gmt":"2016-05-04T13:32:11","guid":{"rendered":"https:\/\/dev.president-ksgov.net\/predsednik-thaci-predstavio-prioritete-pred-ambasadorima-eu\/"},"modified":"2016-05-04T13:32:11","modified_gmt":"2016-05-04T13:32:11","slug":"predsednik-thaci-predstavio-prioritete-pred-ambasadorima-eu","status":"publish","type":"post","link":"https:\/\/president-ksgov.net\/sr\/predsednik-thaci-predstavio-prioritete-pred-ambasadorima-eu\/","title":{"rendered":"Predsednik Tha\u00e7i predstavio prioritete pred ambasadorima EU"},"content":{"rendered":"<p>Predsednik Republike Kosova, Hashim Tha\u00e7i, do\u010dekao je danas na sastanku ambasadore dr&#382;ava \u010dlanica Evropske unije, samo nekoliko sati pre dono&#353;enja odluke Evropske komisije o liberalizaciji viza.<\/p>\n<p>Pred ambasadorima, predsednik Tha\u00e7i je predstavio i njegove prioritete za petogodi&#353;nji mandat. &#8222;Vladavina prava, privredni razvoj, regionalna saradnja, u\u010dlanjenje u NATO i EU su polja na kojima \u0107emo se najvi&#353;e anga&#382;ovati&#8220;, rekao je Tha\u00e7i pred diplomatskim korom, dodaju\u0107i da su njegovi prioriteti samo odraz samih te&#382;nji kosovskih gra\u0111ana, da &#382;ive dostojanstveno i u prosperitetu.<br \/>\n\u00a0<br \/>\nOn je rekao da su ju\u010dera&#353;nje u\u010dlanjenje u UEFA-u, ambicija za osvajanjem medalja na Olimpijskim igrama, ali i preporuka za liberalizaciju viza, samo neke od dobrih vesti koje do&#382;ivljavamo ili koje s nestrpljenjem o\u010dekujemo.<br \/>\n\u00a0<br \/>\nNakon toga, predsednik Tha\u00e7i se zahvalio svim dr&#382;avama na podr&#353;ci koju su konstantno pru&#382;ali ja\u010danju dr&#382;ave Kosova.<br \/>\n\u00a0<br \/>\n&#8220;Kao predsednik, ohrabriva\u0107u izmene postoje\u0107ih zakona ili sastavljanje novih zakona, kako bi se ispunila svaka rupa na koju se mo&#382;e nai\u0107i. Sastavljanje priru\u010dnika o sudskim odlukama, ja\u010danje transparentnosti i odgovornosti sudstva, samo su neki od koraka koji su potrebni Kosovu. Ohrabruju\u0107e\u00a0 su vesti iz privrede i potvrde o pozitivnim trendovima&#8220;, rekao je on.<br \/>\n\u00a0<br \/>\nPredsednik je dodao da je po\u010detak sprovo\u0111enja SSP-a jedna od najboljih vesti za doma\u0107e firme, jer je evropsko tr&#382;i&#353;te sada otvoreno za kosovske proizvo\u0111a\u010de.<br \/>\n\u00a0<br \/>\nOn je govorio i o dijalogu sa Srbijom, kao jedinom putu za dugotrajan mir i stabilnost na Kosovu.<br \/>\n\u00a0<br \/>\nPredsednik Tha\u00e7i je rekao da \u0107e nastaviti da podr&#382;ava ovaj proces i da je spreman da doprinese uvek kada to bude bilo potrebno.<br \/>\n\u00a0<br \/>\n&#8222;Verujem da su sazreli uslovi da ceo proces dijaloga izme\u0111u Kosova i Srbije\u00a0 pre\u0111e na drugi nivo&#8220;; dodao je on.<br \/>\n\u00a0<br \/>\nGovore\u0107i o borbi protiv terorizma, predsednik Tha\u00e7i je rekao da smo s pravom okarakterisani kao lideri u regionu u borbi protiv radikalizma i ekstremizma.<br \/>\n\u00a0<br \/>\nS druge strane, ambasadori dr&#382;ava \u010dlanica Evropske unije su \u010destitali predsedniku Tha\u00e7i-ju na u\u010dlanjenju Kosova u UEFA-u.<br \/>\n\u00a0<br \/>\nOni su pru&#382;ali podr&#353;ku njegovim prioritetima vladavini zakona i podr&#353;ku u\u010dlanjenju Kosova u EU i NATO.<br \/>\n\u00a0<br \/>\nAmbasadori su tako\u0111e pozvali da se iskoristi trenutak dobrih vesti za Kosovo, kako bi proces privrednog razvoja Kosova postao dinami\u010dniji.<\/p>\n","protected":false},"excerpt":{"rendered":"<p>Predsednik Republike Kosova, Hashim Tha\u00e7i, do\u010dekao je danas na sastanku ambasadore dr&#382;ava \u010dlanica Evropske unije, samo nekoliko sati pre dono&#353;enja odluke Evropske komisije o liberalizaciji viza.<\/p>\n","protected":false},"author":1,"featured_media":34324,"comment_status":"open","ping_status":"closed","sticky":false,"template":"","format":"standard","meta":{"_eb_attr":"","footnotes":""},"categories":[101],"tags":[],"class_list":["post-76824","post","type-post","status-publish","format-standard","has-post-thumbnail","hentry","category-vesti"],"yoast_head":"<!-- This site is optimized with the Yoast SEO plugin v23.5 - https:\/\/yoast.com\/wordpress\/plugins\/seo\/ -->\n<title>Predsednik Tha\u00e7i predstavio prioritete pred ambasadorima EU - Predsednik Republike Kosovo - DR. VJOSA OSMANI - SADRIU<\/title>\n<meta name=\"description\" content=\"Predsednik Tha\u00e7i predstavio prioritete pred ambasadorima EU - Predsednik Republike Kosovo - DR. VJOSA OSMANI - SADRIU -\" \/>\n<meta name=\"robots\" content=\"index, follow, max-snippet:-1, max-image-preview:large, max-video-preview:-1\" \/>\n<link rel=\"canonical\" href=\"https:\/\/president-ksgov.net\/sr\/predsednik-thaci-predstavio-prioritete-pred-ambasadorima-eu\/\" \/>\n<meta property=\"og:locale\" content=\"sr_RS\" \/>\n<meta property=\"og:type\" content=\"article\" \/>\n<meta property=\"og:title\" content=\"Predsednik Tha\u00e7i predstavio prioritete pred ambasadorima EU - Predsednik Republike Kosovo - DR. VJOSA OSMANI - SADRIU\" \/>\n<meta property=\"og:description\" content=\"Predsednik Tha\u00e7i predstavio prioritete pred ambasadorima EU - Predsednik Republike Kosovo - DR. VJOSA OSMANI - SADRIU -\" \/>\n<meta property=\"og:url\" content=\"https:\/\/president-ksgov.net\/sr\/predsednik-thaci-predstavio-prioritete-pred-ambasadorima-eu\/\" \/>\n<meta property=\"og:site_name\" content=\"Predsednik Republike Kosovo - DR. VJOSA OSMANI - SADRIU\" \/>\n<meta property=\"article:published_time\" content=\"2016-05-04T13:32:11+00:00\" \/>\n<meta property=\"og:image\" content=\"https:\/\/president-ksgov.net\/wp-content\/uploads\/04_05_2016_2285615_eu_09__1_.jpg\" \/>\n\t<meta property=\"og:image:width\" content=\"1000\" \/>\n\t<meta property=\"og:image:height\" content=\"666\" \/>\n\t<meta property=\"og:image:type\" content=\"image\/jpeg\" \/>\n<meta name=\"author\" content=\"admin\" \/>\n<meta name=\"twitter:card\" content=\"summary_large_image\" \/>\n<meta name=\"twitter:label1\" content=\"\u041d\u0430\u043f\u0438\u0441\u0430\u043d\u043e \u043e\u0434\" \/>\n\t<meta name=\"twitter:data1\" content=\"admin\" \/>\n\t<meta name=\"twitter:label2\" content=\"\u041f\u0440\u043e\u0446\u0435\u045a\u0435\u043d\u043e \u0432\u0440\u0435\u043c\u0435 \u0447\u0438\u0442\u0430\u045a\u0430\" \/>\n\t<meta name=\"twitter:data2\" content=\"2 \u043c\u0438\u043d\u0443\u0442\u0430\" \/>\n<script type=\"application\/ld+json\" class=\"yoast-schema-graph\">{\"@context\":\"https:\/\/schema.org\",\"@graph\":[{\"@type\":\"WebPage\",\"@id\":\"https:\/\/president-ksgov.net\/sr\/predsednik-thaci-predstavio-prioritete-pred-ambasadorima-eu\/\",\"url\":\"https:\/\/president-ksgov.net\/sr\/predsednik-thaci-predstavio-prioritete-pred-ambasadorima-eu\/\",\"name\":\"Predsednik Tha\u00e7i predstavio prioritete pred ambasadorima EU - Predsednik Republike Kosovo - DR. VJOSA OSMANI - SADRIU\",\"isPartOf\":{\"@id\":\"https:\/\/president-ksgov.net\/#website\"},\"primaryImageOfPage\":{\"@id\":\"https:\/\/president-ksgov.net\/sr\/predsednik-thaci-predstavio-prioritete-pred-ambasadorima-eu\/#primaryimage\"},\"image\":{\"@id\":\"https:\/\/president-ksgov.net\/sr\/predsednik-thaci-predstavio-prioritete-pred-ambasadorima-eu\/#primaryimage\"},\"thumbnailUrl\":\"https:\/\/president-ksgov.net\/wp-content\/uploads\/04_05_2016_2285615_eu_09__1_.jpg\",\"datePublished\":\"2016-05-04T13:32:11+00:00\",\"dateModified\":\"2016-05-04T13:32:11+00:00\",\"author\":{\"@id\":\"https:\/\/president-ksgov.net\/#\/schema\/person\/bb4337a5fb147cb2046d80548172cbee\"},\"description\":\"Predsednik Tha\u00e7i predstavio prioritete pred ambasadorima EU - Predsednik Republike Kosovo - DR. VJOSA OSMANI - SADRIU -\",\"breadcrumb\":{\"@id\":\"https:\/\/president-ksgov.net\/sr\/predsednik-thaci-predstavio-prioritete-pred-ambasadorima-eu\/#breadcrumb\"},\"inLanguage\":\"sr-RS\",\"potentialAction\":[{\"@type\":\"ReadAction\",\"target\":[\"https:\/\/president-ksgov.net\/sr\/predsednik-thaci-predstavio-prioritete-pred-ambasadorima-eu\/\"]}]},{\"@type\":\"ImageObject\",\"inLanguage\":\"sr-RS\",\"@id\":\"https:\/\/president-ksgov.net\/sr\/predsednik-thaci-predstavio-prioritete-pred-ambasadorima-eu\/#primaryimage\",\"url\":\"https:\/\/president-ksgov.net\/wp-content\/uploads\/04_05_2016_2285615_eu_09__1_.jpg\",\"contentUrl\":\"https:\/\/president-ksgov.net\/wp-content\/uploads\/04_05_2016_2285615_eu_09__1_.jpg\",\"width\":1000,\"height\":666},{\"@type\":\"BreadcrumbList\",\"@id\":\"https:\/\/president-ksgov.net\/sr\/predsednik-thaci-predstavio-prioritete-pred-ambasadorima-eu\/#breadcrumb\",\"itemListElement\":[{\"@type\":\"ListItem\",\"position\":1,\"name\":\"Home\",\"item\":\"https:\/\/president-ksgov.net\/sr\/\"},{\"@type\":\"ListItem\",\"position\":2,\"name\":\"Predsednik Tha\u00e7i predstavio prioritete pred ambasadorima EU\"}]},{\"@type\":\"WebSite\",\"@id\":\"https:\/\/president-ksgov.net\/#website\",\"url\":\"https:\/\/president-ksgov.net\/\",\"name\":\"Presidente e Republik\u00ebs s\u00eb Kosov\u00ebs\",\"description\":\"Presidente e Republik\u00ebs s\u00eb Kosov\u00ebs\",\"alternateName\":\"DR. VJOSA OSMANI - SADRIU\",\"potentialAction\":[{\"@type\":\"SearchAction\",\"target\":{\"@type\":\"EntryPoint\",\"urlTemplate\":\"https:\/\/president-ksgov.net\/?s={search_term_string}\"},\"query-input\":{\"@type\":\"PropertyValueSpecification\",\"valueRequired\":true,\"valueName\":\"search_term_string\"}}],\"inLanguage\":\"sr-RS\"},{\"@type\":\"Person\",\"@id\":\"https:\/\/president-ksgov.net\/#\/schema\/person\/bb4337a5fb147cb2046d80548172cbee\",\"name\":\"admin\",\"image\":{\"@type\":\"ImageObject\",\"inLanguage\":\"sr-RS\",\"@id\":\"https:\/\/president-ksgov.net\/#\/schema\/person\/image\/\",\"url\":\"https:\/\/secure.gravatar.com\/avatar\/36156ca0fa3b8d9d25174f146e16beea0cf28f37adf1b9e19b6c9c279a7c9dd3?s=96&d=mm&r=g\",\"contentUrl\":\"https:\/\/secure.gravatar.com\/avatar\/36156ca0fa3b8d9d25174f146e16beea0cf28f37adf1b9e19b6c9c279a7c9dd3?s=96&d=mm&r=g\",\"caption\":\"admin\"},\"sameAs\":[\"https:\/\/president-ksgov.net\"]}]}<\/script>\n<!-- \/ Yoast SEO plugin. -->","yoast_head_json":{"title":"Predsednik Tha\u00e7i predstavio prioritete pred ambasadorima EU - Predsednik Republike Kosovo - DR. VJOSA OSMANI - SADRIU","description":"Predsednik Tha\u00e7i predstavio prioritete pred ambasadorima EU - Predsednik Republike Kosovo - DR. VJOSA OSMANI - SADRIU -","robots":{"index":"index","follow":"follow","max-snippet":"max-snippet:-1","max-image-preview":"max-image-preview:large","max-video-preview":"max-video-preview:-1"},"canonical":"https:\/\/president-ksgov.net\/sr\/predsednik-thaci-predstavio-prioritete-pred-ambasadorima-eu\/","og_locale":"sr_RS","og_type":"article","og_title":"Predsednik Tha\u00e7i predstavio prioritete pred ambasadorima EU - Predsednik Republike Kosovo - DR. VJOSA OSMANI - SADRIU","og_description":"Predsednik Tha\u00e7i predstavio prioritete pred ambasadorima EU - Predsednik Republike Kosovo - DR. VJOSA OSMANI - SADRIU -","og_url":"https:\/\/president-ksgov.net\/sr\/predsednik-thaci-predstavio-prioritete-pred-ambasadorima-eu\/","og_site_name":"Predsednik Republike Kosovo - DR. VJOSA OSMANI - SADRIU","article_published_time":"2016-05-04T13:32:11+00:00","og_image":[{"width":1000,"height":666,"url":"https:\/\/president-ksgov.net\/wp-content\/uploads\/04_05_2016_2285615_eu_09__1_.jpg","type":"image\/jpeg"}],"author":"admin","twitter_card":"summary_large_image","twitter_misc":{"\u041d\u0430\u043f\u0438\u0441\u0430\u043d\u043e \u043e\u0434":"admin","\u041f\u0440\u043e\u0446\u0435\u045a\u0435\u043d\u043e \u0432\u0440\u0435\u043c\u0435 \u0447\u0438\u0442\u0430\u045a\u0430":"2 \u043c\u0438\u043d\u0443\u0442\u0430"},"schema":{"@context":"https:\/\/schema.org","@graph":[{"@type":"WebPage","@id":"https:\/\/president-ksgov.net\/sr\/predsednik-thaci-predstavio-prioritete-pred-ambasadorima-eu\/","url":"https:\/\/president-ksgov.net\/sr\/predsednik-thaci-predstavio-prioritete-pred-ambasadorima-eu\/","name":"Predsednik Tha\u00e7i predstavio prioritete pred ambasadorima EU - Predsednik Republike Kosovo - DR. VJOSA OSMANI - SADRIU","isPartOf":{"@id":"https:\/\/president-ksgov.net\/#website"},"primaryImageOfPage":{"@id":"https:\/\/president-ksgov.net\/sr\/predsednik-thaci-predstavio-prioritete-pred-ambasadorima-eu\/#primaryimage"},"image":{"@id":"https:\/\/president-ksgov.net\/sr\/predsednik-thaci-predstavio-prioritete-pred-ambasadorima-eu\/#primaryimage"},"thumbnailUrl":"https:\/\/president-ksgov.net\/wp-content\/uploads\/04_05_2016_2285615_eu_09__1_.jpg","datePublished":"2016-05-04T13:32:11+00:00","dateModified":"2016-05-04T13:32:11+00:00","author":{"@id":"https:\/\/president-ksgov.net\/#\/schema\/person\/bb4337a5fb147cb2046d80548172cbee"},"description":"Predsednik Tha\u00e7i predstavio prioritete pred ambasadorima EU - Predsednik Republike Kosovo - DR. VJOSA OSMANI - SADRIU -","breadcrumb":{"@id":"https:\/\/president-ksgov.net\/sr\/predsednik-thaci-predstavio-prioritete-pred-ambasadorima-eu\/#breadcrumb"},"inLanguage":"sr-RS","potentialAction":[{"@type":"ReadAction","target":["https:\/\/president-ksgov.net\/sr\/predsednik-thaci-predstavio-prioritete-pred-ambasadorima-eu\/"]}]},{"@type":"ImageObject","inLanguage":"sr-RS","@id":"https:\/\/president-ksgov.net\/sr\/predsednik-thaci-predstavio-prioritete-pred-ambasadorima-eu\/#primaryimage","url":"https:\/\/president-ksgov.net\/wp-content\/uploads\/04_05_2016_2285615_eu_09__1_.jpg","contentUrl":"https:\/\/president-ksgov.net\/wp-content\/uploads\/04_05_2016_2285615_eu_09__1_.jpg","width":1000,"height":666},{"@type":"BreadcrumbList","@id":"https:\/\/president-ksgov.net\/sr\/predsednik-thaci-predstavio-prioritete-pred-ambasadorima-eu\/#breadcrumb","itemListElement":[{"@type":"ListItem","position":1,"name":"Home","item":"https:\/\/president-ksgov.net\/sr\/"},{"@type":"ListItem","position":2,"name":"Predsednik Tha\u00e7i predstavio prioritete pred ambasadorima EU"}]},{"@type":"WebSite","@id":"https:\/\/president-ksgov.net\/#website","url":"https:\/\/president-ksgov.net\/","name":"Presidente e Republik\u00ebs s\u00eb Kosov\u00ebs","description":"Presidente e Republik\u00ebs s\u00eb Kosov\u00ebs","alternateName":"DR. VJOSA OSMANI - SADRIU","potentialAction":[{"@type":"SearchAction","target":{"@type":"EntryPoint","urlTemplate":"https:\/\/president-ksgov.net\/?s={search_term_string}"},"query-input":{"@type":"PropertyValueSpecification","valueRequired":true,"valueName":"search_term_string"}}],"inLanguage":"sr-RS"},{"@type":"Person","@id":"https:\/\/president-ksgov.net\/#\/schema\/person\/bb4337a5fb147cb2046d80548172cbee","name":"admin","image":{"@type":"ImageObject","inLanguage":"sr-RS","@id":"https:\/\/president-ksgov.net\/#\/schema\/person\/image\/","url":"https:\/\/secure.gravatar.com\/avatar\/36156ca0fa3b8d9d25174f146e16beea0cf28f37adf1b9e19b6c9c279a7c9dd3?s=96&d=mm&r=g","contentUrl":"https:\/\/secure.gravatar.com\/avatar\/36156ca0fa3b8d9d25174f146e16beea0cf28f37adf1b9e19b6c9c279a7c9dd3?s=96&d=mm&r=g","caption":"admin"},"sameAs":["https:\/\/president-ksgov.net"]}]}},"_links":{"self":[{"href":"https:\/\/president-ksgov.net\/sr\/wp-json\/wp\/v2\/posts\/76824","targetHints":{"allow":["GET"]}}],"collection":[{"href":"https:\/\/president-ksgov.net\/sr\/wp-json\/wp\/v2\/posts"}],"about":[{"href":"https:\/\/president-ksgov.net\/sr\/wp-json\/wp\/v2\/types\/post"}],"author":[{"embeddable":true,"href":"https:\/\/president-ksgov.net\/sr\/wp-json\/wp\/v2\/users\/1"}],"replies":[{"embeddable":true,"href":"https:\/\/president-ksgov.net\/sr\/wp-json\/wp\/v2\/comments?post=76824"}],"version-history":[{"count":0,"href":"https:\/\/president-ksgov.net\/sr\/wp-json\/wp\/v2\/posts\/76824\/revisions"}],"wp:featuredmedia":[{"embeddable":true,"href":"https:\/\/president-ksgov.net\/sr\/wp-json\/wp\/v2\/media\/34324"}],"wp:attachment":[{"href":"https:\/\/president-ksgov.net\/sr\/wp-json\/wp\/v2\/media?parent=76824"}],"wp:term":[{"taxonomy":"category","embeddable":true,"href":"https:\/\/president-ksgov.net\/sr\/wp-json\/wp\/v2\/categories?post=76824"},{"taxonomy":"post_tag","embeddable":true,"href":"https:\/\/president-ksgov.net\/sr\/wp-json\/wp\/v2\/tags?post=76824"}],"curies":[{"name":"wp","href":"https:\/\/api.w.org\/{rel}","templated":true}]}}