{"id":76815,"date":"2016-05-05T18:18:33","date_gmt":"2016-05-05T18:18:33","guid":{"rendered":"https:\/\/dev.president-ksgov.net\/predsednik-thaci-vreme-je-da-slavimo-ali-i-da-mislimo-na-nae-odgovornosti\/"},"modified":"2016-05-05T18:18:33","modified_gmt":"2016-05-05T18:18:33","slug":"predsednik-thaci-vreme-je-da-slavimo-ali-i-da-mislimo-na-nae-odgovornosti","status":"publish","type":"post","link":"https:\/\/president-ksgov.net\/sr\/predsednik-thaci-vreme-je-da-slavimo-ali-i-da-mislimo-na-nae-odgovornosti\/","title":{"rendered":"Predsednik Tha\u00e7i: Vreme je da slavimo, ali i da mislimo na na&#154;e odgovornosti"},"content":{"rendered":"<p>Predsednik Republike Kosova, Hashim Tha\u00e7i, danas je do\u010dekao visoku predstavnicu Evropske unije za spoljnu politiku i bezbednost, Federica-u Mogherini.<\/p>\n<p>Nakon &#353;to se zahvalio predstavnici EU na ovoj poseti koja je usledila odmah nakon preporuke za liberalizaciju viza, predsednik Tha\u00e7i je rekao da smo danas ujedinjeni kako bismo poslali jasne poruke sada evropskih odgovornosti Kosova.<br \/>\n\u00a0<br \/>\n&#8222;Ovo je jedan novi trenutak za Kosovo u vreme kada smo prevazi&#353;li neprijatne politi\u010dke situacije. Sada imamo stabilnost, normalno funkcionisanje institucija i naravno da \u0107emo, nakon popisivanja SSP-a, preduzeti odgovornosti i &#353;to se ti\u010de liberalizacije viza. Zadovoljstvo je za nas &#353;to smo na kraju postali i zvani\u010dno deo evropske politi\u010dke geografije&#8220;, rekao je predsednik Tha\u00e7i.<br \/>\n\u00a0<br \/>\nOn je naglasio da je napredak Kosova izuzetno velik i bitni kriterijumi su ispunjeni i za preporuku za liberalizaciju viza od strane Evropske komisije, to su bili napori i uspe&#353;an rad u borbi protiv korupcije, protiv organizovanog kriminala, od strane dr&#382;avnih institucija\u00a0 zajedno sa EULEX-om.<br \/>\n\u00a0<br \/>\n&#8222;Sada mo&#382;emo da slavimo, ali treba da mislimo i na na&#353;e odgovornosti. Mi smo svesni da treba jo&#353; vi&#353;e da radimo i radi\u0107emo&#8220;, dodao je predsednik Tha\u00e7i.<br \/>\n\u00a0<br \/>\nPredstavnica Evropske unije za spoljnu politiku i bezbednost, Federica Mogherini, rekla je da je ovo zaista jedna radosna nedelja, ali sada nije vreme samo za slavlje, ve\u0107 i vreme da se ide dalje.<br \/>\n\u00a0<br \/>\n&#8222;Za mene je bilo od velike va&#382;nosti da odr&#382;imo ovaj sastanak sa predsednikom, jer je ovo trenutak kada Kosovo treba da se pridru&#382;i evropskoj agendi. Kada zemlja postigne da se ujedini u njenim institucionalnim odgovornostima, onda se posti&#382;u rezultati za njene gra\u0111ane&#8220;, rekla je Mogherini, dodaju\u0107i da veruje &#8222;da \u0107emo tokom njenog mandata videti bitne pozitivne korake dr&#382;ava Zapadnog Balkana prema EU, a me\u0111u njima je i Kosovo&#8220;.<br \/>\n\u00a0<br \/>\nPredstavnica Evropske unije za spoljnu politiku i bezbednost, Federica Mogherini, je naglasila da je za EU veoma bitno i sprovo\u0111enje svih sporazuma sa Srbijom.<br \/>\n\u00a0<br \/>\nO normalizaciji odnosa sa Srbijom, predsednik Tha\u00e7i je rekao da nas o\u010dekuje jo&#353; puno posla, ali je preduslov svakako sprovo\u0111enje svih dogovora postignutih do sada i odgovornosti koje proizilaze iz odluke Ustavnog suda, koji obavezuje kosovske institucije da osnuju Zajednicu op&#353;tina sa srpskom ve\u0107inom.<\/p>\n","protected":false},"excerpt":{"rendered":"<p>Predsednik Republike Kosova, Hashim Tha\u00e7i, danas je do\u010dekao visoku predstavnicu Evropske unije za spoljnu politiku i bezbednost, Federica-u Mogherini.<\/p>\n","protected":false},"author":1,"featured_media":34268,"comment_status":"open","ping_status":"closed","sticky":false,"template":"","format":"standard","meta":{"_eb_attr":"","footnotes":""},"categories":[101],"tags":[],"class_list":["post-76815","post","type-post","status-publish","format-standard","has-post-thumbnail","hentry","category-vesti"],"yoast_head":"<!-- This site is optimized with the Yoast SEO plugin v23.5 - https:\/\/yoast.com\/wordpress\/plugins\/seo\/ -->\n<title>Predsednik Tha\u00e7i: Vreme je da slavimo, ali i da mislimo na na&#154;e odgovornosti - Predsednik Republike Kosovo - DR. VJOSA OSMANI - SADRIU<\/title>\n<meta name=\"description\" content=\"Predsednik Tha\u00e7i: Vreme je da slavimo, ali i da mislimo na na&#154;e odgovornosti - Predsednik Republike Kosovo - DR. VJOSA OSMANI - SADRIU -\" \/>\n<meta name=\"robots\" content=\"index, follow, max-snippet:-1, max-image-preview:large, max-video-preview:-1\" \/>\n<link rel=\"canonical\" href=\"https:\/\/president-ksgov.net\/sr\/predsednik-thaci-vreme-je-da-slavimo-ali-i-da-mislimo-na-nae-odgovornosti\/\" \/>\n<meta property=\"og:locale\" content=\"sr_RS\" \/>\n<meta property=\"og:type\" content=\"article\" \/>\n<meta property=\"og:title\" content=\"Predsednik Tha\u00e7i: Vreme je da slavimo, ali i da mislimo na na&#154;e odgovornosti - Predsednik Republike Kosovo - DR. VJOSA OSMANI - SADRIU\" \/>\n<meta property=\"og:description\" content=\"Predsednik Tha\u00e7i: Vreme je da slavimo, ali i da mislimo na na&#154;e odgovornosti - Predsednik Republike Kosovo - DR. VJOSA OSMANI - SADRIU -\" \/>\n<meta property=\"og:url\" content=\"https:\/\/president-ksgov.net\/sr\/predsednik-thaci-vreme-je-da-slavimo-ali-i-da-mislimo-na-nae-odgovornosti\/\" \/>\n<meta property=\"og:site_name\" content=\"Predsednik Republike Kosovo - DR. VJOSA OSMANI - SADRIU\" \/>\n<meta property=\"article:published_time\" content=\"2016-05-05T18:18:33+00:00\" \/>\n<meta property=\"og:image\" content=\"https:\/\/president-ksgov.net\/wp-content\/uploads\/05_05_2016_913613_mogerini_01.jpg\" \/>\n\t<meta property=\"og:image:width\" content=\"2400\" \/>\n\t<meta property=\"og:image:height\" content=\"1600\" \/>\n\t<meta property=\"og:image:type\" content=\"image\/jpeg\" \/>\n<meta name=\"author\" content=\"admin\" \/>\n<meta name=\"twitter:card\" content=\"summary_large_image\" \/>\n<meta name=\"twitter:label1\" content=\"\u041d\u0430\u043f\u0438\u0441\u0430\u043d\u043e \u043e\u0434\" \/>\n\t<meta name=\"twitter:data1\" content=\"admin\" \/>\n\t<meta name=\"twitter:label2\" content=\"\u041f\u0440\u043e\u0446\u0435\u045a\u0435\u043d\u043e \u0432\u0440\u0435\u043c\u0435 \u0447\u0438\u0442\u0430\u045a\u0430\" \/>\n\t<meta name=\"twitter:data2\" content=\"2 \u043c\u0438\u043d\u0443\u0442\u0430\" \/>\n<script type=\"application\/ld+json\" class=\"yoast-schema-graph\">{\"@context\":\"https:\/\/schema.org\",\"@graph\":[{\"@type\":\"WebPage\",\"@id\":\"https:\/\/president-ksgov.net\/sr\/predsednik-thaci-vreme-je-da-slavimo-ali-i-da-mislimo-na-nae-odgovornosti\/\",\"url\":\"https:\/\/president-ksgov.net\/sr\/predsednik-thaci-vreme-je-da-slavimo-ali-i-da-mislimo-na-nae-odgovornosti\/\",\"name\":\"Predsednik Tha\u00e7i: Vreme je da slavimo, ali i da mislimo na na&#154;e odgovornosti - Predsednik Republike Kosovo - DR. VJOSA OSMANI - SADRIU\",\"isPartOf\":{\"@id\":\"https:\/\/president-ksgov.net\/#website\"},\"primaryImageOfPage\":{\"@id\":\"https:\/\/president-ksgov.net\/sr\/predsednik-thaci-vreme-je-da-slavimo-ali-i-da-mislimo-na-nae-odgovornosti\/#primaryimage\"},\"image\":{\"@id\":\"https:\/\/president-ksgov.net\/sr\/predsednik-thaci-vreme-je-da-slavimo-ali-i-da-mislimo-na-nae-odgovornosti\/#primaryimage\"},\"thumbnailUrl\":\"https:\/\/president-ksgov.net\/wp-content\/uploads\/05_05_2016_913613_mogerini_01.jpg\",\"datePublished\":\"2016-05-05T18:18:33+00:00\",\"dateModified\":\"2016-05-05T18:18:33+00:00\",\"author\":{\"@id\":\"https:\/\/president-ksgov.net\/#\/schema\/person\/bb4337a5fb147cb2046d80548172cbee\"},\"description\":\"Predsednik Tha\u00e7i: Vreme je da slavimo, ali i da mislimo na na&#154;e odgovornosti - Predsednik Republike Kosovo - DR. VJOSA OSMANI - SADRIU -\",\"breadcrumb\":{\"@id\":\"https:\/\/president-ksgov.net\/sr\/predsednik-thaci-vreme-je-da-slavimo-ali-i-da-mislimo-na-nae-odgovornosti\/#breadcrumb\"},\"inLanguage\":\"sr-RS\",\"potentialAction\":[{\"@type\":\"ReadAction\",\"target\":[\"https:\/\/president-ksgov.net\/sr\/predsednik-thaci-vreme-je-da-slavimo-ali-i-da-mislimo-na-nae-odgovornosti\/\"]}]},{\"@type\":\"ImageObject\",\"inLanguage\":\"sr-RS\",\"@id\":\"https:\/\/president-ksgov.net\/sr\/predsednik-thaci-vreme-je-da-slavimo-ali-i-da-mislimo-na-nae-odgovornosti\/#primaryimage\",\"url\":\"https:\/\/president-ksgov.net\/wp-content\/uploads\/05_05_2016_913613_mogerini_01.jpg\",\"contentUrl\":\"https:\/\/president-ksgov.net\/wp-content\/uploads\/05_05_2016_913613_mogerini_01.jpg\",\"width\":2400,\"height\":1600},{\"@type\":\"BreadcrumbList\",\"@id\":\"https:\/\/president-ksgov.net\/sr\/predsednik-thaci-vreme-je-da-slavimo-ali-i-da-mislimo-na-nae-odgovornosti\/#breadcrumb\",\"itemListElement\":[{\"@type\":\"ListItem\",\"position\":1,\"name\":\"Home\",\"item\":\"https:\/\/president-ksgov.net\/sr\/\"},{\"@type\":\"ListItem\",\"position\":2,\"name\":\"Predsednik Tha\u00e7i: Vreme je da slavimo, ali i da mislimo na na&#154;e odgovornosti\"}]},{\"@type\":\"WebSite\",\"@id\":\"https:\/\/president-ksgov.net\/#website\",\"url\":\"https:\/\/president-ksgov.net\/\",\"name\":\"Presidente e Republik\u00ebs s\u00eb Kosov\u00ebs\",\"description\":\"Presidente e Republik\u00ebs s\u00eb Kosov\u00ebs\",\"alternateName\":\"DR. VJOSA OSMANI - SADRIU\",\"potentialAction\":[{\"@type\":\"SearchAction\",\"target\":{\"@type\":\"EntryPoint\",\"urlTemplate\":\"https:\/\/president-ksgov.net\/?s={search_term_string}\"},\"query-input\":{\"@type\":\"PropertyValueSpecification\",\"valueRequired\":true,\"valueName\":\"search_term_string\"}}],\"inLanguage\":\"sr-RS\"},{\"@type\":\"Person\",\"@id\":\"https:\/\/president-ksgov.net\/#\/schema\/person\/bb4337a5fb147cb2046d80548172cbee\",\"name\":\"admin\",\"image\":{\"@type\":\"ImageObject\",\"inLanguage\":\"sr-RS\",\"@id\":\"https:\/\/president-ksgov.net\/#\/schema\/person\/image\/\",\"url\":\"https:\/\/secure.gravatar.com\/avatar\/36156ca0fa3b8d9d25174f146e16beea0cf28f37adf1b9e19b6c9c279a7c9dd3?s=96&d=mm&r=g\",\"contentUrl\":\"https:\/\/secure.gravatar.com\/avatar\/36156ca0fa3b8d9d25174f146e16beea0cf28f37adf1b9e19b6c9c279a7c9dd3?s=96&d=mm&r=g\",\"caption\":\"admin\"},\"sameAs\":[\"https:\/\/president-ksgov.net\"]}]}<\/script>\n<!-- \/ Yoast SEO plugin. -->","yoast_head_json":{"title":"Predsednik Tha\u00e7i: Vreme je da slavimo, ali i da mislimo na na&#154;e odgovornosti - Predsednik Republike Kosovo - DR. VJOSA OSMANI - SADRIU","description":"Predsednik Tha\u00e7i: Vreme je da slavimo, ali i da mislimo na na&#154;e odgovornosti - Predsednik Republike Kosovo - DR. VJOSA OSMANI - SADRIU -","robots":{"index":"index","follow":"follow","max-snippet":"max-snippet:-1","max-image-preview":"max-image-preview:large","max-video-preview":"max-video-preview:-1"},"canonical":"https:\/\/president-ksgov.net\/sr\/predsednik-thaci-vreme-je-da-slavimo-ali-i-da-mislimo-na-nae-odgovornosti\/","og_locale":"sr_RS","og_type":"article","og_title":"Predsednik Tha\u00e7i: Vreme je da slavimo, ali i da mislimo na na&#154;e odgovornosti - Predsednik Republike Kosovo - DR. VJOSA OSMANI - SADRIU","og_description":"Predsednik Tha\u00e7i: Vreme je da slavimo, ali i da mislimo na na&#154;e odgovornosti - Predsednik Republike Kosovo - DR. VJOSA OSMANI - SADRIU -","og_url":"https:\/\/president-ksgov.net\/sr\/predsednik-thaci-vreme-je-da-slavimo-ali-i-da-mislimo-na-nae-odgovornosti\/","og_site_name":"Predsednik Republike Kosovo - DR. VJOSA OSMANI - SADRIU","article_published_time":"2016-05-05T18:18:33+00:00","og_image":[{"width":2400,"height":1600,"url":"https:\/\/president-ksgov.net\/wp-content\/uploads\/05_05_2016_913613_mogerini_01.jpg","type":"image\/jpeg"}],"author":"admin","twitter_card":"summary_large_image","twitter_misc":{"\u041d\u0430\u043f\u0438\u0441\u0430\u043d\u043e \u043e\u0434":"admin","\u041f\u0440\u043e\u0446\u0435\u045a\u0435\u043d\u043e \u0432\u0440\u0435\u043c\u0435 \u0447\u0438\u0442\u0430\u045a\u0430":"2 \u043c\u0438\u043d\u0443\u0442\u0430"},"schema":{"@context":"https:\/\/schema.org","@graph":[{"@type":"WebPage","@id":"https:\/\/president-ksgov.net\/sr\/predsednik-thaci-vreme-je-da-slavimo-ali-i-da-mislimo-na-nae-odgovornosti\/","url":"https:\/\/president-ksgov.net\/sr\/predsednik-thaci-vreme-je-da-slavimo-ali-i-da-mislimo-na-nae-odgovornosti\/","name":"Predsednik Tha\u00e7i: Vreme je da slavimo, ali i da mislimo na na&#154;e odgovornosti - Predsednik Republike Kosovo - DR. VJOSA OSMANI - SADRIU","isPartOf":{"@id":"https:\/\/president-ksgov.net\/#website"},"primaryImageOfPage":{"@id":"https:\/\/president-ksgov.net\/sr\/predsednik-thaci-vreme-je-da-slavimo-ali-i-da-mislimo-na-nae-odgovornosti\/#primaryimage"},"image":{"@id":"https:\/\/president-ksgov.net\/sr\/predsednik-thaci-vreme-je-da-slavimo-ali-i-da-mislimo-na-nae-odgovornosti\/#primaryimage"},"thumbnailUrl":"https:\/\/president-ksgov.net\/wp-content\/uploads\/05_05_2016_913613_mogerini_01.jpg","datePublished":"2016-05-05T18:18:33+00:00","dateModified":"2016-05-05T18:18:33+00:00","author":{"@id":"https:\/\/president-ksgov.net\/#\/schema\/person\/bb4337a5fb147cb2046d80548172cbee"},"description":"Predsednik Tha\u00e7i: Vreme je da slavimo, ali i da mislimo na na&#154;e odgovornosti - Predsednik Republike Kosovo - DR. VJOSA OSMANI - SADRIU -","breadcrumb":{"@id":"https:\/\/president-ksgov.net\/sr\/predsednik-thaci-vreme-je-da-slavimo-ali-i-da-mislimo-na-nae-odgovornosti\/#breadcrumb"},"inLanguage":"sr-RS","potentialAction":[{"@type":"ReadAction","target":["https:\/\/president-ksgov.net\/sr\/predsednik-thaci-vreme-je-da-slavimo-ali-i-da-mislimo-na-nae-odgovornosti\/"]}]},{"@type":"ImageObject","inLanguage":"sr-RS","@id":"https:\/\/president-ksgov.net\/sr\/predsednik-thaci-vreme-je-da-slavimo-ali-i-da-mislimo-na-nae-odgovornosti\/#primaryimage","url":"https:\/\/president-ksgov.net\/wp-content\/uploads\/05_05_2016_913613_mogerini_01.jpg","contentUrl":"https:\/\/president-ksgov.net\/wp-content\/uploads\/05_05_2016_913613_mogerini_01.jpg","width":2400,"height":1600},{"@type":"BreadcrumbList","@id":"https:\/\/president-ksgov.net\/sr\/predsednik-thaci-vreme-je-da-slavimo-ali-i-da-mislimo-na-nae-odgovornosti\/#breadcrumb","itemListElement":[{"@type":"ListItem","position":1,"name":"Home","item":"https:\/\/president-ksgov.net\/sr\/"},{"@type":"ListItem","position":2,"name":"Predsednik Tha\u00e7i: Vreme je da slavimo, ali i da mislimo na na&#154;e odgovornosti"}]},{"@type":"WebSite","@id":"https:\/\/president-ksgov.net\/#website","url":"https:\/\/president-ksgov.net\/","name":"Presidente e Republik\u00ebs s\u00eb Kosov\u00ebs","description":"Presidente e Republik\u00ebs s\u00eb Kosov\u00ebs","alternateName":"DR. VJOSA OSMANI - SADRIU","potentialAction":[{"@type":"SearchAction","target":{"@type":"EntryPoint","urlTemplate":"https:\/\/president-ksgov.net\/?s={search_term_string}"},"query-input":{"@type":"PropertyValueSpecification","valueRequired":true,"valueName":"search_term_string"}}],"inLanguage":"sr-RS"},{"@type":"Person","@id":"https:\/\/president-ksgov.net\/#\/schema\/person\/bb4337a5fb147cb2046d80548172cbee","name":"admin","image":{"@type":"ImageObject","inLanguage":"sr-RS","@id":"https:\/\/president-ksgov.net\/#\/schema\/person\/image\/","url":"https:\/\/secure.gravatar.com\/avatar\/36156ca0fa3b8d9d25174f146e16beea0cf28f37adf1b9e19b6c9c279a7c9dd3?s=96&d=mm&r=g","contentUrl":"https:\/\/secure.gravatar.com\/avatar\/36156ca0fa3b8d9d25174f146e16beea0cf28f37adf1b9e19b6c9c279a7c9dd3?s=96&d=mm&r=g","caption":"admin"},"sameAs":["https:\/\/president-ksgov.net"]}]}},"_links":{"self":[{"href":"https:\/\/president-ksgov.net\/sr\/wp-json\/wp\/v2\/posts\/76815","targetHints":{"allow":["GET"]}}],"collection":[{"href":"https:\/\/president-ksgov.net\/sr\/wp-json\/wp\/v2\/posts"}],"about":[{"href":"https:\/\/president-ksgov.net\/sr\/wp-json\/wp\/v2\/types\/post"}],"author":[{"embeddable":true,"href":"https:\/\/president-ksgov.net\/sr\/wp-json\/wp\/v2\/users\/1"}],"replies":[{"embeddable":true,"href":"https:\/\/president-ksgov.net\/sr\/wp-json\/wp\/v2\/comments?post=76815"}],"version-history":[{"count":0,"href":"https:\/\/president-ksgov.net\/sr\/wp-json\/wp\/v2\/posts\/76815\/revisions"}],"wp:featuredmedia":[{"embeddable":true,"href":"https:\/\/president-ksgov.net\/sr\/wp-json\/wp\/v2\/media\/34268"}],"wp:attachment":[{"href":"https:\/\/president-ksgov.net\/sr\/wp-json\/wp\/v2\/media?parent=76815"}],"wp:term":[{"taxonomy":"category","embeddable":true,"href":"https:\/\/president-ksgov.net\/sr\/wp-json\/wp\/v2\/categories?post=76815"},{"taxonomy":"post_tag","embeddable":true,"href":"https:\/\/president-ksgov.net\/sr\/wp-json\/wp\/v2\/tags?post=76815"}],"curies":[{"name":"wp","href":"https:\/\/api.w.org\/{rel}","templated":true}]}}