{"id":76770,"date":"2016-06-02T12:54:41","date_gmt":"2016-06-02T12:54:41","guid":{"rendered":"https:\/\/dev.president-ksgov.net\/predsednik-thaci-za-euractiv-zato-su-kosovo-i-balkan-pronali-olakanje-u-rezultatima-izbora-u-austriji\/"},"modified":"2016-06-02T12:54:41","modified_gmt":"2016-06-02T12:54:41","slug":"predsednik-thaci-za-euractiv-zato-su-kosovo-i-balkan-pronali-olakanje-u-rezultatima-izbora-u-austriji","status":"publish","type":"post","link":"https:\/\/president-ksgov.net\/sr\/predsednik-thaci-za-euractiv-zato-su-kosovo-i-balkan-pronali-olakanje-u-rezultatima-izbora-u-austriji\/","title":{"rendered":"Predsednik Tha\u00e7i za &#147;EurActiv&#148;: Za&#154;to su Kosovo i Balkan prona&#154;li olak&#154;anje u rezultatima izbora u Austriji"},"content":{"rendered":"<p>Kao predsednik Kosova, male republike na Zapadnom Balkanu, Hashim Tha\u00e7i je prvi koji je prihvatio da se osetilo olak&#353;anje nakon rezultata predsedni\u010dkih izbora u Austriji.<\/p>\n<p>Pi&#353;e: Hashim Tha\u00e7i, predsednik Republike Kosova.<\/p>\n<p>Poslao sam moje \u010destitke izabranom predsedniku Alexander Van der Bellen-u i srda\u010dno o\u010dekujem saradnju sa njim na pitanjima koja ujedinjuju na&#353; region sa Be\u010dom &#8211; starim glavnim gradom Hasbur&#353;ke Monarhije &#8211; koji je odigrao glavnu ulogu u istoriji, kulturi, pa \u010dak je imao uticaja i na na&#353;u arhitekturu. <\/p>\n<p>Odabir predsednika je u potpunosti bilo austrijsko pitanje i ne bi bilo u redu da bilo ko od nas sa Balkana govori u korist jednog od kandidata u toku kampanje. <\/p>\n<p>Me\u0111utim, izbori su bili od izuzetne va&#382;nosti za nas na Kosovu i za region. <\/p>\n<p>Kao i njegovi homolozi ekstremne desnice u Francuskoj i Nema\u010dkoj, Norbert Hofer napao je spoljnu politiku austrijske garniture koja je priznala nezavisnost i suverenost Kosova. On je tako\u0111e javno izjavio &#8222;bila bi gre&#353;ka da se Kosovo u\u010dlani u me\u0111unarodne organizacije, jer \u0107e to samo izazvati probleme&#8220;. <\/p>\n<p>Ovo je vrsta argumenata koje smo navikli da \u010dujemo iz Putinove Moskve, ali ne i od zemalja sa dugom istorijom podr&#353;ke samoopredeljenja biv&#353;ih jugoslovenskih republika koje su stekle njihovu nezavisnost od diktatora Slobodana Milo&#353;evi\u0107a. <\/p>\n<p>Austrija je postala svetionik nade kada je otvorila vrata univerziteta na&#353;im studentima, nakon &#353;to je Srbija zabranila nastavu na albanskom jeziku na okupiranom Kosovu 90-tih godina. Ja, li\u010dno, nikada ne\u0107u zaboraviti pozive za demokratiju i prava \u010doveka od strane politi\u010dara kao &#353;to je Alois Mock dhe Otto von Habsburg, u vreme kada sam bio student.<\/p>\n<p>Ovo je bio razlog &#353;to smo mi na Kosovu bili potreseni, jer je jedan politi\u010dar stigao do narodnog predsedni&#353;tva putem jedne platforme koja je sru&#353;ila decenije progresivnih politika koje su pomogle Balkanu da prevazi\u0111e mr&#382;nju i nacionalizam. <\/p>\n<p>Hofer-ova platforma, kao i ostali pokreti ekstremne desnice u Evropi, podr&#382;ava Hantignton-ov koncept sukoba civilizacija i promovisanje teorije da je Islam neprihvatljiv za Evropu. Za nas na Kosovu, u Albaniji i Bosni, uz velike slojeve dru&#353;tva koji propadaju islamskoj veroispovesti, ovakva teorija nas izuzima od ose\u0107aja da smo deo kontinenta na kojem smo &#382;iveli vekovima i milenijumima. <\/p>\n<p>Osim toga, Kosovo nije muslimansko: na&#353;e dru&#353;tvo je lai\u010dko i gra\u0111ansko. <\/p>\n<p>Kosovo je postalo prva dr&#382;ava na Balkanu koja je za predsednika izabarala &#382;enu 2011. godine i prva je dr&#382;ava na Balkanu koja je priznala LGBT zajednicu u njegovom Ustavu. Predvodio sam paradu LGBT zajednice na Kosovu pro&#353;log meseca, kako bi preneo na&#353;u podr&#353;ku ovoj zajednici, odnosno da bih pokazao na&#353;im gra\u0111anima i svetu da ekstremizam i predrasude nemaju mesta u na&#353;em okru&#382;enju. <\/p>\n<p>Tako\u0111e, mi nismo sigurno uto\u010di&#353;te za ekstremiste. Na&#353;e sigurnosne slu&#382;be su izvr&#353;ile 100 hap&#353;enja i obezbedile su 67 optu&#382;nica, kao i 26 kazni protiv podr&#382;avaoca ISIS-a u na&#353;oj zemlji. Ameri\u010dki dr&#382;avni sekretar, John Kerry je u poslednjoj poseti na Kosovu primetio da Kosovari prednja\u010de u regionu u borbi protiv nasilnog ekstremizma. <\/p>\n<p>Generalni sekretar Ujedinjenih nacija, Ban Ki-moon je tako\u0111e priznao ulogu Kosova u promovisanju me\u0111uverskog dijaloga u izve&#353;taju iz 2013. godine, i Evropska unija je naglasila ubrzani ritam na&#353;ih reformi i potpisala je sa Kosovom prvi traktat pre u\u010dlanjenja, Sporazum o stabilizaciji i pridru&#382;ivanju. <\/p>\n<p>Duboka euroskepti\u010dna ose\u0107anja koje propagira Hofer i ekstremna desnica su izuzetno opasni za sve dr&#382;ave na Balkanu. <\/p>\n<p>Upravo je gravitaciona privla\u010dnost Brisela ta koja je donela mir i stabilnost na&#353;em regionu. Bez perspektive u\u010dlanjenja u EU, kao porodice zajedni\u010dkih vrednosti i interesa, politike na&#353;eg regiona osta\u0107e u vakuumu koji mogu da ispune ekstremisti u na&#353;oj zemlji. <\/p>\n<p>Prema anketama, vi&#353;e od 95 odsto Kosovara &#382;eli u\u010dlanjenje u EU u NATO. <\/p>\n<p>Kao korak prema ovom cilju, Evropska komisija je zvani\u010dno preporu\u010dila liberalizaciju viza i slobodno kretanje na&#353;ih gra\u0111ana unutar &#352;engen zone u skladu sa ostalim delom Balkana. <\/p>\n<p>Liberalizacija viza je ste\u010dena uz puno napora, nakon te&#353;kih unutra&#353;njih reformi, ali je jasno da neki politi\u010dari i Evropi imaju koristi od trenutnog raspolo&#382;enja javnog nezadovoljstva prema migracijama i koriste Kosovo i Balkan kao tursku glavu. <\/p>\n<p>U me\u0111uvremenu, dok slavimo pobedu progresivnih snaga Austrije, jedno je sigurno. Predsednici na Balkanu treba jo&#353; vi&#353;e da rade na ja\u010danju prava i u borbi protiv nezakonite migracije, kao i u borbi protiv nasilnog ekstremizma, kako bi pove\u0107ali ose\u0107aj sigurnosti i kako bi smirili skeptike &#353;irom Evrope. <\/p>\n<p>Mi treba da budemo &#8211; kao &#353;to ka&#382;e jedna izreka- &#8222;ve\u0107i katolici od Pape&#8220;, kako bi smo ubedili protivnike da su evropski san, evropski put na&#353;a jedina &#353;ansa, najbolji ugovor koji mo&#382;emo potpisati kako bismo garantovali na&#353;u budu\u0107nost.\u00a0<\/p>\n","protected":false},"excerpt":{"rendered":"<p>Kao predsednik Kosova, male republike na Zapadnom Balkanu, Hashim Tha\u00e7i je prvi koji je prihvatio da se osetilo olak&#353;anje nakon rezultata predsedni\u010dkih izbora u Austriji.<\/p>\n","protected":false},"author":1,"featured_media":33972,"comment_status":"open","ping_status":"closed","sticky":false,"template":"","format":"standard","meta":{"_eb_attr":"","footnotes":""},"categories":[11],"tags":[],"class_list":["post-76770","post","type-post","status-publish","format-standard","has-post-thumbnail","hentry","category-uncategorized-sr"],"yoast_head":"<!-- This site is optimized with the Yoast SEO plugin v23.5 - https:\/\/yoast.com\/wordpress\/plugins\/seo\/ -->\n<title>Predsednik Tha\u00e7i za &#147;EurActiv&#148;: Za&#154;to su Kosovo i Balkan prona&#154;li olak&#154;anje u rezultatima izbora u Austriji - Predsednik Republike Kosovo - DR. VJOSA OSMANI - SADRIU<\/title>\n<meta name=\"description\" content=\"Predsednik Tha\u00e7i za &#147;EurActiv&#148;: Za&#154;to su Kosovo i Balkan prona&#154;li olak&#154;anje u rezultatima izbora u Austriji - Predsednik Republike Kosovo - DR. VJOSA OSMANI - SADRIU -\" \/>\n<meta name=\"robots\" content=\"index, follow, max-snippet:-1, max-image-preview:large, max-video-preview:-1\" \/>\n<link rel=\"canonical\" href=\"https:\/\/president-ksgov.net\/sr\/predsednik-thaci-za-euractiv-zato-su-kosovo-i-balkan-pronali-olakanje-u-rezultatima-izbora-u-austriji\/\" \/>\n<meta property=\"og:locale\" content=\"sr_RS\" \/>\n<meta property=\"og:type\" content=\"article\" \/>\n<meta property=\"og:title\" content=\"Predsednik Tha\u00e7i za &#147;EurActiv&#148;: Za&#154;to su Kosovo i Balkan prona&#154;li olak&#154;anje u rezultatima izbora u Austriji - Predsednik Republike Kosovo - DR. VJOSA OSMANI - SADRIU\" \/>\n<meta property=\"og:description\" content=\"Predsednik Tha\u00e7i za &#147;EurActiv&#148;: Za&#154;to su Kosovo i Balkan prona&#154;li olak&#154;anje u rezultatima izbora u Austriji - Predsednik Republike Kosovo - DR. VJOSA OSMANI - SADRIU -\" \/>\n<meta property=\"og:url\" content=\"https:\/\/president-ksgov.net\/sr\/predsednik-thaci-za-euractiv-zato-su-kosovo-i-balkan-pronali-olakanje-u-rezultatima-izbora-u-austriji\/\" \/>\n<meta property=\"og:site_name\" content=\"Predsednik Republike Kosovo - DR. VJOSA OSMANI - SADRIU\" \/>\n<meta property=\"article:published_time\" content=\"2016-06-02T12:54:41+00:00\" \/>\n<meta property=\"og:image\" content=\"https:\/\/president-ksgov.net\/wp-content\/uploads\/02_06_2016_1046566_per_ueb_faqe.jpg\" \/>\n\t<meta property=\"og:image:width\" content=\"800\" \/>\n\t<meta property=\"og:image:height\" content=\"450\" \/>\n\t<meta property=\"og:image:type\" content=\"image\/jpeg\" \/>\n<meta name=\"author\" content=\"admin\" \/>\n<meta name=\"twitter:card\" content=\"summary_large_image\" \/>\n<meta name=\"twitter:label1\" content=\"\u041d\u0430\u043f\u0438\u0441\u0430\u043d\u043e \u043e\u0434\" \/>\n\t<meta name=\"twitter:data1\" content=\"admin\" \/>\n\t<meta name=\"twitter:label2\" content=\"\u041f\u0440\u043e\u0446\u0435\u045a\u0435\u043d\u043e \u0432\u0440\u0435\u043c\u0435 \u0447\u0438\u0442\u0430\u045a\u0430\" \/>\n\t<meta name=\"twitter:data2\" content=\"4 \u043c\u0438\u043d\u0443\u0442\u0430\" \/>\n<script type=\"application\/ld+json\" class=\"yoast-schema-graph\">{\"@context\":\"https:\/\/schema.org\",\"@graph\":[{\"@type\":\"WebPage\",\"@id\":\"https:\/\/president-ksgov.net\/sr\/predsednik-thaci-za-euractiv-zato-su-kosovo-i-balkan-pronali-olakanje-u-rezultatima-izbora-u-austriji\/\",\"url\":\"https:\/\/president-ksgov.net\/sr\/predsednik-thaci-za-euractiv-zato-su-kosovo-i-balkan-pronali-olakanje-u-rezultatima-izbora-u-austriji\/\",\"name\":\"Predsednik Tha\u00e7i za &#147;EurActiv&#148;: Za&#154;to su Kosovo i Balkan prona&#154;li olak&#154;anje u rezultatima izbora u Austriji - Predsednik Republike Kosovo - DR. VJOSA OSMANI - SADRIU\",\"isPartOf\":{\"@id\":\"https:\/\/president-ksgov.net\/#website\"},\"primaryImageOfPage\":{\"@id\":\"https:\/\/president-ksgov.net\/sr\/predsednik-thaci-za-euractiv-zato-su-kosovo-i-balkan-pronali-olakanje-u-rezultatima-izbora-u-austriji\/#primaryimage\"},\"image\":{\"@id\":\"https:\/\/president-ksgov.net\/sr\/predsednik-thaci-za-euractiv-zato-su-kosovo-i-balkan-pronali-olakanje-u-rezultatima-izbora-u-austriji\/#primaryimage\"},\"thumbnailUrl\":\"https:\/\/president-ksgov.net\/wp-content\/uploads\/02_06_2016_1046566_per_ueb_faqe.jpg\",\"datePublished\":\"2016-06-02T12:54:41+00:00\",\"dateModified\":\"2016-06-02T12:54:41+00:00\",\"author\":{\"@id\":\"https:\/\/president-ksgov.net\/#\/schema\/person\/bb4337a5fb147cb2046d80548172cbee\"},\"description\":\"Predsednik Tha\u00e7i za &#147;EurActiv&#148;: Za&#154;to su Kosovo i Balkan prona&#154;li olak&#154;anje u rezultatima izbora u Austriji - Predsednik Republike Kosovo - DR. VJOSA OSMANI - SADRIU -\",\"breadcrumb\":{\"@id\":\"https:\/\/president-ksgov.net\/sr\/predsednik-thaci-za-euractiv-zato-su-kosovo-i-balkan-pronali-olakanje-u-rezultatima-izbora-u-austriji\/#breadcrumb\"},\"inLanguage\":\"sr-RS\",\"potentialAction\":[{\"@type\":\"ReadAction\",\"target\":[\"https:\/\/president-ksgov.net\/sr\/predsednik-thaci-za-euractiv-zato-su-kosovo-i-balkan-pronali-olakanje-u-rezultatima-izbora-u-austriji\/\"]}]},{\"@type\":\"ImageObject\",\"inLanguage\":\"sr-RS\",\"@id\":\"https:\/\/president-ksgov.net\/sr\/predsednik-thaci-za-euractiv-zato-su-kosovo-i-balkan-pronali-olakanje-u-rezultatima-izbora-u-austriji\/#primaryimage\",\"url\":\"https:\/\/president-ksgov.net\/wp-content\/uploads\/02_06_2016_1046566_per_ueb_faqe.jpg\",\"contentUrl\":\"https:\/\/president-ksgov.net\/wp-content\/uploads\/02_06_2016_1046566_per_ueb_faqe.jpg\",\"width\":800,\"height\":450},{\"@type\":\"BreadcrumbList\",\"@id\":\"https:\/\/president-ksgov.net\/sr\/predsednik-thaci-za-euractiv-zato-su-kosovo-i-balkan-pronali-olakanje-u-rezultatima-izbora-u-austriji\/#breadcrumb\",\"itemListElement\":[{\"@type\":\"ListItem\",\"position\":1,\"name\":\"Home\",\"item\":\"https:\/\/president-ksgov.net\/sr\/\"},{\"@type\":\"ListItem\",\"position\":2,\"name\":\"Predsednik Tha\u00e7i za &#147;EurActiv&#148;: Za&#154;to su Kosovo i Balkan prona&#154;li olak&#154;anje u rezultatima izbora u Austriji\"}]},{\"@type\":\"WebSite\",\"@id\":\"https:\/\/president-ksgov.net\/#website\",\"url\":\"https:\/\/president-ksgov.net\/\",\"name\":\"Presidente e Republik\u00ebs s\u00eb Kosov\u00ebs\",\"description\":\"Presidente e Republik\u00ebs s\u00eb Kosov\u00ebs\",\"alternateName\":\"DR. VJOSA OSMANI - SADRIU\",\"potentialAction\":[{\"@type\":\"SearchAction\",\"target\":{\"@type\":\"EntryPoint\",\"urlTemplate\":\"https:\/\/president-ksgov.net\/?s={search_term_string}\"},\"query-input\":{\"@type\":\"PropertyValueSpecification\",\"valueRequired\":true,\"valueName\":\"search_term_string\"}}],\"inLanguage\":\"sr-RS\"},{\"@type\":\"Person\",\"@id\":\"https:\/\/president-ksgov.net\/#\/schema\/person\/bb4337a5fb147cb2046d80548172cbee\",\"name\":\"admin\",\"image\":{\"@type\":\"ImageObject\",\"inLanguage\":\"sr-RS\",\"@id\":\"https:\/\/president-ksgov.net\/#\/schema\/person\/image\/\",\"url\":\"https:\/\/secure.gravatar.com\/avatar\/36156ca0fa3b8d9d25174f146e16beea0cf28f37adf1b9e19b6c9c279a7c9dd3?s=96&d=mm&r=g\",\"contentUrl\":\"https:\/\/secure.gravatar.com\/avatar\/36156ca0fa3b8d9d25174f146e16beea0cf28f37adf1b9e19b6c9c279a7c9dd3?s=96&d=mm&r=g\",\"caption\":\"admin\"},\"sameAs\":[\"https:\/\/president-ksgov.net\"]}]}<\/script>\n<!-- \/ Yoast SEO plugin. -->","yoast_head_json":{"title":"Predsednik Tha\u00e7i za &#147;EurActiv&#148;: Za&#154;to su Kosovo i Balkan prona&#154;li olak&#154;anje u rezultatima izbora u Austriji - Predsednik Republike Kosovo - DR. VJOSA OSMANI - SADRIU","description":"Predsednik Tha\u00e7i za &#147;EurActiv&#148;: Za&#154;to su Kosovo i Balkan prona&#154;li olak&#154;anje u rezultatima izbora u Austriji - Predsednik Republike Kosovo - DR. VJOSA OSMANI - SADRIU -","robots":{"index":"index","follow":"follow","max-snippet":"max-snippet:-1","max-image-preview":"max-image-preview:large","max-video-preview":"max-video-preview:-1"},"canonical":"https:\/\/president-ksgov.net\/sr\/predsednik-thaci-za-euractiv-zato-su-kosovo-i-balkan-pronali-olakanje-u-rezultatima-izbora-u-austriji\/","og_locale":"sr_RS","og_type":"article","og_title":"Predsednik Tha\u00e7i za &#147;EurActiv&#148;: Za&#154;to su Kosovo i Balkan prona&#154;li olak&#154;anje u rezultatima izbora u Austriji - Predsednik Republike Kosovo - DR. VJOSA OSMANI - SADRIU","og_description":"Predsednik Tha\u00e7i za &#147;EurActiv&#148;: Za&#154;to su Kosovo i Balkan prona&#154;li olak&#154;anje u rezultatima izbora u Austriji - Predsednik Republike Kosovo - DR. VJOSA OSMANI - SADRIU -","og_url":"https:\/\/president-ksgov.net\/sr\/predsednik-thaci-za-euractiv-zato-su-kosovo-i-balkan-pronali-olakanje-u-rezultatima-izbora-u-austriji\/","og_site_name":"Predsednik Republike Kosovo - DR. VJOSA OSMANI - SADRIU","article_published_time":"2016-06-02T12:54:41+00:00","og_image":[{"width":800,"height":450,"url":"https:\/\/president-ksgov.net\/wp-content\/uploads\/02_06_2016_1046566_per_ueb_faqe.jpg","type":"image\/jpeg"}],"author":"admin","twitter_card":"summary_large_image","twitter_misc":{"\u041d\u0430\u043f\u0438\u0441\u0430\u043d\u043e \u043e\u0434":"admin","\u041f\u0440\u043e\u0446\u0435\u045a\u0435\u043d\u043e \u0432\u0440\u0435\u043c\u0435 \u0447\u0438\u0442\u0430\u045a\u0430":"4 \u043c\u0438\u043d\u0443\u0442\u0430"},"schema":{"@context":"https:\/\/schema.org","@graph":[{"@type":"WebPage","@id":"https:\/\/president-ksgov.net\/sr\/predsednik-thaci-za-euractiv-zato-su-kosovo-i-balkan-pronali-olakanje-u-rezultatima-izbora-u-austriji\/","url":"https:\/\/president-ksgov.net\/sr\/predsednik-thaci-za-euractiv-zato-su-kosovo-i-balkan-pronali-olakanje-u-rezultatima-izbora-u-austriji\/","name":"Predsednik Tha\u00e7i za &#147;EurActiv&#148;: Za&#154;to su Kosovo i Balkan prona&#154;li olak&#154;anje u rezultatima izbora u Austriji - Predsednik Republike Kosovo - DR. VJOSA OSMANI - SADRIU","isPartOf":{"@id":"https:\/\/president-ksgov.net\/#website"},"primaryImageOfPage":{"@id":"https:\/\/president-ksgov.net\/sr\/predsednik-thaci-za-euractiv-zato-su-kosovo-i-balkan-pronali-olakanje-u-rezultatima-izbora-u-austriji\/#primaryimage"},"image":{"@id":"https:\/\/president-ksgov.net\/sr\/predsednik-thaci-za-euractiv-zato-su-kosovo-i-balkan-pronali-olakanje-u-rezultatima-izbora-u-austriji\/#primaryimage"},"thumbnailUrl":"https:\/\/president-ksgov.net\/wp-content\/uploads\/02_06_2016_1046566_per_ueb_faqe.jpg","datePublished":"2016-06-02T12:54:41+00:00","dateModified":"2016-06-02T12:54:41+00:00","author":{"@id":"https:\/\/president-ksgov.net\/#\/schema\/person\/bb4337a5fb147cb2046d80548172cbee"},"description":"Predsednik Tha\u00e7i za &#147;EurActiv&#148;: Za&#154;to su Kosovo i Balkan prona&#154;li olak&#154;anje u rezultatima izbora u Austriji - Predsednik Republike Kosovo - DR. VJOSA OSMANI - SADRIU -","breadcrumb":{"@id":"https:\/\/president-ksgov.net\/sr\/predsednik-thaci-za-euractiv-zato-su-kosovo-i-balkan-pronali-olakanje-u-rezultatima-izbora-u-austriji\/#breadcrumb"},"inLanguage":"sr-RS","potentialAction":[{"@type":"ReadAction","target":["https:\/\/president-ksgov.net\/sr\/predsednik-thaci-za-euractiv-zato-su-kosovo-i-balkan-pronali-olakanje-u-rezultatima-izbora-u-austriji\/"]}]},{"@type":"ImageObject","inLanguage":"sr-RS","@id":"https:\/\/president-ksgov.net\/sr\/predsednik-thaci-za-euractiv-zato-su-kosovo-i-balkan-pronali-olakanje-u-rezultatima-izbora-u-austriji\/#primaryimage","url":"https:\/\/president-ksgov.net\/wp-content\/uploads\/02_06_2016_1046566_per_ueb_faqe.jpg","contentUrl":"https:\/\/president-ksgov.net\/wp-content\/uploads\/02_06_2016_1046566_per_ueb_faqe.jpg","width":800,"height":450},{"@type":"BreadcrumbList","@id":"https:\/\/president-ksgov.net\/sr\/predsednik-thaci-za-euractiv-zato-su-kosovo-i-balkan-pronali-olakanje-u-rezultatima-izbora-u-austriji\/#breadcrumb","itemListElement":[{"@type":"ListItem","position":1,"name":"Home","item":"https:\/\/president-ksgov.net\/sr\/"},{"@type":"ListItem","position":2,"name":"Predsednik Tha\u00e7i za &#147;EurActiv&#148;: Za&#154;to su Kosovo i Balkan prona&#154;li olak&#154;anje u rezultatima izbora u Austriji"}]},{"@type":"WebSite","@id":"https:\/\/president-ksgov.net\/#website","url":"https:\/\/president-ksgov.net\/","name":"Presidente e Republik\u00ebs s\u00eb Kosov\u00ebs","description":"Presidente e Republik\u00ebs s\u00eb Kosov\u00ebs","alternateName":"DR. VJOSA OSMANI - SADRIU","potentialAction":[{"@type":"SearchAction","target":{"@type":"EntryPoint","urlTemplate":"https:\/\/president-ksgov.net\/?s={search_term_string}"},"query-input":{"@type":"PropertyValueSpecification","valueRequired":true,"valueName":"search_term_string"}}],"inLanguage":"sr-RS"},{"@type":"Person","@id":"https:\/\/president-ksgov.net\/#\/schema\/person\/bb4337a5fb147cb2046d80548172cbee","name":"admin","image":{"@type":"ImageObject","inLanguage":"sr-RS","@id":"https:\/\/president-ksgov.net\/#\/schema\/person\/image\/","url":"https:\/\/secure.gravatar.com\/avatar\/36156ca0fa3b8d9d25174f146e16beea0cf28f37adf1b9e19b6c9c279a7c9dd3?s=96&d=mm&r=g","contentUrl":"https:\/\/secure.gravatar.com\/avatar\/36156ca0fa3b8d9d25174f146e16beea0cf28f37adf1b9e19b6c9c279a7c9dd3?s=96&d=mm&r=g","caption":"admin"},"sameAs":["https:\/\/president-ksgov.net"]}]}},"_links":{"self":[{"href":"https:\/\/president-ksgov.net\/sr\/wp-json\/wp\/v2\/posts\/76770","targetHints":{"allow":["GET"]}}],"collection":[{"href":"https:\/\/president-ksgov.net\/sr\/wp-json\/wp\/v2\/posts"}],"about":[{"href":"https:\/\/president-ksgov.net\/sr\/wp-json\/wp\/v2\/types\/post"}],"author":[{"embeddable":true,"href":"https:\/\/president-ksgov.net\/sr\/wp-json\/wp\/v2\/users\/1"}],"replies":[{"embeddable":true,"href":"https:\/\/president-ksgov.net\/sr\/wp-json\/wp\/v2\/comments?post=76770"}],"version-history":[{"count":0,"href":"https:\/\/president-ksgov.net\/sr\/wp-json\/wp\/v2\/posts\/76770\/revisions"}],"wp:featuredmedia":[{"embeddable":true,"href":"https:\/\/president-ksgov.net\/sr\/wp-json\/wp\/v2\/media\/33972"}],"wp:attachment":[{"href":"https:\/\/president-ksgov.net\/sr\/wp-json\/wp\/v2\/media?parent=76770"}],"wp:term":[{"taxonomy":"category","embeddable":true,"href":"https:\/\/president-ksgov.net\/sr\/wp-json\/wp\/v2\/categories?post=76770"},{"taxonomy":"post_tag","embeddable":true,"href":"https:\/\/president-ksgov.net\/sr\/wp-json\/wp\/v2\/tags?post=76770"}],"curies":[{"name":"wp","href":"https:\/\/api.w.org\/{rel}","templated":true}]}}