{"id":76769,"date":"2016-05-31T15:48:11","date_gmt":"2016-05-31T15:48:11","guid":{"rendered":"https:\/\/dev.president-ksgov.net\/govor-predsednika-republike-kosovo-hashima-thacija-na-petoj-medjuverskoj-konferenciji-na-kosovu\/"},"modified":"2023-03-08T09:01:40","modified_gmt":"2023-03-08T09:01:40","slug":"govor-predsednika-republike-kosovo-hashima-thacija-na-petoj-medjuverskoj-konferenciji-na-kosovu","status":"publish","type":"post","link":"https:\/\/president-ksgov.net\/sr\/govor-predsednika-republike-kosovo-hashima-thacija-na-petoj-medjuverskoj-konferenciji-na-kosovu\/","title":{"rendered":"Govor Predsednika Republike Kosovo, Hashima Tha\u00e7ija, na petoj me\u0111uverskoj konferenciji na Kosovu"},"content":{"rendered":"<p>Ovo je prvi put da je Kosovo ugostilo dva nobelovca za mir i meni je \u010dast da vas danas pozdravljam kao predsednik zemlje i da vam \u010destitam na va&#353;em velikom doprinosu koji ste dali u va&#353;im zemljama ali i u svetu, o porukama mira, dijaloga i afirmacije uloge &#382;ena u suprotstavljanju svim oblicima diskriminacije i mr&#382;nje.<\/p>\n<p>Pri&#353;tina, 31. maj 2016.<\/p>\n<p>Uva&#382;eni gosti Pete me\u0111uverske konferencije na Kosovu,<\/p>\n<p>Po&#353;tovani ministri, ambasadori, verski lideri, <\/p>\n<p>Posebno pozdravljam vas Dr. Ebadi i gospo\u0111a Karman,<\/p>\n<p>Ovo je prvi put da je Kosovo ugostilo dva nobelovca za mir i meni je<br \/>\n\u010dast da vas danas pozdravljam kao predsednik zemlje i da vam \u010destitam na<br \/>\nva&#353;em velikom doprinosu koji ste dali u va&#353;im zemljama ali i u svetu, o<br \/>\nporukama mira, dijaloga i afirmacije uloge &#382;ena u suprotstavljanju svim<br \/>\noblicima diskriminacije i mr&#382;nje.<\/p>\n<p>Danas u ovoj prostoriji su prisutni 300 gostiju, ali i hiljade drugih<br \/>\nkoji nas gledaju putem televizijskih programa i desetine hiljada drugih<br \/>\nkoji \u0107e pratiti poruke ove konferencije na dru&#353;tvenim mre&#382;ama, bi\u0107ete<br \/>\nsvedoci jedne temeljne diskusije o mnogim va&#382;nim pitanjima koje se ne<br \/>\nti\u010du samo Kosova, ve\u0107 i Evropi i &#353;ire. Ovo su osnovni problemi sa veoma<br \/>\ndubokim implikacijama za na&#353;u bezbednost, za bezbednost na&#353;e dece i<br \/>\nnapredak celog \u010dove\u010danstva:<\/p>\n<p>Kako se mo&#382;emo boriti protiv ekstremnog tuma\u010denja ljubavi prema Bogu?<\/p>\n<p>Kako mo&#382;emo da anga&#382;ujemo sve slojeve dru&#353;tva, ne samo mu&#353;karce i ne<br \/>\nsamo starije osobe u novom dijalogu u celom dru&#353;tvu o pomirenju za<br \/>\npozitivne vrednosti i me\u0111usobnoj ljubavi?<\/p>\n<p>Kako mo&#382;emo stvoriti platformu za saradnju, da pove&#382;emo udaljene ta\u010dke<br \/>\nsa tankim linijama. Kako mo&#382;emo stvoriti arhipelag saradnje od<br \/>\nizolovanih ostrva gra\u0111anskih aktivista?<\/p>\n<p>Ova pitanja su veoma va&#382;na posebno ovde, u na&#353;oj domovini Kosovu, gde su<br \/>\nna&#353;a tragi\u010dna iskustva iz prethodnih godina pokazala da u odsustvu<br \/>\npo&#353;tovanja bila su u\u010dinjena nepravde u ime ekstremisti\u010dkih politika na<br \/>\netni\u010dkoj i verskoj osnovi, zna\u010di pre 17-18 godina. U nedostatku<br \/>\ndijaloga, bilo je rata. U nedostatku razumevanja za zajedni\u010dku<br \/>\nbudu\u0107nost, do&#353;lo je do fokusiranja na staru istoriju mr&#382;nje i osvete.<\/p>\n<p>Kosovo je prikladno za diskusiju o ovim temama i zbog jednog drugog<br \/>\nrazloga: da, uprkos tragediji rata koji smo do&#382;iveli, uprkos hiljadama<br \/>\nubijenih i desetine hiljada silovanih &#382;ena i stotine hiljada paljenih<br \/>\nku\u0107a, mi smo sa\u010duvali duh tolerancije i posve\u0107enosti dijalogu. <\/p>\n<p>Mi smo u sred Evrope, udaljeni manje od dva sata od Be\u010da, Rima ali i<br \/>\nIstanbula i &#382;elim da vas prise\u0107am na re\u010di papa Franje, koje je rekao pre<br \/>\nnekoliko nedelja u Briselu gde je dobio nagradu &#352;arlemanj: &#8220;Pravo lice<br \/>\nEvrope ne le&#382;i u konfrontaciji, ve\u0107 u bogatstvu kultura i lepoti<br \/>\nposve\u0107enosti prema otvorenom umu. Bez ovog kapaciteta za integraciju,<br \/>\nre\u010di Konrada Adenauera pokazuju se proro\u010danskim: &#8220;Budu\u0107nost Zapada nije<br \/>\nugro&#382;ena politi\u010dkim tenzijama ve\u0107 od rizika konformizma, jednoobraznih<br \/>\nmisli i ose\u0107anja i be&#382;anja od odgovornosti brinu\u0107i se samo o sebi&#8221;. <\/p>\n<p>Sveti otac je govorio ove re\u010di iskazuju\u0107i zabrinutost za Evropu i &#382;ele\u0107i<br \/>\nda za&#353;titi razli\u010ditosti mi&#353;ljenja, religija, ideologija, nacionalnosti. <\/p>\n<p>Sa ovim vrednostima se vodimo i mi u na&#353;oj novoj dr&#382;avi Kosovo. Nakon<br \/>\n&#353;to se krvavi rat zavr&#353;io, po\u010deli smo da gradimo dr&#382;avu na osnovu<br \/>\ngra\u0111anskog koncepta, gde je manji za&#353;ti\u0107en od ve\u0107eg, i gde identitet<br \/>\npripadnosti ne defini&#353;e kvalitet &#382;ivota i ljudskih prava.<\/p>\n<p>Ovogodi&#353;nja tema Me\u0111unarodne me\u0111uverske konferencije je uloga &#382;ena u<br \/>\npromovisanju me\u0111uverskog dijaloga. Mislim da ba&#353; ova godina je pogodna<br \/>\nza diskutovanje o ulozi &#382;ena u uspostavljanju mira. <\/p>\n<p>Nedaleko od ovog mesta, od Pri&#353;tine, manje od dva sata vo&#382;nje, mo&#382;e se<br \/>\nsti\u0107i u selu Letnice, i ba&#353; tu pre nekoliko decenija, bila je mlada<br \/>\ndevojka koja se zvala Gonxhe Bojaxhiu koja je prona&#353;la Boga i odlu\u010dila<br \/>\nje da ljubav prema Bogu transformi&#353;e u ljubav prema celom \u010dove\u010danstvu,<br \/>\nBo&#382;ijoj deci. Ova devojka nakon nekoliko godina postala je poznata kao<br \/>\nMajka Tereza i dobila je Nobelovu nagradu \u010dime je postala prva i<br \/>\nposlednja Albanka koja je dobila ovu nagradu. Ove godina ona \u0107e biti<br \/>\nprogla&#353;ena sveticom, i mi smo od sada po\u010deli da slavimo i da po&#382;elimo da<br \/>\nMajka Tereza, ne samo majka Albanaca ve\u0107 i Iraca, Kalkute i celog<br \/>\nsveta, da bude svetionik inspiracije i primer &#382;ivotne posve\u0107enosti prema<br \/>\nblagostanju i prema ljubavi jednim o drugima.<\/p>\n<p>Tako da mi danas, zajedno sa vama smo inspirisani &#382;ivotom i delom Majke<br \/>\nTereze, svetice siroma&#353;nih, prisetimo se da ovo podneblje je plodno<br \/>\nzemlji&#353;te gde je pre mnogo vekova, pre mnogo milenijuma, je sejano seme\u00a0 razli\u010ditosti i po&#353;tovanja jednih prema drugima.<\/p>\n<p>Dakle ovo je prava godina za prise\u0107anje Majke Tereze i za obele&#382;avanje<br \/>\nuloge &#382;ena u borbi protiv ekstremizma, ali i u promovisanju me\u0111uverskog<br \/>\ndijaloga.<\/p>\n<p>Po&#353;tovani gosti iz celog sveta,<\/p>\n<p>Pozivam vas da razmislimo o tri ta\u010dki ovih dana konferencije i da<br \/>\nzajedno razmislimo o tome kako mo&#382;emo pove\u0107ati saradnju o zajedni\u010dkom<br \/>\ncilju: mir u svetu i zloupotreba Bo&#382;jeg imena za &#353;irenje mr&#382;nje, sukoba,<br \/>\nne tolerancije verskog apsolutizma:<br \/>\n&#8211;\u00a0\u00a0\u00a0 Prva ta\u010dka se odnosi na neophodnost da na&#353;a borba protiv<br \/>\nekstremizma ne bude polovi\u010dna. Kada samo mu&#353;karci rade, samo se mu&#353;karci<br \/>\nanga&#382;uju i samo mu&#353;karci propagiraju ideologiju ili verska<br \/>\npropovedanja, rezultat je uvek negativan, jer su na&#353;e porodice, na&#353;a<br \/>\ndr&#382;ava, na&#353; svet nije samo mu&#353;ki i ne pripada samo mu&#353;karcima. Mora se<br \/>\nna\u0107i i pru&#382;iti ruka &#382;eni, sestri i supruzi kako bi se borili protiv zla,<br \/>\nza obrazovanje deteta s ljubavlju i po&#353;tovanju, i da se izgradi zdrava<br \/>\nporodica i zdrava dr&#382;ava. Da li postoji bolji saveznik od majke, sestre<br \/>\nsupruge u borbi protiv ekstremizma? Ali koja majka ili supruga &#382;eli da<br \/>\nvidi svog sina ili supruga mrtvog u pustinjama Bliskog Istoka, ratuju\u0107i<br \/>\nza &#353;irenje apsurdnih ideja o mr&#382;nji. Dakle, ja vas pozivam da danas<br \/>\npo\u010dnemo istinski dijalog o tome kako da se uklju\u010de &#382;ene u svim aspektima<br \/>\nrasprave dru&#353;tvenog i gra\u0111anskog aktivizma. Mislim da istaknute<br \/>\nnobelovce koji su danas me\u0111u nama su primeri koji nas mogu prosvetiti sa<br \/>\nidejama o tome kako da se afirmi&#353;e rad &#382;ena i kako da religija ne<br \/>\npredstavlja prepreku ve\u0107 podsticaj za anga&#382;ovanje &#382;ena.<\/p>\n<p>&#8211;\u00a0\u00a0\u00a0 Druga ta\u010dka koju &#382;elim da predlo&#382;im je o tome da se ne upadne u<br \/>\nzamkama jednovrsnih rasprava kada se svi sla&#382;emo da verujemo i jednog<br \/>\nBoga, i kad se svi sla&#382;emo da religija treba da spaja a ne da razdvaja<br \/>\nljude. Ja ne verujem da mi koji smo promoteri mira treba da imamo<br \/>\ndijalog samo me\u0111usobno &#8211; mi moramo da pro&#353;irimo i produbimo dijalog, mi<br \/>\ntreba da budemo prisutni i u krugovima gde nedostaje tolerancija, gde se<br \/>\nseje mr&#382;nja, i da tamo prenesemo na&#353;u borbu protiv ekstremizma. Dakle,<br \/>\nbez prisustva na Facebook-u, gde ima miliona mladih ljudi koji se truju<br \/>\nporukama koje dele ljude, mi ne mo&#382;emo imati uspeha u borbi protiv<br \/>\nekstremizma; bez uklju\u010divanja &#353;kola i vrti\u0107a u spre\u010davanje ekstremizma<br \/>\nmi ne\u0107emo uspeti da &#353;aljemo u zatvor one koji su ve\u0107 uvereni u svoje<br \/>\nideje o mr&#382;nji; bez pravljenja trougla izme\u0111u porodice, dr&#382;ave i &#353;kole<br \/>\nmi ne\u0107emo uspeti da stvorimo zdrave osnove jedne progresivne agende.<\/p>\n<p>&#8211;\u00a0\u00a0\u00a0 Tre\u0107a ta\u010dka je najosetljivija i mo&#382;da se vi&#353;e odnosi na doma\u0107u javnost.<\/p>\n<p>\u010culi smo stavove u me\u0111unarodnim medijima gde je Kosovo nazvano kao<br \/>\nzemlja koja se transformisala od pro-ameri\u010dkog i pro-zapadnog stava, na<br \/>\nzemlju gde postoje elementi fundamentalizma i dobrovoljaca u ISIS-u. <\/p>\n<p>Rasprava koja je po\u010dela nakon objavljivanja jednog \u010dlanka bila je<br \/>\npodeljena izme\u0111u onih koji ka&#382;u da je \u010dlanak bio ta\u010dan, da Kosovo nije<br \/>\nuspelo da se izbori sa ekstremizmom, i onih koji napadaju ovaj stav<br \/>\nnavode\u0107i da Kosovo nema problem verskog radikalizma i da ovo pisanje<br \/>\nmo&#382;e biti rezultat\u00a0 islamofobije.<\/p>\n<p>Ja sam pomno pratio ovu raspravu i mogu re\u0107i da obe strane gre&#353;e kada stavljaju raspravu kolosek za i protiv ovih stavova.<\/p>\n<p>Ono &#353;to ho\u0107u da ka&#382;em je da je Kosovo najvi&#353;e pro-ameri\u010dka zemlja u<br \/>\nsvetu, najvi&#353;e je pro-NATO i pro-Evropske unije. I sve ankete pokazuju<br \/>\nda ove sve tri orijentacije su u proseku iznad 90-95%.<\/p>\n<p>Me\u0111utim, danas postoje stavovi koji su predstavljeni u razli\u010ditim<br \/>\nmedijima koje su atraktivne i alarmantne o opasnostima od Islamskog<br \/>\nradikalizma ili imigranata iz Sirije. Mnogi od ovih stavova su<br \/>\nfokusirana na pronala&#382;enju najgorih primera i najopasnijih ljudi koji<br \/>\n&#382;ive u Briselu, Parizu, Londonu ili i u Pri&#353;tini i u drugim glavnim<br \/>\ngradovima. Ozbiljno gre&#353;imo ako pori\u010demo da postoje takvi ljudi u na&#353;oj<br \/>\nokolini. Ozbiljno gre&#353;imo ako ne shvatamo da je opasnost od ekstremizma<br \/>\nrealna i da je smrtonosna. \u010cinimo gre&#353;ku ako ne pogledamo sebe u<br \/>\nogledalo. Bilo je elemenata koji su oti&#353;li iz Kosova u Siriju i Iran.<br \/>\nAli, smo ocenjeni kao prvaci u borbi protiv ekstremizma i terorizma, i<br \/>\nmogu re\u0107i da u poslednjih sedam meseci nemamo nijednog gra\u0111ana koji je<br \/>\notputovao i koji se pridru&#382;io ovom zlo, u Siriji i Iraku. Kosovo mora da<br \/>\nnastavi da bude odlu\u010dna u borbi protiv ekstremizma i terorizma. Zbog<br \/>\ntoga, &#382;eleo bih da naglasim da ne samo dr&#382;ava ve\u0107 i Islamska zajednica i<br \/>\nrazne interesne grupe treba da uvide gre&#353;ke u govoru mr&#382;nje koje se<br \/>\ntransformi&#353;u u akcije ubijanja.<\/p>\n<p>Ali, isto tako \u010dinimo gre&#353;ku ako dozvolimo da na&#353;a srca zatamne od<br \/>\nstraha i cinizma. Ujedno, ne smemo dozvoliti da se program protiv<br \/>\nfundamentalizma i ekstremizma iskori&#353;\u0107ava u komercijalne svrhe. Ne<br \/>\nmo&#382;emo ostati po strani i kritikovati, vladu, policiju ili verske vo\u0111e,<br \/>\npodsmevaju\u0107i i vre\u0111aju\u0107i njih, ili negiranjem njihovog anga&#382;mana ili<br \/>\nuloge koje imaju u dru&#353;tvu.<\/p>\n<p>Dozvolite mi da ponovo citiram Papa Franju iz jednog ranijeg govora:<br \/>\n&#8220;Dijalog, sa svime &#353;to nosi sa sobom, podse\u0107a nas da niko ne mo&#382;e ostati<br \/>\nsamo posmatra\u010d sa strane. Bitka se dobija samo direktnim suo\u010davanjem sa<br \/>\nnjom. Svako, od najmla\u0111eg do najstarijeg treba da igra aktivnu ulogu u<br \/>\nizgradnji integrisanog i pomirljivog dru&#353;tva. Ova kultura dijaloga mo&#382;e<br \/>\ndo\u0107i samo u slu\u010daju da svako od nas ima zna\u010dajnu ulogu u planiranju,<br \/>\nizgradnji i ja\u010danju dijaloga. Situacija danas nam ne omogu\u0107ava da<br \/>\nostajemo po strani i posmatramo probleme drugih. Istina je suprotna,<br \/>\ntreba da nas na sna&#382;an na\u010din\u00a0 inspiri&#353;e da preuzimamo dru&#353;tvenu i li\u010dnu<br \/>\nodgovornost da radimo na dijalogu, razumevanju i pomirenju.<\/p>\n<p>Dakle, dragi gosti, mi i vi imamo obavezu da aktivno u\u010destvujemo u<br \/>\ndijalogu, da afirmi&#353;emo vrednosti ljubavi, a ne da ostanemo po strani i<br \/>\nda se me\u0111usobno optu&#382;ujemo ili, jo&#353; i gore, da ostanemo posmatra\u010di ne<br \/>\ndaju\u0107i ni najmanji doprinos u afirmisanju dijaloga. A to se mo&#382;e posti\u0107i<br \/>\nsamo uz anga&#382;ovanje svih, institucija zemlje, svih mehanizama zemlje,<br \/>\ncivilnog dru&#353;tva, medija i svih osoba koje imaju uticaja na javno<br \/>\nmnjenje. Sa moje i strane i sa strane institucija na Kosovu, sva ova<br \/>\nmi&#353;ljenja i svi ovi stavovi \u0107e imati kontinuirano partnerstvo. <\/p>\n<p>Kona\u010dno, imam \u010dast da danas pri\u010dam pred vama i da vam \u010destitam na<br \/>\notvaranju ove konferencije pete po redu po&#382;ele\u0107i vam sre\u0107an rad. Verujem<br \/>\nda \u0107ete imati potpuni uspeh u raspravi o pitanjima koja se mogu<br \/>\npokrenuti ovde, zato ho\u0107u da verujem da platforma izgra\u0111ena od vas \u0107e<br \/>\nbiti aktivna platforma i za nas.<\/p>\n<p>Neka je mir sa vama i Bog vas blagoslovio.<\/p>\n","protected":false},"excerpt":{"rendered":"<p>Ovo je prvi put da je Kosovo ugostilo dva nobelovca za mir i meni je \u010dast da vas danas pozdravljam kao predsednik zemlje i da vam \u010destitam na va&#353;em velikom doprinosu koji ste dali u va&#353;im zemljama ali i u svetu, o porukama mira, dijaloga i afirmacije uloge &#382;ena u suprotstavljanju svim oblicima diskriminacije i mr&#382;nje.<\/p>\n","protected":false},"author":1,"featured_media":33947,"comment_status":"open","ping_status":"closed","sticky":false,"template":"","format":"standard","meta":{"_eb_attr":"","footnotes":""},"categories":[106],"tags":[],"class_list":["post-76769","post","type-post","status-publish","format-standard","has-post-thumbnail","hentry","category-govori"],"yoast_head":"<!-- This site is optimized with the Yoast SEO plugin v23.5 - https:\/\/yoast.com\/wordpress\/plugins\/seo\/ -->\n<title>Govor Predsednika Republike Kosovo, Hashima Tha\u00e7ija, na petoj me\u0111uverskoj konferenciji na Kosovu - Predsednik Republike Kosovo - DR. VJOSA OSMANI - SADRIU<\/title>\n<meta name=\"description\" content=\"Govor Predsednika Republike Kosovo, Hashima Tha\u00e7ija, na petoj me\u0111uverskoj konferenciji na Kosovu - Predsednik Republike Kosovo - DR. VJOSA OSMANI - SADRIU -\" \/>\n<meta name=\"robots\" content=\"index, follow, max-snippet:-1, max-image-preview:large, max-video-preview:-1\" \/>\n<link rel=\"canonical\" href=\"https:\/\/president-ksgov.net\/sr\/govor-predsednika-republike-kosovo-hashima-thacija-na-petoj-medjuverskoj-konferenciji-na-kosovu\/\" \/>\n<meta property=\"og:locale\" content=\"sr_RS\" \/>\n<meta property=\"og:type\" content=\"article\" \/>\n<meta property=\"og:title\" content=\"Govor Predsednika Republike Kosovo, Hashima Tha\u00e7ija, na petoj me\u0111uverskoj konferenciji na Kosovu - Predsednik Republike Kosovo - DR. VJOSA OSMANI - SADRIU\" \/>\n<meta property=\"og:description\" content=\"Govor Predsednika Republike Kosovo, Hashima Tha\u00e7ija, na petoj me\u0111uverskoj konferenciji na Kosovu - Predsednik Republike Kosovo - DR. VJOSA OSMANI - SADRIU -\" \/>\n<meta property=\"og:url\" content=\"https:\/\/president-ksgov.net\/sr\/govor-predsednika-republike-kosovo-hashima-thacija-na-petoj-medjuverskoj-konferenciji-na-kosovu\/\" \/>\n<meta property=\"og:site_name\" content=\"Predsednik Republike Kosovo - DR. VJOSA OSMANI - SADRIU\" \/>\n<meta property=\"article:published_time\" content=\"2016-05-31T15:48:11+00:00\" \/>\n<meta property=\"article:modified_time\" content=\"2023-03-08T09:01:40+00:00\" \/>\n<meta property=\"og:image\" content=\"https:\/\/president-ksgov.net\/wp-content\/uploads\/03_06_2016_5800636_Photo1.jpg\" \/>\n\t<meta property=\"og:image:width\" content=\"2400\" \/>\n\t<meta property=\"og:image:height\" content=\"1600\" \/>\n\t<meta property=\"og:image:type\" content=\"image\/jpeg\" \/>\n<meta name=\"author\" content=\"admin\" \/>\n<meta name=\"twitter:card\" content=\"summary_large_image\" \/>\n<meta name=\"twitter:label1\" content=\"\u041d\u0430\u043f\u0438\u0441\u0430\u043d\u043e \u043e\u0434\" \/>\n\t<meta name=\"twitter:data1\" content=\"admin\" \/>\n\t<meta name=\"twitter:label2\" content=\"\u041f\u0440\u043e\u0446\u0435\u045a\u0435\u043d\u043e \u0432\u0440\u0435\u043c\u0435 \u0447\u0438\u0442\u0430\u045a\u0430\" \/>\n\t<meta name=\"twitter:data2\" content=\"10 \u043c\u0438\u043d\u0443\u0442\u0430\" \/>\n<script type=\"application\/ld+json\" class=\"yoast-schema-graph\">{\"@context\":\"https:\/\/schema.org\",\"@graph\":[{\"@type\":\"WebPage\",\"@id\":\"https:\/\/president-ksgov.net\/sr\/govor-predsednika-republike-kosovo-hashima-thacija-na-petoj-medjuverskoj-konferenciji-na-kosovu\/\",\"url\":\"https:\/\/president-ksgov.net\/sr\/govor-predsednika-republike-kosovo-hashima-thacija-na-petoj-medjuverskoj-konferenciji-na-kosovu\/\",\"name\":\"Govor Predsednika Republike Kosovo, Hashima Tha\u00e7ija, na petoj me\u0111uverskoj konferenciji na Kosovu - Predsednik Republike Kosovo - DR. VJOSA OSMANI - SADRIU\",\"isPartOf\":{\"@id\":\"https:\/\/president-ksgov.net\/#website\"},\"primaryImageOfPage\":{\"@id\":\"https:\/\/president-ksgov.net\/sr\/govor-predsednika-republike-kosovo-hashima-thacija-na-petoj-medjuverskoj-konferenciji-na-kosovu\/#primaryimage\"},\"image\":{\"@id\":\"https:\/\/president-ksgov.net\/sr\/govor-predsednika-republike-kosovo-hashima-thacija-na-petoj-medjuverskoj-konferenciji-na-kosovu\/#primaryimage\"},\"thumbnailUrl\":\"https:\/\/president-ksgov.net\/wp-content\/uploads\/03_06_2016_5800636_Photo1.jpg\",\"datePublished\":\"2016-05-31T15:48:11+00:00\",\"dateModified\":\"2023-03-08T09:01:40+00:00\",\"author\":{\"@id\":\"https:\/\/president-ksgov.net\/#\/schema\/person\/bb4337a5fb147cb2046d80548172cbee\"},\"description\":\"Govor Predsednika Republike Kosovo, Hashima Tha\u00e7ija, na petoj me\u0111uverskoj konferenciji na Kosovu - Predsednik Republike Kosovo - DR. VJOSA OSMANI - SADRIU -\",\"breadcrumb\":{\"@id\":\"https:\/\/president-ksgov.net\/sr\/govor-predsednika-republike-kosovo-hashima-thacija-na-petoj-medjuverskoj-konferenciji-na-kosovu\/#breadcrumb\"},\"inLanguage\":\"sr-RS\",\"potentialAction\":[{\"@type\":\"ReadAction\",\"target\":[\"https:\/\/president-ksgov.net\/sr\/govor-predsednika-republike-kosovo-hashima-thacija-na-petoj-medjuverskoj-konferenciji-na-kosovu\/\"]}]},{\"@type\":\"ImageObject\",\"inLanguage\":\"sr-RS\",\"@id\":\"https:\/\/president-ksgov.net\/sr\/govor-predsednika-republike-kosovo-hashima-thacija-na-petoj-medjuverskoj-konferenciji-na-kosovu\/#primaryimage\",\"url\":\"https:\/\/president-ksgov.net\/wp-content\/uploads\/03_06_2016_5800636_Photo1.jpg\",\"contentUrl\":\"https:\/\/president-ksgov.net\/wp-content\/uploads\/03_06_2016_5800636_Photo1.jpg\",\"width\":2400,\"height\":1600},{\"@type\":\"BreadcrumbList\",\"@id\":\"https:\/\/president-ksgov.net\/sr\/govor-predsednika-republike-kosovo-hashima-thacija-na-petoj-medjuverskoj-konferenciji-na-kosovu\/#breadcrumb\",\"itemListElement\":[{\"@type\":\"ListItem\",\"position\":1,\"name\":\"Home\",\"item\":\"https:\/\/president-ksgov.net\/sr\/\"},{\"@type\":\"ListItem\",\"position\":2,\"name\":\"Govor Predsednika Republike Kosovo, Hashima Tha\u00e7ija, na petoj me\u0111uverskoj konferenciji na Kosovu\"}]},{\"@type\":\"WebSite\",\"@id\":\"https:\/\/president-ksgov.net\/#website\",\"url\":\"https:\/\/president-ksgov.net\/\",\"name\":\"Presidente e Republik\u00ebs s\u00eb Kosov\u00ebs\",\"description\":\"Presidente e Republik\u00ebs s\u00eb Kosov\u00ebs\",\"alternateName\":\"DR. VJOSA OSMANI - SADRIU\",\"potentialAction\":[{\"@type\":\"SearchAction\",\"target\":{\"@type\":\"EntryPoint\",\"urlTemplate\":\"https:\/\/president-ksgov.net\/?s={search_term_string}\"},\"query-input\":{\"@type\":\"PropertyValueSpecification\",\"valueRequired\":true,\"valueName\":\"search_term_string\"}}],\"inLanguage\":\"sr-RS\"},{\"@type\":\"Person\",\"@id\":\"https:\/\/president-ksgov.net\/#\/schema\/person\/bb4337a5fb147cb2046d80548172cbee\",\"name\":\"admin\",\"image\":{\"@type\":\"ImageObject\",\"inLanguage\":\"sr-RS\",\"@id\":\"https:\/\/president-ksgov.net\/#\/schema\/person\/image\/\",\"url\":\"https:\/\/secure.gravatar.com\/avatar\/36156ca0fa3b8d9d25174f146e16beea0cf28f37adf1b9e19b6c9c279a7c9dd3?s=96&d=mm&r=g\",\"contentUrl\":\"https:\/\/secure.gravatar.com\/avatar\/36156ca0fa3b8d9d25174f146e16beea0cf28f37adf1b9e19b6c9c279a7c9dd3?s=96&d=mm&r=g\",\"caption\":\"admin\"},\"sameAs\":[\"https:\/\/president-ksgov.net\"]}]}<\/script>\n<!-- \/ Yoast SEO plugin. -->","yoast_head_json":{"title":"Govor Predsednika Republike Kosovo, Hashima Tha\u00e7ija, na petoj me\u0111uverskoj konferenciji na Kosovu - Predsednik Republike Kosovo - DR. VJOSA OSMANI - SADRIU","description":"Govor Predsednika Republike Kosovo, Hashima Tha\u00e7ija, na petoj me\u0111uverskoj konferenciji na Kosovu - Predsednik Republike Kosovo - DR. VJOSA OSMANI - SADRIU -","robots":{"index":"index","follow":"follow","max-snippet":"max-snippet:-1","max-image-preview":"max-image-preview:large","max-video-preview":"max-video-preview:-1"},"canonical":"https:\/\/president-ksgov.net\/sr\/govor-predsednika-republike-kosovo-hashima-thacija-na-petoj-medjuverskoj-konferenciji-na-kosovu\/","og_locale":"sr_RS","og_type":"article","og_title":"Govor Predsednika Republike Kosovo, Hashima Tha\u00e7ija, na petoj me\u0111uverskoj konferenciji na Kosovu - Predsednik Republike Kosovo - DR. VJOSA OSMANI - SADRIU","og_description":"Govor Predsednika Republike Kosovo, Hashima Tha\u00e7ija, na petoj me\u0111uverskoj konferenciji na Kosovu - Predsednik Republike Kosovo - DR. VJOSA OSMANI - SADRIU -","og_url":"https:\/\/president-ksgov.net\/sr\/govor-predsednika-republike-kosovo-hashima-thacija-na-petoj-medjuverskoj-konferenciji-na-kosovu\/","og_site_name":"Predsednik Republike Kosovo - DR. VJOSA OSMANI - SADRIU","article_published_time":"2016-05-31T15:48:11+00:00","article_modified_time":"2023-03-08T09:01:40+00:00","og_image":[{"width":2400,"height":1600,"url":"https:\/\/president-ksgov.net\/wp-content\/uploads\/03_06_2016_5800636_Photo1.jpg","type":"image\/jpeg"}],"author":"admin","twitter_card":"summary_large_image","twitter_misc":{"\u041d\u0430\u043f\u0438\u0441\u0430\u043d\u043e \u043e\u0434":"admin","\u041f\u0440\u043e\u0446\u0435\u045a\u0435\u043d\u043e \u0432\u0440\u0435\u043c\u0435 \u0447\u0438\u0442\u0430\u045a\u0430":"10 \u043c\u0438\u043d\u0443\u0442\u0430"},"schema":{"@context":"https:\/\/schema.org","@graph":[{"@type":"WebPage","@id":"https:\/\/president-ksgov.net\/sr\/govor-predsednika-republike-kosovo-hashima-thacija-na-petoj-medjuverskoj-konferenciji-na-kosovu\/","url":"https:\/\/president-ksgov.net\/sr\/govor-predsednika-republike-kosovo-hashima-thacija-na-petoj-medjuverskoj-konferenciji-na-kosovu\/","name":"Govor Predsednika Republike Kosovo, Hashima Tha\u00e7ija, na petoj me\u0111uverskoj konferenciji na Kosovu - Predsednik Republike Kosovo - DR. VJOSA OSMANI - SADRIU","isPartOf":{"@id":"https:\/\/president-ksgov.net\/#website"},"primaryImageOfPage":{"@id":"https:\/\/president-ksgov.net\/sr\/govor-predsednika-republike-kosovo-hashima-thacija-na-petoj-medjuverskoj-konferenciji-na-kosovu\/#primaryimage"},"image":{"@id":"https:\/\/president-ksgov.net\/sr\/govor-predsednika-republike-kosovo-hashima-thacija-na-petoj-medjuverskoj-konferenciji-na-kosovu\/#primaryimage"},"thumbnailUrl":"https:\/\/president-ksgov.net\/wp-content\/uploads\/03_06_2016_5800636_Photo1.jpg","datePublished":"2016-05-31T15:48:11+00:00","dateModified":"2023-03-08T09:01:40+00:00","author":{"@id":"https:\/\/president-ksgov.net\/#\/schema\/person\/bb4337a5fb147cb2046d80548172cbee"},"description":"Govor Predsednika Republike Kosovo, Hashima Tha\u00e7ija, na petoj me\u0111uverskoj konferenciji na Kosovu - Predsednik Republike Kosovo - DR. VJOSA OSMANI - SADRIU -","breadcrumb":{"@id":"https:\/\/president-ksgov.net\/sr\/govor-predsednika-republike-kosovo-hashima-thacija-na-petoj-medjuverskoj-konferenciji-na-kosovu\/#breadcrumb"},"inLanguage":"sr-RS","potentialAction":[{"@type":"ReadAction","target":["https:\/\/president-ksgov.net\/sr\/govor-predsednika-republike-kosovo-hashima-thacija-na-petoj-medjuverskoj-konferenciji-na-kosovu\/"]}]},{"@type":"ImageObject","inLanguage":"sr-RS","@id":"https:\/\/president-ksgov.net\/sr\/govor-predsednika-republike-kosovo-hashima-thacija-na-petoj-medjuverskoj-konferenciji-na-kosovu\/#primaryimage","url":"https:\/\/president-ksgov.net\/wp-content\/uploads\/03_06_2016_5800636_Photo1.jpg","contentUrl":"https:\/\/president-ksgov.net\/wp-content\/uploads\/03_06_2016_5800636_Photo1.jpg","width":2400,"height":1600},{"@type":"BreadcrumbList","@id":"https:\/\/president-ksgov.net\/sr\/govor-predsednika-republike-kosovo-hashima-thacija-na-petoj-medjuverskoj-konferenciji-na-kosovu\/#breadcrumb","itemListElement":[{"@type":"ListItem","position":1,"name":"Home","item":"https:\/\/president-ksgov.net\/sr\/"},{"@type":"ListItem","position":2,"name":"Govor Predsednika Republike Kosovo, Hashima Tha\u00e7ija, na petoj me\u0111uverskoj konferenciji na Kosovu"}]},{"@type":"WebSite","@id":"https:\/\/president-ksgov.net\/#website","url":"https:\/\/president-ksgov.net\/","name":"Presidente e Republik\u00ebs s\u00eb Kosov\u00ebs","description":"Presidente e Republik\u00ebs s\u00eb Kosov\u00ebs","alternateName":"DR. VJOSA OSMANI - SADRIU","potentialAction":[{"@type":"SearchAction","target":{"@type":"EntryPoint","urlTemplate":"https:\/\/president-ksgov.net\/?s={search_term_string}"},"query-input":{"@type":"PropertyValueSpecification","valueRequired":true,"valueName":"search_term_string"}}],"inLanguage":"sr-RS"},{"@type":"Person","@id":"https:\/\/president-ksgov.net\/#\/schema\/person\/bb4337a5fb147cb2046d80548172cbee","name":"admin","image":{"@type":"ImageObject","inLanguage":"sr-RS","@id":"https:\/\/president-ksgov.net\/#\/schema\/person\/image\/","url":"https:\/\/secure.gravatar.com\/avatar\/36156ca0fa3b8d9d25174f146e16beea0cf28f37adf1b9e19b6c9c279a7c9dd3?s=96&d=mm&r=g","contentUrl":"https:\/\/secure.gravatar.com\/avatar\/36156ca0fa3b8d9d25174f146e16beea0cf28f37adf1b9e19b6c9c279a7c9dd3?s=96&d=mm&r=g","caption":"admin"},"sameAs":["https:\/\/president-ksgov.net"]}]}},"_links":{"self":[{"href":"https:\/\/president-ksgov.net\/sr\/wp-json\/wp\/v2\/posts\/76769","targetHints":{"allow":["GET"]}}],"collection":[{"href":"https:\/\/president-ksgov.net\/sr\/wp-json\/wp\/v2\/posts"}],"about":[{"href":"https:\/\/president-ksgov.net\/sr\/wp-json\/wp\/v2\/types\/post"}],"author":[{"embeddable":true,"href":"https:\/\/president-ksgov.net\/sr\/wp-json\/wp\/v2\/users\/1"}],"replies":[{"embeddable":true,"href":"https:\/\/president-ksgov.net\/sr\/wp-json\/wp\/v2\/comments?post=76769"}],"version-history":[{"count":1,"href":"https:\/\/president-ksgov.net\/sr\/wp-json\/wp\/v2\/posts\/76769\/revisions"}],"predecessor-version":[{"id":81561,"href":"https:\/\/president-ksgov.net\/sr\/wp-json\/wp\/v2\/posts\/76769\/revisions\/81561"}],"wp:featuredmedia":[{"embeddable":true,"href":"https:\/\/president-ksgov.net\/sr\/wp-json\/wp\/v2\/media\/33947"}],"wp:attachment":[{"href":"https:\/\/president-ksgov.net\/sr\/wp-json\/wp\/v2\/media?parent=76769"}],"wp:term":[{"taxonomy":"category","embeddable":true,"href":"https:\/\/president-ksgov.net\/sr\/wp-json\/wp\/v2\/categories?post=76769"},{"taxonomy":"post_tag","embeddable":true,"href":"https:\/\/president-ksgov.net\/sr\/wp-json\/wp\/v2\/tags?post=76769"}],"curies":[{"name":"wp","href":"https:\/\/api.w.org\/{rel}","templated":true}]}}