{"id":76765,"date":"2016-06-08T16:45:27","date_gmt":"2016-06-08T14:45:27","guid":{"rendered":"https:\/\/dev.president-ksgov.net\/predsednik-thaci-u-nato-u-trai-da-kosovo-postane-deo-saveza\/"},"modified":"2016-06-08T16:45:27","modified_gmt":"2016-06-08T16:45:27","slug":"predsednik-thaci-u-nato-u-trai-da-kosovo-postane-deo-saveza","status":"publish","type":"post","link":"https:\/\/president-ksgov.net\/sr\/predsednik-thaci-u-nato-u-trai-da-kosovo-postane-deo-saveza\/","title":{"rendered":"Predsednik Tha\u00e7i u NATO-u, tra&#158;i da Kosovo postane deo Saveza"},"content":{"rendered":"<p>Brisel, 8. jun 2016.  &#8211; Predsednik Republike Kosova, Hashim Tha\u00e7i, prvog dana njegove posete Briselu, odr&#382;ao je sastanak sa generalnim sekretarom NATO-a, Jens-om Stoltenberg-om.<\/p>\n<p>Na sastanku se razgovaralo o zapo\u010dinjanju politi\u010dkog dijaloga izme\u0111u Kosova i NATO-a, kao i o saradnji Sigurnosnih snaga Kosova (SSK) sa Severnoatlantskim savezom.<\/p>\n<p>Oba lidera su potvrdila njihovo interesovanje za dalji razvoj odnosa izme\u0111u NATO-a i Kosova.<\/p>\n<p>Predsednik\u00a0 Tha\u00e7i je rekao da su SSK spremne da u\u010destvuju u manevrima, ali i da doprinesu u misijama NATO-a za o\u010duvanje mira, pogotovu na poljima na kojima su specijalizovane i na kojima SSK imaju iskustva. &#8222;Kosovo je odlu\u010dno u tome da postane \u010dlanica NATO-a&#8220;, rekao je predsednik Tha\u00e7i.<\/p>\n<p>Sekretar Stolteberg i predsednik Tha\u00e7i su razgovarali i o posve\u0107enosti Kosova prema izazovima na polju sigurnosti- kao &#353;to radikalizam i terorizam. Tim povodom, predsednik Tha\u00e7i je rekao da \u0107e Kosovo ostati odlu\u010dno da se bez kompromisa bori protiv svakog ekstremizma i radikalizma.<\/p>\n<p>S druge strane, generalni sekretar NATO-a, Jens Stoltenberg, je naglasio da je da \u0107e KFOR nastaviti njegovu misiju radi stvaranja sigurnije sredine na Kosovu i da \u0107e garantovati slobodu kretanja onoliko vremena koliko to bude bilo potrebno.<\/p>\n<p>Generalni sekretar je ocenio da \u0107e bilo kakva redukcija broja snaga NATO-a na Kosovu biti zasnovana pobolj&#353;anjem uslova na terenu.<\/p>\n<p>Na ovom sastanku se razgovaralo i o osnivanju Naoru&#382;anih snaga Kosova. Tokom posete centralnom sedi&#353;tu NATO-a, predsedniku Tha\u00e7i-ju je organizovana jo&#353; jedna informativna poseta o istoriji Severnoatlantskog saveza.<\/p>\n","protected":false},"excerpt":{"rendered":"<p>Brisel, 8. jun 2016.  &#8211; Predsednik Republike Kosova, Hashim Tha\u00e7i, prvog dana njegove posete Briselu, odr&#382;ao je sastanak sa generalnim sekretarom NATO-a, Jens-om Stoltenberg-om.<\/p>\n","protected":false},"author":1,"featured_media":33883,"comment_status":"open","ping_status":"closed","sticky":false,"template":"","format":"standard","meta":{"_eb_attr":"","footnotes":""},"categories":[114,101],"tags":[],"class_list":["post-76765","post","type-post","status-publish","format-standard","has-post-thumbnail","hentry","category-medunarodne-posete","category-vesti"],"yoast_head":"<!-- This site is optimized with the Yoast SEO plugin v23.5 - https:\/\/yoast.com\/wordpress\/plugins\/seo\/ -->\n<title>Predsednik Tha\u00e7i u NATO-u, tra&#158;i da Kosovo postane deo Saveza - Predsednik Republike Kosovo - DR. VJOSA OSMANI - SADRIU<\/title>\n<meta name=\"description\" content=\"Predsednik Tha\u00e7i u NATO-u, tra&#158;i da Kosovo postane deo Saveza - Predsednik Republike Kosovo - DR. VJOSA OSMANI - SADRIU -\" \/>\n<meta name=\"robots\" content=\"index, follow, max-snippet:-1, max-image-preview:large, max-video-preview:-1\" \/>\n<link rel=\"canonical\" href=\"https:\/\/president-ksgov.net\/sr\/predsednik-thaci-u-nato-u-trai-da-kosovo-postane-deo-saveza\/\" \/>\n<meta property=\"og:locale\" content=\"sr_RS\" \/>\n<meta property=\"og:type\" content=\"article\" \/>\n<meta property=\"og:title\" content=\"Predsednik Tha\u00e7i u NATO-u, tra&#158;i da Kosovo postane deo Saveza - Predsednik Republike Kosovo - DR. VJOSA OSMANI - SADRIU\" \/>\n<meta property=\"og:description\" content=\"Predsednik Tha\u00e7i u NATO-u, tra&#158;i da Kosovo postane deo Saveza - Predsednik Republike Kosovo - DR. VJOSA OSMANI - SADRIU -\" \/>\n<meta property=\"og:url\" content=\"https:\/\/president-ksgov.net\/sr\/predsednik-thaci-u-nato-u-trai-da-kosovo-postane-deo-saveza\/\" \/>\n<meta property=\"og:site_name\" content=\"Predsednik Republike Kosovo - DR. VJOSA OSMANI - SADRIU\" \/>\n<meta property=\"article:published_time\" content=\"2016-06-08T14:45:27+00:00\" \/>\n<meta property=\"article:modified_time\" content=\"2016-06-08T16:45:27+00:00\" \/>\n<meta property=\"og:image\" content=\"https:\/\/president-ksgov.net\/wp-content\/uploads\/08_06_2016_2834084_B_002.jpg\" \/>\n\t<meta property=\"og:image:width\" content=\"2400\" \/>\n\t<meta property=\"og:image:height\" content=\"1600\" \/>\n\t<meta property=\"og:image:type\" content=\"image\/jpeg\" \/>\n<meta name=\"author\" content=\"admin\" \/>\n<meta name=\"twitter:card\" content=\"summary_large_image\" \/>\n<meta name=\"twitter:label1\" content=\"\u041d\u0430\u043f\u0438\u0441\u0430\u043d\u043e \u043e\u0434\" \/>\n\t<meta name=\"twitter:data1\" content=\"admin\" \/>\n\t<meta name=\"twitter:label2\" content=\"\u041f\u0440\u043e\u0446\u0435\u045a\u0435\u043d\u043e \u0432\u0440\u0435\u043c\u0435 \u0447\u0438\u0442\u0430\u045a\u0430\" \/>\n\t<meta name=\"twitter:data2\" content=\"1 \u043c\u0438\u043d\u0443\u0442\" \/>\n<script type=\"application\/ld+json\" class=\"yoast-schema-graph\">{\"@context\":\"https:\/\/schema.org\",\"@graph\":[{\"@type\":\"WebPage\",\"@id\":\"https:\/\/president-ksgov.net\/sr\/predsednik-thaci-u-nato-u-trai-da-kosovo-postane-deo-saveza\/\",\"url\":\"https:\/\/president-ksgov.net\/sr\/predsednik-thaci-u-nato-u-trai-da-kosovo-postane-deo-saveza\/\",\"name\":\"Predsednik Tha\u00e7i u NATO-u, tra&#158;i da Kosovo postane deo Saveza - Predsednik Republike Kosovo - DR. VJOSA OSMANI - SADRIU\",\"isPartOf\":{\"@id\":\"https:\/\/president-ksgov.net\/#website\"},\"primaryImageOfPage\":{\"@id\":\"https:\/\/president-ksgov.net\/sr\/predsednik-thaci-u-nato-u-trai-da-kosovo-postane-deo-saveza\/#primaryimage\"},\"image\":{\"@id\":\"https:\/\/president-ksgov.net\/sr\/predsednik-thaci-u-nato-u-trai-da-kosovo-postane-deo-saveza\/#primaryimage\"},\"thumbnailUrl\":\"https:\/\/president-ksgov.net\/wp-content\/uploads\/08_06_2016_2834084_B_002.jpg\",\"datePublished\":\"2016-06-08T14:45:27+00:00\",\"dateModified\":\"2016-06-08T16:45:27+00:00\",\"author\":{\"@id\":\"https:\/\/president-ksgov.net\/#\/schema\/person\/bb4337a5fb147cb2046d80548172cbee\"},\"description\":\"Predsednik Tha\u00e7i u NATO-u, tra&#158;i da Kosovo postane deo Saveza - Predsednik Republike Kosovo - DR. VJOSA OSMANI - SADRIU -\",\"breadcrumb\":{\"@id\":\"https:\/\/president-ksgov.net\/sr\/predsednik-thaci-u-nato-u-trai-da-kosovo-postane-deo-saveza\/#breadcrumb\"},\"inLanguage\":\"sr-RS\",\"potentialAction\":[{\"@type\":\"ReadAction\",\"target\":[\"https:\/\/president-ksgov.net\/sr\/predsednik-thaci-u-nato-u-trai-da-kosovo-postane-deo-saveza\/\"]}]},{\"@type\":\"ImageObject\",\"inLanguage\":\"sr-RS\",\"@id\":\"https:\/\/president-ksgov.net\/sr\/predsednik-thaci-u-nato-u-trai-da-kosovo-postane-deo-saveza\/#primaryimage\",\"url\":\"https:\/\/president-ksgov.net\/wp-content\/uploads\/08_06_2016_2834084_B_002.jpg\",\"contentUrl\":\"https:\/\/president-ksgov.net\/wp-content\/uploads\/08_06_2016_2834084_B_002.jpg\",\"width\":2400,\"height\":1600},{\"@type\":\"BreadcrumbList\",\"@id\":\"https:\/\/president-ksgov.net\/sr\/predsednik-thaci-u-nato-u-trai-da-kosovo-postane-deo-saveza\/#breadcrumb\",\"itemListElement\":[{\"@type\":\"ListItem\",\"position\":1,\"name\":\"Home\",\"item\":\"https:\/\/president-ksgov.net\/sr\/\"},{\"@type\":\"ListItem\",\"position\":2,\"name\":\"Predsednik Tha\u00e7i u NATO-u, tra&#158;i da Kosovo postane deo Saveza\"}]},{\"@type\":\"WebSite\",\"@id\":\"https:\/\/president-ksgov.net\/#website\",\"url\":\"https:\/\/president-ksgov.net\/\",\"name\":\"Presidente e Republik\u00ebs s\u00eb Kosov\u00ebs\",\"description\":\"Presidente e Republik\u00ebs s\u00eb Kosov\u00ebs\",\"alternateName\":\"DR. VJOSA OSMANI - SADRIU\",\"potentialAction\":[{\"@type\":\"SearchAction\",\"target\":{\"@type\":\"EntryPoint\",\"urlTemplate\":\"https:\/\/president-ksgov.net\/?s={search_term_string}\"},\"query-input\":{\"@type\":\"PropertyValueSpecification\",\"valueRequired\":true,\"valueName\":\"search_term_string\"}}],\"inLanguage\":\"sr-RS\"},{\"@type\":\"Person\",\"@id\":\"https:\/\/president-ksgov.net\/#\/schema\/person\/bb4337a5fb147cb2046d80548172cbee\",\"name\":\"admin\",\"image\":{\"@type\":\"ImageObject\",\"inLanguage\":\"sr-RS\",\"@id\":\"https:\/\/president-ksgov.net\/#\/schema\/person\/image\/\",\"url\":\"https:\/\/secure.gravatar.com\/avatar\/36156ca0fa3b8d9d25174f146e16beea0cf28f37adf1b9e19b6c9c279a7c9dd3?s=96&d=mm&r=g\",\"contentUrl\":\"https:\/\/secure.gravatar.com\/avatar\/36156ca0fa3b8d9d25174f146e16beea0cf28f37adf1b9e19b6c9c279a7c9dd3?s=96&d=mm&r=g\",\"caption\":\"admin\"},\"sameAs\":[\"https:\/\/president-ksgov.net\"]}]}<\/script>\n<!-- \/ Yoast SEO plugin. -->","yoast_head_json":{"title":"Predsednik Tha\u00e7i u NATO-u, tra&#158;i da Kosovo postane deo Saveza - Predsednik Republike Kosovo - DR. VJOSA OSMANI - SADRIU","description":"Predsednik Tha\u00e7i u NATO-u, tra&#158;i da Kosovo postane deo Saveza - Predsednik Republike Kosovo - DR. VJOSA OSMANI - SADRIU -","robots":{"index":"index","follow":"follow","max-snippet":"max-snippet:-1","max-image-preview":"max-image-preview:large","max-video-preview":"max-video-preview:-1"},"canonical":"https:\/\/president-ksgov.net\/sr\/predsednik-thaci-u-nato-u-trai-da-kosovo-postane-deo-saveza\/","og_locale":"sr_RS","og_type":"article","og_title":"Predsednik Tha\u00e7i u NATO-u, tra&#158;i da Kosovo postane deo Saveza - Predsednik Republike Kosovo - DR. VJOSA OSMANI - SADRIU","og_description":"Predsednik Tha\u00e7i u NATO-u, tra&#158;i da Kosovo postane deo Saveza - Predsednik Republike Kosovo - DR. VJOSA OSMANI - SADRIU -","og_url":"https:\/\/president-ksgov.net\/sr\/predsednik-thaci-u-nato-u-trai-da-kosovo-postane-deo-saveza\/","og_site_name":"Predsednik Republike Kosovo - DR. VJOSA OSMANI - SADRIU","article_published_time":"2016-06-08T14:45:27+00:00","article_modified_time":"2016-06-08T16:45:27+00:00","og_image":[{"width":2400,"height":1600,"url":"https:\/\/president-ksgov.net\/wp-content\/uploads\/08_06_2016_2834084_B_002.jpg","type":"image\/jpeg"}],"author":"admin","twitter_card":"summary_large_image","twitter_misc":{"\u041d\u0430\u043f\u0438\u0441\u0430\u043d\u043e \u043e\u0434":"admin","\u041f\u0440\u043e\u0446\u0435\u045a\u0435\u043d\u043e \u0432\u0440\u0435\u043c\u0435 \u0447\u0438\u0442\u0430\u045a\u0430":"1 \u043c\u0438\u043d\u0443\u0442"},"schema":{"@context":"https:\/\/schema.org","@graph":[{"@type":"WebPage","@id":"https:\/\/president-ksgov.net\/sr\/predsednik-thaci-u-nato-u-trai-da-kosovo-postane-deo-saveza\/","url":"https:\/\/president-ksgov.net\/sr\/predsednik-thaci-u-nato-u-trai-da-kosovo-postane-deo-saveza\/","name":"Predsednik Tha\u00e7i u NATO-u, tra&#158;i da Kosovo postane deo Saveza - Predsednik Republike Kosovo - DR. VJOSA OSMANI - SADRIU","isPartOf":{"@id":"https:\/\/president-ksgov.net\/#website"},"primaryImageOfPage":{"@id":"https:\/\/president-ksgov.net\/sr\/predsednik-thaci-u-nato-u-trai-da-kosovo-postane-deo-saveza\/#primaryimage"},"image":{"@id":"https:\/\/president-ksgov.net\/sr\/predsednik-thaci-u-nato-u-trai-da-kosovo-postane-deo-saveza\/#primaryimage"},"thumbnailUrl":"https:\/\/president-ksgov.net\/wp-content\/uploads\/08_06_2016_2834084_B_002.jpg","datePublished":"2016-06-08T14:45:27+00:00","dateModified":"2016-06-08T16:45:27+00:00","author":{"@id":"https:\/\/president-ksgov.net\/#\/schema\/person\/bb4337a5fb147cb2046d80548172cbee"},"description":"Predsednik Tha\u00e7i u NATO-u, tra&#158;i da Kosovo postane deo Saveza - Predsednik Republike Kosovo - DR. VJOSA OSMANI - SADRIU -","breadcrumb":{"@id":"https:\/\/president-ksgov.net\/sr\/predsednik-thaci-u-nato-u-trai-da-kosovo-postane-deo-saveza\/#breadcrumb"},"inLanguage":"sr-RS","potentialAction":[{"@type":"ReadAction","target":["https:\/\/president-ksgov.net\/sr\/predsednik-thaci-u-nato-u-trai-da-kosovo-postane-deo-saveza\/"]}]},{"@type":"ImageObject","inLanguage":"sr-RS","@id":"https:\/\/president-ksgov.net\/sr\/predsednik-thaci-u-nato-u-trai-da-kosovo-postane-deo-saveza\/#primaryimage","url":"https:\/\/president-ksgov.net\/wp-content\/uploads\/08_06_2016_2834084_B_002.jpg","contentUrl":"https:\/\/president-ksgov.net\/wp-content\/uploads\/08_06_2016_2834084_B_002.jpg","width":2400,"height":1600},{"@type":"BreadcrumbList","@id":"https:\/\/president-ksgov.net\/sr\/predsednik-thaci-u-nato-u-trai-da-kosovo-postane-deo-saveza\/#breadcrumb","itemListElement":[{"@type":"ListItem","position":1,"name":"Home","item":"https:\/\/president-ksgov.net\/sr\/"},{"@type":"ListItem","position":2,"name":"Predsednik Tha\u00e7i u NATO-u, tra&#158;i da Kosovo postane deo Saveza"}]},{"@type":"WebSite","@id":"https:\/\/president-ksgov.net\/#website","url":"https:\/\/president-ksgov.net\/","name":"Presidente e Republik\u00ebs s\u00eb Kosov\u00ebs","description":"Presidente e Republik\u00ebs s\u00eb Kosov\u00ebs","alternateName":"DR. VJOSA OSMANI - SADRIU","potentialAction":[{"@type":"SearchAction","target":{"@type":"EntryPoint","urlTemplate":"https:\/\/president-ksgov.net\/?s={search_term_string}"},"query-input":{"@type":"PropertyValueSpecification","valueRequired":true,"valueName":"search_term_string"}}],"inLanguage":"sr-RS"},{"@type":"Person","@id":"https:\/\/president-ksgov.net\/#\/schema\/person\/bb4337a5fb147cb2046d80548172cbee","name":"admin","image":{"@type":"ImageObject","inLanguage":"sr-RS","@id":"https:\/\/president-ksgov.net\/#\/schema\/person\/image\/","url":"https:\/\/secure.gravatar.com\/avatar\/36156ca0fa3b8d9d25174f146e16beea0cf28f37adf1b9e19b6c9c279a7c9dd3?s=96&d=mm&r=g","contentUrl":"https:\/\/secure.gravatar.com\/avatar\/36156ca0fa3b8d9d25174f146e16beea0cf28f37adf1b9e19b6c9c279a7c9dd3?s=96&d=mm&r=g","caption":"admin"},"sameAs":["https:\/\/president-ksgov.net"]}]}},"_links":{"self":[{"href":"https:\/\/president-ksgov.net\/sr\/wp-json\/wp\/v2\/posts\/76765","targetHints":{"allow":["GET"]}}],"collection":[{"href":"https:\/\/president-ksgov.net\/sr\/wp-json\/wp\/v2\/posts"}],"about":[{"href":"https:\/\/president-ksgov.net\/sr\/wp-json\/wp\/v2\/types\/post"}],"author":[{"embeddable":true,"href":"https:\/\/president-ksgov.net\/sr\/wp-json\/wp\/v2\/users\/1"}],"replies":[{"embeddable":true,"href":"https:\/\/president-ksgov.net\/sr\/wp-json\/wp\/v2\/comments?post=76765"}],"version-history":[{"count":0,"href":"https:\/\/president-ksgov.net\/sr\/wp-json\/wp\/v2\/posts\/76765\/revisions"}],"wp:featuredmedia":[{"embeddable":true,"href":"https:\/\/president-ksgov.net\/sr\/wp-json\/wp\/v2\/media\/33883"}],"wp:attachment":[{"href":"https:\/\/president-ksgov.net\/sr\/wp-json\/wp\/v2\/media?parent=76765"}],"wp:term":[{"taxonomy":"category","embeddable":true,"href":"https:\/\/president-ksgov.net\/sr\/wp-json\/wp\/v2\/categories?post=76765"},{"taxonomy":"post_tag","embeddable":true,"href":"https:\/\/president-ksgov.net\/sr\/wp-json\/wp\/v2\/tags?post=76765"}],"curies":[{"name":"wp","href":"https:\/\/api.w.org\/{rel}","templated":true}]}}