{"id":76761,"date":"2016-06-13T16:50:43","date_gmt":"2016-06-13T16:50:43","guid":{"rendered":"https:\/\/dev.president-ksgov.net\/predsednk-thaci-ucestvovao-je-na-obeleavanju-90-godinjice-kole-u-turicevcu\/"},"modified":"2016-06-13T16:50:43","modified_gmt":"2016-06-13T16:50:43","slug":"predsednk-thaci-ucestvovao-je-na-obeleavanju-90-godinjice-kole-u-turicevcu","status":"publish","type":"post","link":"https:\/\/president-ksgov.net\/sr\/predsednk-thaci-ucestvovao-je-na-obeleavanju-90-godinjice-kole-u-turicevcu\/","title":{"rendered":"Predsednk Tha\u00e7i u\u010destvovao je na obele&#158;avanju 90. godi&#154;njice &#154;kole u Turi\u0107evcu"},"content":{"rendered":"<p>Sk\u00ebnderaj, 13. Jun 2016. god. &#8211; Predsednik Republike Kosova, Hashim Tha\u00e7i u\u010destvovao je danas na obele&#382;avanju   90. godi&#353;njice ni&#382;e osnovne i srednje &#353;kole u Turi\u0107evcu  &#8211;  Sk\u00ebnderaj, jedne od prvih &#353;kola u  regiji Drenice.<\/p>\n<p>Me\u0111u mnogim gostima, prisutni su bili i potpredsednik op&#353;tine Sk\u00ebnderaj, Fadil Nura, Ministar za obrazovanje, nauku i tehnologiju, Arsim Bajrami, Ministar spoljnih poslova, Enver Hoxhaj, Ministar za evropske integracije, Bekim \u00c7ollaku, veterani prosvete, intelektualci i akademici, kao i nastavnici iz regije Drenice.<br \/>\n\u00a0<br \/>\nPredsednik Tha\u00e7i je rekao da zna\u010daj ove &#353;kole za ovu regiju i &#353;ire se ne odnosi samo na lokaciji u koju se nalazi, nego i na kadrove koje ona proizvodi. Predsjednik se zahvalio svima koji su dali svoj doprinos od prvog u\u010ditelja do mladih generacija u\u010ditelja i nastavnika, koji su svojom privr&#382;eno&#353;\u0107u, obrazovanjem, vaspitanjem, profesionalizmom, mudro&#353;\u0107u i patriotizmom stvorili pokoljenja koja su mnogo dala za dr&#382;avu Kosovo. <\/p>\n<p>&#352;ef dr&#382;ave je rekao da ova &#353;kola ima sli\u010dnu historiju kao i Kosovo. Ova &#353;kola, prema njemu, otvorena je izme\u0111u dva svetska rata.<br \/>\n\u00a0<br \/>\n&#8220;Otvorena je u vreme kada se ova regija Drenice priklju\u010dila oslobodila\u010dkim \u010detama Azema Bejte i Shote Galice, da bi nastavila dalje u godinama odlu\u010dnosti za oslobo\u0111enje zemlje i da bi do&#353;li do po\u010detka nastave na albanskom jeziku, u toku 1941-1943. god.&#8221;, rekao je predsednik Tha\u00e7i.<br \/>\n\u00a0<br \/>\nPotom je Tha\u00e7i rekao da je do&#353;ao doprinos, anga&#382;ovanje i aktivnost ovih ljudi ovde, koje su predvodili Shaban Polluzha i Mehmet Gradica, vo\u0111e slavnog otpora Drenice, Albanaca i celog Kosova, kako bi jednom za sva vremena rekli ne ostajanju pod Jugoslavijom i rekli ne jugoslovenskom komunizmu.<br \/>\n\u00a0<br \/>\nU nastavku je predsednik Tha\u00e7i naglasio da je Drenica jedna od zona koja je pru&#382;ila najvi&#353;e otpora protiv srpskog okupatora i protiv ideologije zla i koja je, nakon Drugog svetskog rata, nastavila sa naporima i po&#382;rtvovanjem za pre&#382;ivljavanje, za normalan &#382;ivot, kako bi iza&#353;la iz izolacije i diskriminacije koje je bilo u svim oblastima &#382;ivota. Prema predsedniku Tha\u00e7iju, svi ovi napori i demonstracije u godinama u nastavku kulminirali su oru&#382;anim otporom, upravo gde se i o\u010dekivalo i gde je trebalo da izbije &#8211; ponovo u Drenici, u kuli Shaban- Jasharija i legendarnog komandanta, Adema Jasharija.<br \/>\n\u00a0<br \/>\n&#8220;Sada obele&#382;avamo 17-godi&#353;njicu slobode Kosova, 17. godina napora, 17. godina rada, 17. godina prozapadne vizije i cilja. 17. godina uspeha za Kosovo. Znam da je to malo za jednu zemlju i jedan narod ali morali smo da nadoknadimo izgubljene godine i decenije u ovih 17. godina &#8221;, rekao je predsednik Tha\u00e7i.<br \/>\n\u00a0<br \/>\nU vezi zadnjih doga\u0111aja u zemlji, predsednik, Tha\u00e7i je istakao da je budu\u0107nost Kosava sigurna jer je ove godine potpisan Sporazum za stabilizaciju i asocijaciju, prvi kontraktualni sporazum izme\u0111u dr&#382;ave Republike Kosova i Evropske unije.<br \/>\n\u00a0<br \/>\n&#8220;Ve\u0107 sada, mladi Kosova \u0107e biti kao svi mladi Evrope. Nakon preporuke Evropske Komisije , gra\u0111ani Kosova ste\u0107i \u0107e pravo liberalizacije viza. Talenti koji su iza&#353;li i koji \u0107e iza\u0107i iz ove &#353;kole i regije, ima\u0107e mogu\u0107nost da posle \u010dlanstva Kosova u UEFA i FIFA, u\u010destvuju i takmi\u010de, bilo u fudbalu i ostale sportove u me\u0111unarodnim takmi\u010denjima &#8221;, naglasio je predsednik Tha\u00e7i.<br \/>\n\u00a0<br \/>\nS druge starne, Ministar za obrazovanje, nauku i tehnologiju, Arsim Bajrami, rekao je da se nalazimo u ovoj &#353;koli kako bi obele&#382;ili 90. godine rada i kao bi se se\u0107ali uloge i zna\u010daja koju je imala za vaspitanje mladih nara&#353;taja. Ponosni smo time da su ova &#353;kola i Drenica vaspitali patriote i koji su nosioci procesa oslobo\u0111enja, dr&#382;avotvorstva a i danas vode Republiku Kosova u izazovu evropskih integracija. On se zahvalio nastavnicima za neumoran rad u na&#353;im &#353;kolama, sa na&#353;im u\u010denicima, istakav&#353;i patriotsku funkciju za odr&#382;avanje duh domoljublja. Ministar Bajrami pozvao je sve da zajedni\u010dki radimo za stvaranje kvalitetnih &#353;kola, da u\u010denicima pristupimo uz mnogo volje i ljubavi, kako bi ovoj deci obezbedili kvalitetno &#353;kolovanje, budu\u0107nost s prosperitetom i da time uti\u010demo na op&#353;tu dobrobit. <\/p>\n<p>U me\u0111uvremenu, direktor Osnovne i niske srednje &#353;kole &#8220;Abedin Rexha&#8221;, Fadil Beqa rekao je da ova &#353;kola sa 861. u\u010denikom i 60. radnika je &#353;kola sa tradicijom u koju su prve korake u\u010dinili mnogi kadrovi svih profila.<br \/>\n\u00a0<br \/>\n&#8220;Pisci kao &#353;to je Nebil Duraku, profesori, in&#382;enjeri, doktori nauka, lekari svetskog glasa kao Rifat Latifi, umetnici kao Ilir Shaqiri, komandanti kao Abedin Rexha, i ono &#353;to nas u\u010dini ponosnima za uvek je to &#353;to prve korake u\u010dinio kao lider budu\u0107nosti i Predsednik Republike Kosova, Hashim Tha\u00e7i&#8221;, rekao je Beqa.<br \/>\n\u00a0<br \/>\nDirektor Beqa je rekao da \u0107e svi u ovoj prosvetno vaspitnoj instituciji raditi i vi&#353;e, koliko budemo mogli i znali, da ispunimo sadr&#382;aj kurikuluma izra\u0111enih od MONT-a u evropskom duhu, kako bi na&#353;i u\u010denici stekli kompetencije da bi se ubudu\u0107e mogli biti uklju\u010deni u evropskom tr&#382;i&#353;tu rada i da bi bili korisni za svoju zemlju.\u00a0<\/p>\n","protected":false},"excerpt":{"rendered":"<p>Sk\u00ebnderaj, 13. Jun 2016. god. &#8211; Predsednik Republike Kosova, Hashim Tha\u00e7i u\u010destvovao je danas na obele&#382;avanju   90. godi&#353;njice ni&#382;e osnovne i srednje &#353;kole u Turi\u0107evcu  &#8211;  Sk\u00ebnderaj, jedne od prvih &#353;kola u  regiji Drenice.<\/p>\n","protected":false},"author":1,"featured_media":33846,"comment_status":"open","ping_status":"closed","sticky":false,"template":"","format":"standard","meta":{"_eb_attr":"","footnotes":""},"categories":[101],"tags":[],"class_list":["post-76761","post","type-post","status-publish","format-standard","has-post-thumbnail","hentry","category-vesti"],"yoast_head":"<!-- This site is optimized with the Yoast SEO plugin v23.5 - https:\/\/yoast.com\/wordpress\/plugins\/seo\/ -->\n<title>Predsednk Tha\u00e7i u\u010destvovao je na obele&#158;avanju 90. godi&#154;njice &#154;kole u Turi\u0107evcu - Predsednik Republike Kosovo - DR. VJOSA OSMANI - SADRIU<\/title>\n<meta name=\"description\" content=\"Predsednk Tha\u00e7i u\u010destvovao je na obele&#158;avanju 90. godi&#154;njice &#154;kole u Turi\u0107evcu - Predsednik Republike Kosovo - DR. VJOSA OSMANI - SADRIU -\" \/>\n<meta name=\"robots\" content=\"index, follow, max-snippet:-1, max-image-preview:large, max-video-preview:-1\" \/>\n<link rel=\"canonical\" href=\"https:\/\/president-ksgov.net\/sr\/predsednk-thaci-ucestvovao-je-na-obeleavanju-90-godinjice-kole-u-turicevcu\/\" \/>\n<meta property=\"og:locale\" content=\"sr_RS\" \/>\n<meta property=\"og:type\" content=\"article\" \/>\n<meta property=\"og:title\" content=\"Predsednk Tha\u00e7i u\u010destvovao je na obele&#158;avanju 90. godi&#154;njice &#154;kole u Turi\u0107evcu - Predsednik Republike Kosovo - DR. VJOSA OSMANI - SADRIU\" \/>\n<meta property=\"og:description\" content=\"Predsednk Tha\u00e7i u\u010destvovao je na obele&#158;avanju 90. godi&#154;njice &#154;kole u Turi\u0107evcu - Predsednik Republike Kosovo - DR. VJOSA OSMANI - SADRIU -\" \/>\n<meta property=\"og:url\" content=\"https:\/\/president-ksgov.net\/sr\/predsednk-thaci-ucestvovao-je-na-obeleavanju-90-godinjice-kole-u-turicevcu\/\" \/>\n<meta property=\"og:site_name\" content=\"Predsednik Republike Kosovo - DR. VJOSA OSMANI - SADRIU\" \/>\n<meta property=\"article:published_time\" content=\"2016-06-13T16:50:43+00:00\" \/>\n<meta property=\"og:image\" content=\"https:\/\/president-ksgov.net\/wp-content\/uploads\/13_06_2016_2504438_Shkolla1.jpg\" \/>\n\t<meta property=\"og:image:width\" content=\"2400\" \/>\n\t<meta property=\"og:image:height\" content=\"1600\" \/>\n\t<meta property=\"og:image:type\" content=\"image\/jpeg\" \/>\n<meta name=\"author\" content=\"admin\" \/>\n<meta name=\"twitter:card\" content=\"summary_large_image\" \/>\n<meta name=\"twitter:label1\" content=\"\u041d\u0430\u043f\u0438\u0441\u0430\u043d\u043e \u043e\u0434\" \/>\n\t<meta name=\"twitter:data1\" content=\"admin\" \/>\n\t<meta name=\"twitter:label2\" content=\"\u041f\u0440\u043e\u0446\u0435\u045a\u0435\u043d\u043e \u0432\u0440\u0435\u043c\u0435 \u0447\u0438\u0442\u0430\u045a\u0430\" \/>\n\t<meta name=\"twitter:data2\" content=\"4 \u043c\u0438\u043d\u0443\u0442\u0430\" \/>\n<script type=\"application\/ld+json\" class=\"yoast-schema-graph\">{\"@context\":\"https:\/\/schema.org\",\"@graph\":[{\"@type\":\"WebPage\",\"@id\":\"https:\/\/president-ksgov.net\/sr\/predsednk-thaci-ucestvovao-je-na-obeleavanju-90-godinjice-kole-u-turicevcu\/\",\"url\":\"https:\/\/president-ksgov.net\/sr\/predsednk-thaci-ucestvovao-je-na-obeleavanju-90-godinjice-kole-u-turicevcu\/\",\"name\":\"Predsednk Tha\u00e7i u\u010destvovao je na obele&#158;avanju 90. godi&#154;njice &#154;kole u Turi\u0107evcu - Predsednik Republike Kosovo - DR. VJOSA OSMANI - SADRIU\",\"isPartOf\":{\"@id\":\"https:\/\/president-ksgov.net\/#website\"},\"primaryImageOfPage\":{\"@id\":\"https:\/\/president-ksgov.net\/sr\/predsednk-thaci-ucestvovao-je-na-obeleavanju-90-godinjice-kole-u-turicevcu\/#primaryimage\"},\"image\":{\"@id\":\"https:\/\/president-ksgov.net\/sr\/predsednk-thaci-ucestvovao-je-na-obeleavanju-90-godinjice-kole-u-turicevcu\/#primaryimage\"},\"thumbnailUrl\":\"https:\/\/president-ksgov.net\/wp-content\/uploads\/13_06_2016_2504438_Shkolla1.jpg\",\"datePublished\":\"2016-06-13T16:50:43+00:00\",\"dateModified\":\"2016-06-13T16:50:43+00:00\",\"author\":{\"@id\":\"https:\/\/president-ksgov.net\/#\/schema\/person\/bb4337a5fb147cb2046d80548172cbee\"},\"description\":\"Predsednk Tha\u00e7i u\u010destvovao je na obele&#158;avanju 90. godi&#154;njice &#154;kole u Turi\u0107evcu - Predsednik Republike Kosovo - DR. VJOSA OSMANI - SADRIU -\",\"breadcrumb\":{\"@id\":\"https:\/\/president-ksgov.net\/sr\/predsednk-thaci-ucestvovao-je-na-obeleavanju-90-godinjice-kole-u-turicevcu\/#breadcrumb\"},\"inLanguage\":\"sr-RS\",\"potentialAction\":[{\"@type\":\"ReadAction\",\"target\":[\"https:\/\/president-ksgov.net\/sr\/predsednk-thaci-ucestvovao-je-na-obeleavanju-90-godinjice-kole-u-turicevcu\/\"]}]},{\"@type\":\"ImageObject\",\"inLanguage\":\"sr-RS\",\"@id\":\"https:\/\/president-ksgov.net\/sr\/predsednk-thaci-ucestvovao-je-na-obeleavanju-90-godinjice-kole-u-turicevcu\/#primaryimage\",\"url\":\"https:\/\/president-ksgov.net\/wp-content\/uploads\/13_06_2016_2504438_Shkolla1.jpg\",\"contentUrl\":\"https:\/\/president-ksgov.net\/wp-content\/uploads\/13_06_2016_2504438_Shkolla1.jpg\",\"width\":2400,\"height\":1600},{\"@type\":\"BreadcrumbList\",\"@id\":\"https:\/\/president-ksgov.net\/sr\/predsednk-thaci-ucestvovao-je-na-obeleavanju-90-godinjice-kole-u-turicevcu\/#breadcrumb\",\"itemListElement\":[{\"@type\":\"ListItem\",\"position\":1,\"name\":\"Home\",\"item\":\"https:\/\/president-ksgov.net\/sr\/\"},{\"@type\":\"ListItem\",\"position\":2,\"name\":\"Predsednk Tha\u00e7i u\u010destvovao je na obele&#158;avanju 90. godi&#154;njice &#154;kole u Turi\u0107evcu\"}]},{\"@type\":\"WebSite\",\"@id\":\"https:\/\/president-ksgov.net\/#website\",\"url\":\"https:\/\/president-ksgov.net\/\",\"name\":\"Presidente e Republik\u00ebs s\u00eb Kosov\u00ebs\",\"description\":\"Presidente e Republik\u00ebs s\u00eb Kosov\u00ebs\",\"alternateName\":\"DR. VJOSA OSMANI - SADRIU\",\"potentialAction\":[{\"@type\":\"SearchAction\",\"target\":{\"@type\":\"EntryPoint\",\"urlTemplate\":\"https:\/\/president-ksgov.net\/?s={search_term_string}\"},\"query-input\":{\"@type\":\"PropertyValueSpecification\",\"valueRequired\":true,\"valueName\":\"search_term_string\"}}],\"inLanguage\":\"sr-RS\"},{\"@type\":\"Person\",\"@id\":\"https:\/\/president-ksgov.net\/#\/schema\/person\/bb4337a5fb147cb2046d80548172cbee\",\"name\":\"admin\",\"image\":{\"@type\":\"ImageObject\",\"inLanguage\":\"sr-RS\",\"@id\":\"https:\/\/president-ksgov.net\/#\/schema\/person\/image\/\",\"url\":\"https:\/\/secure.gravatar.com\/avatar\/36156ca0fa3b8d9d25174f146e16beea0cf28f37adf1b9e19b6c9c279a7c9dd3?s=96&d=mm&r=g\",\"contentUrl\":\"https:\/\/secure.gravatar.com\/avatar\/36156ca0fa3b8d9d25174f146e16beea0cf28f37adf1b9e19b6c9c279a7c9dd3?s=96&d=mm&r=g\",\"caption\":\"admin\"},\"sameAs\":[\"https:\/\/president-ksgov.net\"]}]}<\/script>\n<!-- \/ Yoast SEO plugin. -->","yoast_head_json":{"title":"Predsednk Tha\u00e7i u\u010destvovao je na obele&#158;avanju 90. godi&#154;njice &#154;kole u Turi\u0107evcu - Predsednik Republike Kosovo - DR. VJOSA OSMANI - SADRIU","description":"Predsednk Tha\u00e7i u\u010destvovao je na obele&#158;avanju 90. godi&#154;njice &#154;kole u Turi\u0107evcu - Predsednik Republike Kosovo - DR. VJOSA OSMANI - SADRIU -","robots":{"index":"index","follow":"follow","max-snippet":"max-snippet:-1","max-image-preview":"max-image-preview:large","max-video-preview":"max-video-preview:-1"},"canonical":"https:\/\/president-ksgov.net\/sr\/predsednk-thaci-ucestvovao-je-na-obeleavanju-90-godinjice-kole-u-turicevcu\/","og_locale":"sr_RS","og_type":"article","og_title":"Predsednk Tha\u00e7i u\u010destvovao je na obele&#158;avanju 90. godi&#154;njice &#154;kole u Turi\u0107evcu - Predsednik Republike Kosovo - DR. VJOSA OSMANI - SADRIU","og_description":"Predsednk Tha\u00e7i u\u010destvovao je na obele&#158;avanju 90. godi&#154;njice &#154;kole u Turi\u0107evcu - Predsednik Republike Kosovo - DR. VJOSA OSMANI - SADRIU -","og_url":"https:\/\/president-ksgov.net\/sr\/predsednk-thaci-ucestvovao-je-na-obeleavanju-90-godinjice-kole-u-turicevcu\/","og_site_name":"Predsednik Republike Kosovo - DR. VJOSA OSMANI - SADRIU","article_published_time":"2016-06-13T16:50:43+00:00","og_image":[{"width":2400,"height":1600,"url":"https:\/\/president-ksgov.net\/wp-content\/uploads\/13_06_2016_2504438_Shkolla1.jpg","type":"image\/jpeg"}],"author":"admin","twitter_card":"summary_large_image","twitter_misc":{"\u041d\u0430\u043f\u0438\u0441\u0430\u043d\u043e \u043e\u0434":"admin","\u041f\u0440\u043e\u0446\u0435\u045a\u0435\u043d\u043e \u0432\u0440\u0435\u043c\u0435 \u0447\u0438\u0442\u0430\u045a\u0430":"4 \u043c\u0438\u043d\u0443\u0442\u0430"},"schema":{"@context":"https:\/\/schema.org","@graph":[{"@type":"WebPage","@id":"https:\/\/president-ksgov.net\/sr\/predsednk-thaci-ucestvovao-je-na-obeleavanju-90-godinjice-kole-u-turicevcu\/","url":"https:\/\/president-ksgov.net\/sr\/predsednk-thaci-ucestvovao-je-na-obeleavanju-90-godinjice-kole-u-turicevcu\/","name":"Predsednk Tha\u00e7i u\u010destvovao je na obele&#158;avanju 90. godi&#154;njice &#154;kole u Turi\u0107evcu - Predsednik Republike Kosovo - DR. VJOSA OSMANI - SADRIU","isPartOf":{"@id":"https:\/\/president-ksgov.net\/#website"},"primaryImageOfPage":{"@id":"https:\/\/president-ksgov.net\/sr\/predsednk-thaci-ucestvovao-je-na-obeleavanju-90-godinjice-kole-u-turicevcu\/#primaryimage"},"image":{"@id":"https:\/\/president-ksgov.net\/sr\/predsednk-thaci-ucestvovao-je-na-obeleavanju-90-godinjice-kole-u-turicevcu\/#primaryimage"},"thumbnailUrl":"https:\/\/president-ksgov.net\/wp-content\/uploads\/13_06_2016_2504438_Shkolla1.jpg","datePublished":"2016-06-13T16:50:43+00:00","dateModified":"2016-06-13T16:50:43+00:00","author":{"@id":"https:\/\/president-ksgov.net\/#\/schema\/person\/bb4337a5fb147cb2046d80548172cbee"},"description":"Predsednk Tha\u00e7i u\u010destvovao je na obele&#158;avanju 90. godi&#154;njice &#154;kole u Turi\u0107evcu - Predsednik Republike Kosovo - DR. VJOSA OSMANI - SADRIU -","breadcrumb":{"@id":"https:\/\/president-ksgov.net\/sr\/predsednk-thaci-ucestvovao-je-na-obeleavanju-90-godinjice-kole-u-turicevcu\/#breadcrumb"},"inLanguage":"sr-RS","potentialAction":[{"@type":"ReadAction","target":["https:\/\/president-ksgov.net\/sr\/predsednk-thaci-ucestvovao-je-na-obeleavanju-90-godinjice-kole-u-turicevcu\/"]}]},{"@type":"ImageObject","inLanguage":"sr-RS","@id":"https:\/\/president-ksgov.net\/sr\/predsednk-thaci-ucestvovao-je-na-obeleavanju-90-godinjice-kole-u-turicevcu\/#primaryimage","url":"https:\/\/president-ksgov.net\/wp-content\/uploads\/13_06_2016_2504438_Shkolla1.jpg","contentUrl":"https:\/\/president-ksgov.net\/wp-content\/uploads\/13_06_2016_2504438_Shkolla1.jpg","width":2400,"height":1600},{"@type":"BreadcrumbList","@id":"https:\/\/president-ksgov.net\/sr\/predsednk-thaci-ucestvovao-je-na-obeleavanju-90-godinjice-kole-u-turicevcu\/#breadcrumb","itemListElement":[{"@type":"ListItem","position":1,"name":"Home","item":"https:\/\/president-ksgov.net\/sr\/"},{"@type":"ListItem","position":2,"name":"Predsednk Tha\u00e7i u\u010destvovao je na obele&#158;avanju 90. godi&#154;njice &#154;kole u Turi\u0107evcu"}]},{"@type":"WebSite","@id":"https:\/\/president-ksgov.net\/#website","url":"https:\/\/president-ksgov.net\/","name":"Presidente e Republik\u00ebs s\u00eb Kosov\u00ebs","description":"Presidente e Republik\u00ebs s\u00eb Kosov\u00ebs","alternateName":"DR. VJOSA OSMANI - SADRIU","potentialAction":[{"@type":"SearchAction","target":{"@type":"EntryPoint","urlTemplate":"https:\/\/president-ksgov.net\/?s={search_term_string}"},"query-input":{"@type":"PropertyValueSpecification","valueRequired":true,"valueName":"search_term_string"}}],"inLanguage":"sr-RS"},{"@type":"Person","@id":"https:\/\/president-ksgov.net\/#\/schema\/person\/bb4337a5fb147cb2046d80548172cbee","name":"admin","image":{"@type":"ImageObject","inLanguage":"sr-RS","@id":"https:\/\/president-ksgov.net\/#\/schema\/person\/image\/","url":"https:\/\/secure.gravatar.com\/avatar\/36156ca0fa3b8d9d25174f146e16beea0cf28f37adf1b9e19b6c9c279a7c9dd3?s=96&d=mm&r=g","contentUrl":"https:\/\/secure.gravatar.com\/avatar\/36156ca0fa3b8d9d25174f146e16beea0cf28f37adf1b9e19b6c9c279a7c9dd3?s=96&d=mm&r=g","caption":"admin"},"sameAs":["https:\/\/president-ksgov.net"]}]}},"_links":{"self":[{"href":"https:\/\/president-ksgov.net\/sr\/wp-json\/wp\/v2\/posts\/76761","targetHints":{"allow":["GET"]}}],"collection":[{"href":"https:\/\/president-ksgov.net\/sr\/wp-json\/wp\/v2\/posts"}],"about":[{"href":"https:\/\/president-ksgov.net\/sr\/wp-json\/wp\/v2\/types\/post"}],"author":[{"embeddable":true,"href":"https:\/\/president-ksgov.net\/sr\/wp-json\/wp\/v2\/users\/1"}],"replies":[{"embeddable":true,"href":"https:\/\/president-ksgov.net\/sr\/wp-json\/wp\/v2\/comments?post=76761"}],"version-history":[{"count":0,"href":"https:\/\/president-ksgov.net\/sr\/wp-json\/wp\/v2\/posts\/76761\/revisions"}],"wp:featuredmedia":[{"embeddable":true,"href":"https:\/\/president-ksgov.net\/sr\/wp-json\/wp\/v2\/media\/33846"}],"wp:attachment":[{"href":"https:\/\/president-ksgov.net\/sr\/wp-json\/wp\/v2\/media?parent=76761"}],"wp:term":[{"taxonomy":"category","embeddable":true,"href":"https:\/\/president-ksgov.net\/sr\/wp-json\/wp\/v2\/categories?post=76761"},{"taxonomy":"post_tag","embeddable":true,"href":"https:\/\/president-ksgov.net\/sr\/wp-json\/wp\/v2\/tags?post=76761"}],"curies":[{"name":"wp","href":"https:\/\/api.w.org\/{rel}","templated":true}]}}