{"id":76734,"date":"2016-07-10T11:36:05","date_gmt":"2016-07-10T11:36:05","guid":{"rendered":"https:\/\/dev.president-ksgov.net\/predsednik-thaci-docekao-je-pomocnicu-dravnog-sekretara-sad-a-nuland\/"},"modified":"2016-07-10T11:36:05","modified_gmt":"2016-07-10T11:36:05","slug":"predsednik-thaci-docekao-je-pomocnicu-dravnog-sekretara-sad-a-nuland","status":"publish","type":"post","link":"https:\/\/president-ksgov.net\/sr\/predsednik-thaci-docekao-je-pomocnicu-dravnog-sekretara-sad-a-nuland\/","title":{"rendered":"Predsednik Tha\u00e7i do\u010dekao je pomo\u0107nicu dr&#158;avnog sekretara SAD-a, Nuland"},"content":{"rendered":"<p>Pri&#353;tina, 10. jul &#8211; Predsednik Republike Kosova, Hashim Tha\u00e7i, do\u010dekao je na radnom sastanku pomo\u0107nicu dr&#382;avnog sekretara SAD-a, Victoria-u Nuland.<\/p>\n<p>Predsednik Tha\u00e7i ju je obavestio\u00a0 o poslednjim doga\u0111ajima na Kosovu i o njegovim prioritetima kao predsednika dr&#382;ave. &#8222;Osta\u0107u posve\u0107en na&#353;im zajedni\u010dkim prioritetima&#8220;, rekao je predsednik Tha\u00e7i.<\/p>\n<p>On je rekao da je nakon preuzimanja mandata odmah zapo\u010deo da promovi&#353;e dekriminalizaciju politi\u010dke scene na Kosovu. <\/p>\n<p>&#8222;Sada je uspostavljena praksa da se lica koja su osu\u0111ena ili optu&#382;ena daju ostavke sa politi\u010dkih pozicija i obaveza u zemlji&#8220;, rekao je predsednik Tha\u00e7i. Prema njegovom mi&#353;ljenju radi se i na tome da okrivljeni ne be&#382;e od odgovornosti i da dobiju zaslu&#382;enu kaznu od strane pravde. <\/p>\n<p>&#8222;Zapo\u010deli smo dopunu Krivi\u010dnog zakonika. Do jeseni \u0107emo imati i konkretne korake u tom pravcu&#8220;, najavio je predsednik Tha\u00e7i i dodao je da &#8222;nikome nije dozvoljeno da pobegne od pravde&#8220;. <\/p>\n<p>Govore\u0107i o doga\u0111ajima na Kosovu, Tha\u00e7i je rekao da je politi\u010dka scena sada prevazi&#353;la ru&#382;ne slike koje su se ranije videle i dodao je da je vreme da se pa&#382;nja usredsredi na bitne odluke za Kosovo i njegovu budu\u0107nost. <\/p>\n<p>&#8222;Demarkacija sa Crnom Gorom\u00a0 treba da se usvoji u Skup&#353;tini &#353;to pre. Bez prava je postalo politi\u010dko pitanje koje osu\u0111uje bez prava gra\u0111ane Kosova, zadr&#382;avaju\u0107i liberalizaciju viza, ali zadr&#382;avaju\u0107i i konsolidaciju dr&#382;ave&#8220;, rekao je predsednik Tha\u00e7i.<\/p>\n<p>U nastavku on je rekao da Kosovo promovi&#353;e dobre susedske odnose, obuhvataju\u0107i i Srbiju. &#8222;Obe strane treba da sprovedu sve sporazume koji su do sada postignuti. Vreme je za novi kvalitet u dijalogu izme\u0111u Kosova i Srbije, koji \u0107e doneti pomirenje u bolje susedske odnose i vi&#353;e saradnje&#8220;; dodao je predsednik Tha\u00e7i.<\/p>\n<p>Predsednik Tha\u00e7i je govorio u o doga\u0111ajima na polju sigurnosti, nagla&#353;avaju\u0107i da Kosovo ostaje posve\u0107eno borbi protiv ekstremizma i terorizma, ali i na okon\u010danju procesa izgradnje sigurnosne arhitekture, obuhvataju\u0107i u to i osnivanje Naoru&#382;anih snaga Kosova. <\/p>\n<p>&#8222;Iskoristi\u0107emo sve mogu\u0107nosti za dijalog sa svim zajednicama, obuhvataju\u0107i i predstavnike Srba na Kosovu, radi osnivanja Naoru&#382;anih snaga Kosova. Ali, Kosovo ne mo&#382;e da prihvati da Beograd ima pravo na &#8222;veto&#8220; u procesu formiranja Kosovske armije&#8220;; rekao je Tha\u00e7i.<\/p>\n<p>S druge strane, pomo\u0107nica dr&#382;avnog sekretara SAD-a, Vicotria Nuland, je rekla da je zadovoljna posetom i prenela je pozdrave predsednika Obame i Ameri\u010dke administracije predsedniku Tha\u00e7i-ju i kosovskom narodu. <\/p>\n<p>Bili smo zajedno sa predsednikom Obamom u Var&#353;avi i predsednik vam &#353;alje njegove pozdrave, kao i zamenik predsednika Joe Biden, koji je pozdravio napredak u bitnim koracima koje Kosovo treba da preduzme u narednim mesecima&#8220;, rekla je Nuland na sastanku. <\/p>\n<p>Pomo\u0107nica dr&#382;avnog sekretara SAD-a Nuland je pozdravila dostignu\u0107a Kosova, posebno u borbi protiv korupcije, ali je naglasila da treba da se radi jo&#353; vi&#353;e. &#8222;Pravda ostaje prioritet za SAD&#8220;, rekla je Nuland. <\/p>\n<p>One je rekla da je pa&#382;nja EU preme&#353;tena sa regiona Balkana, a SAD \u0107e u jesen biti usredsre\u0111ene na predsedni\u010dke izbore, dakle zemlje Zapadnog Balkana treba same da preduzmu potrebne korake radi konsolidacije njihovih dr&#382;ava, ali i u njihovim odnosima. <\/p>\n<p>&#8222;Dobro je &#353;to je Kosovo u\u010dinilo potrebne korake pre jeseni i tako je sa\u010duvalo momentum pozitivnih razvoja&#8220;, zaklju\u010dila je Nuland. <\/p>\n<p>Predsednik Tha\u00e7i joj se zahvalio na podr&#353;ci SAD-a i na ohrabrenju koje SAD daju dr&#382;avnim institucijama Kosova da nastave proces razvijanja demokratije i privrede, kao i ja\u010danja vladavine zakona u zemlji. <\/p>\n<p>&#8222;Osta\u0107emo posve\u0107eni na&#353;im zajedni\u010dkim prioritetima&#8220;, zaklju\u010dio je predsednik Tha\u00e7i.<\/p>\n<p>\u00a0<\/p>\n","protected":false},"excerpt":{"rendered":"<p>Pri&#353;tina, 10. jul &#8211; Predsednik Republike Kosova, Hashim Tha\u00e7i, do\u010dekao je na radnom sastanku pomo\u0107nicu dr&#382;avnog sekretara SAD-a, Victoria-u Nuland.<\/p>\n","protected":false},"author":1,"featured_media":33593,"comment_status":"open","ping_status":"closed","sticky":false,"template":"","format":"standard","meta":{"_eb_attr":"","footnotes":""},"categories":[101],"tags":[],"class_list":["post-76734","post","type-post","status-publish","format-standard","has-post-thumbnail","hentry","category-vesti"],"yoast_head":"<!-- This site is optimized with the Yoast SEO plugin v23.5 - https:\/\/yoast.com\/wordpress\/plugins\/seo\/ -->\n<title>Predsednik Tha\u00e7i do\u010dekao je pomo\u0107nicu dr&#158;avnog sekretara SAD-a, Nuland - Predsednik Republike Kosovo - DR. VJOSA OSMANI - SADRIU<\/title>\n<meta name=\"description\" content=\"Predsednik Tha\u00e7i do\u010dekao je pomo\u0107nicu dr&#158;avnog sekretara SAD-a, Nuland - Predsednik Republike Kosovo - DR. VJOSA OSMANI - SADRIU -\" \/>\n<meta name=\"robots\" content=\"index, follow, max-snippet:-1, max-image-preview:large, max-video-preview:-1\" \/>\n<link rel=\"canonical\" href=\"https:\/\/president-ksgov.net\/sr\/predsednik-thaci-docekao-je-pomocnicu-dravnog-sekretara-sad-a-nuland\/\" \/>\n<meta property=\"og:locale\" content=\"sr_RS\" \/>\n<meta property=\"og:type\" content=\"article\" \/>\n<meta property=\"og:title\" content=\"Predsednik Tha\u00e7i do\u010dekao je pomo\u0107nicu dr&#158;avnog sekretara SAD-a, Nuland - Predsednik Republike Kosovo - DR. VJOSA OSMANI - SADRIU\" \/>\n<meta property=\"og:description\" content=\"Predsednik Tha\u00e7i do\u010dekao je pomo\u0107nicu dr&#158;avnog sekretara SAD-a, Nuland - Predsednik Republike Kosovo - DR. VJOSA OSMANI - SADRIU -\" \/>\n<meta property=\"og:url\" content=\"https:\/\/president-ksgov.net\/sr\/predsednik-thaci-docekao-je-pomocnicu-dravnog-sekretara-sad-a-nuland\/\" \/>\n<meta property=\"og:site_name\" content=\"Predsednik Republike Kosovo - DR. VJOSA OSMANI - SADRIU\" \/>\n<meta property=\"article:published_time\" content=\"2016-07-10T11:36:05+00:00\" \/>\n<meta property=\"og:image\" content=\"https:\/\/president-ksgov.net\/wp-content\/uploads\/10_07_2016_917765_Presidenti_Thaci_priti_Nensekretaren_Nuland_1.jpg\" \/>\n\t<meta property=\"og:image:width\" content=\"2401\" \/>\n\t<meta property=\"og:image:height\" content=\"1600\" \/>\n\t<meta property=\"og:image:type\" content=\"image\/jpeg\" \/>\n<meta name=\"author\" content=\"admin\" \/>\n<meta name=\"twitter:card\" content=\"summary_large_image\" \/>\n<meta name=\"twitter:label1\" content=\"\u041d\u0430\u043f\u0438\u0441\u0430\u043d\u043e \u043e\u0434\" \/>\n\t<meta name=\"twitter:data1\" content=\"admin\" \/>\n\t<meta name=\"twitter:label2\" content=\"\u041f\u0440\u043e\u0446\u0435\u045a\u0435\u043d\u043e \u0432\u0440\u0435\u043c\u0435 \u0447\u0438\u0442\u0430\u045a\u0430\" \/>\n\t<meta name=\"twitter:data2\" content=\"3 \u043c\u0438\u043d\u0443\u0442\u0430\" \/>\n<script type=\"application\/ld+json\" class=\"yoast-schema-graph\">{\"@context\":\"https:\/\/schema.org\",\"@graph\":[{\"@type\":\"WebPage\",\"@id\":\"https:\/\/president-ksgov.net\/sr\/predsednik-thaci-docekao-je-pomocnicu-dravnog-sekretara-sad-a-nuland\/\",\"url\":\"https:\/\/president-ksgov.net\/sr\/predsednik-thaci-docekao-je-pomocnicu-dravnog-sekretara-sad-a-nuland\/\",\"name\":\"Predsednik Tha\u00e7i do\u010dekao je pomo\u0107nicu dr&#158;avnog sekretara SAD-a, Nuland - Predsednik Republike Kosovo - DR. VJOSA OSMANI - SADRIU\",\"isPartOf\":{\"@id\":\"https:\/\/president-ksgov.net\/#website\"},\"primaryImageOfPage\":{\"@id\":\"https:\/\/president-ksgov.net\/sr\/predsednik-thaci-docekao-je-pomocnicu-dravnog-sekretara-sad-a-nuland\/#primaryimage\"},\"image\":{\"@id\":\"https:\/\/president-ksgov.net\/sr\/predsednik-thaci-docekao-je-pomocnicu-dravnog-sekretara-sad-a-nuland\/#primaryimage\"},\"thumbnailUrl\":\"https:\/\/president-ksgov.net\/wp-content\/uploads\/10_07_2016_917765_Presidenti_Thaci_priti_Nensekretaren_Nuland_1.jpg\",\"datePublished\":\"2016-07-10T11:36:05+00:00\",\"dateModified\":\"2016-07-10T11:36:05+00:00\",\"author\":{\"@id\":\"https:\/\/president-ksgov.net\/#\/schema\/person\/bb4337a5fb147cb2046d80548172cbee\"},\"description\":\"Predsednik Tha\u00e7i do\u010dekao je pomo\u0107nicu dr&#158;avnog sekretara SAD-a, Nuland - Predsednik Republike Kosovo - DR. VJOSA OSMANI - SADRIU -\",\"breadcrumb\":{\"@id\":\"https:\/\/president-ksgov.net\/sr\/predsednik-thaci-docekao-je-pomocnicu-dravnog-sekretara-sad-a-nuland\/#breadcrumb\"},\"inLanguage\":\"sr-RS\",\"potentialAction\":[{\"@type\":\"ReadAction\",\"target\":[\"https:\/\/president-ksgov.net\/sr\/predsednik-thaci-docekao-je-pomocnicu-dravnog-sekretara-sad-a-nuland\/\"]}]},{\"@type\":\"ImageObject\",\"inLanguage\":\"sr-RS\",\"@id\":\"https:\/\/president-ksgov.net\/sr\/predsednik-thaci-docekao-je-pomocnicu-dravnog-sekretara-sad-a-nuland\/#primaryimage\",\"url\":\"https:\/\/president-ksgov.net\/wp-content\/uploads\/10_07_2016_917765_Presidenti_Thaci_priti_Nensekretaren_Nuland_1.jpg\",\"contentUrl\":\"https:\/\/president-ksgov.net\/wp-content\/uploads\/10_07_2016_917765_Presidenti_Thaci_priti_Nensekretaren_Nuland_1.jpg\",\"width\":2401,\"height\":1600},{\"@type\":\"BreadcrumbList\",\"@id\":\"https:\/\/president-ksgov.net\/sr\/predsednik-thaci-docekao-je-pomocnicu-dravnog-sekretara-sad-a-nuland\/#breadcrumb\",\"itemListElement\":[{\"@type\":\"ListItem\",\"position\":1,\"name\":\"Home\",\"item\":\"https:\/\/president-ksgov.net\/sr\/\"},{\"@type\":\"ListItem\",\"position\":2,\"name\":\"Predsednik Tha\u00e7i do\u010dekao je pomo\u0107nicu dr&#158;avnog sekretara SAD-a, Nuland\"}]},{\"@type\":\"WebSite\",\"@id\":\"https:\/\/president-ksgov.net\/#website\",\"url\":\"https:\/\/president-ksgov.net\/\",\"name\":\"Presidente e Republik\u00ebs s\u00eb Kosov\u00ebs\",\"description\":\"Presidente e Republik\u00ebs s\u00eb Kosov\u00ebs\",\"alternateName\":\"DR. VJOSA OSMANI - SADRIU\",\"potentialAction\":[{\"@type\":\"SearchAction\",\"target\":{\"@type\":\"EntryPoint\",\"urlTemplate\":\"https:\/\/president-ksgov.net\/?s={search_term_string}\"},\"query-input\":{\"@type\":\"PropertyValueSpecification\",\"valueRequired\":true,\"valueName\":\"search_term_string\"}}],\"inLanguage\":\"sr-RS\"},{\"@type\":\"Person\",\"@id\":\"https:\/\/president-ksgov.net\/#\/schema\/person\/bb4337a5fb147cb2046d80548172cbee\",\"name\":\"admin\",\"image\":{\"@type\":\"ImageObject\",\"inLanguage\":\"sr-RS\",\"@id\":\"https:\/\/president-ksgov.net\/#\/schema\/person\/image\/\",\"url\":\"https:\/\/secure.gravatar.com\/avatar\/36156ca0fa3b8d9d25174f146e16beea0cf28f37adf1b9e19b6c9c279a7c9dd3?s=96&d=mm&r=g\",\"contentUrl\":\"https:\/\/secure.gravatar.com\/avatar\/36156ca0fa3b8d9d25174f146e16beea0cf28f37adf1b9e19b6c9c279a7c9dd3?s=96&d=mm&r=g\",\"caption\":\"admin\"},\"sameAs\":[\"https:\/\/president-ksgov.net\"]}]}<\/script>\n<!-- \/ Yoast SEO plugin. -->","yoast_head_json":{"title":"Predsednik Tha\u00e7i do\u010dekao je pomo\u0107nicu dr&#158;avnog sekretara SAD-a, Nuland - Predsednik Republike Kosovo - DR. VJOSA OSMANI - SADRIU","description":"Predsednik Tha\u00e7i do\u010dekao je pomo\u0107nicu dr&#158;avnog sekretara SAD-a, Nuland - Predsednik Republike Kosovo - DR. VJOSA OSMANI - SADRIU -","robots":{"index":"index","follow":"follow","max-snippet":"max-snippet:-1","max-image-preview":"max-image-preview:large","max-video-preview":"max-video-preview:-1"},"canonical":"https:\/\/president-ksgov.net\/sr\/predsednik-thaci-docekao-je-pomocnicu-dravnog-sekretara-sad-a-nuland\/","og_locale":"sr_RS","og_type":"article","og_title":"Predsednik Tha\u00e7i do\u010dekao je pomo\u0107nicu dr&#158;avnog sekretara SAD-a, Nuland - Predsednik Republike Kosovo - DR. VJOSA OSMANI - SADRIU","og_description":"Predsednik Tha\u00e7i do\u010dekao je pomo\u0107nicu dr&#158;avnog sekretara SAD-a, Nuland - Predsednik Republike Kosovo - DR. VJOSA OSMANI - SADRIU -","og_url":"https:\/\/president-ksgov.net\/sr\/predsednik-thaci-docekao-je-pomocnicu-dravnog-sekretara-sad-a-nuland\/","og_site_name":"Predsednik Republike Kosovo - DR. VJOSA OSMANI - SADRIU","article_published_time":"2016-07-10T11:36:05+00:00","og_image":[{"width":2401,"height":1600,"url":"https:\/\/president-ksgov.net\/wp-content\/uploads\/10_07_2016_917765_Presidenti_Thaci_priti_Nensekretaren_Nuland_1.jpg","type":"image\/jpeg"}],"author":"admin","twitter_card":"summary_large_image","twitter_misc":{"\u041d\u0430\u043f\u0438\u0441\u0430\u043d\u043e \u043e\u0434":"admin","\u041f\u0440\u043e\u0446\u0435\u045a\u0435\u043d\u043e \u0432\u0440\u0435\u043c\u0435 \u0447\u0438\u0442\u0430\u045a\u0430":"3 \u043c\u0438\u043d\u0443\u0442\u0430"},"schema":{"@context":"https:\/\/schema.org","@graph":[{"@type":"WebPage","@id":"https:\/\/president-ksgov.net\/sr\/predsednik-thaci-docekao-je-pomocnicu-dravnog-sekretara-sad-a-nuland\/","url":"https:\/\/president-ksgov.net\/sr\/predsednik-thaci-docekao-je-pomocnicu-dravnog-sekretara-sad-a-nuland\/","name":"Predsednik Tha\u00e7i do\u010dekao je pomo\u0107nicu dr&#158;avnog sekretara SAD-a, Nuland - Predsednik Republike Kosovo - DR. VJOSA OSMANI - SADRIU","isPartOf":{"@id":"https:\/\/president-ksgov.net\/#website"},"primaryImageOfPage":{"@id":"https:\/\/president-ksgov.net\/sr\/predsednik-thaci-docekao-je-pomocnicu-dravnog-sekretara-sad-a-nuland\/#primaryimage"},"image":{"@id":"https:\/\/president-ksgov.net\/sr\/predsednik-thaci-docekao-je-pomocnicu-dravnog-sekretara-sad-a-nuland\/#primaryimage"},"thumbnailUrl":"https:\/\/president-ksgov.net\/wp-content\/uploads\/10_07_2016_917765_Presidenti_Thaci_priti_Nensekretaren_Nuland_1.jpg","datePublished":"2016-07-10T11:36:05+00:00","dateModified":"2016-07-10T11:36:05+00:00","author":{"@id":"https:\/\/president-ksgov.net\/#\/schema\/person\/bb4337a5fb147cb2046d80548172cbee"},"description":"Predsednik Tha\u00e7i do\u010dekao je pomo\u0107nicu dr&#158;avnog sekretara SAD-a, Nuland - Predsednik Republike Kosovo - DR. VJOSA OSMANI - SADRIU -","breadcrumb":{"@id":"https:\/\/president-ksgov.net\/sr\/predsednik-thaci-docekao-je-pomocnicu-dravnog-sekretara-sad-a-nuland\/#breadcrumb"},"inLanguage":"sr-RS","potentialAction":[{"@type":"ReadAction","target":["https:\/\/president-ksgov.net\/sr\/predsednik-thaci-docekao-je-pomocnicu-dravnog-sekretara-sad-a-nuland\/"]}]},{"@type":"ImageObject","inLanguage":"sr-RS","@id":"https:\/\/president-ksgov.net\/sr\/predsednik-thaci-docekao-je-pomocnicu-dravnog-sekretara-sad-a-nuland\/#primaryimage","url":"https:\/\/president-ksgov.net\/wp-content\/uploads\/10_07_2016_917765_Presidenti_Thaci_priti_Nensekretaren_Nuland_1.jpg","contentUrl":"https:\/\/president-ksgov.net\/wp-content\/uploads\/10_07_2016_917765_Presidenti_Thaci_priti_Nensekretaren_Nuland_1.jpg","width":2401,"height":1600},{"@type":"BreadcrumbList","@id":"https:\/\/president-ksgov.net\/sr\/predsednik-thaci-docekao-je-pomocnicu-dravnog-sekretara-sad-a-nuland\/#breadcrumb","itemListElement":[{"@type":"ListItem","position":1,"name":"Home","item":"https:\/\/president-ksgov.net\/sr\/"},{"@type":"ListItem","position":2,"name":"Predsednik Tha\u00e7i do\u010dekao je pomo\u0107nicu dr&#158;avnog sekretara SAD-a, Nuland"}]},{"@type":"WebSite","@id":"https:\/\/president-ksgov.net\/#website","url":"https:\/\/president-ksgov.net\/","name":"Presidente e Republik\u00ebs s\u00eb Kosov\u00ebs","description":"Presidente e Republik\u00ebs s\u00eb Kosov\u00ebs","alternateName":"DR. VJOSA OSMANI - SADRIU","potentialAction":[{"@type":"SearchAction","target":{"@type":"EntryPoint","urlTemplate":"https:\/\/president-ksgov.net\/?s={search_term_string}"},"query-input":{"@type":"PropertyValueSpecification","valueRequired":true,"valueName":"search_term_string"}}],"inLanguage":"sr-RS"},{"@type":"Person","@id":"https:\/\/president-ksgov.net\/#\/schema\/person\/bb4337a5fb147cb2046d80548172cbee","name":"admin","image":{"@type":"ImageObject","inLanguage":"sr-RS","@id":"https:\/\/president-ksgov.net\/#\/schema\/person\/image\/","url":"https:\/\/secure.gravatar.com\/avatar\/36156ca0fa3b8d9d25174f146e16beea0cf28f37adf1b9e19b6c9c279a7c9dd3?s=96&d=mm&r=g","contentUrl":"https:\/\/secure.gravatar.com\/avatar\/36156ca0fa3b8d9d25174f146e16beea0cf28f37adf1b9e19b6c9c279a7c9dd3?s=96&d=mm&r=g","caption":"admin"},"sameAs":["https:\/\/president-ksgov.net"]}]}},"_links":{"self":[{"href":"https:\/\/president-ksgov.net\/sr\/wp-json\/wp\/v2\/posts\/76734","targetHints":{"allow":["GET"]}}],"collection":[{"href":"https:\/\/president-ksgov.net\/sr\/wp-json\/wp\/v2\/posts"}],"about":[{"href":"https:\/\/president-ksgov.net\/sr\/wp-json\/wp\/v2\/types\/post"}],"author":[{"embeddable":true,"href":"https:\/\/president-ksgov.net\/sr\/wp-json\/wp\/v2\/users\/1"}],"replies":[{"embeddable":true,"href":"https:\/\/president-ksgov.net\/sr\/wp-json\/wp\/v2\/comments?post=76734"}],"version-history":[{"count":0,"href":"https:\/\/president-ksgov.net\/sr\/wp-json\/wp\/v2\/posts\/76734\/revisions"}],"wp:featuredmedia":[{"embeddable":true,"href":"https:\/\/president-ksgov.net\/sr\/wp-json\/wp\/v2\/media\/33593"}],"wp:attachment":[{"href":"https:\/\/president-ksgov.net\/sr\/wp-json\/wp\/v2\/media?parent=76734"}],"wp:term":[{"taxonomy":"category","embeddable":true,"href":"https:\/\/president-ksgov.net\/sr\/wp-json\/wp\/v2\/categories?post=76734"},{"taxonomy":"post_tag","embeddable":true,"href":"https:\/\/president-ksgov.net\/sr\/wp-json\/wp\/v2\/tags?post=76734"}],"curies":[{"name":"wp","href":"https:\/\/api.w.org\/{rel}","templated":true}]}}