{"id":76728,"date":"2016-07-20T20:29:06","date_gmt":"2016-07-20T20:29:06","guid":{"rendered":"https:\/\/dev.president-ksgov.net\/govor-predsednika-thaci-ja-pred-spomen-obelejem-koji-je-posvecen-14-srba-koji-su-ubijeni-u-selu-gracko-kod-lipljana\/"},"modified":"2023-03-08T09:01:40","modified_gmt":"2023-03-08T09:01:40","slug":"govor-predsednika-thaci-ja-pred-spomen-obelejem-koji-je-posvecen-14-srba-koji-su-ubijeni-u-selu-gracko-kod-lipljana","status":"publish","type":"post","link":"https:\/\/president-ksgov.net\/sr\/govor-predsednika-thaci-ja-pred-spomen-obelejem-koji-je-posvecen-14-srba-koji-su-ubijeni-u-selu-gracko-kod-lipljana\/","title":{"rendered":"Govor predsednika Tha\u00e7i-ja pred spomen obele&#158;jem koji je posve\u0107en 14 Srba koji su ubijeni u selu Gracko kod Lipljana"},"content":{"rendered":"<p>Danas sam polo&#382;io venac cve\u0107a pred ovim spomenikom, kako bi smo se se\u0107ali &#382;rtava jednog u&#382;asnog zlo\u010dina koji se dogodio pre 17 godina, kada je ubijeno 14 srpskih gra\u0111ana koji su radili na njivi.<\/p>\n<p>Danas se sa bolom molimo i izra&#382;avamo jo&#353; jednom &#382;al za sve &#382;rtve tokom i nakon rata iz svih zajednica. <\/p>\n<p>Ovaj zlo\u010dina\u010dki akt je bio postupak, ne samo protiv &#382;rtava i njihovih porodica, ve\u0107 i akt protiv slobode Kosova i njegove demokratske budu\u0107nosti. <\/p>\n<p>Zato se svaki zlo\u010din treba rasvetliti i kazniti. <\/p>\n<p>Zlo\u010din je zlo\u010din, bilo protiv koga da je po\u010dinjen i ne uzimaju\u0107i u obzir ko ga je po\u010dinio. <\/p>\n<p>Tako\u0111e se treba jednom za svagda rasvetliti sudbina svih nestalih lica, bilo da su to Albanci, Srbi, Romi ili pripadnici bilo koje druge zajednice. <\/p>\n<p>Svi imamo odgovornost da radimo u tom pravcu. <\/p>\n<p>Imamo odgovornost prema njihovim porodicama i prema budu\u0107nosti na&#353;e dece. <\/p>\n<p>Mi treba da poma&#382;emo jedni drugima. <\/p>\n<p>Bol svake majke je isti za gubitkom njihovih \u010dlanova porodice. <\/p>\n<p>Danas, kada radimo na tome da izgradimo mir, kada radimo na pomirenju i na saradnji izme\u0111u naroda u na&#353;em regionu, bitno je da naglasimo da je za iskreno pomirenje potrebna pravda. <\/p>\n<p>Kao Kosovo mi smo puno postigli u ovih 17 godina od zavr&#353;etka rata. <\/p>\n<p>Po\u010deli smo da gradimo mostove komunikacije i saradnje.<\/p>\n<p>U bliskoj budu\u0107nosti to \u0107e doneti poverenje i pomirenje me\u0111u zajednicama i narodima. <\/p>\n<p>Samo kada pravda bude preovladavala dogodi\u0107e se pomirenje, a pomirenje \u0107e se dogoditi u bliskoj budu\u0107nosti, jer za to postoji volja i pozitivna energija. <\/p>\n<p>Samo pomirenje i saradnja Kosovo i region \u010dine evropskim.\u00a0<\/p>\n","protected":false},"excerpt":{"rendered":"<p>Danas sam polo&#382;io venac cve\u0107a pred ovim spomenikom, kako bi smo se se\u0107ali &#382;rtava jednog u&#382;asnog zlo\u010dina koji se dogodio pre 17 godina, kada je ubijeno 14 srpskih gra\u0111ana koji su radili na njivi.<\/p>\n","protected":false},"author":1,"featured_media":33563,"comment_status":"open","ping_status":"closed","sticky":false,"template":"","format":"standard","meta":{"_eb_attr":"","footnotes":""},"categories":[106],"tags":[],"class_list":["post-76728","post","type-post","status-publish","format-standard","has-post-thumbnail","hentry","category-govori"],"yoast_head":"<!-- This site is optimized with the Yoast SEO plugin v23.5 - https:\/\/yoast.com\/wordpress\/plugins\/seo\/ -->\n<title>Govor predsednika Tha\u00e7i-ja pred spomen obele&#158;jem koji je posve\u0107en 14 Srba koji su ubijeni u selu Gracko kod Lipljana - Predsednik Republike Kosovo - DR. VJOSA OSMANI - SADRIU<\/title>\n<meta name=\"description\" content=\"Govor predsednika Tha\u00e7i-ja pred spomen obele&#158;jem koji je posve\u0107en 14 Srba koji su ubijeni u selu Gracko kod Lipljana - Predsednik Republike Kosovo - DR. VJOSA OSMANI - SADRIU -\" \/>\n<meta name=\"robots\" content=\"index, follow, max-snippet:-1, max-image-preview:large, max-video-preview:-1\" \/>\n<link rel=\"canonical\" href=\"https:\/\/president-ksgov.net\/sr\/govor-predsednika-thaci-ja-pred-spomen-obelejem-koji-je-posvecen-14-srba-koji-su-ubijeni-u-selu-gracko-kod-lipljana\/\" \/>\n<meta property=\"og:locale\" content=\"sr_RS\" \/>\n<meta property=\"og:type\" content=\"article\" \/>\n<meta property=\"og:title\" content=\"Govor predsednika Tha\u00e7i-ja pred spomen obele&#158;jem koji je posve\u0107en 14 Srba koji su ubijeni u selu Gracko kod Lipljana - Predsednik Republike Kosovo - DR. VJOSA OSMANI - SADRIU\" \/>\n<meta property=\"og:description\" content=\"Govor predsednika Tha\u00e7i-ja pred spomen obele&#158;jem koji je posve\u0107en 14 Srba koji su ubijeni u selu Gracko kod Lipljana - Predsednik Republike Kosovo - DR. VJOSA OSMANI - SADRIU -\" \/>\n<meta property=\"og:url\" content=\"https:\/\/president-ksgov.net\/sr\/govor-predsednika-thaci-ja-pred-spomen-obelejem-koji-je-posvecen-14-srba-koji-su-ubijeni-u-selu-gracko-kod-lipljana\/\" \/>\n<meta property=\"og:site_name\" content=\"Predsednik Republike Kosovo - DR. VJOSA OSMANI - SADRIU\" \/>\n<meta property=\"article:published_time\" content=\"2016-07-20T20:29:06+00:00\" \/>\n<meta property=\"article:modified_time\" content=\"2023-03-08T09:01:40+00:00\" \/>\n<meta property=\"og:image\" content=\"https:\/\/president-ksgov.net\/wp-content\/uploads\/20_07_2016_7876915_20_07_2016_778685_Photo1__2_.jpg\" \/>\n\t<meta property=\"og:image:width\" content=\"2400\" \/>\n\t<meta property=\"og:image:height\" content=\"1600\" \/>\n\t<meta property=\"og:image:type\" content=\"image\/jpeg\" \/>\n<meta name=\"author\" content=\"admin\" \/>\n<meta name=\"twitter:card\" content=\"summary_large_image\" \/>\n<meta name=\"twitter:label1\" content=\"\u041d\u0430\u043f\u0438\u0441\u0430\u043d\u043e \u043e\u0434\" \/>\n\t<meta name=\"twitter:data1\" content=\"admin\" \/>\n\t<meta name=\"twitter:label2\" content=\"\u041f\u0440\u043e\u0446\u0435\u045a\u0435\u043d\u043e \u0432\u0440\u0435\u043c\u0435 \u0447\u0438\u0442\u0430\u045a\u0430\" \/>\n\t<meta name=\"twitter:data2\" content=\"1 \u043c\u0438\u043d\u0443\u0442\" \/>\n<script type=\"application\/ld+json\" class=\"yoast-schema-graph\">{\"@context\":\"https:\/\/schema.org\",\"@graph\":[{\"@type\":\"WebPage\",\"@id\":\"https:\/\/president-ksgov.net\/sr\/govor-predsednika-thaci-ja-pred-spomen-obelejem-koji-je-posvecen-14-srba-koji-su-ubijeni-u-selu-gracko-kod-lipljana\/\",\"url\":\"https:\/\/president-ksgov.net\/sr\/govor-predsednika-thaci-ja-pred-spomen-obelejem-koji-je-posvecen-14-srba-koji-su-ubijeni-u-selu-gracko-kod-lipljana\/\",\"name\":\"Govor predsednika Tha\u00e7i-ja pred spomen obele&#158;jem koji je posve\u0107en 14 Srba koji su ubijeni u selu Gracko kod Lipljana - Predsednik Republike Kosovo - DR. VJOSA OSMANI - SADRIU\",\"isPartOf\":{\"@id\":\"https:\/\/president-ksgov.net\/#website\"},\"primaryImageOfPage\":{\"@id\":\"https:\/\/president-ksgov.net\/sr\/govor-predsednika-thaci-ja-pred-spomen-obelejem-koji-je-posvecen-14-srba-koji-su-ubijeni-u-selu-gracko-kod-lipljana\/#primaryimage\"},\"image\":{\"@id\":\"https:\/\/president-ksgov.net\/sr\/govor-predsednika-thaci-ja-pred-spomen-obelejem-koji-je-posvecen-14-srba-koji-su-ubijeni-u-selu-gracko-kod-lipljana\/#primaryimage\"},\"thumbnailUrl\":\"https:\/\/president-ksgov.net\/wp-content\/uploads\/20_07_2016_7876915_20_07_2016_778685_Photo1__2_.jpg\",\"datePublished\":\"2016-07-20T20:29:06+00:00\",\"dateModified\":\"2023-03-08T09:01:40+00:00\",\"author\":{\"@id\":\"https:\/\/president-ksgov.net\/#\/schema\/person\/bb4337a5fb147cb2046d80548172cbee\"},\"description\":\"Govor predsednika Tha\u00e7i-ja pred spomen obele&#158;jem koji je posve\u0107en 14 Srba koji su ubijeni u selu Gracko kod Lipljana - Predsednik Republike Kosovo - DR. VJOSA OSMANI - SADRIU -\",\"breadcrumb\":{\"@id\":\"https:\/\/president-ksgov.net\/sr\/govor-predsednika-thaci-ja-pred-spomen-obelejem-koji-je-posvecen-14-srba-koji-su-ubijeni-u-selu-gracko-kod-lipljana\/#breadcrumb\"},\"inLanguage\":\"sr-RS\",\"potentialAction\":[{\"@type\":\"ReadAction\",\"target\":[\"https:\/\/president-ksgov.net\/sr\/govor-predsednika-thaci-ja-pred-spomen-obelejem-koji-je-posvecen-14-srba-koji-su-ubijeni-u-selu-gracko-kod-lipljana\/\"]}]},{\"@type\":\"ImageObject\",\"inLanguage\":\"sr-RS\",\"@id\":\"https:\/\/president-ksgov.net\/sr\/govor-predsednika-thaci-ja-pred-spomen-obelejem-koji-je-posvecen-14-srba-koji-su-ubijeni-u-selu-gracko-kod-lipljana\/#primaryimage\",\"url\":\"https:\/\/president-ksgov.net\/wp-content\/uploads\/20_07_2016_7876915_20_07_2016_778685_Photo1__2_.jpg\",\"contentUrl\":\"https:\/\/president-ksgov.net\/wp-content\/uploads\/20_07_2016_7876915_20_07_2016_778685_Photo1__2_.jpg\",\"width\":2400,\"height\":1600},{\"@type\":\"BreadcrumbList\",\"@id\":\"https:\/\/president-ksgov.net\/sr\/govor-predsednika-thaci-ja-pred-spomen-obelejem-koji-je-posvecen-14-srba-koji-su-ubijeni-u-selu-gracko-kod-lipljana\/#breadcrumb\",\"itemListElement\":[{\"@type\":\"ListItem\",\"position\":1,\"name\":\"Home\",\"item\":\"https:\/\/president-ksgov.net\/sr\/\"},{\"@type\":\"ListItem\",\"position\":2,\"name\":\"Govor predsednika Tha\u00e7i-ja pred spomen obele&#158;jem koji je posve\u0107en 14 Srba koji su ubijeni u selu Gracko kod Lipljana\"}]},{\"@type\":\"WebSite\",\"@id\":\"https:\/\/president-ksgov.net\/#website\",\"url\":\"https:\/\/president-ksgov.net\/\",\"name\":\"Presidente e Republik\u00ebs s\u00eb Kosov\u00ebs\",\"description\":\"Presidente e Republik\u00ebs s\u00eb Kosov\u00ebs\",\"alternateName\":\"DR. VJOSA OSMANI - SADRIU\",\"potentialAction\":[{\"@type\":\"SearchAction\",\"target\":{\"@type\":\"EntryPoint\",\"urlTemplate\":\"https:\/\/president-ksgov.net\/?s={search_term_string}\"},\"query-input\":{\"@type\":\"PropertyValueSpecification\",\"valueRequired\":true,\"valueName\":\"search_term_string\"}}],\"inLanguage\":\"sr-RS\"},{\"@type\":\"Person\",\"@id\":\"https:\/\/president-ksgov.net\/#\/schema\/person\/bb4337a5fb147cb2046d80548172cbee\",\"name\":\"admin\",\"image\":{\"@type\":\"ImageObject\",\"inLanguage\":\"sr-RS\",\"@id\":\"https:\/\/president-ksgov.net\/#\/schema\/person\/image\/\",\"url\":\"https:\/\/secure.gravatar.com\/avatar\/36156ca0fa3b8d9d25174f146e16beea0cf28f37adf1b9e19b6c9c279a7c9dd3?s=96&d=mm&r=g\",\"contentUrl\":\"https:\/\/secure.gravatar.com\/avatar\/36156ca0fa3b8d9d25174f146e16beea0cf28f37adf1b9e19b6c9c279a7c9dd3?s=96&d=mm&r=g\",\"caption\":\"admin\"},\"sameAs\":[\"https:\/\/president-ksgov.net\"]}]}<\/script>\n<!-- \/ Yoast SEO plugin. -->","yoast_head_json":{"title":"Govor predsednika Tha\u00e7i-ja pred spomen obele&#158;jem koji je posve\u0107en 14 Srba koji su ubijeni u selu Gracko kod Lipljana - Predsednik Republike Kosovo - DR. VJOSA OSMANI - SADRIU","description":"Govor predsednika Tha\u00e7i-ja pred spomen obele&#158;jem koji je posve\u0107en 14 Srba koji su ubijeni u selu Gracko kod Lipljana - Predsednik Republike Kosovo - DR. VJOSA OSMANI - SADRIU -","robots":{"index":"index","follow":"follow","max-snippet":"max-snippet:-1","max-image-preview":"max-image-preview:large","max-video-preview":"max-video-preview:-1"},"canonical":"https:\/\/president-ksgov.net\/sr\/govor-predsednika-thaci-ja-pred-spomen-obelejem-koji-je-posvecen-14-srba-koji-su-ubijeni-u-selu-gracko-kod-lipljana\/","og_locale":"sr_RS","og_type":"article","og_title":"Govor predsednika Tha\u00e7i-ja pred spomen obele&#158;jem koji je posve\u0107en 14 Srba koji su ubijeni u selu Gracko kod Lipljana - Predsednik Republike Kosovo - DR. VJOSA OSMANI - SADRIU","og_description":"Govor predsednika Tha\u00e7i-ja pred spomen obele&#158;jem koji je posve\u0107en 14 Srba koji su ubijeni u selu Gracko kod Lipljana - Predsednik Republike Kosovo - DR. VJOSA OSMANI - SADRIU -","og_url":"https:\/\/president-ksgov.net\/sr\/govor-predsednika-thaci-ja-pred-spomen-obelejem-koji-je-posvecen-14-srba-koji-su-ubijeni-u-selu-gracko-kod-lipljana\/","og_site_name":"Predsednik Republike Kosovo - DR. VJOSA OSMANI - SADRIU","article_published_time":"2016-07-20T20:29:06+00:00","article_modified_time":"2023-03-08T09:01:40+00:00","og_image":[{"width":2400,"height":1600,"url":"https:\/\/president-ksgov.net\/wp-content\/uploads\/20_07_2016_7876915_20_07_2016_778685_Photo1__2_.jpg","type":"image\/jpeg"}],"author":"admin","twitter_card":"summary_large_image","twitter_misc":{"\u041d\u0430\u043f\u0438\u0441\u0430\u043d\u043e \u043e\u0434":"admin","\u041f\u0440\u043e\u0446\u0435\u045a\u0435\u043d\u043e \u0432\u0440\u0435\u043c\u0435 \u0447\u0438\u0442\u0430\u045a\u0430":"1 \u043c\u0438\u043d\u0443\u0442"},"schema":{"@context":"https:\/\/schema.org","@graph":[{"@type":"WebPage","@id":"https:\/\/president-ksgov.net\/sr\/govor-predsednika-thaci-ja-pred-spomen-obelejem-koji-je-posvecen-14-srba-koji-su-ubijeni-u-selu-gracko-kod-lipljana\/","url":"https:\/\/president-ksgov.net\/sr\/govor-predsednika-thaci-ja-pred-spomen-obelejem-koji-je-posvecen-14-srba-koji-su-ubijeni-u-selu-gracko-kod-lipljana\/","name":"Govor predsednika Tha\u00e7i-ja pred spomen obele&#158;jem koji je posve\u0107en 14 Srba koji su ubijeni u selu Gracko kod Lipljana - Predsednik Republike Kosovo - DR. VJOSA OSMANI - SADRIU","isPartOf":{"@id":"https:\/\/president-ksgov.net\/#website"},"primaryImageOfPage":{"@id":"https:\/\/president-ksgov.net\/sr\/govor-predsednika-thaci-ja-pred-spomen-obelejem-koji-je-posvecen-14-srba-koji-su-ubijeni-u-selu-gracko-kod-lipljana\/#primaryimage"},"image":{"@id":"https:\/\/president-ksgov.net\/sr\/govor-predsednika-thaci-ja-pred-spomen-obelejem-koji-je-posvecen-14-srba-koji-su-ubijeni-u-selu-gracko-kod-lipljana\/#primaryimage"},"thumbnailUrl":"https:\/\/president-ksgov.net\/wp-content\/uploads\/20_07_2016_7876915_20_07_2016_778685_Photo1__2_.jpg","datePublished":"2016-07-20T20:29:06+00:00","dateModified":"2023-03-08T09:01:40+00:00","author":{"@id":"https:\/\/president-ksgov.net\/#\/schema\/person\/bb4337a5fb147cb2046d80548172cbee"},"description":"Govor predsednika Tha\u00e7i-ja pred spomen obele&#158;jem koji je posve\u0107en 14 Srba koji su ubijeni u selu Gracko kod Lipljana - Predsednik Republike Kosovo - DR. VJOSA OSMANI - SADRIU -","breadcrumb":{"@id":"https:\/\/president-ksgov.net\/sr\/govor-predsednika-thaci-ja-pred-spomen-obelejem-koji-je-posvecen-14-srba-koji-su-ubijeni-u-selu-gracko-kod-lipljana\/#breadcrumb"},"inLanguage":"sr-RS","potentialAction":[{"@type":"ReadAction","target":["https:\/\/president-ksgov.net\/sr\/govor-predsednika-thaci-ja-pred-spomen-obelejem-koji-je-posvecen-14-srba-koji-su-ubijeni-u-selu-gracko-kod-lipljana\/"]}]},{"@type":"ImageObject","inLanguage":"sr-RS","@id":"https:\/\/president-ksgov.net\/sr\/govor-predsednika-thaci-ja-pred-spomen-obelejem-koji-je-posvecen-14-srba-koji-su-ubijeni-u-selu-gracko-kod-lipljana\/#primaryimage","url":"https:\/\/president-ksgov.net\/wp-content\/uploads\/20_07_2016_7876915_20_07_2016_778685_Photo1__2_.jpg","contentUrl":"https:\/\/president-ksgov.net\/wp-content\/uploads\/20_07_2016_7876915_20_07_2016_778685_Photo1__2_.jpg","width":2400,"height":1600},{"@type":"BreadcrumbList","@id":"https:\/\/president-ksgov.net\/sr\/govor-predsednika-thaci-ja-pred-spomen-obelejem-koji-je-posvecen-14-srba-koji-su-ubijeni-u-selu-gracko-kod-lipljana\/#breadcrumb","itemListElement":[{"@type":"ListItem","position":1,"name":"Home","item":"https:\/\/president-ksgov.net\/sr\/"},{"@type":"ListItem","position":2,"name":"Govor predsednika Tha\u00e7i-ja pred spomen obele&#158;jem koji je posve\u0107en 14 Srba koji su ubijeni u selu Gracko kod Lipljana"}]},{"@type":"WebSite","@id":"https:\/\/president-ksgov.net\/#website","url":"https:\/\/president-ksgov.net\/","name":"Presidente e Republik\u00ebs s\u00eb Kosov\u00ebs","description":"Presidente e Republik\u00ebs s\u00eb Kosov\u00ebs","alternateName":"DR. VJOSA OSMANI - SADRIU","potentialAction":[{"@type":"SearchAction","target":{"@type":"EntryPoint","urlTemplate":"https:\/\/president-ksgov.net\/?s={search_term_string}"},"query-input":{"@type":"PropertyValueSpecification","valueRequired":true,"valueName":"search_term_string"}}],"inLanguage":"sr-RS"},{"@type":"Person","@id":"https:\/\/president-ksgov.net\/#\/schema\/person\/bb4337a5fb147cb2046d80548172cbee","name":"admin","image":{"@type":"ImageObject","inLanguage":"sr-RS","@id":"https:\/\/president-ksgov.net\/#\/schema\/person\/image\/","url":"https:\/\/secure.gravatar.com\/avatar\/36156ca0fa3b8d9d25174f146e16beea0cf28f37adf1b9e19b6c9c279a7c9dd3?s=96&d=mm&r=g","contentUrl":"https:\/\/secure.gravatar.com\/avatar\/36156ca0fa3b8d9d25174f146e16beea0cf28f37adf1b9e19b6c9c279a7c9dd3?s=96&d=mm&r=g","caption":"admin"},"sameAs":["https:\/\/president-ksgov.net"]}]}},"_links":{"self":[{"href":"https:\/\/president-ksgov.net\/sr\/wp-json\/wp\/v2\/posts\/76728","targetHints":{"allow":["GET"]}}],"collection":[{"href":"https:\/\/president-ksgov.net\/sr\/wp-json\/wp\/v2\/posts"}],"about":[{"href":"https:\/\/president-ksgov.net\/sr\/wp-json\/wp\/v2\/types\/post"}],"author":[{"embeddable":true,"href":"https:\/\/president-ksgov.net\/sr\/wp-json\/wp\/v2\/users\/1"}],"replies":[{"embeddable":true,"href":"https:\/\/president-ksgov.net\/sr\/wp-json\/wp\/v2\/comments?post=76728"}],"version-history":[{"count":1,"href":"https:\/\/president-ksgov.net\/sr\/wp-json\/wp\/v2\/posts\/76728\/revisions"}],"predecessor-version":[{"id":81560,"href":"https:\/\/president-ksgov.net\/sr\/wp-json\/wp\/v2\/posts\/76728\/revisions\/81560"}],"wp:featuredmedia":[{"embeddable":true,"href":"https:\/\/president-ksgov.net\/sr\/wp-json\/wp\/v2\/media\/33563"}],"wp:attachment":[{"href":"https:\/\/president-ksgov.net\/sr\/wp-json\/wp\/v2\/media?parent=76728"}],"wp:term":[{"taxonomy":"category","embeddable":true,"href":"https:\/\/president-ksgov.net\/sr\/wp-json\/wp\/v2\/categories?post=76728"},{"taxonomy":"post_tag","embeddable":true,"href":"https:\/\/president-ksgov.net\/sr\/wp-json\/wp\/v2\/tags?post=76728"}],"curies":[{"name":"wp","href":"https:\/\/api.w.org\/{rel}","templated":true}]}}