{"id":76700,"date":"2016-08-17T17:16:20","date_gmt":"2016-08-17T17:16:20","guid":{"rendered":"https:\/\/dev.president-ksgov.net\/govor-predsednika-thacija-na-ceremoniji-inauguracije-ulice-beau-biden-2\/"},"modified":"2023-03-08T09:01:40","modified_gmt":"2023-03-08T09:01:40","slug":"govor-predsednika-thacija-na-ceremoniji-inauguracije-ulice-beau-biden-2","status":"publish","type":"post","link":"https:\/\/president-ksgov.net\/sr\/govor-predsednika-thacija-na-ceremoniji-inauguracije-ulice-beau-biden-2\/","title":{"rendered":"Govor predsednika Tha\u00e7ija na ceremoniji inauguracije ulice &#147;Beau Biden&#148;"},"content":{"rendered":"<p>Ovde smo da se prisetimo na Beau Biden, ali, kroz ovo se\u0107anje, da odrazimo malo i o zajedni\u010dkom putu koji mi imamo &#8211; Republika Kosovo i Sjedinjene Ameri\u010dke Dr&#382;ave, u ovom svetu punom izazova.<\/p>\n<p>Po&#353;tovani potpredsedni\u010de Biden,<br \/>\nPo&#353;tovana Dr. Biden,<br \/>\nPo&#353;tovana porodico Biden,<br \/>\nPo&#353;tovani premijeru,<br \/>\nPo&#353;tovani ambasadoru Delawie<br \/>\nPo&#353;tovani gosti ceremonije,<\/p>\n<p>Danas smo na ovom mestu zbog jednog veoma posebnog razloga. <\/p>\n<p>Ovde smo da se prisetimo na Beau Biden, ali, kroz ovo se\u0107anje, da odrazimo malo i o zajedni\u010dkom putu koji mi imamo &#8211; Republika Kosovo i Sjedinjene Ameri\u010dke Dr&#382;ave, u ovom svetu punom izazova.<\/p>\n<p>Pokojni Beau Biden, za one koji ne znaju, osim &#353;to je bio sin potpredsednika Biden, bio je i jedan od Amerikanaca koji je slu&#382;io sa marljivo&#353;\u0107u i ljubavlju na posleratnom Kosovu. <\/p>\n<p>Kao jedan mladi pravnik i entuzijasta, on je pomagao da se izgrade prvi kapaciteti vladavine zakona. <\/p>\n<p>On je pomagao doma\u0107e tu&#382;ioce i sudije da steknu potrebno iskustvo pravde tako da Kosovo ne bude samo jedno slobodno dru&#353;tvo nego i jedna zemlja sa jednakim pravima. <\/p>\n<p>Pozivam vas da malo razmislimo o ovom konceptu, biti jednak. <\/p>\n<p>Potpredsednik Biden je istaknut u SAD-u i &#353;irom sveta kao jedan borac za jednaka prava izme\u0111u ljudi.<\/p>\n<p>Kako bogat, tako i siroma&#353;an,\u00a0 kako pripadnik etni\u010dke ve\u0107ine tako i pripadnik manjine su ro\u0111eni na ovoj zemlji, i pod ovim suncem, sa neosporenim pravom slobode i jednakosti.<\/p>\n<p>Pre 20 godina smo se uto\u010dili u planine, kada nije bilo ni autoputeva ni novih puteva, bore\u0107i se za na&#353;u slobodu. <\/p>\n<p>Borili smo se da svaki \u010dovek bude slobodan na na&#353;em napa\u0107enom Kosovu. <\/p>\n<p>Imali smo nevi\u0111enu sre\u0107u. <\/p>\n<p>Humanitarna intervencija SAD-a i drugih saveznika nas je spasila.<\/p>\n<p>Na&#353;e strate&#353;ko partnerstvo sada ve\u0107 \u010detvrt veka nas u\u010dinilo je dr&#382;avom, u\u010dinilo nas je demokratijom i dovelo nas je na pragu evro-atlantskih integracija.<\/p>\n<p>Na vrhu vrhova ovog dugog putovanja, ali istorijski zna\u010dajnog izme\u0111u dve dr&#382;ave i dva naroda bio je potpredsednik Biden, prvo kao senator, a zatim kao broj dva ameri\u010dke dr&#382;ave, ali i kao ponosan otac Beau Bidena.<\/p>\n<p>Beau, koji je do&#353;ao ovde, nam je dao dragoceno vreme svog kratkog &#382;ivota, i osta\u0107e tako do ve\u010dnosti kao simbol na&#353;ih zajedni\u010dkih vrednosti.<\/p>\n<p>Po&#353;tovana porodico Biden, <\/p>\n<p>Dozvolite mi da vam ka&#382;em jo&#353; nekoliko re\u010di na kraju:<\/p>\n<p>Beau, nekoliko godina pre svoje prerane smrti, rekao je da &#8222;nije uvek dobro da se usredsredimo na cilju, bez gledanja na sredstva kojima dolazimo do cilja&#8220;.<\/p>\n<p>Ponekad moramo da se podignemo iznad trenutnih emocija i buke dnevnih vesti.<\/p>\n<p>Moramo da gledamo dalje. <\/p>\n<p>Ba&#353; kao ovaj put gde smo danas, koji je deo jedne nove veze Kosova sa svetom, tako i mi treba da budemo deo regionalnih i svetskih re&#353;enja.<\/p>\n<p>Mi sada, kao Kosovo, moramo da ponudimo re&#353;enja.<\/p>\n<p>Moramo da ponudimo susedima prijateljstvo i moramo zatvoriti poglavlja iz pro&#353;losti.<\/p>\n<p>Ako pru&#382;imo ruku i jednom srpskom roditelju koji i dalje tra&#382;i nestalo dete, to nas ne \u010dini slabijim, nego mnogo ve\u0107im.<\/p>\n<p>Ako podr&#382;avamo jednaka prava ljubavi za LGBT zajednicu, to nas ne \u010dini manje moralnim, nego sa vrhunskom moralnom snagom. <\/p>\n<p>Ako zahtevamo prava jedne majke ili sestre pogo\u0111enih nasiljem u porodici, to nas\u00a0 \u010dini ja\u010dim.<\/p>\n<p>Ako insistiramo na dostojanstvo ratnog veterana i dece veterana, to nas \u010dini ponosnijim.<\/p>\n<p>Isto tako, ako sa Crnom Gorom ja\u010damo strate&#353;ko partnerstvo bez ijedne dileme o granici izme\u0111u nas, to nas ne \u010dini istorijskim gubitnikom nego nas \u010dini zajedni\u010dkim pobednikom sigurne budu\u0107nosti u NATO-u.<\/p>\n<p>Ako u potpunosti normalizujemo odnose sa Srbijom, mi dajemo zna\u010daj miru &#8211; pomirenje izme\u0111u na&#353;ih naroda i zemalja.<\/p>\n<p>Svi \u0107emo biti pobednici.<\/p>\n<p>Potpredsedni\u010de Biden i dr. D&#382;il Biden,<\/p>\n<p>Uveravam vas ovde, na ovom mestu, pod imenom va&#353;eg pokojnog sina Beau Bidena, da je Kosovo uspe&#353;na pri\u010da, jedna fenomenalna pri\u010da \u010duda SAD-a .<\/p>\n<p>Ali pre svega, vas obave&#353;tavam da je u ovoj zemlji, zahvaljuju\u0107i va&#353;em radu, va&#353;e porodice i pokojnog Beau, mi gradimo jednu jednaku zemlju za sve.<\/p>\n<p>Siguran sam da \u0107emo zajedno uspeti.<\/p>\n<p>Hvala vam.<\/p>\n","protected":false},"excerpt":{"rendered":"<p>Ovde smo da se prisetimo na Beau Biden, ali, kroz ovo se\u0107anje, da odrazimo malo i o zajedni\u010dkom putu koji mi imamo &#8211; Republika Kosovo i Sjedinjene Ameri\u010dke Dr&#382;ave, u ovom svetu punom izazova.<\/p>\n","protected":false},"author":1,"featured_media":33431,"comment_status":"open","ping_status":"closed","sticky":false,"template":"","format":"standard","meta":{"_eb_attr":"","footnotes":""},"categories":[106],"tags":[],"class_list":["post-76700","post","type-post","status-publish","format-standard","has-post-thumbnail","hentry","category-govori"],"yoast_head":"<!-- This site is optimized with the Yoast SEO plugin v23.5 - https:\/\/yoast.com\/wordpress\/plugins\/seo\/ -->\n<title>Govor predsednika Tha\u00e7ija na ceremoniji inauguracije ulice &#147;Beau Biden&#148; - Predsednik Republike Kosovo - DR. VJOSA OSMANI - SADRIU<\/title>\n<meta name=\"description\" content=\"Govor predsednika Tha\u00e7ija na ceremoniji inauguracije ulice &#147;Beau Biden&#148; - Predsednik Republike Kosovo - DR. VJOSA OSMANI - SADRIU -\" \/>\n<meta name=\"robots\" content=\"index, follow, max-snippet:-1, max-image-preview:large, max-video-preview:-1\" \/>\n<link rel=\"canonical\" href=\"https:\/\/president-ksgov.net\/sr\/govor-predsednika-thacija-na-ceremoniji-inauguracije-ulice-beau-biden-2\/\" \/>\n<meta property=\"og:locale\" content=\"sr_RS\" \/>\n<meta property=\"og:type\" content=\"article\" \/>\n<meta property=\"og:title\" content=\"Govor predsednika Tha\u00e7ija na ceremoniji inauguracije ulice &#147;Beau Biden&#148; - Predsednik Republike Kosovo - DR. VJOSA OSMANI - SADRIU\" \/>\n<meta property=\"og:description\" content=\"Govor predsednika Tha\u00e7ija na ceremoniji inauguracije ulice &#147;Beau Biden&#148; - Predsednik Republike Kosovo - DR. VJOSA OSMANI - SADRIU -\" \/>\n<meta property=\"og:url\" content=\"https:\/\/president-ksgov.net\/sr\/govor-predsednika-thacija-na-ceremoniji-inauguracije-ulice-beau-biden-2\/\" \/>\n<meta property=\"og:site_name\" content=\"Predsednik Republike Kosovo - DR. VJOSA OSMANI - SADRIU\" \/>\n<meta property=\"article:published_time\" content=\"2016-08-17T17:16:20+00:00\" \/>\n<meta property=\"article:modified_time\" content=\"2023-03-08T09:01:40+00:00\" \/>\n<meta property=\"og:image\" content=\"https:\/\/president-ksgov.net\/wp-content\/uploads\/17_08_2016_4077321_Photo1.jpg\" \/>\n\t<meta property=\"og:image:width\" content=\"2403\" \/>\n\t<meta property=\"og:image:height\" content=\"1600\" \/>\n\t<meta property=\"og:image:type\" content=\"image\/jpeg\" \/>\n<meta name=\"author\" content=\"admin\" \/>\n<meta name=\"twitter:card\" content=\"summary_large_image\" \/>\n<meta name=\"twitter:label1\" content=\"\u041d\u0430\u043f\u0438\u0441\u0430\u043d\u043e \u043e\u0434\" \/>\n\t<meta name=\"twitter:data1\" content=\"admin\" \/>\n\t<meta name=\"twitter:label2\" content=\"\u041f\u0440\u043e\u0446\u0435\u045a\u0435\u043d\u043e \u0432\u0440\u0435\u043c\u0435 \u0447\u0438\u0442\u0430\u045a\u0430\" \/>\n\t<meta name=\"twitter:data2\" content=\"4 \u043c\u0438\u043d\u0443\u0442\u0430\" \/>\n<script type=\"application\/ld+json\" class=\"yoast-schema-graph\">{\"@context\":\"https:\/\/schema.org\",\"@graph\":[{\"@type\":\"WebPage\",\"@id\":\"https:\/\/president-ksgov.net\/sr\/govor-predsednika-thacija-na-ceremoniji-inauguracije-ulice-beau-biden-2\/\",\"url\":\"https:\/\/president-ksgov.net\/sr\/govor-predsednika-thacija-na-ceremoniji-inauguracije-ulice-beau-biden-2\/\",\"name\":\"Govor predsednika Tha\u00e7ija na ceremoniji inauguracije ulice &#147;Beau Biden&#148; - Predsednik Republike Kosovo - DR. VJOSA OSMANI - SADRIU\",\"isPartOf\":{\"@id\":\"https:\/\/president-ksgov.net\/#website\"},\"primaryImageOfPage\":{\"@id\":\"https:\/\/president-ksgov.net\/sr\/govor-predsednika-thacija-na-ceremoniji-inauguracije-ulice-beau-biden-2\/#primaryimage\"},\"image\":{\"@id\":\"https:\/\/president-ksgov.net\/sr\/govor-predsednika-thacija-na-ceremoniji-inauguracije-ulice-beau-biden-2\/#primaryimage\"},\"thumbnailUrl\":\"https:\/\/president-ksgov.net\/wp-content\/uploads\/17_08_2016_4077321_Photo1.jpg\",\"datePublished\":\"2016-08-17T17:16:20+00:00\",\"dateModified\":\"2023-03-08T09:01:40+00:00\",\"author\":{\"@id\":\"https:\/\/president-ksgov.net\/#\/schema\/person\/bb4337a5fb147cb2046d80548172cbee\"},\"description\":\"Govor predsednika Tha\u00e7ija na ceremoniji inauguracije ulice &#147;Beau Biden&#148; - Predsednik Republike Kosovo - DR. VJOSA OSMANI - SADRIU -\",\"breadcrumb\":{\"@id\":\"https:\/\/president-ksgov.net\/sr\/govor-predsednika-thacija-na-ceremoniji-inauguracije-ulice-beau-biden-2\/#breadcrumb\"},\"inLanguage\":\"sr-RS\",\"potentialAction\":[{\"@type\":\"ReadAction\",\"target\":[\"https:\/\/president-ksgov.net\/sr\/govor-predsednika-thacija-na-ceremoniji-inauguracije-ulice-beau-biden-2\/\"]}]},{\"@type\":\"ImageObject\",\"inLanguage\":\"sr-RS\",\"@id\":\"https:\/\/president-ksgov.net\/sr\/govor-predsednika-thacija-na-ceremoniji-inauguracije-ulice-beau-biden-2\/#primaryimage\",\"url\":\"https:\/\/president-ksgov.net\/wp-content\/uploads\/17_08_2016_4077321_Photo1.jpg\",\"contentUrl\":\"https:\/\/president-ksgov.net\/wp-content\/uploads\/17_08_2016_4077321_Photo1.jpg\",\"width\":2403,\"height\":1600},{\"@type\":\"BreadcrumbList\",\"@id\":\"https:\/\/president-ksgov.net\/sr\/govor-predsednika-thacija-na-ceremoniji-inauguracije-ulice-beau-biden-2\/#breadcrumb\",\"itemListElement\":[{\"@type\":\"ListItem\",\"position\":1,\"name\":\"Home\",\"item\":\"https:\/\/president-ksgov.net\/sr\/\"},{\"@type\":\"ListItem\",\"position\":2,\"name\":\"Govor predsednika Tha\u00e7ija na ceremoniji inauguracije ulice &#147;Beau Biden&#148;\"}]},{\"@type\":\"WebSite\",\"@id\":\"https:\/\/president-ksgov.net\/#website\",\"url\":\"https:\/\/president-ksgov.net\/\",\"name\":\"Presidente e Republik\u00ebs s\u00eb Kosov\u00ebs\",\"description\":\"Presidente e Republik\u00ebs s\u00eb Kosov\u00ebs\",\"alternateName\":\"DR. VJOSA OSMANI - SADRIU\",\"potentialAction\":[{\"@type\":\"SearchAction\",\"target\":{\"@type\":\"EntryPoint\",\"urlTemplate\":\"https:\/\/president-ksgov.net\/?s={search_term_string}\"},\"query-input\":{\"@type\":\"PropertyValueSpecification\",\"valueRequired\":true,\"valueName\":\"search_term_string\"}}],\"inLanguage\":\"sr-RS\"},{\"@type\":\"Person\",\"@id\":\"https:\/\/president-ksgov.net\/#\/schema\/person\/bb4337a5fb147cb2046d80548172cbee\",\"name\":\"admin\",\"image\":{\"@type\":\"ImageObject\",\"inLanguage\":\"sr-RS\",\"@id\":\"https:\/\/president-ksgov.net\/#\/schema\/person\/image\/\",\"url\":\"https:\/\/secure.gravatar.com\/avatar\/36156ca0fa3b8d9d25174f146e16beea0cf28f37adf1b9e19b6c9c279a7c9dd3?s=96&d=mm&r=g\",\"contentUrl\":\"https:\/\/secure.gravatar.com\/avatar\/36156ca0fa3b8d9d25174f146e16beea0cf28f37adf1b9e19b6c9c279a7c9dd3?s=96&d=mm&r=g\",\"caption\":\"admin\"},\"sameAs\":[\"https:\/\/president-ksgov.net\"]}]}<\/script>\n<!-- \/ Yoast SEO plugin. -->","yoast_head_json":{"title":"Govor predsednika Tha\u00e7ija na ceremoniji inauguracije ulice &#147;Beau Biden&#148; - Predsednik Republike Kosovo - DR. VJOSA OSMANI - SADRIU","description":"Govor predsednika Tha\u00e7ija na ceremoniji inauguracije ulice &#147;Beau Biden&#148; - Predsednik Republike Kosovo - DR. VJOSA OSMANI - SADRIU -","robots":{"index":"index","follow":"follow","max-snippet":"max-snippet:-1","max-image-preview":"max-image-preview:large","max-video-preview":"max-video-preview:-1"},"canonical":"https:\/\/president-ksgov.net\/sr\/govor-predsednika-thacija-na-ceremoniji-inauguracije-ulice-beau-biden-2\/","og_locale":"sr_RS","og_type":"article","og_title":"Govor predsednika Tha\u00e7ija na ceremoniji inauguracije ulice &#147;Beau Biden&#148; - Predsednik Republike Kosovo - DR. VJOSA OSMANI - SADRIU","og_description":"Govor predsednika Tha\u00e7ija na ceremoniji inauguracije ulice &#147;Beau Biden&#148; - Predsednik Republike Kosovo - DR. VJOSA OSMANI - SADRIU -","og_url":"https:\/\/president-ksgov.net\/sr\/govor-predsednika-thacija-na-ceremoniji-inauguracije-ulice-beau-biden-2\/","og_site_name":"Predsednik Republike Kosovo - DR. VJOSA OSMANI - SADRIU","article_published_time":"2016-08-17T17:16:20+00:00","article_modified_time":"2023-03-08T09:01:40+00:00","og_image":[{"width":2403,"height":1600,"url":"https:\/\/president-ksgov.net\/wp-content\/uploads\/17_08_2016_4077321_Photo1.jpg","type":"image\/jpeg"}],"author":"admin","twitter_card":"summary_large_image","twitter_misc":{"\u041d\u0430\u043f\u0438\u0441\u0430\u043d\u043e \u043e\u0434":"admin","\u041f\u0440\u043e\u0446\u0435\u045a\u0435\u043d\u043e \u0432\u0440\u0435\u043c\u0435 \u0447\u0438\u0442\u0430\u045a\u0430":"4 \u043c\u0438\u043d\u0443\u0442\u0430"},"schema":{"@context":"https:\/\/schema.org","@graph":[{"@type":"WebPage","@id":"https:\/\/president-ksgov.net\/sr\/govor-predsednika-thacija-na-ceremoniji-inauguracije-ulice-beau-biden-2\/","url":"https:\/\/president-ksgov.net\/sr\/govor-predsednika-thacija-na-ceremoniji-inauguracije-ulice-beau-biden-2\/","name":"Govor predsednika Tha\u00e7ija na ceremoniji inauguracije ulice &#147;Beau Biden&#148; - Predsednik Republike Kosovo - DR. VJOSA OSMANI - SADRIU","isPartOf":{"@id":"https:\/\/president-ksgov.net\/#website"},"primaryImageOfPage":{"@id":"https:\/\/president-ksgov.net\/sr\/govor-predsednika-thacija-na-ceremoniji-inauguracije-ulice-beau-biden-2\/#primaryimage"},"image":{"@id":"https:\/\/president-ksgov.net\/sr\/govor-predsednika-thacija-na-ceremoniji-inauguracije-ulice-beau-biden-2\/#primaryimage"},"thumbnailUrl":"https:\/\/president-ksgov.net\/wp-content\/uploads\/17_08_2016_4077321_Photo1.jpg","datePublished":"2016-08-17T17:16:20+00:00","dateModified":"2023-03-08T09:01:40+00:00","author":{"@id":"https:\/\/president-ksgov.net\/#\/schema\/person\/bb4337a5fb147cb2046d80548172cbee"},"description":"Govor predsednika Tha\u00e7ija na ceremoniji inauguracije ulice &#147;Beau Biden&#148; - Predsednik Republike Kosovo - DR. VJOSA OSMANI - SADRIU -","breadcrumb":{"@id":"https:\/\/president-ksgov.net\/sr\/govor-predsednika-thacija-na-ceremoniji-inauguracije-ulice-beau-biden-2\/#breadcrumb"},"inLanguage":"sr-RS","potentialAction":[{"@type":"ReadAction","target":["https:\/\/president-ksgov.net\/sr\/govor-predsednika-thacija-na-ceremoniji-inauguracije-ulice-beau-biden-2\/"]}]},{"@type":"ImageObject","inLanguage":"sr-RS","@id":"https:\/\/president-ksgov.net\/sr\/govor-predsednika-thacija-na-ceremoniji-inauguracije-ulice-beau-biden-2\/#primaryimage","url":"https:\/\/president-ksgov.net\/wp-content\/uploads\/17_08_2016_4077321_Photo1.jpg","contentUrl":"https:\/\/president-ksgov.net\/wp-content\/uploads\/17_08_2016_4077321_Photo1.jpg","width":2403,"height":1600},{"@type":"BreadcrumbList","@id":"https:\/\/president-ksgov.net\/sr\/govor-predsednika-thacija-na-ceremoniji-inauguracije-ulice-beau-biden-2\/#breadcrumb","itemListElement":[{"@type":"ListItem","position":1,"name":"Home","item":"https:\/\/president-ksgov.net\/sr\/"},{"@type":"ListItem","position":2,"name":"Govor predsednika Tha\u00e7ija na ceremoniji inauguracije ulice &#147;Beau Biden&#148;"}]},{"@type":"WebSite","@id":"https:\/\/president-ksgov.net\/#website","url":"https:\/\/president-ksgov.net\/","name":"Presidente e Republik\u00ebs s\u00eb Kosov\u00ebs","description":"Presidente e Republik\u00ebs s\u00eb Kosov\u00ebs","alternateName":"DR. VJOSA OSMANI - SADRIU","potentialAction":[{"@type":"SearchAction","target":{"@type":"EntryPoint","urlTemplate":"https:\/\/president-ksgov.net\/?s={search_term_string}"},"query-input":{"@type":"PropertyValueSpecification","valueRequired":true,"valueName":"search_term_string"}}],"inLanguage":"sr-RS"},{"@type":"Person","@id":"https:\/\/president-ksgov.net\/#\/schema\/person\/bb4337a5fb147cb2046d80548172cbee","name":"admin","image":{"@type":"ImageObject","inLanguage":"sr-RS","@id":"https:\/\/president-ksgov.net\/#\/schema\/person\/image\/","url":"https:\/\/secure.gravatar.com\/avatar\/36156ca0fa3b8d9d25174f146e16beea0cf28f37adf1b9e19b6c9c279a7c9dd3?s=96&d=mm&r=g","contentUrl":"https:\/\/secure.gravatar.com\/avatar\/36156ca0fa3b8d9d25174f146e16beea0cf28f37adf1b9e19b6c9c279a7c9dd3?s=96&d=mm&r=g","caption":"admin"},"sameAs":["https:\/\/president-ksgov.net"]}]}},"_links":{"self":[{"href":"https:\/\/president-ksgov.net\/sr\/wp-json\/wp\/v2\/posts\/76700","targetHints":{"allow":["GET"]}}],"collection":[{"href":"https:\/\/president-ksgov.net\/sr\/wp-json\/wp\/v2\/posts"}],"about":[{"href":"https:\/\/president-ksgov.net\/sr\/wp-json\/wp\/v2\/types\/post"}],"author":[{"embeddable":true,"href":"https:\/\/president-ksgov.net\/sr\/wp-json\/wp\/v2\/users\/1"}],"replies":[{"embeddable":true,"href":"https:\/\/president-ksgov.net\/sr\/wp-json\/wp\/v2\/comments?post=76700"}],"version-history":[{"count":1,"href":"https:\/\/president-ksgov.net\/sr\/wp-json\/wp\/v2\/posts\/76700\/revisions"}],"predecessor-version":[{"id":81558,"href":"https:\/\/president-ksgov.net\/sr\/wp-json\/wp\/v2\/posts\/76700\/revisions\/81558"}],"wp:featuredmedia":[{"embeddable":true,"href":"https:\/\/president-ksgov.net\/sr\/wp-json\/wp\/v2\/media\/33431"}],"wp:attachment":[{"href":"https:\/\/president-ksgov.net\/sr\/wp-json\/wp\/v2\/media?parent=76700"}],"wp:term":[{"taxonomy":"category","embeddable":true,"href":"https:\/\/president-ksgov.net\/sr\/wp-json\/wp\/v2\/categories?post=76700"},{"taxonomy":"post_tag","embeddable":true,"href":"https:\/\/president-ksgov.net\/sr\/wp-json\/wp\/v2\/tags?post=76700"}],"curies":[{"name":"wp","href":"https:\/\/api.w.org\/{rel}","templated":true}]}}