{"id":76684,"date":"2016-08-31T16:27:26","date_gmt":"2016-08-31T16:27:26","guid":{"rendered":"https:\/\/dev.president-ksgov.net\/predsednik-thaci-posetio-je-granicni-prelaz-jarinje-kae-da-je-normalno-stanje-na-severu-rezultat-dijaloga-u-briselu\/"},"modified":"2016-08-31T16:27:26","modified_gmt":"2016-08-31T16:27:26","slug":"predsednik-thaci-posetio-je-granicni-prelaz-jarinje-kae-da-je-normalno-stanje-na-severu-rezultat-dijaloga-u-briselu","status":"publish","type":"post","link":"https:\/\/president-ksgov.net\/sr\/predsednik-thaci-posetio-je-granicni-prelaz-jarinje-kae-da-je-normalno-stanje-na-severu-rezultat-dijaloga-u-briselu\/","title":{"rendered":"Predsednik Tha\u00e7i posetio je grani\u010dni prelaz Jarinje, ka&#158;e da je normalno stanje na severu rezultat dijaloga u Briselu"},"content":{"rendered":"<p>Pri&#353;tina, 31. avgust 2016. &#8211; Predsednik Republike Kosova, Hashim Tha\u00e7i, danas je posetio grani\u010dni prelaz Jarinje u severnom delu Kosova.<\/p>\n<p>Za normalno stanje, koje je uspostavljeno na severu Kosova i o slobodno kretanjeljudi i robe, predsednik Tha\u00e7i je rekao da su rezultat dijaloga koji se vodio u Briselu.<\/p>\n<p>&#8222;\u010cestitam svim policajcima Kosova, svim carinicima, koji rade zajedno, Albancima, Srbima i drugima, prema zakonima Kosova i evropskim standardima. Veoma mi je drago da vidim potpuno normalnu situaciju, situaciju komuniciranja, ali i kretanje ljudi. Izuzetno je ohrabruju\u0107a i saradnja me\u0111u kosovskim i srpskim organima. &#381;elim da verujem da \u0107e ovo biti dobar primer za budu\u0107nost&#8220;, rekao je predsednik Tha\u00e7i.<\/p>\n<p>Tokom posete grani\u010dnom prelazu Jarine, predsednik Tha\u00e7i je bio u pratnji direktora Policije, Shpend-a Maxhuni, kao i u pratnji direktora Carine Kosova, Lul\u00ebzim-a Rafuna, kojima je \u010destitao na anga&#382;ovanju celokupnog njihovog osoblja na ovom grani\u010dnom prelazu Kosova sa Srbijom, kao i na ostalim prelazima svuda po Kosovu.<\/p>\n","protected":false},"excerpt":{"rendered":"<p>Pri&#353;tina, 31. avgust 2016. &#8211; Predsednik Republike Kosova, Hashim Tha\u00e7i, danas je posetio grani\u010dni prelaz Jarinje u severnom delu Kosova.<\/p>\n","protected":false},"author":1,"featured_media":33298,"comment_status":"open","ping_status":"closed","sticky":false,"template":"","format":"standard","meta":{"_eb_attr":"","footnotes":""},"categories":[101],"tags":[],"class_list":["post-76684","post","type-post","status-publish","format-standard","has-post-thumbnail","hentry","category-vesti"],"yoast_head":"<!-- This site is optimized with the Yoast SEO plugin v23.5 - https:\/\/yoast.com\/wordpress\/plugins\/seo\/ -->\n<title>Predsednik Tha\u00e7i posetio je grani\u010dni prelaz Jarinje, ka&#158;e da je normalno stanje na severu rezultat dijaloga u Briselu - Predsednik Republike Kosovo - DR. VJOSA OSMANI - SADRIU<\/title>\n<meta name=\"description\" content=\"Predsednik Tha\u00e7i posetio je grani\u010dni prelaz Jarinje, ka&#158;e da je normalno stanje na severu rezultat dijaloga u Briselu - Predsednik Republike Kosovo - DR. VJOSA OSMANI - SADRIU -\" \/>\n<meta name=\"robots\" content=\"index, follow, max-snippet:-1, max-image-preview:large, max-video-preview:-1\" \/>\n<link rel=\"canonical\" href=\"https:\/\/president-ksgov.net\/sr\/predsednik-thaci-posetio-je-granicni-prelaz-jarinje-kae-da-je-normalno-stanje-na-severu-rezultat-dijaloga-u-briselu\/\" \/>\n<meta property=\"og:locale\" content=\"sr_RS\" \/>\n<meta property=\"og:type\" content=\"article\" \/>\n<meta property=\"og:title\" content=\"Predsednik Tha\u00e7i posetio je grani\u010dni prelaz Jarinje, ka&#158;e da je normalno stanje na severu rezultat dijaloga u Briselu - Predsednik Republike Kosovo - DR. VJOSA OSMANI - SADRIU\" \/>\n<meta property=\"og:description\" content=\"Predsednik Tha\u00e7i posetio je grani\u010dni prelaz Jarinje, ka&#158;e da je normalno stanje na severu rezultat dijaloga u Briselu - Predsednik Republike Kosovo - DR. VJOSA OSMANI - SADRIU -\" \/>\n<meta property=\"og:url\" content=\"https:\/\/president-ksgov.net\/sr\/predsednik-thaci-posetio-je-granicni-prelaz-jarinje-kae-da-je-normalno-stanje-na-severu-rezultat-dijaloga-u-briselu\/\" \/>\n<meta property=\"og:site_name\" content=\"Predsednik Republike Kosovo - DR. VJOSA OSMANI - SADRIU\" \/>\n<meta property=\"article:published_time\" content=\"2016-08-31T16:27:26+00:00\" \/>\n<meta property=\"og:image\" content=\"https:\/\/president-ksgov.net\/wp-content\/uploads\/31_08_2016_8034015_000.jpg\" \/>\n\t<meta property=\"og:image:width\" content=\"2400\" \/>\n\t<meta property=\"og:image:height\" content=\"1600\" \/>\n\t<meta property=\"og:image:type\" content=\"image\/jpeg\" \/>\n<meta name=\"author\" content=\"admin\" \/>\n<meta name=\"twitter:card\" content=\"summary_large_image\" \/>\n<meta name=\"twitter:label1\" content=\"\u041d\u0430\u043f\u0438\u0441\u0430\u043d\u043e \u043e\u0434\" \/>\n\t<meta name=\"twitter:data1\" content=\"admin\" \/>\n\t<meta name=\"twitter:label2\" content=\"\u041f\u0440\u043e\u0446\u0435\u045a\u0435\u043d\u043e \u0432\u0440\u0435\u043c\u0435 \u0447\u0438\u0442\u0430\u045a\u0430\" \/>\n\t<meta name=\"twitter:data2\" content=\"1 \u043c\u0438\u043d\u0443\u0442\" \/>\n<script type=\"application\/ld+json\" class=\"yoast-schema-graph\">{\"@context\":\"https:\/\/schema.org\",\"@graph\":[{\"@type\":\"WebPage\",\"@id\":\"https:\/\/president-ksgov.net\/sr\/predsednik-thaci-posetio-je-granicni-prelaz-jarinje-kae-da-je-normalno-stanje-na-severu-rezultat-dijaloga-u-briselu\/\",\"url\":\"https:\/\/president-ksgov.net\/sr\/predsednik-thaci-posetio-je-granicni-prelaz-jarinje-kae-da-je-normalno-stanje-na-severu-rezultat-dijaloga-u-briselu\/\",\"name\":\"Predsednik Tha\u00e7i posetio je grani\u010dni prelaz Jarinje, ka&#158;e da je normalno stanje na severu rezultat dijaloga u Briselu - Predsednik Republike Kosovo - DR. VJOSA OSMANI - SADRIU\",\"isPartOf\":{\"@id\":\"https:\/\/president-ksgov.net\/#website\"},\"primaryImageOfPage\":{\"@id\":\"https:\/\/president-ksgov.net\/sr\/predsednik-thaci-posetio-je-granicni-prelaz-jarinje-kae-da-je-normalno-stanje-na-severu-rezultat-dijaloga-u-briselu\/#primaryimage\"},\"image\":{\"@id\":\"https:\/\/president-ksgov.net\/sr\/predsednik-thaci-posetio-je-granicni-prelaz-jarinje-kae-da-je-normalno-stanje-na-severu-rezultat-dijaloga-u-briselu\/#primaryimage\"},\"thumbnailUrl\":\"https:\/\/president-ksgov.net\/wp-content\/uploads\/31_08_2016_8034015_000.jpg\",\"datePublished\":\"2016-08-31T16:27:26+00:00\",\"dateModified\":\"2016-08-31T16:27:26+00:00\",\"author\":{\"@id\":\"https:\/\/president-ksgov.net\/#\/schema\/person\/bb4337a5fb147cb2046d80548172cbee\"},\"description\":\"Predsednik Tha\u00e7i posetio je grani\u010dni prelaz Jarinje, ka&#158;e da je normalno stanje na severu rezultat dijaloga u Briselu - Predsednik Republike Kosovo - DR. VJOSA OSMANI - SADRIU -\",\"breadcrumb\":{\"@id\":\"https:\/\/president-ksgov.net\/sr\/predsednik-thaci-posetio-je-granicni-prelaz-jarinje-kae-da-je-normalno-stanje-na-severu-rezultat-dijaloga-u-briselu\/#breadcrumb\"},\"inLanguage\":\"sr-RS\",\"potentialAction\":[{\"@type\":\"ReadAction\",\"target\":[\"https:\/\/president-ksgov.net\/sr\/predsednik-thaci-posetio-je-granicni-prelaz-jarinje-kae-da-je-normalno-stanje-na-severu-rezultat-dijaloga-u-briselu\/\"]}]},{\"@type\":\"ImageObject\",\"inLanguage\":\"sr-RS\",\"@id\":\"https:\/\/president-ksgov.net\/sr\/predsednik-thaci-posetio-je-granicni-prelaz-jarinje-kae-da-je-normalno-stanje-na-severu-rezultat-dijaloga-u-briselu\/#primaryimage\",\"url\":\"https:\/\/president-ksgov.net\/wp-content\/uploads\/31_08_2016_8034015_000.jpg\",\"contentUrl\":\"https:\/\/president-ksgov.net\/wp-content\/uploads\/31_08_2016_8034015_000.jpg\",\"width\":2400,\"height\":1600},{\"@type\":\"BreadcrumbList\",\"@id\":\"https:\/\/president-ksgov.net\/sr\/predsednik-thaci-posetio-je-granicni-prelaz-jarinje-kae-da-je-normalno-stanje-na-severu-rezultat-dijaloga-u-briselu\/#breadcrumb\",\"itemListElement\":[{\"@type\":\"ListItem\",\"position\":1,\"name\":\"Home\",\"item\":\"https:\/\/president-ksgov.net\/sr\/\"},{\"@type\":\"ListItem\",\"position\":2,\"name\":\"Predsednik Tha\u00e7i posetio je grani\u010dni prelaz Jarinje, ka&#158;e da je normalno stanje na severu rezultat dijaloga u Briselu\"}]},{\"@type\":\"WebSite\",\"@id\":\"https:\/\/president-ksgov.net\/#website\",\"url\":\"https:\/\/president-ksgov.net\/\",\"name\":\"Presidente e Republik\u00ebs s\u00eb Kosov\u00ebs\",\"description\":\"Presidente e Republik\u00ebs s\u00eb Kosov\u00ebs\",\"alternateName\":\"DR. VJOSA OSMANI - SADRIU\",\"potentialAction\":[{\"@type\":\"SearchAction\",\"target\":{\"@type\":\"EntryPoint\",\"urlTemplate\":\"https:\/\/president-ksgov.net\/?s={search_term_string}\"},\"query-input\":{\"@type\":\"PropertyValueSpecification\",\"valueRequired\":true,\"valueName\":\"search_term_string\"}}],\"inLanguage\":\"sr-RS\"},{\"@type\":\"Person\",\"@id\":\"https:\/\/president-ksgov.net\/#\/schema\/person\/bb4337a5fb147cb2046d80548172cbee\",\"name\":\"admin\",\"image\":{\"@type\":\"ImageObject\",\"inLanguage\":\"sr-RS\",\"@id\":\"https:\/\/president-ksgov.net\/#\/schema\/person\/image\/\",\"url\":\"https:\/\/secure.gravatar.com\/avatar\/36156ca0fa3b8d9d25174f146e16beea0cf28f37adf1b9e19b6c9c279a7c9dd3?s=96&d=mm&r=g\",\"contentUrl\":\"https:\/\/secure.gravatar.com\/avatar\/36156ca0fa3b8d9d25174f146e16beea0cf28f37adf1b9e19b6c9c279a7c9dd3?s=96&d=mm&r=g\",\"caption\":\"admin\"},\"sameAs\":[\"https:\/\/president-ksgov.net\"]}]}<\/script>\n<!-- \/ Yoast SEO plugin. -->","yoast_head_json":{"title":"Predsednik Tha\u00e7i posetio je grani\u010dni prelaz Jarinje, ka&#158;e da je normalno stanje na severu rezultat dijaloga u Briselu - Predsednik Republike Kosovo - DR. VJOSA OSMANI - SADRIU","description":"Predsednik Tha\u00e7i posetio je grani\u010dni prelaz Jarinje, ka&#158;e da je normalno stanje na severu rezultat dijaloga u Briselu - Predsednik Republike Kosovo - DR. VJOSA OSMANI - SADRIU -","robots":{"index":"index","follow":"follow","max-snippet":"max-snippet:-1","max-image-preview":"max-image-preview:large","max-video-preview":"max-video-preview:-1"},"canonical":"https:\/\/president-ksgov.net\/sr\/predsednik-thaci-posetio-je-granicni-prelaz-jarinje-kae-da-je-normalno-stanje-na-severu-rezultat-dijaloga-u-briselu\/","og_locale":"sr_RS","og_type":"article","og_title":"Predsednik Tha\u00e7i posetio je grani\u010dni prelaz Jarinje, ka&#158;e da je normalno stanje na severu rezultat dijaloga u Briselu - Predsednik Republike Kosovo - DR. VJOSA OSMANI - SADRIU","og_description":"Predsednik Tha\u00e7i posetio je grani\u010dni prelaz Jarinje, ka&#158;e da je normalno stanje na severu rezultat dijaloga u Briselu - Predsednik Republike Kosovo - DR. VJOSA OSMANI - SADRIU -","og_url":"https:\/\/president-ksgov.net\/sr\/predsednik-thaci-posetio-je-granicni-prelaz-jarinje-kae-da-je-normalno-stanje-na-severu-rezultat-dijaloga-u-briselu\/","og_site_name":"Predsednik Republike Kosovo - DR. VJOSA OSMANI - SADRIU","article_published_time":"2016-08-31T16:27:26+00:00","og_image":[{"width":2400,"height":1600,"url":"https:\/\/president-ksgov.net\/wp-content\/uploads\/31_08_2016_8034015_000.jpg","type":"image\/jpeg"}],"author":"admin","twitter_card":"summary_large_image","twitter_misc":{"\u041d\u0430\u043f\u0438\u0441\u0430\u043d\u043e \u043e\u0434":"admin","\u041f\u0440\u043e\u0446\u0435\u045a\u0435\u043d\u043e \u0432\u0440\u0435\u043c\u0435 \u0447\u0438\u0442\u0430\u045a\u0430":"1 \u043c\u0438\u043d\u0443\u0442"},"schema":{"@context":"https:\/\/schema.org","@graph":[{"@type":"WebPage","@id":"https:\/\/president-ksgov.net\/sr\/predsednik-thaci-posetio-je-granicni-prelaz-jarinje-kae-da-je-normalno-stanje-na-severu-rezultat-dijaloga-u-briselu\/","url":"https:\/\/president-ksgov.net\/sr\/predsednik-thaci-posetio-je-granicni-prelaz-jarinje-kae-da-je-normalno-stanje-na-severu-rezultat-dijaloga-u-briselu\/","name":"Predsednik Tha\u00e7i posetio je grani\u010dni prelaz Jarinje, ka&#158;e da je normalno stanje na severu rezultat dijaloga u Briselu - Predsednik Republike Kosovo - DR. VJOSA OSMANI - SADRIU","isPartOf":{"@id":"https:\/\/president-ksgov.net\/#website"},"primaryImageOfPage":{"@id":"https:\/\/president-ksgov.net\/sr\/predsednik-thaci-posetio-je-granicni-prelaz-jarinje-kae-da-je-normalno-stanje-na-severu-rezultat-dijaloga-u-briselu\/#primaryimage"},"image":{"@id":"https:\/\/president-ksgov.net\/sr\/predsednik-thaci-posetio-je-granicni-prelaz-jarinje-kae-da-je-normalno-stanje-na-severu-rezultat-dijaloga-u-briselu\/#primaryimage"},"thumbnailUrl":"https:\/\/president-ksgov.net\/wp-content\/uploads\/31_08_2016_8034015_000.jpg","datePublished":"2016-08-31T16:27:26+00:00","dateModified":"2016-08-31T16:27:26+00:00","author":{"@id":"https:\/\/president-ksgov.net\/#\/schema\/person\/bb4337a5fb147cb2046d80548172cbee"},"description":"Predsednik Tha\u00e7i posetio je grani\u010dni prelaz Jarinje, ka&#158;e da je normalno stanje na severu rezultat dijaloga u Briselu - Predsednik Republike Kosovo - DR. VJOSA OSMANI - SADRIU -","breadcrumb":{"@id":"https:\/\/president-ksgov.net\/sr\/predsednik-thaci-posetio-je-granicni-prelaz-jarinje-kae-da-je-normalno-stanje-na-severu-rezultat-dijaloga-u-briselu\/#breadcrumb"},"inLanguage":"sr-RS","potentialAction":[{"@type":"ReadAction","target":["https:\/\/president-ksgov.net\/sr\/predsednik-thaci-posetio-je-granicni-prelaz-jarinje-kae-da-je-normalno-stanje-na-severu-rezultat-dijaloga-u-briselu\/"]}]},{"@type":"ImageObject","inLanguage":"sr-RS","@id":"https:\/\/president-ksgov.net\/sr\/predsednik-thaci-posetio-je-granicni-prelaz-jarinje-kae-da-je-normalno-stanje-na-severu-rezultat-dijaloga-u-briselu\/#primaryimage","url":"https:\/\/president-ksgov.net\/wp-content\/uploads\/31_08_2016_8034015_000.jpg","contentUrl":"https:\/\/president-ksgov.net\/wp-content\/uploads\/31_08_2016_8034015_000.jpg","width":2400,"height":1600},{"@type":"BreadcrumbList","@id":"https:\/\/president-ksgov.net\/sr\/predsednik-thaci-posetio-je-granicni-prelaz-jarinje-kae-da-je-normalno-stanje-na-severu-rezultat-dijaloga-u-briselu\/#breadcrumb","itemListElement":[{"@type":"ListItem","position":1,"name":"Home","item":"https:\/\/president-ksgov.net\/sr\/"},{"@type":"ListItem","position":2,"name":"Predsednik Tha\u00e7i posetio je grani\u010dni prelaz Jarinje, ka&#158;e da je normalno stanje na severu rezultat dijaloga u Briselu"}]},{"@type":"WebSite","@id":"https:\/\/president-ksgov.net\/#website","url":"https:\/\/president-ksgov.net\/","name":"Presidente e Republik\u00ebs s\u00eb Kosov\u00ebs","description":"Presidente e Republik\u00ebs s\u00eb Kosov\u00ebs","alternateName":"DR. VJOSA OSMANI - SADRIU","potentialAction":[{"@type":"SearchAction","target":{"@type":"EntryPoint","urlTemplate":"https:\/\/president-ksgov.net\/?s={search_term_string}"},"query-input":{"@type":"PropertyValueSpecification","valueRequired":true,"valueName":"search_term_string"}}],"inLanguage":"sr-RS"},{"@type":"Person","@id":"https:\/\/president-ksgov.net\/#\/schema\/person\/bb4337a5fb147cb2046d80548172cbee","name":"admin","image":{"@type":"ImageObject","inLanguage":"sr-RS","@id":"https:\/\/president-ksgov.net\/#\/schema\/person\/image\/","url":"https:\/\/secure.gravatar.com\/avatar\/36156ca0fa3b8d9d25174f146e16beea0cf28f37adf1b9e19b6c9c279a7c9dd3?s=96&d=mm&r=g","contentUrl":"https:\/\/secure.gravatar.com\/avatar\/36156ca0fa3b8d9d25174f146e16beea0cf28f37adf1b9e19b6c9c279a7c9dd3?s=96&d=mm&r=g","caption":"admin"},"sameAs":["https:\/\/president-ksgov.net"]}]}},"_links":{"self":[{"href":"https:\/\/president-ksgov.net\/sr\/wp-json\/wp\/v2\/posts\/76684","targetHints":{"allow":["GET"]}}],"collection":[{"href":"https:\/\/president-ksgov.net\/sr\/wp-json\/wp\/v2\/posts"}],"about":[{"href":"https:\/\/president-ksgov.net\/sr\/wp-json\/wp\/v2\/types\/post"}],"author":[{"embeddable":true,"href":"https:\/\/president-ksgov.net\/sr\/wp-json\/wp\/v2\/users\/1"}],"replies":[{"embeddable":true,"href":"https:\/\/president-ksgov.net\/sr\/wp-json\/wp\/v2\/comments?post=76684"}],"version-history":[{"count":0,"href":"https:\/\/president-ksgov.net\/sr\/wp-json\/wp\/v2\/posts\/76684\/revisions"}],"wp:featuredmedia":[{"embeddable":true,"href":"https:\/\/president-ksgov.net\/sr\/wp-json\/wp\/v2\/media\/33298"}],"wp:attachment":[{"href":"https:\/\/president-ksgov.net\/sr\/wp-json\/wp\/v2\/media?parent=76684"}],"wp:term":[{"taxonomy":"category","embeddable":true,"href":"https:\/\/president-ksgov.net\/sr\/wp-json\/wp\/v2\/categories?post=76684"},{"taxonomy":"post_tag","embeddable":true,"href":"https:\/\/president-ksgov.net\/sr\/wp-json\/wp\/v2\/tags?post=76684"}],"curies":[{"name":"wp","href":"https:\/\/api.w.org\/{rel}","templated":true}]}}