{"id":76676,"date":"2016-09-03T15:23:10","date_gmt":"2016-09-03T13:23:10","guid":{"rendered":"https:\/\/dev.president-ksgov.net\/predsednik-thaci-sutra-ucestvuje-na-ceremoniji-proglaenja-makje-tereze-sveticom-u-vatikanu\/"},"modified":"2016-09-03T15:23:10","modified_gmt":"2016-09-03T15:23:10","slug":"predsednik-thaci-sutra-ucestvuje-na-ceremoniji-proglaenja-makje-tereze-sveticom-u-vatikanu","status":"publish","type":"post","link":"https:\/\/president-ksgov.net\/sr\/predsednik-thaci-sutra-ucestvuje-na-ceremoniji-proglaenja-makje-tereze-sveticom-u-vatikanu\/","title":{"rendered":"Predsednik Tha\u00e7i sutra u\u010destvuje na ceremoniji progla&#154;enja Makje Tereze sveticom u Vatikanu"},"content":{"rendered":"<p>Pri&#353;tina, 3. septembar &#8211; Predsednik Republike Kosova, Hashim Tha\u00e7i, danas je otputovao u Sveto sedi&#353;te u Vatikanu, gde \u0107e u\u010destvovati na ceremoniji progla&#353;enja Majke Tereze sveticom.<\/p>\n<p>U \u010dast albanske humanitarke, ve\u010deras \u0107e se u Svetom sedi&#353;tu odr&#382;ati i koncert &#8222;Himna Majke Tereze&#8220; na kojem \u0107e u\u010destvovati poznati svetski umetnici. <\/p>\n<p>Me\u0111u poznatim solistima koji \u0107e izvoditi na ovom koncertu su i dve albanske umetnice, Rita Ora i Inva Mula. Albanski fudbaler Lorik Cana \u0107e recitovati poeziju &#8222;Majke Tereze&#8220;. <\/p>\n<p>Ceremonija progla&#353;enja Majke Tereze sveticom \u0107e se odr&#382;ati sutra i deo ceremonije \u0107e biti oko 100 hiljada vernika, kao i mnogobrojni svetski lideri i li\u010dnosti. <\/p>\n<p>Nakon ceremonije progla&#353;enja sveticom, predsednik Tha\u00e7i \u0107e uve\u010de biti prisutan i na do\u010deku koji organizuje Ambasada Republike Kosova u Rimu.\u00a0 <\/p>\n<p>Odlikovana Nobelovom nagradom za mir 1979. godine, Majka Tereza\u00a0 je progla&#353;ena bla&#382;enom od strane Pape Jovana Pavla 2003. godine, nakon &#353;to je Sveto sedi&#353;te priznalo da je nakon njene natprirodne intervencije, Majka Tereza izle\u010dila jednu Indijku. <\/p>\n<p>17. decembra 2015. godine Papa Fran\u010desko je Majci Terezi priznao i drugo \u010dudo, odnosno izle\u010denje jednog mladog Brazilca koje se dogodilo 9. decembra 2008. godine. <\/p>\n<p>Priznanje drugog \u010duda od strane Svetog sedi&#353;ta otvorilo je put prema progla&#353;enju albanske humanitarke sveticom.\u00a0<\/p>\n","protected":false},"excerpt":{"rendered":"<p>Pri&#353;tina, 3. septembar &#8211; Predsednik Republike Kosova, Hashim Tha\u00e7i, danas je otputovao u Sveto sedi&#353;te u Vatikanu, gde \u0107e u\u010destvovati na ceremoniji progla&#353;enja Majke Tereze sveticom.<\/p>\n","protected":false},"author":1,"featured_media":86338,"comment_status":"open","ping_status":"closed","sticky":false,"template":"","format":"standard","meta":{"_eb_attr":"","footnotes":""},"categories":[114,101],"tags":[],"class_list":["post-76676","post","type-post","status-publish","format-standard","has-post-thumbnail","hentry","category-medunarodne-posete","category-vesti"],"yoast_head":"<!-- This site is optimized with the Yoast SEO plugin v23.5 - https:\/\/yoast.com\/wordpress\/plugins\/seo\/ -->\n<title>Predsednik Tha\u00e7i sutra u\u010destvuje na ceremoniji progla&#154;enja Makje Tereze sveticom u Vatikanu - Predsednik Republike Kosovo - DR. VJOSA OSMANI - SADRIU<\/title>\n<meta name=\"description\" content=\"Predsednik Tha\u00e7i sutra u\u010destvuje na ceremoniji progla&#154;enja Makje Tereze sveticom u Vatikanu - Predsednik Republike Kosovo - DR. VJOSA OSMANI - SADRIU -\" \/>\n<meta name=\"robots\" content=\"index, follow, max-snippet:-1, max-image-preview:large, max-video-preview:-1\" \/>\n<link rel=\"canonical\" href=\"https:\/\/president-ksgov.net\/sr\/predsednik-thaci-sutra-ucestvuje-na-ceremoniji-proglaenja-makje-tereze-sveticom-u-vatikanu\/\" \/>\n<meta property=\"og:locale\" content=\"sr_RS\" \/>\n<meta property=\"og:type\" content=\"article\" \/>\n<meta property=\"og:title\" content=\"Predsednik Tha\u00e7i sutra u\u010destvuje na ceremoniji progla&#154;enja Makje Tereze sveticom u Vatikanu - Predsednik Republike Kosovo - DR. VJOSA OSMANI - SADRIU\" \/>\n<meta property=\"og:description\" content=\"Predsednik Tha\u00e7i sutra u\u010destvuje na ceremoniji progla&#154;enja Makje Tereze sveticom u Vatikanu - Predsednik Republike Kosovo - DR. VJOSA OSMANI - SADRIU -\" \/>\n<meta property=\"og:url\" content=\"https:\/\/president-ksgov.net\/sr\/predsednik-thaci-sutra-ucestvuje-na-ceremoniji-proglaenja-makje-tereze-sveticom-u-vatikanu\/\" \/>\n<meta property=\"og:site_name\" content=\"Predsednik Republike Kosovo - DR. VJOSA OSMANI - SADRIU\" \/>\n<meta property=\"article:published_time\" content=\"2016-09-03T13:23:10+00:00\" \/>\n<meta property=\"article:modified_time\" content=\"2016-09-03T15:23:10+00:00\" \/>\n<meta property=\"og:image\" content=\"https:\/\/president-ksgov.net\/wp-content\/uploads\/Zyra-e-Presidentes-Featured-Image1-e1678970937938.png\" \/>\n\t<meta property=\"og:image:width\" content=\"1024\" \/>\n\t<meta property=\"og:image:height\" content=\"716\" \/>\n\t<meta property=\"og:image:type\" content=\"image\/png\" \/>\n<meta name=\"author\" content=\"admin\" \/>\n<meta name=\"twitter:card\" content=\"summary_large_image\" \/>\n<meta name=\"twitter:label1\" content=\"\u041d\u0430\u043f\u0438\u0441\u0430\u043d\u043e \u043e\u0434\" \/>\n\t<meta name=\"twitter:data1\" content=\"admin\" \/>\n\t<meta name=\"twitter:label2\" content=\"\u041f\u0440\u043e\u0446\u0435\u045a\u0435\u043d\u043e \u0432\u0440\u0435\u043c\u0435 \u0447\u0438\u0442\u0430\u045a\u0430\" \/>\n\t<meta name=\"twitter:data2\" content=\"1 \u043c\u0438\u043d\u0443\u0442\" \/>\n<script type=\"application\/ld+json\" class=\"yoast-schema-graph\">{\"@context\":\"https:\/\/schema.org\",\"@graph\":[{\"@type\":\"WebPage\",\"@id\":\"https:\/\/president-ksgov.net\/sr\/predsednik-thaci-sutra-ucestvuje-na-ceremoniji-proglaenja-makje-tereze-sveticom-u-vatikanu\/\",\"url\":\"https:\/\/president-ksgov.net\/sr\/predsednik-thaci-sutra-ucestvuje-na-ceremoniji-proglaenja-makje-tereze-sveticom-u-vatikanu\/\",\"name\":\"Predsednik Tha\u00e7i sutra u\u010destvuje na ceremoniji progla&#154;enja Makje Tereze sveticom u Vatikanu - Predsednik Republike Kosovo - DR. VJOSA OSMANI - SADRIU\",\"isPartOf\":{\"@id\":\"https:\/\/president-ksgov.net\/#website\"},\"primaryImageOfPage\":{\"@id\":\"https:\/\/president-ksgov.net\/sr\/predsednik-thaci-sutra-ucestvuje-na-ceremoniji-proglaenja-makje-tereze-sveticom-u-vatikanu\/#primaryimage\"},\"image\":{\"@id\":\"https:\/\/president-ksgov.net\/sr\/predsednik-thaci-sutra-ucestvuje-na-ceremoniji-proglaenja-makje-tereze-sveticom-u-vatikanu\/#primaryimage\"},\"thumbnailUrl\":\"https:\/\/president-ksgov.net\/wp-content\/uploads\/Zyra-e-Presidentes-Featured-Image1-e1678970937938.png\",\"datePublished\":\"2016-09-03T13:23:10+00:00\",\"dateModified\":\"2016-09-03T15:23:10+00:00\",\"author\":{\"@id\":\"https:\/\/president-ksgov.net\/#\/schema\/person\/bb4337a5fb147cb2046d80548172cbee\"},\"description\":\"Predsednik Tha\u00e7i sutra u\u010destvuje na ceremoniji progla&#154;enja Makje Tereze sveticom u Vatikanu - Predsednik Republike Kosovo - DR. VJOSA OSMANI - SADRIU -\",\"breadcrumb\":{\"@id\":\"https:\/\/president-ksgov.net\/sr\/predsednik-thaci-sutra-ucestvuje-na-ceremoniji-proglaenja-makje-tereze-sveticom-u-vatikanu\/#breadcrumb\"},\"inLanguage\":\"sr-RS\",\"potentialAction\":[{\"@type\":\"ReadAction\",\"target\":[\"https:\/\/president-ksgov.net\/sr\/predsednik-thaci-sutra-ucestvuje-na-ceremoniji-proglaenja-makje-tereze-sveticom-u-vatikanu\/\"]}]},{\"@type\":\"ImageObject\",\"inLanguage\":\"sr-RS\",\"@id\":\"https:\/\/president-ksgov.net\/sr\/predsednik-thaci-sutra-ucestvuje-na-ceremoniji-proglaenja-makje-tereze-sveticom-u-vatikanu\/#primaryimage\",\"url\":\"https:\/\/president-ksgov.net\/wp-content\/uploads\/Zyra-e-Presidentes-Featured-Image1-e1678970937938.png\",\"contentUrl\":\"https:\/\/president-ksgov.net\/wp-content\/uploads\/Zyra-e-Presidentes-Featured-Image1-e1678970937938.png\",\"width\":1024,\"height\":716},{\"@type\":\"BreadcrumbList\",\"@id\":\"https:\/\/president-ksgov.net\/sr\/predsednik-thaci-sutra-ucestvuje-na-ceremoniji-proglaenja-makje-tereze-sveticom-u-vatikanu\/#breadcrumb\",\"itemListElement\":[{\"@type\":\"ListItem\",\"position\":1,\"name\":\"Home\",\"item\":\"https:\/\/president-ksgov.net\/sr\/\"},{\"@type\":\"ListItem\",\"position\":2,\"name\":\"Predsednik Tha\u00e7i sutra u\u010destvuje na ceremoniji progla&#154;enja Makje Tereze sveticom u Vatikanu\"}]},{\"@type\":\"WebSite\",\"@id\":\"https:\/\/president-ksgov.net\/#website\",\"url\":\"https:\/\/president-ksgov.net\/\",\"name\":\"Presidente e Republik\u00ebs s\u00eb Kosov\u00ebs\",\"description\":\"Presidente e Republik\u00ebs s\u00eb Kosov\u00ebs\",\"alternateName\":\"DR. VJOSA OSMANI - SADRIU\",\"potentialAction\":[{\"@type\":\"SearchAction\",\"target\":{\"@type\":\"EntryPoint\",\"urlTemplate\":\"https:\/\/president-ksgov.net\/?s={search_term_string}\"},\"query-input\":{\"@type\":\"PropertyValueSpecification\",\"valueRequired\":true,\"valueName\":\"search_term_string\"}}],\"inLanguage\":\"sr-RS\"},{\"@type\":\"Person\",\"@id\":\"https:\/\/president-ksgov.net\/#\/schema\/person\/bb4337a5fb147cb2046d80548172cbee\",\"name\":\"admin\",\"image\":{\"@type\":\"ImageObject\",\"inLanguage\":\"sr-RS\",\"@id\":\"https:\/\/president-ksgov.net\/#\/schema\/person\/image\/\",\"url\":\"https:\/\/secure.gravatar.com\/avatar\/36156ca0fa3b8d9d25174f146e16beea0cf28f37adf1b9e19b6c9c279a7c9dd3?s=96&d=mm&r=g\",\"contentUrl\":\"https:\/\/secure.gravatar.com\/avatar\/36156ca0fa3b8d9d25174f146e16beea0cf28f37adf1b9e19b6c9c279a7c9dd3?s=96&d=mm&r=g\",\"caption\":\"admin\"},\"sameAs\":[\"https:\/\/president-ksgov.net\"]}]}<\/script>\n<!-- \/ Yoast SEO plugin. -->","yoast_head_json":{"title":"Predsednik Tha\u00e7i sutra u\u010destvuje na ceremoniji progla&#154;enja Makje Tereze sveticom u Vatikanu - Predsednik Republike Kosovo - DR. VJOSA OSMANI - SADRIU","description":"Predsednik Tha\u00e7i sutra u\u010destvuje na ceremoniji progla&#154;enja Makje Tereze sveticom u Vatikanu - Predsednik Republike Kosovo - DR. VJOSA OSMANI - SADRIU -","robots":{"index":"index","follow":"follow","max-snippet":"max-snippet:-1","max-image-preview":"max-image-preview:large","max-video-preview":"max-video-preview:-1"},"canonical":"https:\/\/president-ksgov.net\/sr\/predsednik-thaci-sutra-ucestvuje-na-ceremoniji-proglaenja-makje-tereze-sveticom-u-vatikanu\/","og_locale":"sr_RS","og_type":"article","og_title":"Predsednik Tha\u00e7i sutra u\u010destvuje na ceremoniji progla&#154;enja Makje Tereze sveticom u Vatikanu - Predsednik Republike Kosovo - DR. VJOSA OSMANI - SADRIU","og_description":"Predsednik Tha\u00e7i sutra u\u010destvuje na ceremoniji progla&#154;enja Makje Tereze sveticom u Vatikanu - Predsednik Republike Kosovo - DR. VJOSA OSMANI - SADRIU -","og_url":"https:\/\/president-ksgov.net\/sr\/predsednik-thaci-sutra-ucestvuje-na-ceremoniji-proglaenja-makje-tereze-sveticom-u-vatikanu\/","og_site_name":"Predsednik Republike Kosovo - DR. VJOSA OSMANI - SADRIU","article_published_time":"2016-09-03T13:23:10+00:00","article_modified_time":"2016-09-03T15:23:10+00:00","og_image":[{"width":1024,"height":716,"url":"https:\/\/president-ksgov.net\/wp-content\/uploads\/Zyra-e-Presidentes-Featured-Image1-e1678970937938.png","type":"image\/png"}],"author":"admin","twitter_card":"summary_large_image","twitter_misc":{"\u041d\u0430\u043f\u0438\u0441\u0430\u043d\u043e \u043e\u0434":"admin","\u041f\u0440\u043e\u0446\u0435\u045a\u0435\u043d\u043e \u0432\u0440\u0435\u043c\u0435 \u0447\u0438\u0442\u0430\u045a\u0430":"1 \u043c\u0438\u043d\u0443\u0442"},"schema":{"@context":"https:\/\/schema.org","@graph":[{"@type":"WebPage","@id":"https:\/\/president-ksgov.net\/sr\/predsednik-thaci-sutra-ucestvuje-na-ceremoniji-proglaenja-makje-tereze-sveticom-u-vatikanu\/","url":"https:\/\/president-ksgov.net\/sr\/predsednik-thaci-sutra-ucestvuje-na-ceremoniji-proglaenja-makje-tereze-sveticom-u-vatikanu\/","name":"Predsednik Tha\u00e7i sutra u\u010destvuje na ceremoniji progla&#154;enja Makje Tereze sveticom u Vatikanu - Predsednik Republike Kosovo - DR. VJOSA OSMANI - SADRIU","isPartOf":{"@id":"https:\/\/president-ksgov.net\/#website"},"primaryImageOfPage":{"@id":"https:\/\/president-ksgov.net\/sr\/predsednik-thaci-sutra-ucestvuje-na-ceremoniji-proglaenja-makje-tereze-sveticom-u-vatikanu\/#primaryimage"},"image":{"@id":"https:\/\/president-ksgov.net\/sr\/predsednik-thaci-sutra-ucestvuje-na-ceremoniji-proglaenja-makje-tereze-sveticom-u-vatikanu\/#primaryimage"},"thumbnailUrl":"https:\/\/president-ksgov.net\/wp-content\/uploads\/Zyra-e-Presidentes-Featured-Image1-e1678970937938.png","datePublished":"2016-09-03T13:23:10+00:00","dateModified":"2016-09-03T15:23:10+00:00","author":{"@id":"https:\/\/president-ksgov.net\/#\/schema\/person\/bb4337a5fb147cb2046d80548172cbee"},"description":"Predsednik Tha\u00e7i sutra u\u010destvuje na ceremoniji progla&#154;enja Makje Tereze sveticom u Vatikanu - Predsednik Republike Kosovo - DR. VJOSA OSMANI - SADRIU -","breadcrumb":{"@id":"https:\/\/president-ksgov.net\/sr\/predsednik-thaci-sutra-ucestvuje-na-ceremoniji-proglaenja-makje-tereze-sveticom-u-vatikanu\/#breadcrumb"},"inLanguage":"sr-RS","potentialAction":[{"@type":"ReadAction","target":["https:\/\/president-ksgov.net\/sr\/predsednik-thaci-sutra-ucestvuje-na-ceremoniji-proglaenja-makje-tereze-sveticom-u-vatikanu\/"]}]},{"@type":"ImageObject","inLanguage":"sr-RS","@id":"https:\/\/president-ksgov.net\/sr\/predsednik-thaci-sutra-ucestvuje-na-ceremoniji-proglaenja-makje-tereze-sveticom-u-vatikanu\/#primaryimage","url":"https:\/\/president-ksgov.net\/wp-content\/uploads\/Zyra-e-Presidentes-Featured-Image1-e1678970937938.png","contentUrl":"https:\/\/president-ksgov.net\/wp-content\/uploads\/Zyra-e-Presidentes-Featured-Image1-e1678970937938.png","width":1024,"height":716},{"@type":"BreadcrumbList","@id":"https:\/\/president-ksgov.net\/sr\/predsednik-thaci-sutra-ucestvuje-na-ceremoniji-proglaenja-makje-tereze-sveticom-u-vatikanu\/#breadcrumb","itemListElement":[{"@type":"ListItem","position":1,"name":"Home","item":"https:\/\/president-ksgov.net\/sr\/"},{"@type":"ListItem","position":2,"name":"Predsednik Tha\u00e7i sutra u\u010destvuje na ceremoniji progla&#154;enja Makje Tereze sveticom u Vatikanu"}]},{"@type":"WebSite","@id":"https:\/\/president-ksgov.net\/#website","url":"https:\/\/president-ksgov.net\/","name":"Presidente e Republik\u00ebs s\u00eb Kosov\u00ebs","description":"Presidente e Republik\u00ebs s\u00eb Kosov\u00ebs","alternateName":"DR. VJOSA OSMANI - SADRIU","potentialAction":[{"@type":"SearchAction","target":{"@type":"EntryPoint","urlTemplate":"https:\/\/president-ksgov.net\/?s={search_term_string}"},"query-input":{"@type":"PropertyValueSpecification","valueRequired":true,"valueName":"search_term_string"}}],"inLanguage":"sr-RS"},{"@type":"Person","@id":"https:\/\/president-ksgov.net\/#\/schema\/person\/bb4337a5fb147cb2046d80548172cbee","name":"admin","image":{"@type":"ImageObject","inLanguage":"sr-RS","@id":"https:\/\/president-ksgov.net\/#\/schema\/person\/image\/","url":"https:\/\/secure.gravatar.com\/avatar\/36156ca0fa3b8d9d25174f146e16beea0cf28f37adf1b9e19b6c9c279a7c9dd3?s=96&d=mm&r=g","contentUrl":"https:\/\/secure.gravatar.com\/avatar\/36156ca0fa3b8d9d25174f146e16beea0cf28f37adf1b9e19b6c9c279a7c9dd3?s=96&d=mm&r=g","caption":"admin"},"sameAs":["https:\/\/president-ksgov.net"]}]}},"_links":{"self":[{"href":"https:\/\/president-ksgov.net\/sr\/wp-json\/wp\/v2\/posts\/76676","targetHints":{"allow":["GET"]}}],"collection":[{"href":"https:\/\/president-ksgov.net\/sr\/wp-json\/wp\/v2\/posts"}],"about":[{"href":"https:\/\/president-ksgov.net\/sr\/wp-json\/wp\/v2\/types\/post"}],"author":[{"embeddable":true,"href":"https:\/\/president-ksgov.net\/sr\/wp-json\/wp\/v2\/users\/1"}],"replies":[{"embeddable":true,"href":"https:\/\/president-ksgov.net\/sr\/wp-json\/wp\/v2\/comments?post=76676"}],"version-history":[{"count":0,"href":"https:\/\/president-ksgov.net\/sr\/wp-json\/wp\/v2\/posts\/76676\/revisions"}],"wp:featuredmedia":[{"embeddable":true,"href":"https:\/\/president-ksgov.net\/sr\/wp-json\/wp\/v2\/media\/86338"}],"wp:attachment":[{"href":"https:\/\/president-ksgov.net\/sr\/wp-json\/wp\/v2\/media?parent=76676"}],"wp:term":[{"taxonomy":"category","embeddable":true,"href":"https:\/\/president-ksgov.net\/sr\/wp-json\/wp\/v2\/categories?post=76676"},{"taxonomy":"post_tag","embeddable":true,"href":"https:\/\/president-ksgov.net\/sr\/wp-json\/wp\/v2\/tags?post=76676"}],"curies":[{"name":"wp","href":"https:\/\/api.w.org\/{rel}","templated":true}]}}