{"id":76675,"date":"2016-09-04T13:00:56","date_gmt":"2016-09-04T11:00:56","guid":{"rendered":"https:\/\/dev.president-ksgov.net\/predsednik-thaci-na-narod-je-svetu-dao-jedno-cudo-do-mu-je-majku-terezu\/"},"modified":"2016-09-04T13:00:56","modified_gmt":"2016-09-04T13:00:56","slug":"predsednik-thaci-na-narod-je-svetu-dao-jedno-cudo-do-mu-je-majku-terezu","status":"publish","type":"post","link":"https:\/\/president-ksgov.net\/sr\/predsednik-thaci-na-narod-je-svetu-dao-jedno-cudo-do-mu-je-majku-terezu\/","title":{"rendered":"Predsednik Tha\u00e7i: Na&#154; narod je svetu dao jedno \u010dudo, do mu je Majku Terezu"},"content":{"rendered":"<p>Predsednik Republike Kosova, Hashim Tha\u00e7i, danas je u\u010destvovao na ceremoniji progla&#353;enja Majke Tereze sveticom u Vatikanu.<\/p>\n<p>Ceremonija progla&#353;enja sveticom, koju je vodio Papa Fran\u010desko u Bazilici Svetog Petra, okupila je veliki broj svetskih lidera i li\u010dnosti.<\/p>\n<p>&#8222;Na&#353; narod je svetu dao dragu majku za sve narode. Dao mu je \u010dudo, koja je na njenom plemenitom putu bila simbol dobrote i milosti, simbol dobrih ljudskih osobina. Danas, uz progla&#353;enje Majke Tereze sveticom postalo je sveto i njeno albansko poreklo&#8220;, rekao je predsednik Tha\u00e7i.<\/p>\n<p>U \u010dast albanske humanitarke sino\u0107 je u Svetom sedi&#353;tu odr&#382;an koncert &#8222;Himna Majke Tereze&#8220;, na kojem su u\u010destvovali poznati albanski i svetski umetnici.<\/p>\n<p>Majka Tereza je odlikovana Nobelovom nagradom za mir 1979. godine, a postala je bla&#382;ena od strane Pape Jovana Pavla 2003. godine, nakon &#353;to je Sveto sedi&#353;te prihvatilo da je zahvaljuju\u0107i njenoj natprirodnoj intervenciji, izle\u010dila jednu Indijku.<\/p>\n<p>Pro&#353;le godine, 17. decembra 2015. godine, Papa Fran\u010desko je Majci Terezi priznao i drugo \u010dudo, odnosno izvanredno izle\u010denje mladog Brazilijanca, 9. decembra 2008. godine.<\/p>\n<p>Priznanje drugog \u010duda od strane Svetog sedi&#353;ta je otvorilo put prema dana&#353;njem progla&#353;enju Majke Tereze sveticom.<\/p>\n","protected":false},"excerpt":{"rendered":"<p>Predsednik Republike Kosova, Hashim Tha\u00e7i, danas je u\u010destvovao na ceremoniji progla&#353;enja Majke Tereze sveticom u Vatikanu.<\/p>\n","protected":false},"author":1,"featured_media":33214,"comment_status":"open","ping_status":"closed","sticky":false,"template":"","format":"standard","meta":{"_eb_attr":"","footnotes":""},"categories":[114,101],"tags":[],"class_list":["post-76675","post","type-post","status-publish","format-standard","has-post-thumbnail","hentry","category-medunarodne-posete","category-vesti"],"yoast_head":"<!-- This site is optimized with the Yoast SEO plugin v23.5 - https:\/\/yoast.com\/wordpress\/plugins\/seo\/ -->\n<title>Predsednik Tha\u00e7i: Na&#154; narod je svetu dao jedno \u010dudo, do mu je Majku Terezu - Predsednik Republike Kosovo - DR. VJOSA OSMANI - SADRIU<\/title>\n<meta name=\"description\" content=\"Predsednik Tha\u00e7i: Na&#154; narod je svetu dao jedno \u010dudo, do mu je Majku Terezu - Predsednik Republike Kosovo - DR. VJOSA OSMANI - SADRIU -\" \/>\n<meta name=\"robots\" content=\"index, follow, max-snippet:-1, max-image-preview:large, max-video-preview:-1\" \/>\n<link rel=\"canonical\" href=\"https:\/\/president-ksgov.net\/sr\/predsednik-thaci-na-narod-je-svetu-dao-jedno-cudo-do-mu-je-majku-terezu\/\" \/>\n<meta property=\"og:locale\" content=\"sr_RS\" \/>\n<meta property=\"og:type\" content=\"article\" \/>\n<meta property=\"og:title\" content=\"Predsednik Tha\u00e7i: Na&#154; narod je svetu dao jedno \u010dudo, do mu je Majku Terezu - Predsednik Republike Kosovo - DR. VJOSA OSMANI - SADRIU\" \/>\n<meta property=\"og:description\" content=\"Predsednik Tha\u00e7i: Na&#154; narod je svetu dao jedno \u010dudo, do mu je Majku Terezu - Predsednik Republike Kosovo - DR. VJOSA OSMANI - SADRIU -\" \/>\n<meta property=\"og:url\" content=\"https:\/\/president-ksgov.net\/sr\/predsednik-thaci-na-narod-je-svetu-dao-jedno-cudo-do-mu-je-majku-terezu\/\" \/>\n<meta property=\"og:site_name\" content=\"Predsednik Republike Kosovo - DR. VJOSA OSMANI - SADRIU\" \/>\n<meta property=\"article:published_time\" content=\"2016-09-04T11:00:56+00:00\" \/>\n<meta property=\"article:modified_time\" content=\"2016-09-04T13:00:56+00:00\" \/>\n<meta property=\"og:image\" content=\"https:\/\/president-ksgov.net\/wp-content\/uploads\/04_09_2016_9844259_Vatikan_Foto1.jpg\" \/>\n\t<meta property=\"og:image:width\" content=\"640\" \/>\n\t<meta property=\"og:image:height\" content=\"960\" \/>\n\t<meta property=\"og:image:type\" content=\"image\/jpeg\" \/>\n<meta name=\"author\" content=\"admin\" \/>\n<meta name=\"twitter:card\" content=\"summary_large_image\" \/>\n<meta name=\"twitter:label1\" content=\"\u041d\u0430\u043f\u0438\u0441\u0430\u043d\u043e \u043e\u0434\" \/>\n\t<meta name=\"twitter:data1\" content=\"admin\" \/>\n\t<meta name=\"twitter:label2\" content=\"\u041f\u0440\u043e\u0446\u0435\u045a\u0435\u043d\u043e \u0432\u0440\u0435\u043c\u0435 \u0447\u0438\u0442\u0430\u045a\u0430\" \/>\n\t<meta name=\"twitter:data2\" content=\"1 \u043c\u0438\u043d\u0443\u0442\" \/>\n<script type=\"application\/ld+json\" class=\"yoast-schema-graph\">{\"@context\":\"https:\/\/schema.org\",\"@graph\":[{\"@type\":\"WebPage\",\"@id\":\"https:\/\/president-ksgov.net\/sr\/predsednik-thaci-na-narod-je-svetu-dao-jedno-cudo-do-mu-je-majku-terezu\/\",\"url\":\"https:\/\/president-ksgov.net\/sr\/predsednik-thaci-na-narod-je-svetu-dao-jedno-cudo-do-mu-je-majku-terezu\/\",\"name\":\"Predsednik Tha\u00e7i: Na&#154; narod je svetu dao jedno \u010dudo, do mu je Majku Terezu - Predsednik Republike Kosovo - DR. VJOSA OSMANI - SADRIU\",\"isPartOf\":{\"@id\":\"https:\/\/president-ksgov.net\/#website\"},\"primaryImageOfPage\":{\"@id\":\"https:\/\/president-ksgov.net\/sr\/predsednik-thaci-na-narod-je-svetu-dao-jedno-cudo-do-mu-je-majku-terezu\/#primaryimage\"},\"image\":{\"@id\":\"https:\/\/president-ksgov.net\/sr\/predsednik-thaci-na-narod-je-svetu-dao-jedno-cudo-do-mu-je-majku-terezu\/#primaryimage\"},\"thumbnailUrl\":\"https:\/\/president-ksgov.net\/wp-content\/uploads\/04_09_2016_9844259_Vatikan_Foto1.jpg\",\"datePublished\":\"2016-09-04T11:00:56+00:00\",\"dateModified\":\"2016-09-04T13:00:56+00:00\",\"author\":{\"@id\":\"https:\/\/president-ksgov.net\/#\/schema\/person\/bb4337a5fb147cb2046d80548172cbee\"},\"description\":\"Predsednik Tha\u00e7i: Na&#154; narod je svetu dao jedno \u010dudo, do mu je Majku Terezu - Predsednik Republike Kosovo - DR. VJOSA OSMANI - SADRIU -\",\"breadcrumb\":{\"@id\":\"https:\/\/president-ksgov.net\/sr\/predsednik-thaci-na-narod-je-svetu-dao-jedno-cudo-do-mu-je-majku-terezu\/#breadcrumb\"},\"inLanguage\":\"sr-RS\",\"potentialAction\":[{\"@type\":\"ReadAction\",\"target\":[\"https:\/\/president-ksgov.net\/sr\/predsednik-thaci-na-narod-je-svetu-dao-jedno-cudo-do-mu-je-majku-terezu\/\"]}]},{\"@type\":\"ImageObject\",\"inLanguage\":\"sr-RS\",\"@id\":\"https:\/\/president-ksgov.net\/sr\/predsednik-thaci-na-narod-je-svetu-dao-jedno-cudo-do-mu-je-majku-terezu\/#primaryimage\",\"url\":\"https:\/\/president-ksgov.net\/wp-content\/uploads\/04_09_2016_9844259_Vatikan_Foto1.jpg\",\"contentUrl\":\"https:\/\/president-ksgov.net\/wp-content\/uploads\/04_09_2016_9844259_Vatikan_Foto1.jpg\",\"width\":640,\"height\":960},{\"@type\":\"BreadcrumbList\",\"@id\":\"https:\/\/president-ksgov.net\/sr\/predsednik-thaci-na-narod-je-svetu-dao-jedno-cudo-do-mu-je-majku-terezu\/#breadcrumb\",\"itemListElement\":[{\"@type\":\"ListItem\",\"position\":1,\"name\":\"Home\",\"item\":\"https:\/\/president-ksgov.net\/sr\/\"},{\"@type\":\"ListItem\",\"position\":2,\"name\":\"Predsednik Tha\u00e7i: Na&#154; narod je svetu dao jedno \u010dudo, do mu je Majku Terezu\"}]},{\"@type\":\"WebSite\",\"@id\":\"https:\/\/president-ksgov.net\/#website\",\"url\":\"https:\/\/president-ksgov.net\/\",\"name\":\"Presidente e Republik\u00ebs s\u00eb Kosov\u00ebs\",\"description\":\"Presidente e Republik\u00ebs s\u00eb Kosov\u00ebs\",\"alternateName\":\"DR. VJOSA OSMANI - SADRIU\",\"potentialAction\":[{\"@type\":\"SearchAction\",\"target\":{\"@type\":\"EntryPoint\",\"urlTemplate\":\"https:\/\/president-ksgov.net\/?s={search_term_string}\"},\"query-input\":{\"@type\":\"PropertyValueSpecification\",\"valueRequired\":true,\"valueName\":\"search_term_string\"}}],\"inLanguage\":\"sr-RS\"},{\"@type\":\"Person\",\"@id\":\"https:\/\/president-ksgov.net\/#\/schema\/person\/bb4337a5fb147cb2046d80548172cbee\",\"name\":\"admin\",\"image\":{\"@type\":\"ImageObject\",\"inLanguage\":\"sr-RS\",\"@id\":\"https:\/\/president-ksgov.net\/#\/schema\/person\/image\/\",\"url\":\"https:\/\/secure.gravatar.com\/avatar\/36156ca0fa3b8d9d25174f146e16beea0cf28f37adf1b9e19b6c9c279a7c9dd3?s=96&d=mm&r=g\",\"contentUrl\":\"https:\/\/secure.gravatar.com\/avatar\/36156ca0fa3b8d9d25174f146e16beea0cf28f37adf1b9e19b6c9c279a7c9dd3?s=96&d=mm&r=g\",\"caption\":\"admin\"},\"sameAs\":[\"https:\/\/president-ksgov.net\"]}]}<\/script>\n<!-- \/ Yoast SEO plugin. -->","yoast_head_json":{"title":"Predsednik Tha\u00e7i: Na&#154; narod je svetu dao jedno \u010dudo, do mu je Majku Terezu - Predsednik Republike Kosovo - DR. VJOSA OSMANI - SADRIU","description":"Predsednik Tha\u00e7i: Na&#154; narod je svetu dao jedno \u010dudo, do mu je Majku Terezu - Predsednik Republike Kosovo - DR. VJOSA OSMANI - SADRIU -","robots":{"index":"index","follow":"follow","max-snippet":"max-snippet:-1","max-image-preview":"max-image-preview:large","max-video-preview":"max-video-preview:-1"},"canonical":"https:\/\/president-ksgov.net\/sr\/predsednik-thaci-na-narod-je-svetu-dao-jedno-cudo-do-mu-je-majku-terezu\/","og_locale":"sr_RS","og_type":"article","og_title":"Predsednik Tha\u00e7i: Na&#154; narod je svetu dao jedno \u010dudo, do mu je Majku Terezu - Predsednik Republike Kosovo - DR. VJOSA OSMANI - SADRIU","og_description":"Predsednik Tha\u00e7i: Na&#154; narod je svetu dao jedno \u010dudo, do mu je Majku Terezu - Predsednik Republike Kosovo - DR. VJOSA OSMANI - SADRIU -","og_url":"https:\/\/president-ksgov.net\/sr\/predsednik-thaci-na-narod-je-svetu-dao-jedno-cudo-do-mu-je-majku-terezu\/","og_site_name":"Predsednik Republike Kosovo - DR. VJOSA OSMANI - SADRIU","article_published_time":"2016-09-04T11:00:56+00:00","article_modified_time":"2016-09-04T13:00:56+00:00","og_image":[{"width":640,"height":960,"url":"https:\/\/president-ksgov.net\/wp-content\/uploads\/04_09_2016_9844259_Vatikan_Foto1.jpg","type":"image\/jpeg"}],"author":"admin","twitter_card":"summary_large_image","twitter_misc":{"\u041d\u0430\u043f\u0438\u0441\u0430\u043d\u043e \u043e\u0434":"admin","\u041f\u0440\u043e\u0446\u0435\u045a\u0435\u043d\u043e \u0432\u0440\u0435\u043c\u0435 \u0447\u0438\u0442\u0430\u045a\u0430":"1 \u043c\u0438\u043d\u0443\u0442"},"schema":{"@context":"https:\/\/schema.org","@graph":[{"@type":"WebPage","@id":"https:\/\/president-ksgov.net\/sr\/predsednik-thaci-na-narod-je-svetu-dao-jedno-cudo-do-mu-je-majku-terezu\/","url":"https:\/\/president-ksgov.net\/sr\/predsednik-thaci-na-narod-je-svetu-dao-jedno-cudo-do-mu-je-majku-terezu\/","name":"Predsednik Tha\u00e7i: Na&#154; narod je svetu dao jedno \u010dudo, do mu je Majku Terezu - Predsednik Republike Kosovo - DR. VJOSA OSMANI - SADRIU","isPartOf":{"@id":"https:\/\/president-ksgov.net\/#website"},"primaryImageOfPage":{"@id":"https:\/\/president-ksgov.net\/sr\/predsednik-thaci-na-narod-je-svetu-dao-jedno-cudo-do-mu-je-majku-terezu\/#primaryimage"},"image":{"@id":"https:\/\/president-ksgov.net\/sr\/predsednik-thaci-na-narod-je-svetu-dao-jedno-cudo-do-mu-je-majku-terezu\/#primaryimage"},"thumbnailUrl":"https:\/\/president-ksgov.net\/wp-content\/uploads\/04_09_2016_9844259_Vatikan_Foto1.jpg","datePublished":"2016-09-04T11:00:56+00:00","dateModified":"2016-09-04T13:00:56+00:00","author":{"@id":"https:\/\/president-ksgov.net\/#\/schema\/person\/bb4337a5fb147cb2046d80548172cbee"},"description":"Predsednik Tha\u00e7i: Na&#154; narod je svetu dao jedno \u010dudo, do mu je Majku Terezu - Predsednik Republike Kosovo - DR. VJOSA OSMANI - SADRIU -","breadcrumb":{"@id":"https:\/\/president-ksgov.net\/sr\/predsednik-thaci-na-narod-je-svetu-dao-jedno-cudo-do-mu-je-majku-terezu\/#breadcrumb"},"inLanguage":"sr-RS","potentialAction":[{"@type":"ReadAction","target":["https:\/\/president-ksgov.net\/sr\/predsednik-thaci-na-narod-je-svetu-dao-jedno-cudo-do-mu-je-majku-terezu\/"]}]},{"@type":"ImageObject","inLanguage":"sr-RS","@id":"https:\/\/president-ksgov.net\/sr\/predsednik-thaci-na-narod-je-svetu-dao-jedno-cudo-do-mu-je-majku-terezu\/#primaryimage","url":"https:\/\/president-ksgov.net\/wp-content\/uploads\/04_09_2016_9844259_Vatikan_Foto1.jpg","contentUrl":"https:\/\/president-ksgov.net\/wp-content\/uploads\/04_09_2016_9844259_Vatikan_Foto1.jpg","width":640,"height":960},{"@type":"BreadcrumbList","@id":"https:\/\/president-ksgov.net\/sr\/predsednik-thaci-na-narod-je-svetu-dao-jedno-cudo-do-mu-je-majku-terezu\/#breadcrumb","itemListElement":[{"@type":"ListItem","position":1,"name":"Home","item":"https:\/\/president-ksgov.net\/sr\/"},{"@type":"ListItem","position":2,"name":"Predsednik Tha\u00e7i: Na&#154; narod je svetu dao jedno \u010dudo, do mu je Majku Terezu"}]},{"@type":"WebSite","@id":"https:\/\/president-ksgov.net\/#website","url":"https:\/\/president-ksgov.net\/","name":"Presidente e Republik\u00ebs s\u00eb Kosov\u00ebs","description":"Presidente e Republik\u00ebs s\u00eb Kosov\u00ebs","alternateName":"DR. VJOSA OSMANI - SADRIU","potentialAction":[{"@type":"SearchAction","target":{"@type":"EntryPoint","urlTemplate":"https:\/\/president-ksgov.net\/?s={search_term_string}"},"query-input":{"@type":"PropertyValueSpecification","valueRequired":true,"valueName":"search_term_string"}}],"inLanguage":"sr-RS"},{"@type":"Person","@id":"https:\/\/president-ksgov.net\/#\/schema\/person\/bb4337a5fb147cb2046d80548172cbee","name":"admin","image":{"@type":"ImageObject","inLanguage":"sr-RS","@id":"https:\/\/president-ksgov.net\/#\/schema\/person\/image\/","url":"https:\/\/secure.gravatar.com\/avatar\/36156ca0fa3b8d9d25174f146e16beea0cf28f37adf1b9e19b6c9c279a7c9dd3?s=96&d=mm&r=g","contentUrl":"https:\/\/secure.gravatar.com\/avatar\/36156ca0fa3b8d9d25174f146e16beea0cf28f37adf1b9e19b6c9c279a7c9dd3?s=96&d=mm&r=g","caption":"admin"},"sameAs":["https:\/\/president-ksgov.net"]}]}},"_links":{"self":[{"href":"https:\/\/president-ksgov.net\/sr\/wp-json\/wp\/v2\/posts\/76675","targetHints":{"allow":["GET"]}}],"collection":[{"href":"https:\/\/president-ksgov.net\/sr\/wp-json\/wp\/v2\/posts"}],"about":[{"href":"https:\/\/president-ksgov.net\/sr\/wp-json\/wp\/v2\/types\/post"}],"author":[{"embeddable":true,"href":"https:\/\/president-ksgov.net\/sr\/wp-json\/wp\/v2\/users\/1"}],"replies":[{"embeddable":true,"href":"https:\/\/president-ksgov.net\/sr\/wp-json\/wp\/v2\/comments?post=76675"}],"version-history":[{"count":0,"href":"https:\/\/president-ksgov.net\/sr\/wp-json\/wp\/v2\/posts\/76675\/revisions"}],"wp:featuredmedia":[{"embeddable":true,"href":"https:\/\/president-ksgov.net\/sr\/wp-json\/wp\/v2\/media\/33214"}],"wp:attachment":[{"href":"https:\/\/president-ksgov.net\/sr\/wp-json\/wp\/v2\/media?parent=76675"}],"wp:term":[{"taxonomy":"category","embeddable":true,"href":"https:\/\/president-ksgov.net\/sr\/wp-json\/wp\/v2\/categories?post=76675"},{"taxonomy":"post_tag","embeddable":true,"href":"https:\/\/president-ksgov.net\/sr\/wp-json\/wp\/v2\/tags?post=76675"}],"curies":[{"name":"wp","href":"https:\/\/api.w.org\/{rel}","templated":true}]}}