{"id":76673,"date":"2016-09-06T10:06:11","date_gmt":"2016-09-06T10:06:11","guid":{"rendered":"https:\/\/dev.president-ksgov.net\/predsednik-thaci-policija-kosova-primer-za-citav-region\/"},"modified":"2016-09-06T10:06:11","modified_gmt":"2016-09-06T10:06:11","slug":"predsednik-thaci-policija-kosova-primer-za-citav-region","status":"publish","type":"post","link":"https:\/\/president-ksgov.net\/sr\/predsednik-thaci-policija-kosova-primer-za-citav-region\/","title":{"rendered":"Predsednik Tha\u00e7i: Policija Kosova, primer za \u010ditav region"},"content":{"rendered":"<p>6. septembar 2016. godine &#8211; Predsednik Republike Kosova, Hashim Tha\u00e7i, je na 17. godi&#353;njicu od osnivanja Policije Kosova, rekao da je Policija Kosova postala snaga koja najbolje simbolizuje viziju o Kosovu.<\/p>\n<p>&#8222;Ovo je multietni\u010dka snaga, sa sve boljom rodnom zastupljeno&#353;\u0107u, sa visokim profesionalnim standardima, primer za Kosovo i ceo region&#8220;, ocenio je predsednik\u00a0 Tha\u00e7i.<\/p>\n<p>On je ovog dana podsetio na uspehe Policije Kosova, ali i njene &#382;rtve.<\/p>\n<p>&#8222;Ne malo policajaca je palo u vr&#353;enju du&#382;nosti. Se\u0107anje na njih \u0107e uvek &#382;iveti i bi\u0107e motiv za izgradnju policijske snage i dr&#382;ave koju &#382;ele svi gra\u0111ani Kosova&#8220;, rekao je predsednik Tha\u00e7i.<\/p>\n<p>Izjava predsednika Tha\u00e7i-ja na 17. godi&#353;njicu od osnovanja Policije Kosova: <\/p>\n<p>&#8222;Pre sedamnaest godina, na ovaj dan, postavljeni su temelju jedne od najuspe&#353;nijih institucija Kosova, Policije Kosova. Od 176 prvih policajaca, koji su pripadali prvoj generaciji koja je zavr&#353;ila obuku u Policijskoj &#353;koli u Vu\u010ditrnu, danas je Policija Kosova porasla u organ koji pokriva \u010ditavo Kosovo i koja slu&#382;i svim gra\u0111anima Kosova, u svakom kutku Kosova, bez obzira na njihovu pripadnost.<\/p>\n<p>Policijska &#353;kola u Vu\u010ditrnu je nastavila da obu\u010dava kosovske policajce prema najvi&#353;im standardima. A, policija je postala snaga koja najbolje simbolizuje viziju o Kosovu. To je multietni\u010dka snaga, sa sve boljom rodnom zastupljeno&#353;\u0107u, sa najvi&#353;im profesionalnim standardima, primer za Kosovo i \u010ditav region.<\/p>\n<p>Na ovaj dan se prise\u0107amo uspeha Policije Kosova, ali i njene &#382;rtve. Ne malo policajaca je palo na vr&#353;enju du&#382;nosti. Se\u0107anje na njih \u0107e zauvek &#382;iveti i bi\u0107e motiv da se izgradi policijska snaga i dr&#382;ava kakvu &#382;ele svi gra\u0111ani Kosova.<\/p>\n<p>Dakle, svim pripadnicima Policije Kosova \u010destitamo njihov dan, 6. septembar i ka&#382;emo im: Ponosni smo na vas Hvala vam!&#8220;<\/p>\n","protected":false},"excerpt":{"rendered":"<p>6. septembar 2016. godine &#8211; Predsednik Republike Kosova, Hashim Tha\u00e7i, je na 17. godi&#353;njicu od osnivanja Policije Kosova, rekao da je Policija Kosova postala snaga koja najbolje simbolizuje viziju o Kosovu.<\/p>\n","protected":false},"author":1,"featured_media":33206,"comment_status":"open","ping_status":"closed","sticky":false,"template":"","format":"standard","meta":{"_eb_attr":"","footnotes":""},"categories":[101],"tags":[],"class_list":["post-76673","post","type-post","status-publish","format-standard","has-post-thumbnail","hentry","category-vesti"],"yoast_head":"<!-- This site is optimized with the Yoast SEO plugin v23.5 - https:\/\/yoast.com\/wordpress\/plugins\/seo\/ -->\n<title>Predsednik Tha\u00e7i: Policija Kosova, primer za \u010ditav region - Predsednik Republike Kosovo - DR. VJOSA OSMANI - SADRIU<\/title>\n<meta name=\"description\" content=\"Predsednik Tha\u00e7i: Policija Kosova, primer za \u010ditav region - Predsednik Republike Kosovo - DR. VJOSA OSMANI - SADRIU -\" \/>\n<meta name=\"robots\" content=\"index, follow, max-snippet:-1, max-image-preview:large, max-video-preview:-1\" \/>\n<link rel=\"canonical\" href=\"https:\/\/president-ksgov.net\/sr\/predsednik-thaci-policija-kosova-primer-za-citav-region\/\" \/>\n<meta property=\"og:locale\" content=\"sr_RS\" \/>\n<meta property=\"og:type\" content=\"article\" \/>\n<meta property=\"og:title\" content=\"Predsednik Tha\u00e7i: Policija Kosova, primer za \u010ditav region - Predsednik Republike Kosovo - DR. VJOSA OSMANI - SADRIU\" \/>\n<meta property=\"og:description\" content=\"Predsednik Tha\u00e7i: Policija Kosova, primer za \u010ditav region - Predsednik Republike Kosovo - DR. VJOSA OSMANI - SADRIU -\" \/>\n<meta property=\"og:url\" content=\"https:\/\/president-ksgov.net\/sr\/predsednik-thaci-policija-kosova-primer-za-citav-region\/\" \/>\n<meta property=\"og:site_name\" content=\"Predsednik Republike Kosovo - DR. VJOSA OSMANI - SADRIU\" \/>\n<meta property=\"article:published_time\" content=\"2016-09-06T10:06:11+00:00\" \/>\n<meta property=\"og:image\" content=\"https:\/\/president-ksgov.net\/wp-content\/uploads\/06_09_2016_1413384_Foto_1.jpg\" \/>\n\t<meta property=\"og:image:width\" content=\"960\" \/>\n\t<meta property=\"og:image:height\" content=\"638\" \/>\n\t<meta property=\"og:image:type\" content=\"image\/jpeg\" \/>\n<meta name=\"author\" content=\"admin\" \/>\n<meta name=\"twitter:card\" content=\"summary_large_image\" \/>\n<meta name=\"twitter:label1\" content=\"\u041d\u0430\u043f\u0438\u0441\u0430\u043d\u043e \u043e\u0434\" \/>\n\t<meta name=\"twitter:data1\" content=\"admin\" \/>\n\t<meta name=\"twitter:label2\" content=\"\u041f\u0440\u043e\u0446\u0435\u045a\u0435\u043d\u043e \u0432\u0440\u0435\u043c\u0435 \u0447\u0438\u0442\u0430\u045a\u0430\" \/>\n\t<meta name=\"twitter:data2\" content=\"1 \u043c\u0438\u043d\u0443\u0442\" \/>\n<script type=\"application\/ld+json\" class=\"yoast-schema-graph\">{\"@context\":\"https:\/\/schema.org\",\"@graph\":[{\"@type\":\"WebPage\",\"@id\":\"https:\/\/president-ksgov.net\/sr\/predsednik-thaci-policija-kosova-primer-za-citav-region\/\",\"url\":\"https:\/\/president-ksgov.net\/sr\/predsednik-thaci-policija-kosova-primer-za-citav-region\/\",\"name\":\"Predsednik Tha\u00e7i: Policija Kosova, primer za \u010ditav region - Predsednik Republike Kosovo - DR. VJOSA OSMANI - SADRIU\",\"isPartOf\":{\"@id\":\"https:\/\/president-ksgov.net\/#website\"},\"primaryImageOfPage\":{\"@id\":\"https:\/\/president-ksgov.net\/sr\/predsednik-thaci-policija-kosova-primer-za-citav-region\/#primaryimage\"},\"image\":{\"@id\":\"https:\/\/president-ksgov.net\/sr\/predsednik-thaci-policija-kosova-primer-za-citav-region\/#primaryimage\"},\"thumbnailUrl\":\"https:\/\/president-ksgov.net\/wp-content\/uploads\/06_09_2016_1413384_Foto_1.jpg\",\"datePublished\":\"2016-09-06T10:06:11+00:00\",\"dateModified\":\"2016-09-06T10:06:11+00:00\",\"author\":{\"@id\":\"https:\/\/president-ksgov.net\/#\/schema\/person\/bb4337a5fb147cb2046d80548172cbee\"},\"description\":\"Predsednik Tha\u00e7i: Policija Kosova, primer za \u010ditav region - Predsednik Republike Kosovo - DR. VJOSA OSMANI - SADRIU -\",\"breadcrumb\":{\"@id\":\"https:\/\/president-ksgov.net\/sr\/predsednik-thaci-policija-kosova-primer-za-citav-region\/#breadcrumb\"},\"inLanguage\":\"sr-RS\",\"potentialAction\":[{\"@type\":\"ReadAction\",\"target\":[\"https:\/\/president-ksgov.net\/sr\/predsednik-thaci-policija-kosova-primer-za-citav-region\/\"]}]},{\"@type\":\"ImageObject\",\"inLanguage\":\"sr-RS\",\"@id\":\"https:\/\/president-ksgov.net\/sr\/predsednik-thaci-policija-kosova-primer-za-citav-region\/#primaryimage\",\"url\":\"https:\/\/president-ksgov.net\/wp-content\/uploads\/06_09_2016_1413384_Foto_1.jpg\",\"contentUrl\":\"https:\/\/president-ksgov.net\/wp-content\/uploads\/06_09_2016_1413384_Foto_1.jpg\",\"width\":960,\"height\":638},{\"@type\":\"BreadcrumbList\",\"@id\":\"https:\/\/president-ksgov.net\/sr\/predsednik-thaci-policija-kosova-primer-za-citav-region\/#breadcrumb\",\"itemListElement\":[{\"@type\":\"ListItem\",\"position\":1,\"name\":\"Home\",\"item\":\"https:\/\/president-ksgov.net\/sr\/\"},{\"@type\":\"ListItem\",\"position\":2,\"name\":\"Predsednik Tha\u00e7i: Policija Kosova, primer za \u010ditav region\"}]},{\"@type\":\"WebSite\",\"@id\":\"https:\/\/president-ksgov.net\/#website\",\"url\":\"https:\/\/president-ksgov.net\/\",\"name\":\"Presidente e Republik\u00ebs s\u00eb Kosov\u00ebs\",\"description\":\"Presidente e Republik\u00ebs s\u00eb Kosov\u00ebs\",\"alternateName\":\"DR. VJOSA OSMANI - SADRIU\",\"potentialAction\":[{\"@type\":\"SearchAction\",\"target\":{\"@type\":\"EntryPoint\",\"urlTemplate\":\"https:\/\/president-ksgov.net\/?s={search_term_string}\"},\"query-input\":{\"@type\":\"PropertyValueSpecification\",\"valueRequired\":true,\"valueName\":\"search_term_string\"}}],\"inLanguage\":\"sr-RS\"},{\"@type\":\"Person\",\"@id\":\"https:\/\/president-ksgov.net\/#\/schema\/person\/bb4337a5fb147cb2046d80548172cbee\",\"name\":\"admin\",\"image\":{\"@type\":\"ImageObject\",\"inLanguage\":\"sr-RS\",\"@id\":\"https:\/\/president-ksgov.net\/#\/schema\/person\/image\/\",\"url\":\"https:\/\/secure.gravatar.com\/avatar\/36156ca0fa3b8d9d25174f146e16beea0cf28f37adf1b9e19b6c9c279a7c9dd3?s=96&d=mm&r=g\",\"contentUrl\":\"https:\/\/secure.gravatar.com\/avatar\/36156ca0fa3b8d9d25174f146e16beea0cf28f37adf1b9e19b6c9c279a7c9dd3?s=96&d=mm&r=g\",\"caption\":\"admin\"},\"sameAs\":[\"https:\/\/president-ksgov.net\"]}]}<\/script>\n<!-- \/ Yoast SEO plugin. -->","yoast_head_json":{"title":"Predsednik Tha\u00e7i: Policija Kosova, primer za \u010ditav region - Predsednik Republike Kosovo - DR. VJOSA OSMANI - SADRIU","description":"Predsednik Tha\u00e7i: Policija Kosova, primer za \u010ditav region - Predsednik Republike Kosovo - DR. VJOSA OSMANI - SADRIU -","robots":{"index":"index","follow":"follow","max-snippet":"max-snippet:-1","max-image-preview":"max-image-preview:large","max-video-preview":"max-video-preview:-1"},"canonical":"https:\/\/president-ksgov.net\/sr\/predsednik-thaci-policija-kosova-primer-za-citav-region\/","og_locale":"sr_RS","og_type":"article","og_title":"Predsednik Tha\u00e7i: Policija Kosova, primer za \u010ditav region - Predsednik Republike Kosovo - DR. VJOSA OSMANI - SADRIU","og_description":"Predsednik Tha\u00e7i: Policija Kosova, primer za \u010ditav region - Predsednik Republike Kosovo - DR. VJOSA OSMANI - SADRIU -","og_url":"https:\/\/president-ksgov.net\/sr\/predsednik-thaci-policija-kosova-primer-za-citav-region\/","og_site_name":"Predsednik Republike Kosovo - DR. VJOSA OSMANI - SADRIU","article_published_time":"2016-09-06T10:06:11+00:00","og_image":[{"width":960,"height":638,"url":"https:\/\/president-ksgov.net\/wp-content\/uploads\/06_09_2016_1413384_Foto_1.jpg","type":"image\/jpeg"}],"author":"admin","twitter_card":"summary_large_image","twitter_misc":{"\u041d\u0430\u043f\u0438\u0441\u0430\u043d\u043e \u043e\u0434":"admin","\u041f\u0440\u043e\u0446\u0435\u045a\u0435\u043d\u043e \u0432\u0440\u0435\u043c\u0435 \u0447\u0438\u0442\u0430\u045a\u0430":"1 \u043c\u0438\u043d\u0443\u0442"},"schema":{"@context":"https:\/\/schema.org","@graph":[{"@type":"WebPage","@id":"https:\/\/president-ksgov.net\/sr\/predsednik-thaci-policija-kosova-primer-za-citav-region\/","url":"https:\/\/president-ksgov.net\/sr\/predsednik-thaci-policija-kosova-primer-za-citav-region\/","name":"Predsednik Tha\u00e7i: Policija Kosova, primer za \u010ditav region - Predsednik Republike Kosovo - DR. VJOSA OSMANI - SADRIU","isPartOf":{"@id":"https:\/\/president-ksgov.net\/#website"},"primaryImageOfPage":{"@id":"https:\/\/president-ksgov.net\/sr\/predsednik-thaci-policija-kosova-primer-za-citav-region\/#primaryimage"},"image":{"@id":"https:\/\/president-ksgov.net\/sr\/predsednik-thaci-policija-kosova-primer-za-citav-region\/#primaryimage"},"thumbnailUrl":"https:\/\/president-ksgov.net\/wp-content\/uploads\/06_09_2016_1413384_Foto_1.jpg","datePublished":"2016-09-06T10:06:11+00:00","dateModified":"2016-09-06T10:06:11+00:00","author":{"@id":"https:\/\/president-ksgov.net\/#\/schema\/person\/bb4337a5fb147cb2046d80548172cbee"},"description":"Predsednik Tha\u00e7i: Policija Kosova, primer za \u010ditav region - Predsednik Republike Kosovo - DR. VJOSA OSMANI - SADRIU -","breadcrumb":{"@id":"https:\/\/president-ksgov.net\/sr\/predsednik-thaci-policija-kosova-primer-za-citav-region\/#breadcrumb"},"inLanguage":"sr-RS","potentialAction":[{"@type":"ReadAction","target":["https:\/\/president-ksgov.net\/sr\/predsednik-thaci-policija-kosova-primer-za-citav-region\/"]}]},{"@type":"ImageObject","inLanguage":"sr-RS","@id":"https:\/\/president-ksgov.net\/sr\/predsednik-thaci-policija-kosova-primer-za-citav-region\/#primaryimage","url":"https:\/\/president-ksgov.net\/wp-content\/uploads\/06_09_2016_1413384_Foto_1.jpg","contentUrl":"https:\/\/president-ksgov.net\/wp-content\/uploads\/06_09_2016_1413384_Foto_1.jpg","width":960,"height":638},{"@type":"BreadcrumbList","@id":"https:\/\/president-ksgov.net\/sr\/predsednik-thaci-policija-kosova-primer-za-citav-region\/#breadcrumb","itemListElement":[{"@type":"ListItem","position":1,"name":"Home","item":"https:\/\/president-ksgov.net\/sr\/"},{"@type":"ListItem","position":2,"name":"Predsednik Tha\u00e7i: Policija Kosova, primer za \u010ditav region"}]},{"@type":"WebSite","@id":"https:\/\/president-ksgov.net\/#website","url":"https:\/\/president-ksgov.net\/","name":"Presidente e Republik\u00ebs s\u00eb Kosov\u00ebs","description":"Presidente e Republik\u00ebs s\u00eb Kosov\u00ebs","alternateName":"DR. VJOSA OSMANI - SADRIU","potentialAction":[{"@type":"SearchAction","target":{"@type":"EntryPoint","urlTemplate":"https:\/\/president-ksgov.net\/?s={search_term_string}"},"query-input":{"@type":"PropertyValueSpecification","valueRequired":true,"valueName":"search_term_string"}}],"inLanguage":"sr-RS"},{"@type":"Person","@id":"https:\/\/president-ksgov.net\/#\/schema\/person\/bb4337a5fb147cb2046d80548172cbee","name":"admin","image":{"@type":"ImageObject","inLanguage":"sr-RS","@id":"https:\/\/president-ksgov.net\/#\/schema\/person\/image\/","url":"https:\/\/secure.gravatar.com\/avatar\/36156ca0fa3b8d9d25174f146e16beea0cf28f37adf1b9e19b6c9c279a7c9dd3?s=96&d=mm&r=g","contentUrl":"https:\/\/secure.gravatar.com\/avatar\/36156ca0fa3b8d9d25174f146e16beea0cf28f37adf1b9e19b6c9c279a7c9dd3?s=96&d=mm&r=g","caption":"admin"},"sameAs":["https:\/\/president-ksgov.net"]}]}},"_links":{"self":[{"href":"https:\/\/president-ksgov.net\/sr\/wp-json\/wp\/v2\/posts\/76673","targetHints":{"allow":["GET"]}}],"collection":[{"href":"https:\/\/president-ksgov.net\/sr\/wp-json\/wp\/v2\/posts"}],"about":[{"href":"https:\/\/president-ksgov.net\/sr\/wp-json\/wp\/v2\/types\/post"}],"author":[{"embeddable":true,"href":"https:\/\/president-ksgov.net\/sr\/wp-json\/wp\/v2\/users\/1"}],"replies":[{"embeddable":true,"href":"https:\/\/president-ksgov.net\/sr\/wp-json\/wp\/v2\/comments?post=76673"}],"version-history":[{"count":0,"href":"https:\/\/president-ksgov.net\/sr\/wp-json\/wp\/v2\/posts\/76673\/revisions"}],"wp:featuredmedia":[{"embeddable":true,"href":"https:\/\/president-ksgov.net\/sr\/wp-json\/wp\/v2\/media\/33206"}],"wp:attachment":[{"href":"https:\/\/president-ksgov.net\/sr\/wp-json\/wp\/v2\/media?parent=76673"}],"wp:term":[{"taxonomy":"category","embeddable":true,"href":"https:\/\/president-ksgov.net\/sr\/wp-json\/wp\/v2\/categories?post=76673"},{"taxonomy":"post_tag","embeddable":true,"href":"https:\/\/president-ksgov.net\/sr\/wp-json\/wp\/v2\/tags?post=76673"}],"curies":[{"name":"wp","href":"https:\/\/api.w.org\/{rel}","templated":true}]}}