{"id":76665,"date":"2016-09-14T16:45:55","date_gmt":"2016-09-14T14:45:55","guid":{"rendered":"https:\/\/dev.president-ksgov.net\/predsednik-thaci-na-forumu-u-torontu-kosovo-reformsko-i-uspeno\/"},"modified":"2016-09-14T16:45:55","modified_gmt":"2016-09-14T16:45:55","slug":"predsednik-thaci-na-forumu-u-torontu-kosovo-reformsko-i-uspeno","status":"publish","type":"post","link":"https:\/\/president-ksgov.net\/sr\/predsednik-thaci-na-forumu-u-torontu-kosovo-reformsko-i-uspeno\/","title":{"rendered":"Predsednik Tha\u00e7i na forumu u torontu: Kosovo, reformsko i uspe&#154;no"},"content":{"rendered":"<p>Toronto, 14. septembar 2016 &#8211; Predsednik Republike Kosovo, Hashim Tha\u00e7i, danas je bio panelista na desetom jubilarnom Me\u0111unarodnom ekonomskom forumu &#8220;Toronto Global Forum&#8221;, koji se odr&#382;ava pod pokroviteljstvom Me\u0111unarodnog foruma ameri\u010dkog kontinenta (IEFA).<\/p>\n<p>Forum pod nazivom &#8220; Liderstvo u nesigurnim vremenima &#8222;, ispred vi&#353;e od 100 govornika i 2.600 delegata iz preko 40 zemalja, gospodin Tha\u00e7i je naglasio da je slu\u010daj Kosova veoma specifi\u010dan zbog razvoja srednje klase koji je povezan sa brojnim izazovima.<br \/>\n\u00a0<br \/>\nPredsednik dr&#382;ave je govorio o te&#353;kom putu i nepovoljnim okolnostima kroz koje je pro&#353;lo Kosovo od predratnog perioda, izgradnje, velikim izazovima u procesu izgradnje dr&#382;ave, kao i pote&#353;ko\u0107a ekonomskog razvoja, posebno prvih godina nezavisnosti koji je pra\u0107en najve\u0107im krizama u svetu.<br \/>\n\u00a0<br \/>\n\u00a0<br \/>\nPredsednik Tha\u00e7i je rekao da uprkos izazovima, Kosovo je uspelo da savlada brojne probleme i obele&#382;ilo najbr&#382;i ekonomski rast na Balkanu, po stopi od 4 odsto prose\u010dnog rasta bruto doma\u0107eg proizvoda.<br \/>\n\u00a0<br \/>\nOn je rekao da je od vitalnog zna\u010daja da ula&#382;emo u bezbednost kako bi se osigurale investicije.<br \/>\n\u00a0<br \/>\nNakon rata, na&#353;a prva strategija politi\u010dke ekonomije bila je da investiramo u sigurnost da bi se obezbedile investicije. Dok smo ve\u0107inu energije i resurse orijentisali na rekonstrukciji sektora bezbednosti, fokusirali smo se na reformama tr&#382;i&#353;ne privrede privatizacijom dru&#353;tvenih preduze\u0107a, fiskalnim reformama smanjenjem poreza i uklanjanje poreza za siroma&#353;ne. Tako\u0111e, fokusirali smo se na reforme u obrazovanju, stvaranjem uslova za besplatno &#353;kolovanje kao i obezbe\u0111ivanje besplatnih knjige, reformu zdrastva i pove\u0107anje plata za ceo javni sektor&#8220; rekao je predsednik Tha\u00e7i.<br \/>\n\u00a0<br \/>\nParalelno sa ovim reformama, predsednik Tha\u00e7i je rekao da je za ubla&#382;avanje socijalnih razlika i smanjenje nezaposlenosti su pove\u0107ana ulaganja u pobolj&#353;anju infrastrukture i dobrobiti za stanovnike u ruralnim oblastima.<br \/>\n\u00a0<br \/>\n&#8220;Kosovo je postalo lider u polju reformi, postigli smo da potpi&#353;emo Sporazum o stabilizaciji i pridru&#382;ivanju sa EU&#8220;, rekao je predsednik Tha\u00e7i, pozivaju\u0107i prisutne investitore da do\u0111u i investiraju na Kosovu.<br \/>\n\u00a0<br \/>\nNaglasio je da je Kosovo imalo te&#382;ak period tranzicije, ali da je od 2008. godine obele&#382;ilo velike korake u razvoju srednje klase.<\/p>\n","protected":false},"excerpt":{"rendered":"<p>Toronto, 14. septembar 2016 &#8211; Predsednik Republike Kosovo, Hashim Tha\u00e7i, danas je bio panelista na desetom jubilarnom Me\u0111unarodnom ekonomskom forumu &#8220;Toronto Global Forum&#8221;, koji se odr&#382;ava pod pokroviteljstvom Me\u0111unarodnog foruma ameri\u010dkog kontinenta (IEFA).<\/p>\n","protected":false},"author":1,"featured_media":33164,"comment_status":"open","ping_status":"closed","sticky":false,"template":"","format":"standard","meta":{"_eb_attr":"","footnotes":""},"categories":[114,101],"tags":[],"class_list":["post-76665","post","type-post","status-publish","format-standard","has-post-thumbnail","hentry","category-medunarodne-posete","category-vesti"],"yoast_head":"<!-- This site is optimized with the Yoast SEO plugin v23.5 - https:\/\/yoast.com\/wordpress\/plugins\/seo\/ -->\n<title>Predsednik Tha\u00e7i na forumu u torontu: Kosovo, reformsko i uspe&#154;no - Predsednik Republike Kosovo - DR. VJOSA OSMANI - SADRIU<\/title>\n<meta name=\"description\" content=\"Predsednik Tha\u00e7i na forumu u torontu: Kosovo, reformsko i uspe&#154;no - Predsednik Republike Kosovo - DR. VJOSA OSMANI - SADRIU -\" \/>\n<meta name=\"robots\" content=\"index, follow, max-snippet:-1, max-image-preview:large, max-video-preview:-1\" \/>\n<link rel=\"canonical\" href=\"https:\/\/president-ksgov.net\/sr\/predsednik-thaci-na-forumu-u-torontu-kosovo-reformsko-i-uspeno\/\" \/>\n<meta property=\"og:locale\" content=\"sr_RS\" \/>\n<meta property=\"og:type\" content=\"article\" \/>\n<meta property=\"og:title\" content=\"Predsednik Tha\u00e7i na forumu u torontu: Kosovo, reformsko i uspe&#154;no - Predsednik Republike Kosovo - DR. VJOSA OSMANI - SADRIU\" \/>\n<meta property=\"og:description\" content=\"Predsednik Tha\u00e7i na forumu u torontu: Kosovo, reformsko i uspe&#154;no - Predsednik Republike Kosovo - DR. VJOSA OSMANI - SADRIU -\" \/>\n<meta property=\"og:url\" content=\"https:\/\/president-ksgov.net\/sr\/predsednik-thaci-na-forumu-u-torontu-kosovo-reformsko-i-uspeno\/\" \/>\n<meta property=\"og:site_name\" content=\"Predsednik Republike Kosovo - DR. VJOSA OSMANI - SADRIU\" \/>\n<meta property=\"article:published_time\" content=\"2016-09-14T14:45:55+00:00\" \/>\n<meta property=\"article:modified_time\" content=\"2016-09-14T16:45:55+00:00\" \/>\n<meta property=\"og:image\" content=\"https:\/\/president-ksgov.net\/wp-content\/uploads\/14_09_2016_3389699_Photo0001.jpg\" \/>\n\t<meta property=\"og:image:width\" content=\"1280\" \/>\n\t<meta property=\"og:image:height\" content=\"960\" \/>\n\t<meta property=\"og:image:type\" content=\"image\/jpeg\" \/>\n<meta name=\"author\" content=\"admin\" \/>\n<meta name=\"twitter:card\" content=\"summary_large_image\" \/>\n<meta name=\"twitter:label1\" content=\"\u041d\u0430\u043f\u0438\u0441\u0430\u043d\u043e \u043e\u0434\" \/>\n\t<meta name=\"twitter:data1\" content=\"admin\" \/>\n\t<meta name=\"twitter:label2\" content=\"\u041f\u0440\u043e\u0446\u0435\u045a\u0435\u043d\u043e \u0432\u0440\u0435\u043c\u0435 \u0447\u0438\u0442\u0430\u045a\u0430\" \/>\n\t<meta name=\"twitter:data2\" content=\"2 \u043c\u0438\u043d\u0443\u0442\u0430\" \/>\n<script type=\"application\/ld+json\" class=\"yoast-schema-graph\">{\"@context\":\"https:\/\/schema.org\",\"@graph\":[{\"@type\":\"WebPage\",\"@id\":\"https:\/\/president-ksgov.net\/sr\/predsednik-thaci-na-forumu-u-torontu-kosovo-reformsko-i-uspeno\/\",\"url\":\"https:\/\/president-ksgov.net\/sr\/predsednik-thaci-na-forumu-u-torontu-kosovo-reformsko-i-uspeno\/\",\"name\":\"Predsednik Tha\u00e7i na forumu u torontu: Kosovo, reformsko i uspe&#154;no - Predsednik Republike Kosovo - DR. VJOSA OSMANI - SADRIU\",\"isPartOf\":{\"@id\":\"https:\/\/president-ksgov.net\/#website\"},\"primaryImageOfPage\":{\"@id\":\"https:\/\/president-ksgov.net\/sr\/predsednik-thaci-na-forumu-u-torontu-kosovo-reformsko-i-uspeno\/#primaryimage\"},\"image\":{\"@id\":\"https:\/\/president-ksgov.net\/sr\/predsednik-thaci-na-forumu-u-torontu-kosovo-reformsko-i-uspeno\/#primaryimage\"},\"thumbnailUrl\":\"https:\/\/president-ksgov.net\/wp-content\/uploads\/14_09_2016_3389699_Photo0001.jpg\",\"datePublished\":\"2016-09-14T14:45:55+00:00\",\"dateModified\":\"2016-09-14T16:45:55+00:00\",\"author\":{\"@id\":\"https:\/\/president-ksgov.net\/#\/schema\/person\/bb4337a5fb147cb2046d80548172cbee\"},\"description\":\"Predsednik Tha\u00e7i na forumu u torontu: Kosovo, reformsko i uspe&#154;no - Predsednik Republike Kosovo - DR. VJOSA OSMANI - SADRIU -\",\"breadcrumb\":{\"@id\":\"https:\/\/president-ksgov.net\/sr\/predsednik-thaci-na-forumu-u-torontu-kosovo-reformsko-i-uspeno\/#breadcrumb\"},\"inLanguage\":\"sr-RS\",\"potentialAction\":[{\"@type\":\"ReadAction\",\"target\":[\"https:\/\/president-ksgov.net\/sr\/predsednik-thaci-na-forumu-u-torontu-kosovo-reformsko-i-uspeno\/\"]}]},{\"@type\":\"ImageObject\",\"inLanguage\":\"sr-RS\",\"@id\":\"https:\/\/president-ksgov.net\/sr\/predsednik-thaci-na-forumu-u-torontu-kosovo-reformsko-i-uspeno\/#primaryimage\",\"url\":\"https:\/\/president-ksgov.net\/wp-content\/uploads\/14_09_2016_3389699_Photo0001.jpg\",\"contentUrl\":\"https:\/\/president-ksgov.net\/wp-content\/uploads\/14_09_2016_3389699_Photo0001.jpg\",\"width\":1280,\"height\":960},{\"@type\":\"BreadcrumbList\",\"@id\":\"https:\/\/president-ksgov.net\/sr\/predsednik-thaci-na-forumu-u-torontu-kosovo-reformsko-i-uspeno\/#breadcrumb\",\"itemListElement\":[{\"@type\":\"ListItem\",\"position\":1,\"name\":\"Home\",\"item\":\"https:\/\/president-ksgov.net\/sr\/\"},{\"@type\":\"ListItem\",\"position\":2,\"name\":\"Predsednik Tha\u00e7i na forumu u torontu: Kosovo, reformsko i uspe&#154;no\"}]},{\"@type\":\"WebSite\",\"@id\":\"https:\/\/president-ksgov.net\/#website\",\"url\":\"https:\/\/president-ksgov.net\/\",\"name\":\"Presidente e Republik\u00ebs s\u00eb Kosov\u00ebs\",\"description\":\"Presidente e Republik\u00ebs s\u00eb Kosov\u00ebs\",\"alternateName\":\"DR. VJOSA OSMANI - SADRIU\",\"potentialAction\":[{\"@type\":\"SearchAction\",\"target\":{\"@type\":\"EntryPoint\",\"urlTemplate\":\"https:\/\/president-ksgov.net\/?s={search_term_string}\"},\"query-input\":{\"@type\":\"PropertyValueSpecification\",\"valueRequired\":true,\"valueName\":\"search_term_string\"}}],\"inLanguage\":\"sr-RS\"},{\"@type\":\"Person\",\"@id\":\"https:\/\/president-ksgov.net\/#\/schema\/person\/bb4337a5fb147cb2046d80548172cbee\",\"name\":\"admin\",\"image\":{\"@type\":\"ImageObject\",\"inLanguage\":\"sr-RS\",\"@id\":\"https:\/\/president-ksgov.net\/#\/schema\/person\/image\/\",\"url\":\"https:\/\/secure.gravatar.com\/avatar\/36156ca0fa3b8d9d25174f146e16beea0cf28f37adf1b9e19b6c9c279a7c9dd3?s=96&d=mm&r=g\",\"contentUrl\":\"https:\/\/secure.gravatar.com\/avatar\/36156ca0fa3b8d9d25174f146e16beea0cf28f37adf1b9e19b6c9c279a7c9dd3?s=96&d=mm&r=g\",\"caption\":\"admin\"},\"sameAs\":[\"https:\/\/president-ksgov.net\"]}]}<\/script>\n<!-- \/ Yoast SEO plugin. -->","yoast_head_json":{"title":"Predsednik Tha\u00e7i na forumu u torontu: Kosovo, reformsko i uspe&#154;no - Predsednik Republike Kosovo - DR. VJOSA OSMANI - SADRIU","description":"Predsednik Tha\u00e7i na forumu u torontu: Kosovo, reformsko i uspe&#154;no - Predsednik Republike Kosovo - DR. VJOSA OSMANI - SADRIU -","robots":{"index":"index","follow":"follow","max-snippet":"max-snippet:-1","max-image-preview":"max-image-preview:large","max-video-preview":"max-video-preview:-1"},"canonical":"https:\/\/president-ksgov.net\/sr\/predsednik-thaci-na-forumu-u-torontu-kosovo-reformsko-i-uspeno\/","og_locale":"sr_RS","og_type":"article","og_title":"Predsednik Tha\u00e7i na forumu u torontu: Kosovo, reformsko i uspe&#154;no - Predsednik Republike Kosovo - DR. VJOSA OSMANI - SADRIU","og_description":"Predsednik Tha\u00e7i na forumu u torontu: Kosovo, reformsko i uspe&#154;no - Predsednik Republike Kosovo - DR. VJOSA OSMANI - SADRIU -","og_url":"https:\/\/president-ksgov.net\/sr\/predsednik-thaci-na-forumu-u-torontu-kosovo-reformsko-i-uspeno\/","og_site_name":"Predsednik Republike Kosovo - DR. VJOSA OSMANI - SADRIU","article_published_time":"2016-09-14T14:45:55+00:00","article_modified_time":"2016-09-14T16:45:55+00:00","og_image":[{"width":1280,"height":960,"url":"https:\/\/president-ksgov.net\/wp-content\/uploads\/14_09_2016_3389699_Photo0001.jpg","type":"image\/jpeg"}],"author":"admin","twitter_card":"summary_large_image","twitter_misc":{"\u041d\u0430\u043f\u0438\u0441\u0430\u043d\u043e \u043e\u0434":"admin","\u041f\u0440\u043e\u0446\u0435\u045a\u0435\u043d\u043e \u0432\u0440\u0435\u043c\u0435 \u0447\u0438\u0442\u0430\u045a\u0430":"2 \u043c\u0438\u043d\u0443\u0442\u0430"},"schema":{"@context":"https:\/\/schema.org","@graph":[{"@type":"WebPage","@id":"https:\/\/president-ksgov.net\/sr\/predsednik-thaci-na-forumu-u-torontu-kosovo-reformsko-i-uspeno\/","url":"https:\/\/president-ksgov.net\/sr\/predsednik-thaci-na-forumu-u-torontu-kosovo-reformsko-i-uspeno\/","name":"Predsednik Tha\u00e7i na forumu u torontu: Kosovo, reformsko i uspe&#154;no - Predsednik Republike Kosovo - DR. VJOSA OSMANI - SADRIU","isPartOf":{"@id":"https:\/\/president-ksgov.net\/#website"},"primaryImageOfPage":{"@id":"https:\/\/president-ksgov.net\/sr\/predsednik-thaci-na-forumu-u-torontu-kosovo-reformsko-i-uspeno\/#primaryimage"},"image":{"@id":"https:\/\/president-ksgov.net\/sr\/predsednik-thaci-na-forumu-u-torontu-kosovo-reformsko-i-uspeno\/#primaryimage"},"thumbnailUrl":"https:\/\/president-ksgov.net\/wp-content\/uploads\/14_09_2016_3389699_Photo0001.jpg","datePublished":"2016-09-14T14:45:55+00:00","dateModified":"2016-09-14T16:45:55+00:00","author":{"@id":"https:\/\/president-ksgov.net\/#\/schema\/person\/bb4337a5fb147cb2046d80548172cbee"},"description":"Predsednik Tha\u00e7i na forumu u torontu: Kosovo, reformsko i uspe&#154;no - Predsednik Republike Kosovo - DR. VJOSA OSMANI - SADRIU -","breadcrumb":{"@id":"https:\/\/president-ksgov.net\/sr\/predsednik-thaci-na-forumu-u-torontu-kosovo-reformsko-i-uspeno\/#breadcrumb"},"inLanguage":"sr-RS","potentialAction":[{"@type":"ReadAction","target":["https:\/\/president-ksgov.net\/sr\/predsednik-thaci-na-forumu-u-torontu-kosovo-reformsko-i-uspeno\/"]}]},{"@type":"ImageObject","inLanguage":"sr-RS","@id":"https:\/\/president-ksgov.net\/sr\/predsednik-thaci-na-forumu-u-torontu-kosovo-reformsko-i-uspeno\/#primaryimage","url":"https:\/\/president-ksgov.net\/wp-content\/uploads\/14_09_2016_3389699_Photo0001.jpg","contentUrl":"https:\/\/president-ksgov.net\/wp-content\/uploads\/14_09_2016_3389699_Photo0001.jpg","width":1280,"height":960},{"@type":"BreadcrumbList","@id":"https:\/\/president-ksgov.net\/sr\/predsednik-thaci-na-forumu-u-torontu-kosovo-reformsko-i-uspeno\/#breadcrumb","itemListElement":[{"@type":"ListItem","position":1,"name":"Home","item":"https:\/\/president-ksgov.net\/sr\/"},{"@type":"ListItem","position":2,"name":"Predsednik Tha\u00e7i na forumu u torontu: Kosovo, reformsko i uspe&#154;no"}]},{"@type":"WebSite","@id":"https:\/\/president-ksgov.net\/#website","url":"https:\/\/president-ksgov.net\/","name":"Presidente e Republik\u00ebs s\u00eb Kosov\u00ebs","description":"Presidente e Republik\u00ebs s\u00eb Kosov\u00ebs","alternateName":"DR. VJOSA OSMANI - SADRIU","potentialAction":[{"@type":"SearchAction","target":{"@type":"EntryPoint","urlTemplate":"https:\/\/president-ksgov.net\/?s={search_term_string}"},"query-input":{"@type":"PropertyValueSpecification","valueRequired":true,"valueName":"search_term_string"}}],"inLanguage":"sr-RS"},{"@type":"Person","@id":"https:\/\/president-ksgov.net\/#\/schema\/person\/bb4337a5fb147cb2046d80548172cbee","name":"admin","image":{"@type":"ImageObject","inLanguage":"sr-RS","@id":"https:\/\/president-ksgov.net\/#\/schema\/person\/image\/","url":"https:\/\/secure.gravatar.com\/avatar\/36156ca0fa3b8d9d25174f146e16beea0cf28f37adf1b9e19b6c9c279a7c9dd3?s=96&d=mm&r=g","contentUrl":"https:\/\/secure.gravatar.com\/avatar\/36156ca0fa3b8d9d25174f146e16beea0cf28f37adf1b9e19b6c9c279a7c9dd3?s=96&d=mm&r=g","caption":"admin"},"sameAs":["https:\/\/president-ksgov.net"]}]}},"_links":{"self":[{"href":"https:\/\/president-ksgov.net\/sr\/wp-json\/wp\/v2\/posts\/76665","targetHints":{"allow":["GET"]}}],"collection":[{"href":"https:\/\/president-ksgov.net\/sr\/wp-json\/wp\/v2\/posts"}],"about":[{"href":"https:\/\/president-ksgov.net\/sr\/wp-json\/wp\/v2\/types\/post"}],"author":[{"embeddable":true,"href":"https:\/\/president-ksgov.net\/sr\/wp-json\/wp\/v2\/users\/1"}],"replies":[{"embeddable":true,"href":"https:\/\/president-ksgov.net\/sr\/wp-json\/wp\/v2\/comments?post=76665"}],"version-history":[{"count":0,"href":"https:\/\/president-ksgov.net\/sr\/wp-json\/wp\/v2\/posts\/76665\/revisions"}],"wp:featuredmedia":[{"embeddable":true,"href":"https:\/\/president-ksgov.net\/sr\/wp-json\/wp\/v2\/media\/33164"}],"wp:attachment":[{"href":"https:\/\/president-ksgov.net\/sr\/wp-json\/wp\/v2\/media?parent=76665"}],"wp:term":[{"taxonomy":"category","embeddable":true,"href":"https:\/\/president-ksgov.net\/sr\/wp-json\/wp\/v2\/categories?post=76665"},{"taxonomy":"post_tag","embeddable":true,"href":"https:\/\/president-ksgov.net\/sr\/wp-json\/wp\/v2\/tags?post=76665"}],"curies":[{"name":"wp","href":"https:\/\/api.w.org\/{rel}","templated":true}]}}